{"id":9706,"date":"2022-01-18T14:52:00","date_gmt":"2022-01-18T13:52:00","guid":{"rendered":"https:\/\/www.asajacyl.com\/palencia\/?p=9706"},"modified":"2022-01-18T06:55:07","modified_gmt":"2022-01-18T05:55:07","slug":"detectado-un-caso-de-gripe-aviar-en-la-laguna-de-la-nava","status":"publish","type":"post","link":"https:\/\/www.asajacyl.com\/palencia\/asaja-palencia-informa\/detectado-un-caso-de-gripe-aviar-en-la-laguna-de-la-nava","title":{"rendered":"Detectado un caso de gripe aviar en la Laguna de la Nava"},"content":{"rendered":"\n<p><br>El laboratorio Central de Veterinaria de Algete ha confirmado la detecci\u00f3n del virus de Influenza Aviar de Alta Patogenicidad H5N1 en muestras recogidas de un cad\u00e1ver de una cig\u00fce\u00f1a hallada en la Laguna de La Nava, en la provincia de Palencia.<\/p>\n\n\n\n<p>Esta zona est\u00e1 catalogada como zona de especial riesgo desde 2006 y en los \u00faltimos meses ya se hab\u00edan emitido \u00f3rdenes por parte de los servicios oficiales para prevenir posibles brotes de la enfermedad en aves dom\u00e9sticas. El caso de Fuentes de Nava es el tercero tras uno detectado en L\u00e9rida y otro detectado en \u00c1vila.<\/p>\n\n\n\n<p>El ministerio recuerda que, aunque no hay constancia de que el H5N1 tenga capacidad de producir una zoonosis, transmiti\u00e9ndose a los humanos, se recomienda minimizar el contacto con aves que tengan s\u00edntomas de la enfermedad o se hallen muertas. Tambi\u00e9n recuerda que la carne, huevos o productos derivados de animales enfermos no pueden transmitir el virus al hombre.<\/p>\n","protected":false},"excerpt":{"rendered":"<p>El laboratorio Central de Veterinaria de Algete ha confirmado la detecci\u00f3n del virus de Influenza Aviar de Alta Patogenicidad H5N1 en muestras recogidas de un cad\u00e1ver de una cig\u00fce\u00f1a hallada en la Laguna de La Nava, en la provincia de Palencia. Esta zona est\u00e1 catalogada como zona de especial riesgo desde 2006 y en los [&hellip;]<\/p>\n","protected":false},"author":9,"featured_media":9482,"comment_status":"open","ping_status":"open","sticky":false,"template":"","format":"standard","meta":{"footnotes":""},"categories":[9,29,28],"tags":[],"yoast_head":"<!-- This site is optimized with the Yoast SEO plugin v24.5 - https:\/\/yoast.com\/wordpress\/plugins\/seo\/ -->\n<title>Detectado un caso de gripe aviar en la Laguna de la Nava - ASAJA Palencia<\/title>\n<meta name=\"description\" content=\"El laboratorio Central de Veterinaria de Algete ha confirmado la detecci\u00f3n del virus de Influenza Aviar de Alta Patogenicidad H5N1 en muestras recogidas\" \/>\n<meta name=\"robots\" content=\"index, follow, max-snippet:-1, max-image-preview:large, max-video-preview:-1\" \/>\n<link rel=\"canonical\" href=\"https:\/\/www.asajacyl.com\/palencia\/asaja-palencia-informa\/detectado-un-caso-de-gripe-aviar-en-la-laguna-de-la-nava\" \/>\n<meta property=\"og:locale\" content=\"es_ES\" \/>\n<meta property=\"og:type\" content=\"article\" \/>\n<meta property=\"og:title\" content=\"Detectado un caso de gripe aviar en la Laguna de la Nava - ASAJA Palencia\" \/>\n<meta property=\"og:description\" content=\"El laboratorio Central de Veterinaria de Algete ha confirmado la detecci\u00f3n del virus de Influenza Aviar de Alta Patogenicidad H5N1 en muestras recogidas\" \/>\n<meta property=\"og:url\" content=\"https:\/\/www.asajacyl.com\/palencia\/asaja-palencia-informa\/detectado-un-caso-de-gripe-aviar-en-la-laguna-de-la-nava\" \/>\n<meta property=\"og:site_name\" content=\"ASAJA Palencia\" \/>\n<meta property=\"article:published_time\" content=\"2022-01-18T13:52:00+00:00\" \/>\n<meta property=\"og:image\" content=\"https:\/\/www.asajacyl.com\/palencia\/wp-content\/uploads\/sites\/3\/2021\/12\/LAGUNA-DE-LA-NAVA.jpg\" \/>\n\t<meta property=\"og:image:width\" content=\"800\" \/>\n\t<meta property=\"og:image:height\" content=\"600\" \/>\n\t<meta property=\"og:image:type\" content=\"image\/jpeg\" \/>\n<meta name=\"author\" content=\"Administrador\" \/>\n<meta name=\"twitter:card\" content=\"summary_large_image\" \/>\n<meta name=\"twitter:label1\" content=\"Escrito por\" \/>\n\t<meta name=\"twitter:data1\" content=\"Administrador\" \/>\n\t<meta name=\"twitter:label2\" content=\"Tiempo de lectura\" \/>\n\t<meta name=\"twitter:data2\" content=\"1 minuto\" \/>\n<script type=\"application\/ld+json\" class=\"yoast-schema-graph\">{\"@context\":\"https:\/\/schema.org\",\"@graph\":[{\"@type\":\"WebPage\",\"@id\":\"https:\/\/www.asajacyl.com\/palencia\/asaja-palencia-informa\/detectado-un-caso-de-gripe-aviar-en-la-laguna-de-la-nava\",\"url\":\"https:\/\/www.asajacyl.com\/palencia\/asaja-palencia-informa\/detectado-un-caso-de-gripe-aviar-en-la-laguna-de-la-nava\",\"name\":\"Detectado un caso de gripe aviar en la Laguna de la Nava - ASAJA Palencia\",\"isPartOf\":{\"@id\":\"https:\/\/www.asajacyl.com\/palencia\/#website\"},\"primaryImageOfPage\":{\"@id\":\"https:\/\/www.asajacyl.com\/palencia\/asaja-palencia-informa\/detectado-un-caso-de-gripe-aviar-en-la-laguna-de-la-nava#primaryimage\"},\"image\":{\"@id\":\"https:\/\/www.asajacyl.com\/palencia\/asaja-palencia-informa\/detectado-un-caso-de-gripe-aviar-en-la-laguna-de-la-nava#primaryimage\"},\"thumbnailUrl\":\"https:\/\/www.asajacyl.com\/palencia\/wp-content\/uploads\/sites\/3\/2021\/12\/LAGUNA-DE-LA-NAVA.jpg\",\"datePublished\":\"2022-01-18T13:52:00+00:00\",\"author\":{\"@id\":\"https:\/\/www.asajacyl.com\/palencia\/#\/schema\/person\/3ab17aeb03527485c317557fae64aab1\"},\"description\":\"El laboratorio Central de Veterinaria de Algete ha confirmado la detecci\u00f3n del virus de Influenza Aviar de Alta Patogenicidad H5N1 en muestras recogidas\",\"breadcrumb\":{\"@id\":\"https:\/\/www.asajacyl.com\/palencia\/asaja-palencia-informa\/detectado-un-caso-de-gripe-aviar-en-la-laguna-de-la-nava#breadcrumb\"},\"inLanguage\":\"es\",\"potentialAction\":[{\"@type\":\"ReadAction\",\"target\":[\"https:\/\/www.asajacyl.com\/palencia\/asaja-palencia-informa\/detectado-un-caso-de-gripe-aviar-en-la-laguna-de-la-nava\"]}]},{\"@type\":\"ImageObject\",\"inLanguage\":\"es\",\"@id\":\"https:\/\/www.asajacyl.com\/palencia\/asaja-palencia-informa\/detectado-un-caso-de-gripe-aviar-en-la-laguna-de-la-nava#primaryimage\",\"url\":\"https:\/\/www.asajacyl.com\/palencia\/wp-content\/uploads\/sites\/3\/2021\/12\/LAGUNA-DE-LA-NAVA.jpg\",\"contentUrl\":\"https:\/\/www.asajacyl.com\/palencia\/wp-content\/uploads\/sites\/3\/2021\/12\/LAGUNA-DE-LA-NAVA.jpg\",\"width\":800,\"height\":600},{\"@type\":\"BreadcrumbList\",\"@id\":\"https:\/\/www.asajacyl.com\/palencia\/asaja-palencia-informa\/detectado-un-caso-de-gripe-aviar-en-la-laguna-de-la-nava#breadcrumb\",\"itemListElement\":[{\"@type\":\"ListItem\",\"position\":1,\"name\":\"Portada\",\"item\":\"https:\/\/www.asajacyl.com\/palencia\/\"},{\"@type\":\"ListItem\",\"position\":2,\"name\":\"Detectado un caso de gripe aviar en la Laguna de la Nava\"}]},{\"@type\":\"WebSite\",\"@id\":\"https:\/\/www.asajacyl.com\/palencia\/#website\",\"url\":\"https:\/\/www.asajacyl.com\/palencia\/\",\"name\":\"ASAJA Palencia\",\"description\":\"Otro sitio m\u00e1s de Provincias ASAJA Castilla y Le\u00f3n\",\"potentialAction\":[{\"@type\":\"SearchAction\",\"target\":{\"@type\":\"EntryPoint\",\"urlTemplate\":\"https:\/\/www.asajacyl.com\/palencia\/?s={search_term_string}\"},\"query-input\":{\"@type\":\"PropertyValueSpecification\",\"valueRequired\":true,\"valueName\":\"search_term_string\"}}],\"inLanguage\":\"es\"},{\"@type\":\"Person\",\"@id\":\"https:\/\/www.asajacyl.com\/palencia\/#\/schema\/person\/3ab17aeb03527485c317557fae64aab1\",\"name\":\"Administrador\",\"image\":{\"@type\":\"ImageObject\",\"inLanguage\":\"es\",\"@id\":\"https:\/\/www.asajacyl.com\/palencia\/#\/schema\/person\/image\/\",\"url\":\"https:\/\/secure.gravatar.com\/avatar\/517384810d242ca9e38c180f3c9fb973?s=96&d=mm&r=g\",\"contentUrl\":\"https:\/\/secure.gravatar.com\/avatar\/517384810d242ca9e38c180f3c9fb973?s=96&d=mm&r=g\",\"caption\":\"Administrador\"},\"url\":\"https:\/\/www.asajacyl.com\/palencia\/author\/carlosrm\"}]}<\/script>\n<!-- \/ Yoast SEO plugin. -->","yoast_head_json":{"title":"Detectado un caso de gripe aviar en la Laguna de la Nava - ASAJA Palencia","description":"El laboratorio Central de Veterinaria de Algete ha confirmado la detecci\u00f3n del virus de Influenza Aviar de Alta Patogenicidad H5N1 en muestras recogidas","robots":{"index":"index","follow":"follow","max-snippet":"max-snippet:-1","max-image-preview":"max-image-preview:large","max-video-preview":"max-video-preview:-1"},"canonical":"https:\/\/www.asajacyl.com\/palencia\/asaja-palencia-informa\/detectado-un-caso-de-gripe-aviar-en-la-laguna-de-la-nava","og_locale":"es_ES","og_type":"article","og_title":"Detectado un caso de gripe aviar en la Laguna de la Nava - ASAJA Palencia","og_description":"El laboratorio Central de Veterinaria de Algete ha confirmado la detecci\u00f3n del virus de Influenza Aviar de Alta Patogenicidad H5N1 en muestras recogidas","og_url":"https:\/\/www.asajacyl.com\/palencia\/asaja-palencia-informa\/detectado-un-caso-de-gripe-aviar-en-la-laguna-de-la-nava","og_site_name":"ASAJA Palencia","article_published_time":"2022-01-18T13:52:00+00:00","og_image":[{"width":800,"height":600,"url":"https:\/\/www.asajacyl.com\/palencia\/wp-content\/uploads\/sites\/3\/2021\/12\/LAGUNA-DE-LA-NAVA.jpg","type":"image\/jpeg"}],"author":"Administrador","twitter_card":"summary_large_image","twitter_misc":{"Escrito por":"Administrador","Tiempo de lectura":"1 minuto"},"schema":{"@context":"https:\/\/schema.org","@graph":[{"@type":"WebPage","@id":"https:\/\/www.asajacyl.com\/palencia\/asaja-palencia-informa\/detectado-un-caso-de-gripe-aviar-en-la-laguna-de-la-nava","url":"https:\/\/www.asajacyl.com\/palencia\/asaja-palencia-informa\/detectado-un-caso-de-gripe-aviar-en-la-laguna-de-la-nava","name":"Detectado un caso de gripe aviar en la Laguna de la Nava - ASAJA Palencia","isPartOf":{"@id":"https:\/\/www.asajacyl.com\/palencia\/#website"},"primaryImageOfPage":{"@id":"https:\/\/www.asajacyl.com\/palencia\/asaja-palencia-informa\/detectado-un-caso-de-gripe-aviar-en-la-laguna-de-la-nava#primaryimage"},"image":{"@id":"https:\/\/www.asajacyl.com\/palencia\/asaja-palencia-informa\/detectado-un-caso-de-gripe-aviar-en-la-laguna-de-la-nava#primaryimage"},"thumbnailUrl":"https:\/\/www.asajacyl.com\/palencia\/wp-content\/uploads\/sites\/3\/2021\/12\/LAGUNA-DE-LA-NAVA.jpg","datePublished":"2022-01-18T13:52:00+00:00","author":{"@id":"https:\/\/www.asajacyl.com\/palencia\/#\/schema\/person\/3ab17aeb03527485c317557fae64aab1"},"description":"El laboratorio Central de Veterinaria de Algete ha confirmado la detecci\u00f3n del virus de Influenza Aviar de Alta Patogenicidad H5N1 en muestras recogidas","breadcrumb":{"@id":"https:\/\/www.asajacyl.com\/palencia\/asaja-palencia-informa\/detectado-un-caso-de-gripe-aviar-en-la-laguna-de-la-nava#breadcrumb"},"inLanguage":"es","potentialAction":[{"@type":"ReadAction","target":["https:\/\/www.asajacyl.com\/palencia\/asaja-palencia-informa\/detectado-un-caso-de-gripe-aviar-en-la-laguna-de-la-nava"]}]},{"@type":"ImageObject","inLanguage":"es","@id":"https:\/\/www.asajacyl.com\/palencia\/asaja-palencia-informa\/detectado-un-caso-de-gripe-aviar-en-la-laguna-de-la-nava#primaryimage","url":"https:\/\/www.asajacyl.com\/palencia\/wp-content\/uploads\/sites\/3\/2021\/12\/LAGUNA-DE-LA-NAVA.jpg","contentUrl":"https:\/\/www.asajacyl.com\/palencia\/wp-content\/uploads\/sites\/3\/2021\/12\/LAGUNA-DE-LA-NAVA.jpg","width":800,"height":600},{"@type":"BreadcrumbList","@id":"https:\/\/www.asajacyl.com\/palencia\/asaja-palencia-informa\/detectado-un-caso-de-gripe-aviar-en-la-laguna-de-la-nava#breadcrumb","itemListElement":[{"@type":"ListItem","position":1,"name":"Portada","item":"https:\/\/www.asajacyl.com\/palencia\/"},{"@type":"ListItem","position":2,"name":"Detectado un caso de gripe aviar en la Laguna de la Nava"}]},{"@type":"WebSite","@id":"https:\/\/www.asajacyl.com\/palencia\/#website","url":"https:\/\/www.asajacyl.com\/palencia\/","name":"ASAJA Palencia","description":"Otro sitio m\u00e1s de Provincias ASAJA Castilla y Le\u00f3n","potentialAction":[{"@type":"SearchAction","target":{"@type":"EntryPoint","urlTemplate":"https:\/\/www.asajacyl.com\/palencia\/?s={search_term_string}"},"query-input":{"@type":"PropertyValueSpecification","valueRequired":true,"valueName":"search_term_string"}}],"inLanguage":"es"},{"@type":"Person","@id":"https:\/\/www.asajacyl.com\/palencia\/#\/schema\/person\/3ab17aeb03527485c317557fae64aab1","name":"Administrador","image":{"@type":"ImageObject","inLanguage":"es","@id":"https:\/\/www.asajacyl.com\/palencia\/#\/schema\/person\/image\/","url":"https:\/\/secure.gravatar.com\/avatar\/517384810d242ca9e38c180f3c9fb973?s=96&d=mm&r=g","contentUrl":"https:\/\/secure.gravatar.com\/avatar\/517384810d242ca9e38c180f3c9fb973?s=96&d=mm&r=g","caption":"Administrador"},"url":"https:\/\/www.asajacyl.com\/palencia\/author\/carlosrm"}]}},"_links":{"self":[{"href":"https:\/\/www.asajacyl.com\/palencia\/wp-json\/wp\/v2\/posts\/9706"}],"collection":[{"href":"https:\/\/www.asajacyl.com\/palencia\/wp-json\/wp\/v2\/posts"}],"about":[{"href":"https:\/\/www.asajacyl.com\/palencia\/wp-json\/wp\/v2\/types\/post"}],"author":[{"embeddable":true,"href":"https:\/\/www.asajacyl.com\/palencia\/wp-json\/wp\/v2\/users\/9"}],"replies":[{"embeddable":true,"href":"https:\/\/www.asajacyl.com\/palencia\/wp-json\/wp\/v2\/comments?post=9706"}],"version-history":[{"count":1,"href":"https:\/\/www.asajacyl.com\/palencia\/wp-json\/wp\/v2\/posts\/9706\/revisions"}],"predecessor-version":[{"id":9707,"href":"https:\/\/www.asajacyl.com\/palencia\/wp-json\/wp\/v2\/posts\/9706\/revisions\/9707"}],"wp:featuredmedia":[{"embeddable":true,"href":"https:\/\/www.asajacyl.com\/palencia\/wp-json\/wp\/v2\/media\/9482"}],"wp:attachment":[{"href":"https:\/\/www.asajacyl.com\/palencia\/wp-json\/wp\/v2\/media?parent=9706"}],"wp:term":[{"taxonomy":"category","embeddable":true,"href":"https:\/\/www.asajacyl.com\/palencia\/wp-json\/wp\/v2\/categories?post=9706"},{"taxonomy":"post_tag","embeddable":true,"href":"https:\/\/www.asajacyl.com\/palencia\/wp-json\/wp\/v2\/tags?post=9706"}],"curies":[{"name":"wp","href":"https:\/\/api.w.org\/{rel}","templated":true}]}}