{"id":9708,"date":"2022-02-01T14:57:00","date_gmt":"2022-02-01T13:57:00","guid":{"rendered":"https:\/\/www.asajacyl.com\/palencia\/?p=9708"},"modified":"2022-01-30T01:44:42","modified_gmt":"2022-01-30T00:44:42","slug":"los-veterinarios-recuerdan-que-el-bienestar-animal-no-es-una-cuestion-ideologica","status":"publish","type":"post","link":"https:\/\/www.asajacyl.com\/palencia\/asaja-palencia-informa\/los-veterinarios-recuerdan-que-el-bienestar-animal-no-es-una-cuestion-ideologica","title":{"rendered":"Los veterinarios recuerdan que el bienestar animal no es una cuesti\u00f3n ideol\u00f3gica"},"content":{"rendered":"\n<p>La Organizaci\u00f3n Colegial Veterinaria (OCV) subraya que \u201chay que sacar las cuestiones relacionadas con el bienestar animal del debate pol\u00edtico e ideol\u00f3gico ya que es una ciencia que debe ser abordada desde el \u00e1mbito que le corresponde, que son los criterios t\u00e9cnicos y objetivos\u201d.<\/p>\n\n\n\n<p>Con motivo de la festividad de San Ant\u00f3n, patr\u00f3n de los animales, la Organizaci\u00f3n Colegial Veterinaria, ha incidido en que \u201clos veterinarios son los profesionales que re\u00fanen los conocimientos necesarios para evaluar su bienestar, ya que hace referencia al estado biol\u00f3gico del animal, que se puede medir y evaluar a partir de estudios fisiol\u00f3gicos y de conducta de los individuos\u201d.<\/p>\n\n\n\n<p>En el \u00e1mbito de la producci\u00f3n ganadera, destaca que \u201clas granjas y mataderos de Espa\u00f1a est\u00e1n sujetos a inspecciones diarias y auditor\u00edas peri\u00f3dicas por parte de los veterinarios para obtener las certificaciones de bienestar, adem\u00e1s de supervisar todo el proceso de transporte y distribuci\u00f3n para garantizar las mejores condiciones de los animales\u201d. Por otro lado, indica que \u201cEspa\u00f1a cuenta con estricta regulaci\u00f3n nacional y europea en cuanto a las condiciones de las explotaciones pecuarias\u201d.<\/p>\n","protected":false},"excerpt":{"rendered":"<p>La Organizaci\u00f3n Colegial Veterinaria (OCV) subraya que \u201chay que sacar las cuestiones relacionadas con el bienestar animal del debate pol\u00edtico e ideol\u00f3gico ya que es una ciencia que debe ser abordada desde el \u00e1mbito que le corresponde, que son los criterios t\u00e9cnicos y objetivos\u201d. Con motivo de la festividad de San Ant\u00f3n, patr\u00f3n de los [&hellip;]<\/p>\n","protected":false},"author":9,"featured_media":1054,"comment_status":"open","ping_status":"open","sticky":false,"template":"","format":"standard","meta":{"footnotes":""},"categories":[9,29,28],"tags":[],"yoast_head":"<!-- This site is optimized with the Yoast SEO plugin v24.5 - https:\/\/yoast.com\/wordpress\/plugins\/seo\/ -->\n<title>Los veterinarios recuerdan que el bienestar animal no es una cuesti\u00f3n ideol\u00f3gica - ASAJA Palencia<\/title>\n<meta name=\"description\" content=\"La Organizaci\u00f3n Colegial Veterinaria (OCV) subraya que \u201chay que sacar las cuestiones relacionadas con el bienestar animal del debate pol\u00edtico e ideol\u00f3gico\" \/>\n<meta name=\"robots\" content=\"index, follow, max-snippet:-1, max-image-preview:large, max-video-preview:-1\" \/>\n<link rel=\"canonical\" href=\"https:\/\/www.asajacyl.com\/palencia\/asaja-palencia-informa\/los-veterinarios-recuerdan-que-el-bienestar-animal-no-es-una-cuestion-ideologica\" \/>\n<meta property=\"og:locale\" content=\"es_ES\" \/>\n<meta property=\"og:type\" content=\"article\" \/>\n<meta property=\"og:title\" content=\"Los veterinarios recuerdan que el bienestar animal no es una cuesti\u00f3n ideol\u00f3gica - ASAJA Palencia\" \/>\n<meta property=\"og:description\" content=\"La Organizaci\u00f3n Colegial Veterinaria (OCV) subraya que \u201chay que sacar las cuestiones relacionadas con el bienestar animal del debate pol\u00edtico e ideol\u00f3gico\" \/>\n<meta property=\"og:url\" content=\"https:\/\/www.asajacyl.com\/palencia\/asaja-palencia-informa\/los-veterinarios-recuerdan-que-el-bienestar-animal-no-es-una-cuestion-ideologica\" \/>\n<meta property=\"og:site_name\" content=\"ASAJA Palencia\" \/>\n<meta property=\"article:published_time\" content=\"2022-02-01T13:57:00+00:00\" \/>\n<meta property=\"og:image\" content=\"https:\/\/www.asajacyl.com\/palencia\/wp-content\/uploads\/sites\/3\/2017\/11\/recurso-reba\u00f1o-ovejas.jpg\" \/>\n\t<meta property=\"og:image:width\" content=\"2592\" \/>\n\t<meta property=\"og:image:height\" content=\"1944\" \/>\n\t<meta property=\"og:image:type\" content=\"image\/jpeg\" \/>\n<meta name=\"author\" content=\"Administrador\" \/>\n<meta name=\"twitter:card\" content=\"summary_large_image\" \/>\n<meta name=\"twitter:label1\" content=\"Escrito por\" \/>\n\t<meta name=\"twitter:data1\" content=\"Administrador\" \/>\n\t<meta name=\"twitter:label2\" content=\"Tiempo de lectura\" \/>\n\t<meta name=\"twitter:data2\" content=\"1 minuto\" \/>\n<script type=\"application\/ld+json\" class=\"yoast-schema-graph\">{\"@context\":\"https:\/\/schema.org\",\"@graph\":[{\"@type\":\"WebPage\",\"@id\":\"https:\/\/www.asajacyl.com\/palencia\/asaja-palencia-informa\/los-veterinarios-recuerdan-que-el-bienestar-animal-no-es-una-cuestion-ideologica\",\"url\":\"https:\/\/www.asajacyl.com\/palencia\/asaja-palencia-informa\/los-veterinarios-recuerdan-que-el-bienestar-animal-no-es-una-cuestion-ideologica\",\"name\":\"Los veterinarios recuerdan que el bienestar animal no es una cuesti\u00f3n ideol\u00f3gica - ASAJA Palencia\",\"isPartOf\":{\"@id\":\"https:\/\/www.asajacyl.com\/palencia\/#website\"},\"primaryImageOfPage\":{\"@id\":\"https:\/\/www.asajacyl.com\/palencia\/asaja-palencia-informa\/los-veterinarios-recuerdan-que-el-bienestar-animal-no-es-una-cuestion-ideologica#primaryimage\"},\"image\":{\"@id\":\"https:\/\/www.asajacyl.com\/palencia\/asaja-palencia-informa\/los-veterinarios-recuerdan-que-el-bienestar-animal-no-es-una-cuestion-ideologica#primaryimage\"},\"thumbnailUrl\":\"https:\/\/www.asajacyl.com\/palencia\/wp-content\/uploads\/sites\/3\/2017\/11\/recurso-reba\u00f1o-ovejas.jpg\",\"datePublished\":\"2022-02-01T13:57:00+00:00\",\"author\":{\"@id\":\"https:\/\/www.asajacyl.com\/palencia\/#\/schema\/person\/3ab17aeb03527485c317557fae64aab1\"},\"description\":\"La Organizaci\u00f3n Colegial Veterinaria (OCV) subraya que \u201chay que sacar las cuestiones relacionadas con el bienestar animal del debate pol\u00edtico e ideol\u00f3gico\",\"breadcrumb\":{\"@id\":\"https:\/\/www.asajacyl.com\/palencia\/asaja-palencia-informa\/los-veterinarios-recuerdan-que-el-bienestar-animal-no-es-una-cuestion-ideologica#breadcrumb\"},\"inLanguage\":\"es\",\"potentialAction\":[{\"@type\":\"ReadAction\",\"target\":[\"https:\/\/www.asajacyl.com\/palencia\/asaja-palencia-informa\/los-veterinarios-recuerdan-que-el-bienestar-animal-no-es-una-cuestion-ideologica\"]}]},{\"@type\":\"ImageObject\",\"inLanguage\":\"es\",\"@id\":\"https:\/\/www.asajacyl.com\/palencia\/asaja-palencia-informa\/los-veterinarios-recuerdan-que-el-bienestar-animal-no-es-una-cuestion-ideologica#primaryimage\",\"url\":\"https:\/\/www.asajacyl.com\/palencia\/wp-content\/uploads\/sites\/3\/2017\/11\/recurso-reba\u00f1o-ovejas.jpg\",\"contentUrl\":\"https:\/\/www.asajacyl.com\/palencia\/wp-content\/uploads\/sites\/3\/2017\/11\/recurso-reba\u00f1o-ovejas.jpg\",\"width\":2592,\"height\":1944,\"caption\":\"Reba\u00f1o ovejas\"},{\"@type\":\"BreadcrumbList\",\"@id\":\"https:\/\/www.asajacyl.com\/palencia\/asaja-palencia-informa\/los-veterinarios-recuerdan-que-el-bienestar-animal-no-es-una-cuestion-ideologica#breadcrumb\",\"itemListElement\":[{\"@type\":\"ListItem\",\"position\":1,\"name\":\"Portada\",\"item\":\"https:\/\/www.asajacyl.com\/palencia\/\"},{\"@type\":\"ListItem\",\"position\":2,\"name\":\"Los veterinarios recuerdan que el bienestar animal no es una cuesti\u00f3n ideol\u00f3gica\"}]},{\"@type\":\"WebSite\",\"@id\":\"https:\/\/www.asajacyl.com\/palencia\/#website\",\"url\":\"https:\/\/www.asajacyl.com\/palencia\/\",\"name\":\"ASAJA Palencia\",\"description\":\"Otro sitio m\u00e1s de Provincias ASAJA Castilla y Le\u00f3n\",\"potentialAction\":[{\"@type\":\"SearchAction\",\"target\":{\"@type\":\"EntryPoint\",\"urlTemplate\":\"https:\/\/www.asajacyl.com\/palencia\/?s={search_term_string}\"},\"query-input\":{\"@type\":\"PropertyValueSpecification\",\"valueRequired\":true,\"valueName\":\"search_term_string\"}}],\"inLanguage\":\"es\"},{\"@type\":\"Person\",\"@id\":\"https:\/\/www.asajacyl.com\/palencia\/#\/schema\/person\/3ab17aeb03527485c317557fae64aab1\",\"name\":\"Administrador\",\"image\":{\"@type\":\"ImageObject\",\"inLanguage\":\"es\",\"@id\":\"https:\/\/www.asajacyl.com\/palencia\/#\/schema\/person\/image\/\",\"url\":\"https:\/\/secure.gravatar.com\/avatar\/517384810d242ca9e38c180f3c9fb973?s=96&d=mm&r=g\",\"contentUrl\":\"https:\/\/secure.gravatar.com\/avatar\/517384810d242ca9e38c180f3c9fb973?s=96&d=mm&r=g\",\"caption\":\"Administrador\"},\"url\":\"https:\/\/www.asajacyl.com\/palencia\/author\/carlosrm\"}]}<\/script>\n<!-- \/ Yoast SEO plugin. -->","yoast_head_json":{"title":"Los veterinarios recuerdan que el bienestar animal no es una cuesti\u00f3n ideol\u00f3gica - ASAJA Palencia","description":"La Organizaci\u00f3n Colegial Veterinaria (OCV) subraya que \u201chay que sacar las cuestiones relacionadas con el bienestar animal del debate pol\u00edtico e ideol\u00f3gico","robots":{"index":"index","follow":"follow","max-snippet":"max-snippet:-1","max-image-preview":"max-image-preview:large","max-video-preview":"max-video-preview:-1"},"canonical":"https:\/\/www.asajacyl.com\/palencia\/asaja-palencia-informa\/los-veterinarios-recuerdan-que-el-bienestar-animal-no-es-una-cuestion-ideologica","og_locale":"es_ES","og_type":"article","og_title":"Los veterinarios recuerdan que el bienestar animal no es una cuesti\u00f3n ideol\u00f3gica - ASAJA Palencia","og_description":"La Organizaci\u00f3n Colegial Veterinaria (OCV) subraya que \u201chay que sacar las cuestiones relacionadas con el bienestar animal del debate pol\u00edtico e ideol\u00f3gico","og_url":"https:\/\/www.asajacyl.com\/palencia\/asaja-palencia-informa\/los-veterinarios-recuerdan-que-el-bienestar-animal-no-es-una-cuestion-ideologica","og_site_name":"ASAJA Palencia","article_published_time":"2022-02-01T13:57:00+00:00","og_image":[{"width":2592,"height":1944,"url":"https:\/\/www.asajacyl.com\/palencia\/wp-content\/uploads\/sites\/3\/2017\/11\/recurso-reba\u00f1o-ovejas.jpg","type":"image\/jpeg"}],"author":"Administrador","twitter_card":"summary_large_image","twitter_misc":{"Escrito por":"Administrador","Tiempo de lectura":"1 minuto"},"schema":{"@context":"https:\/\/schema.org","@graph":[{"@type":"WebPage","@id":"https:\/\/www.asajacyl.com\/palencia\/asaja-palencia-informa\/los-veterinarios-recuerdan-que-el-bienestar-animal-no-es-una-cuestion-ideologica","url":"https:\/\/www.asajacyl.com\/palencia\/asaja-palencia-informa\/los-veterinarios-recuerdan-que-el-bienestar-animal-no-es-una-cuestion-ideologica","name":"Los veterinarios recuerdan que el bienestar animal no es una cuesti\u00f3n ideol\u00f3gica - ASAJA Palencia","isPartOf":{"@id":"https:\/\/www.asajacyl.com\/palencia\/#website"},"primaryImageOfPage":{"@id":"https:\/\/www.asajacyl.com\/palencia\/asaja-palencia-informa\/los-veterinarios-recuerdan-que-el-bienestar-animal-no-es-una-cuestion-ideologica#primaryimage"},"image":{"@id":"https:\/\/www.asajacyl.com\/palencia\/asaja-palencia-informa\/los-veterinarios-recuerdan-que-el-bienestar-animal-no-es-una-cuestion-ideologica#primaryimage"},"thumbnailUrl":"https:\/\/www.asajacyl.com\/palencia\/wp-content\/uploads\/sites\/3\/2017\/11\/recurso-reba\u00f1o-ovejas.jpg","datePublished":"2022-02-01T13:57:00+00:00","author":{"@id":"https:\/\/www.asajacyl.com\/palencia\/#\/schema\/person\/3ab17aeb03527485c317557fae64aab1"},"description":"La Organizaci\u00f3n Colegial Veterinaria (OCV) subraya que \u201chay que sacar las cuestiones relacionadas con el bienestar animal del debate pol\u00edtico e ideol\u00f3gico","breadcrumb":{"@id":"https:\/\/www.asajacyl.com\/palencia\/asaja-palencia-informa\/los-veterinarios-recuerdan-que-el-bienestar-animal-no-es-una-cuestion-ideologica#breadcrumb"},"inLanguage":"es","potentialAction":[{"@type":"ReadAction","target":["https:\/\/www.asajacyl.com\/palencia\/asaja-palencia-informa\/los-veterinarios-recuerdan-que-el-bienestar-animal-no-es-una-cuestion-ideologica"]}]},{"@type":"ImageObject","inLanguage":"es","@id":"https:\/\/www.asajacyl.com\/palencia\/asaja-palencia-informa\/los-veterinarios-recuerdan-que-el-bienestar-animal-no-es-una-cuestion-ideologica#primaryimage","url":"https:\/\/www.asajacyl.com\/palencia\/wp-content\/uploads\/sites\/3\/2017\/11\/recurso-reba\u00f1o-ovejas.jpg","contentUrl":"https:\/\/www.asajacyl.com\/palencia\/wp-content\/uploads\/sites\/3\/2017\/11\/recurso-reba\u00f1o-ovejas.jpg","width":2592,"height":1944,"caption":"Reba\u00f1o ovejas"},{"@type":"BreadcrumbList","@id":"https:\/\/www.asajacyl.com\/palencia\/asaja-palencia-informa\/los-veterinarios-recuerdan-que-el-bienestar-animal-no-es-una-cuestion-ideologica#breadcrumb","itemListElement":[{"@type":"ListItem","position":1,"name":"Portada","item":"https:\/\/www.asajacyl.com\/palencia\/"},{"@type":"ListItem","position":2,"name":"Los veterinarios recuerdan que el bienestar animal no es una cuesti\u00f3n ideol\u00f3gica"}]},{"@type":"WebSite","@id":"https:\/\/www.asajacyl.com\/palencia\/#website","url":"https:\/\/www.asajacyl.com\/palencia\/","name":"ASAJA Palencia","description":"Otro sitio m\u00e1s de Provincias ASAJA Castilla y Le\u00f3n","potentialAction":[{"@type":"SearchAction","target":{"@type":"EntryPoint","urlTemplate":"https:\/\/www.asajacyl.com\/palencia\/?s={search_term_string}"},"query-input":{"@type":"PropertyValueSpecification","valueRequired":true,"valueName":"search_term_string"}}],"inLanguage":"es"},{"@type":"Person","@id":"https:\/\/www.asajacyl.com\/palencia\/#\/schema\/person\/3ab17aeb03527485c317557fae64aab1","name":"Administrador","image":{"@type":"ImageObject","inLanguage":"es","@id":"https:\/\/www.asajacyl.com\/palencia\/#\/schema\/person\/image\/","url":"https:\/\/secure.gravatar.com\/avatar\/517384810d242ca9e38c180f3c9fb973?s=96&d=mm&r=g","contentUrl":"https:\/\/secure.gravatar.com\/avatar\/517384810d242ca9e38c180f3c9fb973?s=96&d=mm&r=g","caption":"Administrador"},"url":"https:\/\/www.asajacyl.com\/palencia\/author\/carlosrm"}]}},"_links":{"self":[{"href":"https:\/\/www.asajacyl.com\/palencia\/wp-json\/wp\/v2\/posts\/9708"}],"collection":[{"href":"https:\/\/www.asajacyl.com\/palencia\/wp-json\/wp\/v2\/posts"}],"about":[{"href":"https:\/\/www.asajacyl.com\/palencia\/wp-json\/wp\/v2\/types\/post"}],"author":[{"embeddable":true,"href":"https:\/\/www.asajacyl.com\/palencia\/wp-json\/wp\/v2\/users\/9"}],"replies":[{"embeddable":true,"href":"https:\/\/www.asajacyl.com\/palencia\/wp-json\/wp\/v2\/comments?post=9708"}],"version-history":[{"count":1,"href":"https:\/\/www.asajacyl.com\/palencia\/wp-json\/wp\/v2\/posts\/9708\/revisions"}],"predecessor-version":[{"id":9709,"href":"https:\/\/www.asajacyl.com\/palencia\/wp-json\/wp\/v2\/posts\/9708\/revisions\/9709"}],"wp:featuredmedia":[{"embeddable":true,"href":"https:\/\/www.asajacyl.com\/palencia\/wp-json\/wp\/v2\/media\/1054"}],"wp:attachment":[{"href":"https:\/\/www.asajacyl.com\/palencia\/wp-json\/wp\/v2\/media?parent=9708"}],"wp:term":[{"taxonomy":"category","embeddable":true,"href":"https:\/\/www.asajacyl.com\/palencia\/wp-json\/wp\/v2\/categories?post=9708"},{"taxonomy":"post_tag","embeddable":true,"href":"https:\/\/www.asajacyl.com\/palencia\/wp-json\/wp\/v2\/tags?post=9708"}],"curies":[{"name":"wp","href":"https:\/\/api.w.org\/{rel}","templated":true}]}}