{"id":9710,"date":"2022-01-18T07:07:47","date_gmt":"2022-01-18T06:07:47","guid":{"rendered":"https:\/\/www.asajacyl.com\/palencia\/?p=9710"},"modified":"2022-01-18T07:07:48","modified_gmt":"2022-01-18T06:07:48","slug":"los-ganaderos-piden-al-gobierno-y-a-la-ue-no-criminalizar-las-granjas-intensivas-porque-lo-hacen-bien-y-son-necesarias","status":"publish","type":"post","link":"https:\/\/www.asajacyl.com\/palencia\/asaja-palencia-informa\/los-ganaderos-piden-al-gobierno-y-a-la-ue-no-criminalizar-las-granjas-intensivas-porque-lo-hacen-bien-y-son-necesarias","title":{"rendered":"Los ganaderos piden al Gobierno y a la UE no \u00abcriminalizar\u00bb las granjas intensivas porque lo hacen \u00abbien y son necesarias\u00bb"},"content":{"rendered":"\n<p>El sector ganadero espa\u00f1ol ha defendido que no se puede criminalizar a la ganader\u00eda intensiva, especialmente la vinculada a los negocios familiares y cooperativas, porque son necesarias en el modelo de producci\u00f3n actual, con unas demandas de alimentaci\u00f3n mundial crecientes y porque trabaja \u00abbien y es necesaria\u00bb en muchas zonas de Espa\u00f1a.<\/p>\n\n\n\n<p>Es uno de los mensajes que lanzaron las organizaciones agrarias ASAJA, COAG y UPA tras reunirse en Madrid con el ministro de Agricultura, Pesca y Alimentaci\u00f3n, Luis Planas, y con el comisario europeo de Agricultura, Janusz Wojciechowski, y tras la pol\u00e9mica generada por el ministro de Consumo, Alberto Garz\u00f3n, con sus declaraciones en el diario brit\u00e1nico The Guardian.<\/p>\n\n\n\n<p>El presidente de ASAJA, Pedro Barato, ha se\u00f1alado, en declaraciones a los periodistas, la necesidad de convivencia entre la ganader\u00eda extensiva e intensiva; de hecho ha puesto como ejemplo el ganado que nace en extensivo y luego pasa a engordarse en cebaderos intensivos. \u00abEs \u00e9se el modelo\u00bb actual y lo ve necesario para alimentar tambi\u00e9n a una poblaci\u00f3n mundial creciente.<\/p>\n","protected":false},"excerpt":{"rendered":"<p>El sector ganadero espa\u00f1ol ha defendido que no se puede criminalizar a la ganader\u00eda intensiva, especialmente la vinculada a los negocios familiares y cooperativas, porque son necesarias en el modelo de producci\u00f3n actual, con unas demandas de alimentaci\u00f3n mundial crecientes y porque trabaja \u00abbien y es necesaria\u00bb en muchas zonas de Espa\u00f1a. Es uno de [&hellip;]<\/p>\n","protected":false},"author":9,"featured_media":6446,"comment_status":"open","ping_status":"open","sticky":false,"template":"","format":"standard","meta":{"footnotes":""},"categories":[9,29,28],"tags":[],"yoast_head":"<!-- This site is optimized with the Yoast SEO plugin v24.5 - https:\/\/yoast.com\/wordpress\/plugins\/seo\/ -->\n<title>Los ganaderos piden al Gobierno y a la UE no &quot;criminalizar&quot; las granjas intensivas porque lo hacen &quot;bien y son necesarias&quot; - ASAJA Palencia<\/title>\n<meta name=\"description\" content=\"El sector ganadero espa\u00f1ol ha defendido que no se puede criminalizar a la ganader\u00eda intensiva, especialmente la vinculada a los negocios familiares y\" \/>\n<meta name=\"robots\" content=\"index, follow, max-snippet:-1, max-image-preview:large, max-video-preview:-1\" \/>\n<link rel=\"canonical\" href=\"https:\/\/www.asajacyl.com\/palencia\/asaja-palencia-informa\/los-ganaderos-piden-al-gobierno-y-a-la-ue-no-criminalizar-las-granjas-intensivas-porque-lo-hacen-bien-y-son-necesarias\" \/>\n<meta property=\"og:locale\" content=\"es_ES\" \/>\n<meta property=\"og:type\" content=\"article\" \/>\n<meta property=\"og:title\" content=\"Los ganaderos piden al Gobierno y a la UE no &quot;criminalizar&quot; las granjas intensivas porque lo hacen &quot;bien y son necesarias&quot; - ASAJA Palencia\" \/>\n<meta property=\"og:description\" content=\"El sector ganadero espa\u00f1ol ha defendido que no se puede criminalizar a la ganader\u00eda intensiva, especialmente la vinculada a los negocios familiares y\" \/>\n<meta property=\"og:url\" content=\"https:\/\/www.asajacyl.com\/palencia\/asaja-palencia-informa\/los-ganaderos-piden-al-gobierno-y-a-la-ue-no-criminalizar-las-granjas-intensivas-porque-lo-hacen-bien-y-son-necesarias\" \/>\n<meta property=\"og:site_name\" content=\"ASAJA Palencia\" \/>\n<meta property=\"article:published_time\" content=\"2022-01-18T06:07:47+00:00\" \/>\n<meta property=\"article:modified_time\" content=\"2022-01-18T06:07:48+00:00\" \/>\n<meta property=\"og:image\" content=\"https:\/\/www.asajacyl.com\/palencia\/wp-content\/uploads\/sites\/3\/2019\/08\/vacas-carne.jpg\" \/>\n\t<meta property=\"og:image:width\" content=\"2500\" \/>\n\t<meta property=\"og:image:height\" content=\"1406\" \/>\n\t<meta property=\"og:image:type\" content=\"image\/jpeg\" \/>\n<meta name=\"author\" content=\"Administrador\" \/>\n<meta name=\"twitter:card\" content=\"summary_large_image\" \/>\n<meta name=\"twitter:label1\" content=\"Escrito por\" \/>\n\t<meta name=\"twitter:data1\" content=\"Administrador\" \/>\n\t<meta name=\"twitter:label2\" content=\"Tiempo de lectura\" \/>\n\t<meta name=\"twitter:data2\" content=\"1 minuto\" \/>\n<script type=\"application\/ld+json\" class=\"yoast-schema-graph\">{\"@context\":\"https:\/\/schema.org\",\"@graph\":[{\"@type\":\"WebPage\",\"@id\":\"https:\/\/www.asajacyl.com\/palencia\/asaja-palencia-informa\/los-ganaderos-piden-al-gobierno-y-a-la-ue-no-criminalizar-las-granjas-intensivas-porque-lo-hacen-bien-y-son-necesarias\",\"url\":\"https:\/\/www.asajacyl.com\/palencia\/asaja-palencia-informa\/los-ganaderos-piden-al-gobierno-y-a-la-ue-no-criminalizar-las-granjas-intensivas-porque-lo-hacen-bien-y-son-necesarias\",\"name\":\"Los ganaderos piden al Gobierno y a la UE no \\\"criminalizar\\\" las granjas intensivas porque lo hacen \\\"bien y son necesarias\\\" - ASAJA Palencia\",\"isPartOf\":{\"@id\":\"https:\/\/www.asajacyl.com\/palencia\/#website\"},\"primaryImageOfPage\":{\"@id\":\"https:\/\/www.asajacyl.com\/palencia\/asaja-palencia-informa\/los-ganaderos-piden-al-gobierno-y-a-la-ue-no-criminalizar-las-granjas-intensivas-porque-lo-hacen-bien-y-son-necesarias#primaryimage\"},\"image\":{\"@id\":\"https:\/\/www.asajacyl.com\/palencia\/asaja-palencia-informa\/los-ganaderos-piden-al-gobierno-y-a-la-ue-no-criminalizar-las-granjas-intensivas-porque-lo-hacen-bien-y-son-necesarias#primaryimage\"},\"thumbnailUrl\":\"https:\/\/www.asajacyl.com\/palencia\/wp-content\/uploads\/sites\/3\/2019\/08\/vacas-carne.jpg\",\"datePublished\":\"2022-01-18T06:07:47+00:00\",\"dateModified\":\"2022-01-18T06:07:48+00:00\",\"author\":{\"@id\":\"https:\/\/www.asajacyl.com\/palencia\/#\/schema\/person\/3ab17aeb03527485c317557fae64aab1\"},\"description\":\"El sector ganadero espa\u00f1ol ha defendido que no se puede criminalizar a la ganader\u00eda intensiva, especialmente la vinculada a los negocios familiares y\",\"breadcrumb\":{\"@id\":\"https:\/\/www.asajacyl.com\/palencia\/asaja-palencia-informa\/los-ganaderos-piden-al-gobierno-y-a-la-ue-no-criminalizar-las-granjas-intensivas-porque-lo-hacen-bien-y-son-necesarias#breadcrumb\"},\"inLanguage\":\"es\",\"potentialAction\":[{\"@type\":\"ReadAction\",\"target\":[\"https:\/\/www.asajacyl.com\/palencia\/asaja-palencia-informa\/los-ganaderos-piden-al-gobierno-y-a-la-ue-no-criminalizar-las-granjas-intensivas-porque-lo-hacen-bien-y-son-necesarias\"]}]},{\"@type\":\"ImageObject\",\"inLanguage\":\"es\",\"@id\":\"https:\/\/www.asajacyl.com\/palencia\/asaja-palencia-informa\/los-ganaderos-piden-al-gobierno-y-a-la-ue-no-criminalizar-las-granjas-intensivas-porque-lo-hacen-bien-y-son-necesarias#primaryimage\",\"url\":\"https:\/\/www.asajacyl.com\/palencia\/wp-content\/uploads\/sites\/3\/2019\/08\/vacas-carne.jpg\",\"contentUrl\":\"https:\/\/www.asajacyl.com\/palencia\/wp-content\/uploads\/sites\/3\/2019\/08\/vacas-carne.jpg\",\"width\":2500,\"height\":1406},{\"@type\":\"BreadcrumbList\",\"@id\":\"https:\/\/www.asajacyl.com\/palencia\/asaja-palencia-informa\/los-ganaderos-piden-al-gobierno-y-a-la-ue-no-criminalizar-las-granjas-intensivas-porque-lo-hacen-bien-y-son-necesarias#breadcrumb\",\"itemListElement\":[{\"@type\":\"ListItem\",\"position\":1,\"name\":\"Portada\",\"item\":\"https:\/\/www.asajacyl.com\/palencia\/\"},{\"@type\":\"ListItem\",\"position\":2,\"name\":\"Los ganaderos piden al Gobierno y a la UE no \u00abcriminalizar\u00bb las granjas intensivas porque lo hacen \u00abbien y son necesarias\u00bb\"}]},{\"@type\":\"WebSite\",\"@id\":\"https:\/\/www.asajacyl.com\/palencia\/#website\",\"url\":\"https:\/\/www.asajacyl.com\/palencia\/\",\"name\":\"ASAJA Palencia\",\"description\":\"Otro sitio m\u00e1s de Provincias ASAJA Castilla y Le\u00f3n\",\"potentialAction\":[{\"@type\":\"SearchAction\",\"target\":{\"@type\":\"EntryPoint\",\"urlTemplate\":\"https:\/\/www.asajacyl.com\/palencia\/?s={search_term_string}\"},\"query-input\":{\"@type\":\"PropertyValueSpecification\",\"valueRequired\":true,\"valueName\":\"search_term_string\"}}],\"inLanguage\":\"es\"},{\"@type\":\"Person\",\"@id\":\"https:\/\/www.asajacyl.com\/palencia\/#\/schema\/person\/3ab17aeb03527485c317557fae64aab1\",\"name\":\"Administrador\",\"image\":{\"@type\":\"ImageObject\",\"inLanguage\":\"es\",\"@id\":\"https:\/\/www.asajacyl.com\/palencia\/#\/schema\/person\/image\/\",\"url\":\"https:\/\/secure.gravatar.com\/avatar\/517384810d242ca9e38c180f3c9fb973?s=96&d=mm&r=g\",\"contentUrl\":\"https:\/\/secure.gravatar.com\/avatar\/517384810d242ca9e38c180f3c9fb973?s=96&d=mm&r=g\",\"caption\":\"Administrador\"},\"url\":\"https:\/\/www.asajacyl.com\/palencia\/author\/carlosrm\"}]}<\/script>\n<!-- \/ Yoast SEO plugin. -->","yoast_head_json":{"title":"Los ganaderos piden al Gobierno y a la UE no \"criminalizar\" las granjas intensivas porque lo hacen \"bien y son necesarias\" - ASAJA Palencia","description":"El sector ganadero espa\u00f1ol ha defendido que no se puede criminalizar a la ganader\u00eda intensiva, especialmente la vinculada a los negocios familiares y","robots":{"index":"index","follow":"follow","max-snippet":"max-snippet:-1","max-image-preview":"max-image-preview:large","max-video-preview":"max-video-preview:-1"},"canonical":"https:\/\/www.asajacyl.com\/palencia\/asaja-palencia-informa\/los-ganaderos-piden-al-gobierno-y-a-la-ue-no-criminalizar-las-granjas-intensivas-porque-lo-hacen-bien-y-son-necesarias","og_locale":"es_ES","og_type":"article","og_title":"Los ganaderos piden al Gobierno y a la UE no \"criminalizar\" las granjas intensivas porque lo hacen \"bien y son necesarias\" - ASAJA Palencia","og_description":"El sector ganadero espa\u00f1ol ha defendido que no se puede criminalizar a la ganader\u00eda intensiva, especialmente la vinculada a los negocios familiares y","og_url":"https:\/\/www.asajacyl.com\/palencia\/asaja-palencia-informa\/los-ganaderos-piden-al-gobierno-y-a-la-ue-no-criminalizar-las-granjas-intensivas-porque-lo-hacen-bien-y-son-necesarias","og_site_name":"ASAJA Palencia","article_published_time":"2022-01-18T06:07:47+00:00","article_modified_time":"2022-01-18T06:07:48+00:00","og_image":[{"width":2500,"height":1406,"url":"https:\/\/www.asajacyl.com\/palencia\/wp-content\/uploads\/sites\/3\/2019\/08\/vacas-carne.jpg","type":"image\/jpeg"}],"author":"Administrador","twitter_card":"summary_large_image","twitter_misc":{"Escrito por":"Administrador","Tiempo de lectura":"1 minuto"},"schema":{"@context":"https:\/\/schema.org","@graph":[{"@type":"WebPage","@id":"https:\/\/www.asajacyl.com\/palencia\/asaja-palencia-informa\/los-ganaderos-piden-al-gobierno-y-a-la-ue-no-criminalizar-las-granjas-intensivas-porque-lo-hacen-bien-y-son-necesarias","url":"https:\/\/www.asajacyl.com\/palencia\/asaja-palencia-informa\/los-ganaderos-piden-al-gobierno-y-a-la-ue-no-criminalizar-las-granjas-intensivas-porque-lo-hacen-bien-y-son-necesarias","name":"Los ganaderos piden al Gobierno y a la UE no \"criminalizar\" las granjas intensivas porque lo hacen \"bien y son necesarias\" - ASAJA Palencia","isPartOf":{"@id":"https:\/\/www.asajacyl.com\/palencia\/#website"},"primaryImageOfPage":{"@id":"https:\/\/www.asajacyl.com\/palencia\/asaja-palencia-informa\/los-ganaderos-piden-al-gobierno-y-a-la-ue-no-criminalizar-las-granjas-intensivas-porque-lo-hacen-bien-y-son-necesarias#primaryimage"},"image":{"@id":"https:\/\/www.asajacyl.com\/palencia\/asaja-palencia-informa\/los-ganaderos-piden-al-gobierno-y-a-la-ue-no-criminalizar-las-granjas-intensivas-porque-lo-hacen-bien-y-son-necesarias#primaryimage"},"thumbnailUrl":"https:\/\/www.asajacyl.com\/palencia\/wp-content\/uploads\/sites\/3\/2019\/08\/vacas-carne.jpg","datePublished":"2022-01-18T06:07:47+00:00","dateModified":"2022-01-18T06:07:48+00:00","author":{"@id":"https:\/\/www.asajacyl.com\/palencia\/#\/schema\/person\/3ab17aeb03527485c317557fae64aab1"},"description":"El sector ganadero espa\u00f1ol ha defendido que no se puede criminalizar a la ganader\u00eda intensiva, especialmente la vinculada a los negocios familiares y","breadcrumb":{"@id":"https:\/\/www.asajacyl.com\/palencia\/asaja-palencia-informa\/los-ganaderos-piden-al-gobierno-y-a-la-ue-no-criminalizar-las-granjas-intensivas-porque-lo-hacen-bien-y-son-necesarias#breadcrumb"},"inLanguage":"es","potentialAction":[{"@type":"ReadAction","target":["https:\/\/www.asajacyl.com\/palencia\/asaja-palencia-informa\/los-ganaderos-piden-al-gobierno-y-a-la-ue-no-criminalizar-las-granjas-intensivas-porque-lo-hacen-bien-y-son-necesarias"]}]},{"@type":"ImageObject","inLanguage":"es","@id":"https:\/\/www.asajacyl.com\/palencia\/asaja-palencia-informa\/los-ganaderos-piden-al-gobierno-y-a-la-ue-no-criminalizar-las-granjas-intensivas-porque-lo-hacen-bien-y-son-necesarias#primaryimage","url":"https:\/\/www.asajacyl.com\/palencia\/wp-content\/uploads\/sites\/3\/2019\/08\/vacas-carne.jpg","contentUrl":"https:\/\/www.asajacyl.com\/palencia\/wp-content\/uploads\/sites\/3\/2019\/08\/vacas-carne.jpg","width":2500,"height":1406},{"@type":"BreadcrumbList","@id":"https:\/\/www.asajacyl.com\/palencia\/asaja-palencia-informa\/los-ganaderos-piden-al-gobierno-y-a-la-ue-no-criminalizar-las-granjas-intensivas-porque-lo-hacen-bien-y-son-necesarias#breadcrumb","itemListElement":[{"@type":"ListItem","position":1,"name":"Portada","item":"https:\/\/www.asajacyl.com\/palencia\/"},{"@type":"ListItem","position":2,"name":"Los ganaderos piden al Gobierno y a la UE no \u00abcriminalizar\u00bb las granjas intensivas porque lo hacen \u00abbien y son necesarias\u00bb"}]},{"@type":"WebSite","@id":"https:\/\/www.asajacyl.com\/palencia\/#website","url":"https:\/\/www.asajacyl.com\/palencia\/","name":"ASAJA Palencia","description":"Otro sitio m\u00e1s de Provincias ASAJA Castilla y Le\u00f3n","potentialAction":[{"@type":"SearchAction","target":{"@type":"EntryPoint","urlTemplate":"https:\/\/www.asajacyl.com\/palencia\/?s={search_term_string}"},"query-input":{"@type":"PropertyValueSpecification","valueRequired":true,"valueName":"search_term_string"}}],"inLanguage":"es"},{"@type":"Person","@id":"https:\/\/www.asajacyl.com\/palencia\/#\/schema\/person\/3ab17aeb03527485c317557fae64aab1","name":"Administrador","image":{"@type":"ImageObject","inLanguage":"es","@id":"https:\/\/www.asajacyl.com\/palencia\/#\/schema\/person\/image\/","url":"https:\/\/secure.gravatar.com\/avatar\/517384810d242ca9e38c180f3c9fb973?s=96&d=mm&r=g","contentUrl":"https:\/\/secure.gravatar.com\/avatar\/517384810d242ca9e38c180f3c9fb973?s=96&d=mm&r=g","caption":"Administrador"},"url":"https:\/\/www.asajacyl.com\/palencia\/author\/carlosrm"}]}},"_links":{"self":[{"href":"https:\/\/www.asajacyl.com\/palencia\/wp-json\/wp\/v2\/posts\/9710"}],"collection":[{"href":"https:\/\/www.asajacyl.com\/palencia\/wp-json\/wp\/v2\/posts"}],"about":[{"href":"https:\/\/www.asajacyl.com\/palencia\/wp-json\/wp\/v2\/types\/post"}],"author":[{"embeddable":true,"href":"https:\/\/www.asajacyl.com\/palencia\/wp-json\/wp\/v2\/users\/9"}],"replies":[{"embeddable":true,"href":"https:\/\/www.asajacyl.com\/palencia\/wp-json\/wp\/v2\/comments?post=9710"}],"version-history":[{"count":1,"href":"https:\/\/www.asajacyl.com\/palencia\/wp-json\/wp\/v2\/posts\/9710\/revisions"}],"predecessor-version":[{"id":9711,"href":"https:\/\/www.asajacyl.com\/palencia\/wp-json\/wp\/v2\/posts\/9710\/revisions\/9711"}],"wp:featuredmedia":[{"embeddable":true,"href":"https:\/\/www.asajacyl.com\/palencia\/wp-json\/wp\/v2\/media\/6446"}],"wp:attachment":[{"href":"https:\/\/www.asajacyl.com\/palencia\/wp-json\/wp\/v2\/media?parent=9710"}],"wp:term":[{"taxonomy":"category","embeddable":true,"href":"https:\/\/www.asajacyl.com\/palencia\/wp-json\/wp\/v2\/categories?post=9710"},{"taxonomy":"post_tag","embeddable":true,"href":"https:\/\/www.asajacyl.com\/palencia\/wp-json\/wp\/v2\/tags?post=9710"}],"curies":[{"name":"wp","href":"https:\/\/api.w.org\/{rel}","templated":true}]}}