{"id":9715,"date":"2022-01-27T11:59:00","date_gmt":"2022-01-27T10:59:00","guid":{"rendered":"https:\/\/www.asajacyl.com\/palencia\/?p=9715"},"modified":"2022-01-24T10:06:49","modified_gmt":"2022-01-24T09:06:49","slug":"la-ue-deja-pasar-medio-ano-mas-sin-buscar-la-reciprocidad","status":"publish","type":"post","link":"https:\/\/www.asajacyl.com\/palencia\/asaja-palencia-informa\/la-ue-deja-pasar-medio-ano-mas-sin-buscar-la-reciprocidad","title":{"rendered":"La UE deja pasar medio a\u00f1o m\u00e1s sin buscar la reciprocidad"},"content":{"rendered":"\n<p>Recientemente tuvo lugar un consejo de ministros de agricultura europeos en el que particip\u00f3 el ministro espa\u00f1ol, Luis Planas. Nuestro ministro defendi\u00f3 la necesidad de que los productos que la UE importa cumplan con las mismas garant\u00edas de calidad y seguridad que se exigen a los productores europeos. Esta cl\u00e1usula de reciprocidad es una de las prioridades de Francia, que ostenta actualmente la presidencia de turno durante el primer semestre de 2022.<\/p>\n\n\n\n<p>La normativa exigida a los productores europeos es la m\u00e1s estricta del mundo y se crea una competencia desleal entre nuestros productos y los que se importan ya que no estamos hablando de ser competitivos sino de regulaciones. Este tipo de normativas reducen la productividad o el beneficio de las producciones y deben ser exigidas a los productos que entran en la UE para que realmente se genere una competencia.<\/p>\n\n\n\n<p>Seg\u00fan informa la Comisi\u00f3n Europea, est\u00e1n realizando un informe jur\u00eddico para detectar la mejor forma de implementar esta cl\u00e1usula de reciprocidad por lo que no se realizar\u00e1 ning\u00fan avance en esta materia durante los pr\u00f3ximos cinco meses, momento en que est\u00e1 prevista la publicaci\u00f3n de dicho informe.<\/p>\n","protected":false},"excerpt":{"rendered":"<p>Recientemente tuvo lugar un consejo de ministros de agricultura europeos en el que particip\u00f3 el ministro espa\u00f1ol, Luis Planas. Nuestro ministro defendi\u00f3 la necesidad de que los productos que la UE importa cumplan con las mismas garant\u00edas de calidad y seguridad que se exigen a los productores europeos. Esta cl\u00e1usula de reciprocidad es una de [&hellip;]<\/p>\n","protected":false},"author":9,"featured_media":9716,"comment_status":"open","ping_status":"open","sticky":false,"template":"","format":"standard","meta":{"footnotes":""},"categories":[9,29,28],"tags":[],"yoast_head":"<!-- This site is optimized with the Yoast SEO plugin v24.5 - https:\/\/yoast.com\/wordpress\/plugins\/seo\/ -->\n<title>La UE deja pasar medio a\u00f1o m\u00e1s sin buscar la reciprocidad - ASAJA Palencia<\/title>\n<meta name=\"description\" content=\"Recientemente tuvo lugar un consejo de ministros de agricultura europeos en el que particip\u00f3 el ministro espa\u00f1ol, Luis Planas. Nuestro ministro defendi\u00f3\" \/>\n<meta name=\"robots\" content=\"index, follow, max-snippet:-1, max-image-preview:large, max-video-preview:-1\" \/>\n<link rel=\"canonical\" href=\"https:\/\/www.asajacyl.com\/palencia\/asaja-palencia-informa\/la-ue-deja-pasar-medio-ano-mas-sin-buscar-la-reciprocidad\" \/>\n<meta property=\"og:locale\" content=\"es_ES\" \/>\n<meta property=\"og:type\" content=\"article\" \/>\n<meta property=\"og:title\" content=\"La UE deja pasar medio a\u00f1o m\u00e1s sin buscar la reciprocidad - ASAJA Palencia\" \/>\n<meta property=\"og:description\" content=\"Recientemente tuvo lugar un consejo de ministros de agricultura europeos en el que particip\u00f3 el ministro espa\u00f1ol, Luis Planas. Nuestro ministro defendi\u00f3\" \/>\n<meta property=\"og:url\" content=\"https:\/\/www.asajacyl.com\/palencia\/asaja-palencia-informa\/la-ue-deja-pasar-medio-ano-mas-sin-buscar-la-reciprocidad\" \/>\n<meta property=\"og:site_name\" content=\"ASAJA Palencia\" \/>\n<meta property=\"article:published_time\" content=\"2022-01-27T10:59:00+00:00\" \/>\n<meta property=\"og:image\" content=\"https:\/\/www.asajacyl.com\/palencia\/wp-content\/uploads\/sites\/3\/2022\/01\/CONSEJO-EUROPEO.jpg\" \/>\n\t<meta property=\"og:image:width\" content=\"600\" \/>\n\t<meta property=\"og:image:height\" content=\"600\" \/>\n\t<meta property=\"og:image:type\" content=\"image\/jpeg\" \/>\n<meta name=\"author\" content=\"Administrador\" \/>\n<meta name=\"twitter:card\" content=\"summary_large_image\" \/>\n<meta name=\"twitter:label1\" content=\"Escrito por\" \/>\n\t<meta name=\"twitter:data1\" content=\"Administrador\" \/>\n\t<meta name=\"twitter:label2\" content=\"Tiempo de lectura\" \/>\n\t<meta name=\"twitter:data2\" content=\"1 minuto\" \/>\n<script type=\"application\/ld+json\" class=\"yoast-schema-graph\">{\"@context\":\"https:\/\/schema.org\",\"@graph\":[{\"@type\":\"WebPage\",\"@id\":\"https:\/\/www.asajacyl.com\/palencia\/asaja-palencia-informa\/la-ue-deja-pasar-medio-ano-mas-sin-buscar-la-reciprocidad\",\"url\":\"https:\/\/www.asajacyl.com\/palencia\/asaja-palencia-informa\/la-ue-deja-pasar-medio-ano-mas-sin-buscar-la-reciprocidad\",\"name\":\"La UE deja pasar medio a\u00f1o m\u00e1s sin buscar la reciprocidad - ASAJA Palencia\",\"isPartOf\":{\"@id\":\"https:\/\/www.asajacyl.com\/palencia\/#website\"},\"primaryImageOfPage\":{\"@id\":\"https:\/\/www.asajacyl.com\/palencia\/asaja-palencia-informa\/la-ue-deja-pasar-medio-ano-mas-sin-buscar-la-reciprocidad#primaryimage\"},\"image\":{\"@id\":\"https:\/\/www.asajacyl.com\/palencia\/asaja-palencia-informa\/la-ue-deja-pasar-medio-ano-mas-sin-buscar-la-reciprocidad#primaryimage\"},\"thumbnailUrl\":\"https:\/\/www.asajacyl.com\/palencia\/wp-content\/uploads\/sites\/3\/2022\/01\/CONSEJO-EUROPEO.jpg\",\"datePublished\":\"2022-01-27T10:59:00+00:00\",\"author\":{\"@id\":\"https:\/\/www.asajacyl.com\/palencia\/#\/schema\/person\/3ab17aeb03527485c317557fae64aab1\"},\"description\":\"Recientemente tuvo lugar un consejo de ministros de agricultura europeos en el que particip\u00f3 el ministro espa\u00f1ol, Luis Planas. Nuestro ministro defendi\u00f3\",\"breadcrumb\":{\"@id\":\"https:\/\/www.asajacyl.com\/palencia\/asaja-palencia-informa\/la-ue-deja-pasar-medio-ano-mas-sin-buscar-la-reciprocidad#breadcrumb\"},\"inLanguage\":\"es\",\"potentialAction\":[{\"@type\":\"ReadAction\",\"target\":[\"https:\/\/www.asajacyl.com\/palencia\/asaja-palencia-informa\/la-ue-deja-pasar-medio-ano-mas-sin-buscar-la-reciprocidad\"]}]},{\"@type\":\"ImageObject\",\"inLanguage\":\"es\",\"@id\":\"https:\/\/www.asajacyl.com\/palencia\/asaja-palencia-informa\/la-ue-deja-pasar-medio-ano-mas-sin-buscar-la-reciprocidad#primaryimage\",\"url\":\"https:\/\/www.asajacyl.com\/palencia\/wp-content\/uploads\/sites\/3\/2022\/01\/CONSEJO-EUROPEO.jpg\",\"contentUrl\":\"https:\/\/www.asajacyl.com\/palencia\/wp-content\/uploads\/sites\/3\/2022\/01\/CONSEJO-EUROPEO.jpg\",\"width\":600,\"height\":600},{\"@type\":\"BreadcrumbList\",\"@id\":\"https:\/\/www.asajacyl.com\/palencia\/asaja-palencia-informa\/la-ue-deja-pasar-medio-ano-mas-sin-buscar-la-reciprocidad#breadcrumb\",\"itemListElement\":[{\"@type\":\"ListItem\",\"position\":1,\"name\":\"Portada\",\"item\":\"https:\/\/www.asajacyl.com\/palencia\/\"},{\"@type\":\"ListItem\",\"position\":2,\"name\":\"La UE deja pasar medio a\u00f1o m\u00e1s sin buscar la reciprocidad\"}]},{\"@type\":\"WebSite\",\"@id\":\"https:\/\/www.asajacyl.com\/palencia\/#website\",\"url\":\"https:\/\/www.asajacyl.com\/palencia\/\",\"name\":\"ASAJA Palencia\",\"description\":\"Otro sitio m\u00e1s de Provincias ASAJA Castilla y Le\u00f3n\",\"potentialAction\":[{\"@type\":\"SearchAction\",\"target\":{\"@type\":\"EntryPoint\",\"urlTemplate\":\"https:\/\/www.asajacyl.com\/palencia\/?s={search_term_string}\"},\"query-input\":{\"@type\":\"PropertyValueSpecification\",\"valueRequired\":true,\"valueName\":\"search_term_string\"}}],\"inLanguage\":\"es\"},{\"@type\":\"Person\",\"@id\":\"https:\/\/www.asajacyl.com\/palencia\/#\/schema\/person\/3ab17aeb03527485c317557fae64aab1\",\"name\":\"Administrador\",\"image\":{\"@type\":\"ImageObject\",\"inLanguage\":\"es\",\"@id\":\"https:\/\/www.asajacyl.com\/palencia\/#\/schema\/person\/image\/\",\"url\":\"https:\/\/secure.gravatar.com\/avatar\/517384810d242ca9e38c180f3c9fb973?s=96&d=mm&r=g\",\"contentUrl\":\"https:\/\/secure.gravatar.com\/avatar\/517384810d242ca9e38c180f3c9fb973?s=96&d=mm&r=g\",\"caption\":\"Administrador\"},\"url\":\"https:\/\/www.asajacyl.com\/palencia\/author\/carlosrm\"}]}<\/script>\n<!-- \/ Yoast SEO plugin. -->","yoast_head_json":{"title":"La UE deja pasar medio a\u00f1o m\u00e1s sin buscar la reciprocidad - ASAJA Palencia","description":"Recientemente tuvo lugar un consejo de ministros de agricultura europeos en el que particip\u00f3 el ministro espa\u00f1ol, Luis Planas. Nuestro ministro defendi\u00f3","robots":{"index":"index","follow":"follow","max-snippet":"max-snippet:-1","max-image-preview":"max-image-preview:large","max-video-preview":"max-video-preview:-1"},"canonical":"https:\/\/www.asajacyl.com\/palencia\/asaja-palencia-informa\/la-ue-deja-pasar-medio-ano-mas-sin-buscar-la-reciprocidad","og_locale":"es_ES","og_type":"article","og_title":"La UE deja pasar medio a\u00f1o m\u00e1s sin buscar la reciprocidad - ASAJA Palencia","og_description":"Recientemente tuvo lugar un consejo de ministros de agricultura europeos en el que particip\u00f3 el ministro espa\u00f1ol, Luis Planas. Nuestro ministro defendi\u00f3","og_url":"https:\/\/www.asajacyl.com\/palencia\/asaja-palencia-informa\/la-ue-deja-pasar-medio-ano-mas-sin-buscar-la-reciprocidad","og_site_name":"ASAJA Palencia","article_published_time":"2022-01-27T10:59:00+00:00","og_image":[{"width":600,"height":600,"url":"https:\/\/www.asajacyl.com\/palencia\/wp-content\/uploads\/sites\/3\/2022\/01\/CONSEJO-EUROPEO.jpg","type":"image\/jpeg"}],"author":"Administrador","twitter_card":"summary_large_image","twitter_misc":{"Escrito por":"Administrador","Tiempo de lectura":"1 minuto"},"schema":{"@context":"https:\/\/schema.org","@graph":[{"@type":"WebPage","@id":"https:\/\/www.asajacyl.com\/palencia\/asaja-palencia-informa\/la-ue-deja-pasar-medio-ano-mas-sin-buscar-la-reciprocidad","url":"https:\/\/www.asajacyl.com\/palencia\/asaja-palencia-informa\/la-ue-deja-pasar-medio-ano-mas-sin-buscar-la-reciprocidad","name":"La UE deja pasar medio a\u00f1o m\u00e1s sin buscar la reciprocidad - ASAJA Palencia","isPartOf":{"@id":"https:\/\/www.asajacyl.com\/palencia\/#website"},"primaryImageOfPage":{"@id":"https:\/\/www.asajacyl.com\/palencia\/asaja-palencia-informa\/la-ue-deja-pasar-medio-ano-mas-sin-buscar-la-reciprocidad#primaryimage"},"image":{"@id":"https:\/\/www.asajacyl.com\/palencia\/asaja-palencia-informa\/la-ue-deja-pasar-medio-ano-mas-sin-buscar-la-reciprocidad#primaryimage"},"thumbnailUrl":"https:\/\/www.asajacyl.com\/palencia\/wp-content\/uploads\/sites\/3\/2022\/01\/CONSEJO-EUROPEO.jpg","datePublished":"2022-01-27T10:59:00+00:00","author":{"@id":"https:\/\/www.asajacyl.com\/palencia\/#\/schema\/person\/3ab17aeb03527485c317557fae64aab1"},"description":"Recientemente tuvo lugar un consejo de ministros de agricultura europeos en el que particip\u00f3 el ministro espa\u00f1ol, Luis Planas. Nuestro ministro defendi\u00f3","breadcrumb":{"@id":"https:\/\/www.asajacyl.com\/palencia\/asaja-palencia-informa\/la-ue-deja-pasar-medio-ano-mas-sin-buscar-la-reciprocidad#breadcrumb"},"inLanguage":"es","potentialAction":[{"@type":"ReadAction","target":["https:\/\/www.asajacyl.com\/palencia\/asaja-palencia-informa\/la-ue-deja-pasar-medio-ano-mas-sin-buscar-la-reciprocidad"]}]},{"@type":"ImageObject","inLanguage":"es","@id":"https:\/\/www.asajacyl.com\/palencia\/asaja-palencia-informa\/la-ue-deja-pasar-medio-ano-mas-sin-buscar-la-reciprocidad#primaryimage","url":"https:\/\/www.asajacyl.com\/palencia\/wp-content\/uploads\/sites\/3\/2022\/01\/CONSEJO-EUROPEO.jpg","contentUrl":"https:\/\/www.asajacyl.com\/palencia\/wp-content\/uploads\/sites\/3\/2022\/01\/CONSEJO-EUROPEO.jpg","width":600,"height":600},{"@type":"BreadcrumbList","@id":"https:\/\/www.asajacyl.com\/palencia\/asaja-palencia-informa\/la-ue-deja-pasar-medio-ano-mas-sin-buscar-la-reciprocidad#breadcrumb","itemListElement":[{"@type":"ListItem","position":1,"name":"Portada","item":"https:\/\/www.asajacyl.com\/palencia\/"},{"@type":"ListItem","position":2,"name":"La UE deja pasar medio a\u00f1o m\u00e1s sin buscar la reciprocidad"}]},{"@type":"WebSite","@id":"https:\/\/www.asajacyl.com\/palencia\/#website","url":"https:\/\/www.asajacyl.com\/palencia\/","name":"ASAJA Palencia","description":"Otro sitio m\u00e1s de Provincias ASAJA Castilla y Le\u00f3n","potentialAction":[{"@type":"SearchAction","target":{"@type":"EntryPoint","urlTemplate":"https:\/\/www.asajacyl.com\/palencia\/?s={search_term_string}"},"query-input":{"@type":"PropertyValueSpecification","valueRequired":true,"valueName":"search_term_string"}}],"inLanguage":"es"},{"@type":"Person","@id":"https:\/\/www.asajacyl.com\/palencia\/#\/schema\/person\/3ab17aeb03527485c317557fae64aab1","name":"Administrador","image":{"@type":"ImageObject","inLanguage":"es","@id":"https:\/\/www.asajacyl.com\/palencia\/#\/schema\/person\/image\/","url":"https:\/\/secure.gravatar.com\/avatar\/517384810d242ca9e38c180f3c9fb973?s=96&d=mm&r=g","contentUrl":"https:\/\/secure.gravatar.com\/avatar\/517384810d242ca9e38c180f3c9fb973?s=96&d=mm&r=g","caption":"Administrador"},"url":"https:\/\/www.asajacyl.com\/palencia\/author\/carlosrm"}]}},"_links":{"self":[{"href":"https:\/\/www.asajacyl.com\/palencia\/wp-json\/wp\/v2\/posts\/9715"}],"collection":[{"href":"https:\/\/www.asajacyl.com\/palencia\/wp-json\/wp\/v2\/posts"}],"about":[{"href":"https:\/\/www.asajacyl.com\/palencia\/wp-json\/wp\/v2\/types\/post"}],"author":[{"embeddable":true,"href":"https:\/\/www.asajacyl.com\/palencia\/wp-json\/wp\/v2\/users\/9"}],"replies":[{"embeddable":true,"href":"https:\/\/www.asajacyl.com\/palencia\/wp-json\/wp\/v2\/comments?post=9715"}],"version-history":[{"count":1,"href":"https:\/\/www.asajacyl.com\/palencia\/wp-json\/wp\/v2\/posts\/9715\/revisions"}],"predecessor-version":[{"id":9717,"href":"https:\/\/www.asajacyl.com\/palencia\/wp-json\/wp\/v2\/posts\/9715\/revisions\/9717"}],"wp:featuredmedia":[{"embeddable":true,"href":"https:\/\/www.asajacyl.com\/palencia\/wp-json\/wp\/v2\/media\/9716"}],"wp:attachment":[{"href":"https:\/\/www.asajacyl.com\/palencia\/wp-json\/wp\/v2\/media?parent=9715"}],"wp:term":[{"taxonomy":"category","embeddable":true,"href":"https:\/\/www.asajacyl.com\/palencia\/wp-json\/wp\/v2\/categories?post=9715"},{"taxonomy":"post_tag","embeddable":true,"href":"https:\/\/www.asajacyl.com\/palencia\/wp-json\/wp\/v2\/tags?post=9715"}],"curies":[{"name":"wp","href":"https:\/\/api.w.org\/{rel}","templated":true}]}}