{"id":9729,"date":"2022-01-21T07:26:47","date_gmt":"2022-01-21T06:26:47","guid":{"rendered":"https:\/\/www.asajacyl.com\/palencia\/?p=9729"},"modified":"2022-01-21T07:27:14","modified_gmt":"2022-01-21T06:27:14","slug":"asaja-palencia-celebro-una-jornada-sobre-agricultura-avanzada","status":"publish","type":"post","link":"https:\/\/www.asajacyl.com\/palencia\/asaja-palencia-informa\/asaja-palencia-celebro-una-jornada-sobre-agricultura-avanzada","title":{"rendered":"ASAJA-Palencia celebr\u00f3 una jornada sobre agricultura avanzada"},"content":{"rendered":"\n<p>ASAJA ha celebrado una jornada sobre agricultura avanzada en el auditorio del Centro Cultural Provincial. La jornada ha tenido gran afluencia de p\u00fablico y ha resultado de gran inter\u00e9s para los presentes.<\/p>\n\n\n\n<p>El evento fue presentado por el periodista Jaime S\u00e1nchez, conocido en las redes con el seud\u00f3nimo de \u00abAgroperiodista\u00bb, adem\u00e1s de la presentaci\u00f3n moder\u00f3 una mesa de debate final entre todos los participantes.<\/p>\n\n\n\n<p>La primera ponencia corri\u00f3 a cargo de Pedro Palaz\u00f3n, de IDEAGRO, el cual, tras recordar que en 2050 se estima que con una hect\u00e1rea habr\u00e1 que alimentar a ocho personas, explic\u00f3 el beneficio que pueden generar los microorganismos existentes en el suelo y que hasta ahora han sido obviados.<\/p>\n\n\n\n<p>El testigo pas\u00f3 a Eusebio Miguel, agricultor palentino, precursor de la terna que puede cambiar la agricultura en los pr\u00f3ximos a\u00f1os: agricultura de conservaci\u00f3n, agricultura de precisi\u00f3n y nuevas tecnolog\u00edas, cont\u00f3 sus \u00faltimas experiencias y c\u00f3mo se pod\u00eda ahorrar el 30% de los gastos sin reducir la producci\u00f3n.<\/p>\n\n\n\n<p>A continuaci\u00f3n, Miguel C\u00f3rdoba, de Greenfield Technologies, explic\u00f3 las diferentes posibilidades que tiene su empresa, donde pueden realizar distintos mapas de las caracter\u00edsticas del suelo o hacer recomendaciones mediante la detecci\u00f3n por sat\u00e9lite, entre otras m\u00faltiples posibilidades.<\/p>\n\n\n\n<p>Elena Fern\u00e1ndez, de ISAGRI, mostr\u00f3 a continuaci\u00f3n las opciones que ofrece su programa Geofolia donde se puede llevar el c\u00e1lculo de costes al l\u00edmite.<\/p>\n\n\n\n<p>El cierre de la jornada corri\u00f3 a cargo de Inmaculada Est\u00e9banez, responsable de los Servicios T\u00e9cnicos de ASAJA-Palencia, la cual detall\u00f3 las posibilidades de la l\u00ednea prevista para digitalizaci\u00f3n en la convocatoria que ha realizado la Consejer\u00eda de Agricultura, Ganader\u00eda y Desarrollo Rural a finales de 2021.<\/p>\n\n\n\n<figure class=\"wp-block-image size-large\"><img loading=\"lazy\" decoding=\"async\" width=\"1024\" height=\"768\" src=\"https:\/\/www.asajacyl.com\/palencia\/wp-content\/uploads\/sites\/3\/2022\/01\/IMG_6704-1024x768.jpg\" alt=\"\" class=\"wp-image-9730\" srcset=\"https:\/\/www.asajacyl.com\/palencia\/wp-content\/uploads\/sites\/3\/2022\/01\/IMG_6704-1024x768.jpg 1024w, https:\/\/www.asajacyl.com\/palencia\/wp-content\/uploads\/sites\/3\/2022\/01\/IMG_6704-300x225.jpg 300w, https:\/\/www.asajacyl.com\/palencia\/wp-content\/uploads\/sites\/3\/2022\/01\/IMG_6704-768x576.jpg 768w, https:\/\/www.asajacyl.com\/palencia\/wp-content\/uploads\/sites\/3\/2022\/01\/IMG_6704-1536x1152.jpg 1536w, https:\/\/www.asajacyl.com\/palencia\/wp-content\/uploads\/sites\/3\/2022\/01\/IMG_6704-696x522.jpg 696w, https:\/\/www.asajacyl.com\/palencia\/wp-content\/uploads\/sites\/3\/2022\/01\/IMG_6704-1068x801.jpg 1068w, https:\/\/www.asajacyl.com\/palencia\/wp-content\/uploads\/sites\/3\/2022\/01\/IMG_6704-1920x1440.jpg 1920w, https:\/\/www.asajacyl.com\/palencia\/wp-content\/uploads\/sites\/3\/2022\/01\/IMG_6704-560x420.jpg 560w, https:\/\/www.asajacyl.com\/palencia\/wp-content\/uploads\/sites\/3\/2022\/01\/IMG_6704-80x60.jpg 80w, https:\/\/www.asajacyl.com\/palencia\/wp-content\/uploads\/sites\/3\/2022\/01\/IMG_6704.jpg 2016w\" sizes=\"(max-width: 1024px) 100vw, 1024px\" \/><\/figure>\n","protected":false},"excerpt":{"rendered":"<p>ASAJA ha celebrado una jornada sobre agricultura avanzada en el auditorio del Centro Cultural Provincial. La jornada ha tenido gran afluencia de p\u00fablico y ha resultado de gran inter\u00e9s para los presentes. El evento fue presentado por el periodista Jaime S\u00e1nchez, conocido en las redes con el seud\u00f3nimo de \u00abAgroperiodista\u00bb, adem\u00e1s de la presentaci\u00f3n moder\u00f3 [&hellip;]<\/p>\n","protected":false},"author":9,"featured_media":9730,"comment_status":"open","ping_status":"open","sticky":false,"template":"","format":"standard","meta":{"footnotes":""},"categories":[9,29,28],"tags":[],"yoast_head":"<!-- This site is optimized with the Yoast SEO plugin v24.5 - https:\/\/yoast.com\/wordpress\/plugins\/seo\/ -->\n<title>ASAJA-Palencia celebr\u00f3 una jornada sobre agricultura avanzada - ASAJA Palencia<\/title>\n<meta name=\"description\" content=\"ASAJA ha celebrado una jornada sobre agricultura avanzada en el auditorio del Centro Cultural Provincial. La jornada ha tenido gran afluencia de p\u00fablico y\" \/>\n<meta name=\"robots\" content=\"index, follow, max-snippet:-1, max-image-preview:large, max-video-preview:-1\" \/>\n<link rel=\"canonical\" href=\"https:\/\/www.asajacyl.com\/palencia\/asaja-palencia-informa\/asaja-palencia-celebro-una-jornada-sobre-agricultura-avanzada\" \/>\n<meta property=\"og:locale\" content=\"es_ES\" \/>\n<meta property=\"og:type\" content=\"article\" \/>\n<meta property=\"og:title\" content=\"ASAJA-Palencia celebr\u00f3 una jornada sobre agricultura avanzada - ASAJA Palencia\" \/>\n<meta property=\"og:description\" content=\"ASAJA ha celebrado una jornada sobre agricultura avanzada en el auditorio del Centro Cultural Provincial. La jornada ha tenido gran afluencia de p\u00fablico y\" \/>\n<meta property=\"og:url\" content=\"https:\/\/www.asajacyl.com\/palencia\/asaja-palencia-informa\/asaja-palencia-celebro-una-jornada-sobre-agricultura-avanzada\" \/>\n<meta property=\"og:site_name\" content=\"ASAJA Palencia\" \/>\n<meta property=\"article:published_time\" content=\"2022-01-21T06:26:47+00:00\" \/>\n<meta property=\"article:modified_time\" content=\"2022-01-21T06:27:14+00:00\" \/>\n<meta property=\"og:image\" content=\"https:\/\/www.asajacyl.com\/palencia\/wp-content\/uploads\/sites\/3\/2022\/01\/IMG_6704.jpg\" \/>\n\t<meta property=\"og:image:width\" content=\"2016\" \/>\n\t<meta property=\"og:image:height\" content=\"1512\" \/>\n\t<meta property=\"og:image:type\" content=\"image\/jpeg\" \/>\n<meta name=\"author\" content=\"Administrador\" \/>\n<meta name=\"twitter:card\" content=\"summary_large_image\" \/>\n<meta name=\"twitter:label1\" content=\"Escrito por\" \/>\n\t<meta name=\"twitter:data1\" content=\"Administrador\" \/>\n\t<meta name=\"twitter:label2\" content=\"Tiempo de lectura\" \/>\n\t<meta name=\"twitter:data2\" content=\"2 minutos\" \/>\n<script type=\"application\/ld+json\" class=\"yoast-schema-graph\">{\"@context\":\"https:\/\/schema.org\",\"@graph\":[{\"@type\":\"WebPage\",\"@id\":\"https:\/\/www.asajacyl.com\/palencia\/asaja-palencia-informa\/asaja-palencia-celebro-una-jornada-sobre-agricultura-avanzada\",\"url\":\"https:\/\/www.asajacyl.com\/palencia\/asaja-palencia-informa\/asaja-palencia-celebro-una-jornada-sobre-agricultura-avanzada\",\"name\":\"ASAJA-Palencia celebr\u00f3 una jornada sobre agricultura avanzada - ASAJA Palencia\",\"isPartOf\":{\"@id\":\"https:\/\/www.asajacyl.com\/palencia\/#website\"},\"primaryImageOfPage\":{\"@id\":\"https:\/\/www.asajacyl.com\/palencia\/asaja-palencia-informa\/asaja-palencia-celebro-una-jornada-sobre-agricultura-avanzada#primaryimage\"},\"image\":{\"@id\":\"https:\/\/www.asajacyl.com\/palencia\/asaja-palencia-informa\/asaja-palencia-celebro-una-jornada-sobre-agricultura-avanzada#primaryimage\"},\"thumbnailUrl\":\"https:\/\/www.asajacyl.com\/palencia\/wp-content\/uploads\/sites\/3\/2022\/01\/IMG_6704.jpg\",\"datePublished\":\"2022-01-21T06:26:47+00:00\",\"dateModified\":\"2022-01-21T06:27:14+00:00\",\"author\":{\"@id\":\"https:\/\/www.asajacyl.com\/palencia\/#\/schema\/person\/3ab17aeb03527485c317557fae64aab1\"},\"description\":\"ASAJA ha celebrado una jornada sobre agricultura avanzada en el auditorio del Centro Cultural Provincial. La jornada ha tenido gran afluencia de p\u00fablico y\",\"breadcrumb\":{\"@id\":\"https:\/\/www.asajacyl.com\/palencia\/asaja-palencia-informa\/asaja-palencia-celebro-una-jornada-sobre-agricultura-avanzada#breadcrumb\"},\"inLanguage\":\"es\",\"potentialAction\":[{\"@type\":\"ReadAction\",\"target\":[\"https:\/\/www.asajacyl.com\/palencia\/asaja-palencia-informa\/asaja-palencia-celebro-una-jornada-sobre-agricultura-avanzada\"]}]},{\"@type\":\"ImageObject\",\"inLanguage\":\"es\",\"@id\":\"https:\/\/www.asajacyl.com\/palencia\/asaja-palencia-informa\/asaja-palencia-celebro-una-jornada-sobre-agricultura-avanzada#primaryimage\",\"url\":\"https:\/\/www.asajacyl.com\/palencia\/wp-content\/uploads\/sites\/3\/2022\/01\/IMG_6704.jpg\",\"contentUrl\":\"https:\/\/www.asajacyl.com\/palencia\/wp-content\/uploads\/sites\/3\/2022\/01\/IMG_6704.jpg\",\"width\":2016,\"height\":1512},{\"@type\":\"BreadcrumbList\",\"@id\":\"https:\/\/www.asajacyl.com\/palencia\/asaja-palencia-informa\/asaja-palencia-celebro-una-jornada-sobre-agricultura-avanzada#breadcrumb\",\"itemListElement\":[{\"@type\":\"ListItem\",\"position\":1,\"name\":\"Portada\",\"item\":\"https:\/\/www.asajacyl.com\/palencia\/\"},{\"@type\":\"ListItem\",\"position\":2,\"name\":\"ASAJA-Palencia celebr\u00f3 una jornada sobre agricultura avanzada\"}]},{\"@type\":\"WebSite\",\"@id\":\"https:\/\/www.asajacyl.com\/palencia\/#website\",\"url\":\"https:\/\/www.asajacyl.com\/palencia\/\",\"name\":\"ASAJA Palencia\",\"description\":\"Otro sitio m\u00e1s de Provincias ASAJA Castilla y Le\u00f3n\",\"potentialAction\":[{\"@type\":\"SearchAction\",\"target\":{\"@type\":\"EntryPoint\",\"urlTemplate\":\"https:\/\/www.asajacyl.com\/palencia\/?s={search_term_string}\"},\"query-input\":{\"@type\":\"PropertyValueSpecification\",\"valueRequired\":true,\"valueName\":\"search_term_string\"}}],\"inLanguage\":\"es\"},{\"@type\":\"Person\",\"@id\":\"https:\/\/www.asajacyl.com\/palencia\/#\/schema\/person\/3ab17aeb03527485c317557fae64aab1\",\"name\":\"Administrador\",\"image\":{\"@type\":\"ImageObject\",\"inLanguage\":\"es\",\"@id\":\"https:\/\/www.asajacyl.com\/palencia\/#\/schema\/person\/image\/\",\"url\":\"https:\/\/secure.gravatar.com\/avatar\/517384810d242ca9e38c180f3c9fb973?s=96&d=mm&r=g\",\"contentUrl\":\"https:\/\/secure.gravatar.com\/avatar\/517384810d242ca9e38c180f3c9fb973?s=96&d=mm&r=g\",\"caption\":\"Administrador\"},\"url\":\"https:\/\/www.asajacyl.com\/palencia\/author\/carlosrm\"}]}<\/script>\n<!-- \/ Yoast SEO plugin. -->","yoast_head_json":{"title":"ASAJA-Palencia celebr\u00f3 una jornada sobre agricultura avanzada - ASAJA Palencia","description":"ASAJA ha celebrado una jornada sobre agricultura avanzada en el auditorio del Centro Cultural Provincial. La jornada ha tenido gran afluencia de p\u00fablico y","robots":{"index":"index","follow":"follow","max-snippet":"max-snippet:-1","max-image-preview":"max-image-preview:large","max-video-preview":"max-video-preview:-1"},"canonical":"https:\/\/www.asajacyl.com\/palencia\/asaja-palencia-informa\/asaja-palencia-celebro-una-jornada-sobre-agricultura-avanzada","og_locale":"es_ES","og_type":"article","og_title":"ASAJA-Palencia celebr\u00f3 una jornada sobre agricultura avanzada - ASAJA Palencia","og_description":"ASAJA ha celebrado una jornada sobre agricultura avanzada en el auditorio del Centro Cultural Provincial. La jornada ha tenido gran afluencia de p\u00fablico y","og_url":"https:\/\/www.asajacyl.com\/palencia\/asaja-palencia-informa\/asaja-palencia-celebro-una-jornada-sobre-agricultura-avanzada","og_site_name":"ASAJA Palencia","article_published_time":"2022-01-21T06:26:47+00:00","article_modified_time":"2022-01-21T06:27:14+00:00","og_image":[{"width":2016,"height":1512,"url":"https:\/\/www.asajacyl.com\/palencia\/wp-content\/uploads\/sites\/3\/2022\/01\/IMG_6704.jpg","type":"image\/jpeg"}],"author":"Administrador","twitter_card":"summary_large_image","twitter_misc":{"Escrito por":"Administrador","Tiempo de lectura":"2 minutos"},"schema":{"@context":"https:\/\/schema.org","@graph":[{"@type":"WebPage","@id":"https:\/\/www.asajacyl.com\/palencia\/asaja-palencia-informa\/asaja-palencia-celebro-una-jornada-sobre-agricultura-avanzada","url":"https:\/\/www.asajacyl.com\/palencia\/asaja-palencia-informa\/asaja-palencia-celebro-una-jornada-sobre-agricultura-avanzada","name":"ASAJA-Palencia celebr\u00f3 una jornada sobre agricultura avanzada - ASAJA Palencia","isPartOf":{"@id":"https:\/\/www.asajacyl.com\/palencia\/#website"},"primaryImageOfPage":{"@id":"https:\/\/www.asajacyl.com\/palencia\/asaja-palencia-informa\/asaja-palencia-celebro-una-jornada-sobre-agricultura-avanzada#primaryimage"},"image":{"@id":"https:\/\/www.asajacyl.com\/palencia\/asaja-palencia-informa\/asaja-palencia-celebro-una-jornada-sobre-agricultura-avanzada#primaryimage"},"thumbnailUrl":"https:\/\/www.asajacyl.com\/palencia\/wp-content\/uploads\/sites\/3\/2022\/01\/IMG_6704.jpg","datePublished":"2022-01-21T06:26:47+00:00","dateModified":"2022-01-21T06:27:14+00:00","author":{"@id":"https:\/\/www.asajacyl.com\/palencia\/#\/schema\/person\/3ab17aeb03527485c317557fae64aab1"},"description":"ASAJA ha celebrado una jornada sobre agricultura avanzada en el auditorio del Centro Cultural Provincial. La jornada ha tenido gran afluencia de p\u00fablico y","breadcrumb":{"@id":"https:\/\/www.asajacyl.com\/palencia\/asaja-palencia-informa\/asaja-palencia-celebro-una-jornada-sobre-agricultura-avanzada#breadcrumb"},"inLanguage":"es","potentialAction":[{"@type":"ReadAction","target":["https:\/\/www.asajacyl.com\/palencia\/asaja-palencia-informa\/asaja-palencia-celebro-una-jornada-sobre-agricultura-avanzada"]}]},{"@type":"ImageObject","inLanguage":"es","@id":"https:\/\/www.asajacyl.com\/palencia\/asaja-palencia-informa\/asaja-palencia-celebro-una-jornada-sobre-agricultura-avanzada#primaryimage","url":"https:\/\/www.asajacyl.com\/palencia\/wp-content\/uploads\/sites\/3\/2022\/01\/IMG_6704.jpg","contentUrl":"https:\/\/www.asajacyl.com\/palencia\/wp-content\/uploads\/sites\/3\/2022\/01\/IMG_6704.jpg","width":2016,"height":1512},{"@type":"BreadcrumbList","@id":"https:\/\/www.asajacyl.com\/palencia\/asaja-palencia-informa\/asaja-palencia-celebro-una-jornada-sobre-agricultura-avanzada#breadcrumb","itemListElement":[{"@type":"ListItem","position":1,"name":"Portada","item":"https:\/\/www.asajacyl.com\/palencia\/"},{"@type":"ListItem","position":2,"name":"ASAJA-Palencia celebr\u00f3 una jornada sobre agricultura avanzada"}]},{"@type":"WebSite","@id":"https:\/\/www.asajacyl.com\/palencia\/#website","url":"https:\/\/www.asajacyl.com\/palencia\/","name":"ASAJA Palencia","description":"Otro sitio m\u00e1s de Provincias ASAJA Castilla y Le\u00f3n","potentialAction":[{"@type":"SearchAction","target":{"@type":"EntryPoint","urlTemplate":"https:\/\/www.asajacyl.com\/palencia\/?s={search_term_string}"},"query-input":{"@type":"PropertyValueSpecification","valueRequired":true,"valueName":"search_term_string"}}],"inLanguage":"es"},{"@type":"Person","@id":"https:\/\/www.asajacyl.com\/palencia\/#\/schema\/person\/3ab17aeb03527485c317557fae64aab1","name":"Administrador","image":{"@type":"ImageObject","inLanguage":"es","@id":"https:\/\/www.asajacyl.com\/palencia\/#\/schema\/person\/image\/","url":"https:\/\/secure.gravatar.com\/avatar\/517384810d242ca9e38c180f3c9fb973?s=96&d=mm&r=g","contentUrl":"https:\/\/secure.gravatar.com\/avatar\/517384810d242ca9e38c180f3c9fb973?s=96&d=mm&r=g","caption":"Administrador"},"url":"https:\/\/www.asajacyl.com\/palencia\/author\/carlosrm"}]}},"_links":{"self":[{"href":"https:\/\/www.asajacyl.com\/palencia\/wp-json\/wp\/v2\/posts\/9729"}],"collection":[{"href":"https:\/\/www.asajacyl.com\/palencia\/wp-json\/wp\/v2\/posts"}],"about":[{"href":"https:\/\/www.asajacyl.com\/palencia\/wp-json\/wp\/v2\/types\/post"}],"author":[{"embeddable":true,"href":"https:\/\/www.asajacyl.com\/palencia\/wp-json\/wp\/v2\/users\/9"}],"replies":[{"embeddable":true,"href":"https:\/\/www.asajacyl.com\/palencia\/wp-json\/wp\/v2\/comments?post=9729"}],"version-history":[{"count":2,"href":"https:\/\/www.asajacyl.com\/palencia\/wp-json\/wp\/v2\/posts\/9729\/revisions"}],"predecessor-version":[{"id":9732,"href":"https:\/\/www.asajacyl.com\/palencia\/wp-json\/wp\/v2\/posts\/9729\/revisions\/9732"}],"wp:featuredmedia":[{"embeddable":true,"href":"https:\/\/www.asajacyl.com\/palencia\/wp-json\/wp\/v2\/media\/9730"}],"wp:attachment":[{"href":"https:\/\/www.asajacyl.com\/palencia\/wp-json\/wp\/v2\/media?parent=9729"}],"wp:term":[{"taxonomy":"category","embeddable":true,"href":"https:\/\/www.asajacyl.com\/palencia\/wp-json\/wp\/v2\/categories?post=9729"},{"taxonomy":"post_tag","embeddable":true,"href":"https:\/\/www.asajacyl.com\/palencia\/wp-json\/wp\/v2\/tags?post=9729"}],"curies":[{"name":"wp","href":"https:\/\/api.w.org\/{rel}","templated":true}]}}