{"id":9738,"date":"2022-01-22T13:44:00","date_gmt":"2022-01-22T12:44:00","guid":{"rendered":"https:\/\/www.asajacyl.com\/palencia\/?p=9738"},"modified":"2022-01-21T13:58:12","modified_gmt":"2022-01-21T12:58:12","slug":"asaja-palencia-inicia-su-ronda-de-asambleas-comarcales","status":"publish","type":"post","link":"https:\/\/www.asajacyl.com\/palencia\/asaja-palencia-informa\/asaja-palencia-inicia-su-ronda-de-asambleas-comarcales","title":{"rendered":"ASAJA-Palencia inicia su ronda de Asambleas Comarcales"},"content":{"rendered":"\n<p>El pr\u00f3ximo lunes d\u00eda 21 de enero comienzan las Asambleas Comarcales que ASAJA realizar por todas las comarcas de la provincia de Palencia. En estas asambleas se acerca a los socios aquellos temas que m\u00e1s les pueden interesar en su zona y, adem\u00e1s, este a\u00f1o se centrar\u00e1n en lo que se conoce hasta hoy de la futura PAC 2023-2030 que afectara directamente a todo el sector.<\/p>\n\n\n\n<p>Las localidades donde se celebrar\u00e1n estas Asambleas Comarcales son los siguientes:<\/p>\n\n\n\n<ul><li>Lunes, 24 de enero: Paredes de Nava (12:00 h.) y posterior asamblea informativa en Becerril de Campos (17:00 h.)<\/li><li>Martes, 25 de enero: Salda\u00f1a (12:00 h.) y Osorno (18:00 h.)<\/li><li>Mi\u00e9rcoles, 26 de enero: Aguilar de Campoo (12:00 h.) y Herrera de Pisuerga (17:00 h.)<\/li><li>Viernes, 28 de enero: Fuentes de Nava (12:00 h.) y Palencia (16:30 h. para la comarca de Ampudia y 18:30 h. para la comarca de Due\u00f1as)<\/li><li>Lunes, 31 de enero: Villada (12:00 h.) y Carri\u00f3n de los Condes (17:30 h.)<\/li><li>Jueves, 3 de febrero: Cervera de Pisuerga (12:00 h.) y Buenavista de Valdavia (17:00 h.)<\/li><li>Viernes, 4 de febrero: Astudillo (12:00 h.), Baltan\u00e1s (17:00 h.) y Torquemada (19:30 h.)<\/li><\/ul>\n\n\n\n<p><\/p>\n","protected":false},"excerpt":{"rendered":"<p>El pr\u00f3ximo lunes d\u00eda 21 de enero comienzan las Asambleas Comarcales que ASAJA realizar por todas las comarcas de la provincia de Palencia. En estas asambleas se acerca a los socios aquellos temas que m\u00e1s les pueden interesar en su zona y, adem\u00e1s, este a\u00f1o se centrar\u00e1n en lo que se conoce hasta hoy de [&hellip;]<\/p>\n","protected":false},"author":9,"featured_media":1675,"comment_status":"open","ping_status":"open","sticky":false,"template":"","format":"standard","meta":{"footnotes":""},"categories":[9,29,28],"tags":[],"yoast_head":"<!-- This site is optimized with the Yoast SEO plugin v24.5 - https:\/\/yoast.com\/wordpress\/plugins\/seo\/ -->\n<title>ASAJA-Palencia inicia su ronda de Asambleas Comarcales - ASAJA Palencia<\/title>\n<meta name=\"description\" content=\"El pr\u00f3ximo lunes d\u00eda 21 de enero comienzan las Asambleas Comarcales que ASAJA realizar por todas las comarcas de la provincia de Palencia. En estas\" \/>\n<meta name=\"robots\" content=\"index, follow, max-snippet:-1, max-image-preview:large, max-video-preview:-1\" \/>\n<link rel=\"canonical\" href=\"https:\/\/www.asajacyl.com\/palencia\/asaja-palencia-informa\/asaja-palencia-inicia-su-ronda-de-asambleas-comarcales\" \/>\n<meta property=\"og:locale\" content=\"es_ES\" \/>\n<meta property=\"og:type\" content=\"article\" \/>\n<meta property=\"og:title\" content=\"ASAJA-Palencia inicia su ronda de Asambleas Comarcales - ASAJA Palencia\" \/>\n<meta property=\"og:description\" content=\"El pr\u00f3ximo lunes d\u00eda 21 de enero comienzan las Asambleas Comarcales que ASAJA realizar por todas las comarcas de la provincia de Palencia. En estas\" \/>\n<meta property=\"og:url\" content=\"https:\/\/www.asajacyl.com\/palencia\/asaja-palencia-informa\/asaja-palencia-inicia-su-ronda-de-asambleas-comarcales\" \/>\n<meta property=\"og:site_name\" content=\"ASAJA Palencia\" \/>\n<meta property=\"article:published_time\" content=\"2022-01-22T12:44:00+00:00\" \/>\n<meta property=\"og:image\" content=\"https:\/\/www.asajacyl.com\/palencia\/wp-content\/uploads\/sites\/3\/2017\/11\/asamblea_paredes-1024x768.jpg\" \/>\n\t<meta property=\"og:image:width\" content=\"1024\" \/>\n\t<meta property=\"og:image:height\" content=\"768\" \/>\n\t<meta property=\"og:image:type\" content=\"image\/jpeg\" \/>\n<meta name=\"author\" content=\"Administrador\" \/>\n<meta name=\"twitter:card\" content=\"summary_large_image\" \/>\n<meta name=\"twitter:label1\" content=\"Escrito por\" \/>\n\t<meta name=\"twitter:data1\" content=\"Administrador\" \/>\n\t<meta name=\"twitter:label2\" content=\"Tiempo de lectura\" \/>\n\t<meta name=\"twitter:data2\" content=\"1 minuto\" \/>\n<script type=\"application\/ld+json\" class=\"yoast-schema-graph\">{\"@context\":\"https:\/\/schema.org\",\"@graph\":[{\"@type\":\"WebPage\",\"@id\":\"https:\/\/www.asajacyl.com\/palencia\/asaja-palencia-informa\/asaja-palencia-inicia-su-ronda-de-asambleas-comarcales\",\"url\":\"https:\/\/www.asajacyl.com\/palencia\/asaja-palencia-informa\/asaja-palencia-inicia-su-ronda-de-asambleas-comarcales\",\"name\":\"ASAJA-Palencia inicia su ronda de Asambleas Comarcales - ASAJA Palencia\",\"isPartOf\":{\"@id\":\"https:\/\/www.asajacyl.com\/palencia\/#website\"},\"primaryImageOfPage\":{\"@id\":\"https:\/\/www.asajacyl.com\/palencia\/asaja-palencia-informa\/asaja-palencia-inicia-su-ronda-de-asambleas-comarcales#primaryimage\"},\"image\":{\"@id\":\"https:\/\/www.asajacyl.com\/palencia\/asaja-palencia-informa\/asaja-palencia-inicia-su-ronda-de-asambleas-comarcales#primaryimage\"},\"thumbnailUrl\":\"https:\/\/www.asajacyl.com\/palencia\/wp-content\/uploads\/sites\/3\/2017\/11\/asamblea_paredes.jpg\",\"datePublished\":\"2022-01-22T12:44:00+00:00\",\"author\":{\"@id\":\"https:\/\/www.asajacyl.com\/palencia\/#\/schema\/person\/3ab17aeb03527485c317557fae64aab1\"},\"description\":\"El pr\u00f3ximo lunes d\u00eda 21 de enero comienzan las Asambleas Comarcales que ASAJA realizar por todas las comarcas de la provincia de Palencia. En estas\",\"breadcrumb\":{\"@id\":\"https:\/\/www.asajacyl.com\/palencia\/asaja-palencia-informa\/asaja-palencia-inicia-su-ronda-de-asambleas-comarcales#breadcrumb\"},\"inLanguage\":\"es\",\"potentialAction\":[{\"@type\":\"ReadAction\",\"target\":[\"https:\/\/www.asajacyl.com\/palencia\/asaja-palencia-informa\/asaja-palencia-inicia-su-ronda-de-asambleas-comarcales\"]}]},{\"@type\":\"ImageObject\",\"inLanguage\":\"es\",\"@id\":\"https:\/\/www.asajacyl.com\/palencia\/asaja-palencia-informa\/asaja-palencia-inicia-su-ronda-de-asambleas-comarcales#primaryimage\",\"url\":\"https:\/\/www.asajacyl.com\/palencia\/wp-content\/uploads\/sites\/3\/2017\/11\/asamblea_paredes.jpg\",\"contentUrl\":\"https:\/\/www.asajacyl.com\/palencia\/wp-content\/uploads\/sites\/3\/2017\/11\/asamblea_paredes.jpg\",\"width\":3072,\"height\":2304},{\"@type\":\"BreadcrumbList\",\"@id\":\"https:\/\/www.asajacyl.com\/palencia\/asaja-palencia-informa\/asaja-palencia-inicia-su-ronda-de-asambleas-comarcales#breadcrumb\",\"itemListElement\":[{\"@type\":\"ListItem\",\"position\":1,\"name\":\"Portada\",\"item\":\"https:\/\/www.asajacyl.com\/palencia\/\"},{\"@type\":\"ListItem\",\"position\":2,\"name\":\"ASAJA-Palencia inicia su ronda de Asambleas Comarcales\"}]},{\"@type\":\"WebSite\",\"@id\":\"https:\/\/www.asajacyl.com\/palencia\/#website\",\"url\":\"https:\/\/www.asajacyl.com\/palencia\/\",\"name\":\"ASAJA Palencia\",\"description\":\"Otro sitio m\u00e1s de Provincias ASAJA Castilla y Le\u00f3n\",\"potentialAction\":[{\"@type\":\"SearchAction\",\"target\":{\"@type\":\"EntryPoint\",\"urlTemplate\":\"https:\/\/www.asajacyl.com\/palencia\/?s={search_term_string}\"},\"query-input\":{\"@type\":\"PropertyValueSpecification\",\"valueRequired\":true,\"valueName\":\"search_term_string\"}}],\"inLanguage\":\"es\"},{\"@type\":\"Person\",\"@id\":\"https:\/\/www.asajacyl.com\/palencia\/#\/schema\/person\/3ab17aeb03527485c317557fae64aab1\",\"name\":\"Administrador\",\"image\":{\"@type\":\"ImageObject\",\"inLanguage\":\"es\",\"@id\":\"https:\/\/www.asajacyl.com\/palencia\/#\/schema\/person\/image\/\",\"url\":\"https:\/\/secure.gravatar.com\/avatar\/517384810d242ca9e38c180f3c9fb973?s=96&d=mm&r=g\",\"contentUrl\":\"https:\/\/secure.gravatar.com\/avatar\/517384810d242ca9e38c180f3c9fb973?s=96&d=mm&r=g\",\"caption\":\"Administrador\"},\"url\":\"https:\/\/www.asajacyl.com\/palencia\/author\/carlosrm\"}]}<\/script>\n<!-- \/ Yoast SEO plugin. -->","yoast_head_json":{"title":"ASAJA-Palencia inicia su ronda de Asambleas Comarcales - ASAJA Palencia","description":"El pr\u00f3ximo lunes d\u00eda 21 de enero comienzan las Asambleas Comarcales que ASAJA realizar por todas las comarcas de la provincia de Palencia. En estas","robots":{"index":"index","follow":"follow","max-snippet":"max-snippet:-1","max-image-preview":"max-image-preview:large","max-video-preview":"max-video-preview:-1"},"canonical":"https:\/\/www.asajacyl.com\/palencia\/asaja-palencia-informa\/asaja-palencia-inicia-su-ronda-de-asambleas-comarcales","og_locale":"es_ES","og_type":"article","og_title":"ASAJA-Palencia inicia su ronda de Asambleas Comarcales - ASAJA Palencia","og_description":"El pr\u00f3ximo lunes d\u00eda 21 de enero comienzan las Asambleas Comarcales que ASAJA realizar por todas las comarcas de la provincia de Palencia. En estas","og_url":"https:\/\/www.asajacyl.com\/palencia\/asaja-palencia-informa\/asaja-palencia-inicia-su-ronda-de-asambleas-comarcales","og_site_name":"ASAJA Palencia","article_published_time":"2022-01-22T12:44:00+00:00","og_image":[{"width":1024,"height":768,"url":"https:\/\/www.asajacyl.com\/palencia\/wp-content\/uploads\/sites\/3\/2017\/11\/asamblea_paredes-1024x768.jpg","type":"image\/jpeg"}],"author":"Administrador","twitter_card":"summary_large_image","twitter_misc":{"Escrito por":"Administrador","Tiempo de lectura":"1 minuto"},"schema":{"@context":"https:\/\/schema.org","@graph":[{"@type":"WebPage","@id":"https:\/\/www.asajacyl.com\/palencia\/asaja-palencia-informa\/asaja-palencia-inicia-su-ronda-de-asambleas-comarcales","url":"https:\/\/www.asajacyl.com\/palencia\/asaja-palencia-informa\/asaja-palencia-inicia-su-ronda-de-asambleas-comarcales","name":"ASAJA-Palencia inicia su ronda de Asambleas Comarcales - ASAJA Palencia","isPartOf":{"@id":"https:\/\/www.asajacyl.com\/palencia\/#website"},"primaryImageOfPage":{"@id":"https:\/\/www.asajacyl.com\/palencia\/asaja-palencia-informa\/asaja-palencia-inicia-su-ronda-de-asambleas-comarcales#primaryimage"},"image":{"@id":"https:\/\/www.asajacyl.com\/palencia\/asaja-palencia-informa\/asaja-palencia-inicia-su-ronda-de-asambleas-comarcales#primaryimage"},"thumbnailUrl":"https:\/\/www.asajacyl.com\/palencia\/wp-content\/uploads\/sites\/3\/2017\/11\/asamblea_paredes.jpg","datePublished":"2022-01-22T12:44:00+00:00","author":{"@id":"https:\/\/www.asajacyl.com\/palencia\/#\/schema\/person\/3ab17aeb03527485c317557fae64aab1"},"description":"El pr\u00f3ximo lunes d\u00eda 21 de enero comienzan las Asambleas Comarcales que ASAJA realizar por todas las comarcas de la provincia de Palencia. En estas","breadcrumb":{"@id":"https:\/\/www.asajacyl.com\/palencia\/asaja-palencia-informa\/asaja-palencia-inicia-su-ronda-de-asambleas-comarcales#breadcrumb"},"inLanguage":"es","potentialAction":[{"@type":"ReadAction","target":["https:\/\/www.asajacyl.com\/palencia\/asaja-palencia-informa\/asaja-palencia-inicia-su-ronda-de-asambleas-comarcales"]}]},{"@type":"ImageObject","inLanguage":"es","@id":"https:\/\/www.asajacyl.com\/palencia\/asaja-palencia-informa\/asaja-palencia-inicia-su-ronda-de-asambleas-comarcales#primaryimage","url":"https:\/\/www.asajacyl.com\/palencia\/wp-content\/uploads\/sites\/3\/2017\/11\/asamblea_paredes.jpg","contentUrl":"https:\/\/www.asajacyl.com\/palencia\/wp-content\/uploads\/sites\/3\/2017\/11\/asamblea_paredes.jpg","width":3072,"height":2304},{"@type":"BreadcrumbList","@id":"https:\/\/www.asajacyl.com\/palencia\/asaja-palencia-informa\/asaja-palencia-inicia-su-ronda-de-asambleas-comarcales#breadcrumb","itemListElement":[{"@type":"ListItem","position":1,"name":"Portada","item":"https:\/\/www.asajacyl.com\/palencia\/"},{"@type":"ListItem","position":2,"name":"ASAJA-Palencia inicia su ronda de Asambleas Comarcales"}]},{"@type":"WebSite","@id":"https:\/\/www.asajacyl.com\/palencia\/#website","url":"https:\/\/www.asajacyl.com\/palencia\/","name":"ASAJA Palencia","description":"Otro sitio m\u00e1s de Provincias ASAJA Castilla y Le\u00f3n","potentialAction":[{"@type":"SearchAction","target":{"@type":"EntryPoint","urlTemplate":"https:\/\/www.asajacyl.com\/palencia\/?s={search_term_string}"},"query-input":{"@type":"PropertyValueSpecification","valueRequired":true,"valueName":"search_term_string"}}],"inLanguage":"es"},{"@type":"Person","@id":"https:\/\/www.asajacyl.com\/palencia\/#\/schema\/person\/3ab17aeb03527485c317557fae64aab1","name":"Administrador","image":{"@type":"ImageObject","inLanguage":"es","@id":"https:\/\/www.asajacyl.com\/palencia\/#\/schema\/person\/image\/","url":"https:\/\/secure.gravatar.com\/avatar\/517384810d242ca9e38c180f3c9fb973?s=96&d=mm&r=g","contentUrl":"https:\/\/secure.gravatar.com\/avatar\/517384810d242ca9e38c180f3c9fb973?s=96&d=mm&r=g","caption":"Administrador"},"url":"https:\/\/www.asajacyl.com\/palencia\/author\/carlosrm"}]}},"_links":{"self":[{"href":"https:\/\/www.asajacyl.com\/palencia\/wp-json\/wp\/v2\/posts\/9738"}],"collection":[{"href":"https:\/\/www.asajacyl.com\/palencia\/wp-json\/wp\/v2\/posts"}],"about":[{"href":"https:\/\/www.asajacyl.com\/palencia\/wp-json\/wp\/v2\/types\/post"}],"author":[{"embeddable":true,"href":"https:\/\/www.asajacyl.com\/palencia\/wp-json\/wp\/v2\/users\/9"}],"replies":[{"embeddable":true,"href":"https:\/\/www.asajacyl.com\/palencia\/wp-json\/wp\/v2\/comments?post=9738"}],"version-history":[{"count":1,"href":"https:\/\/www.asajacyl.com\/palencia\/wp-json\/wp\/v2\/posts\/9738\/revisions"}],"predecessor-version":[{"id":9739,"href":"https:\/\/www.asajacyl.com\/palencia\/wp-json\/wp\/v2\/posts\/9738\/revisions\/9739"}],"wp:featuredmedia":[{"embeddable":true,"href":"https:\/\/www.asajacyl.com\/palencia\/wp-json\/wp\/v2\/media\/1675"}],"wp:attachment":[{"href":"https:\/\/www.asajacyl.com\/palencia\/wp-json\/wp\/v2\/media?parent=9738"}],"wp:term":[{"taxonomy":"category","embeddable":true,"href":"https:\/\/www.asajacyl.com\/palencia\/wp-json\/wp\/v2\/categories?post=9738"},{"taxonomy":"post_tag","embeddable":true,"href":"https:\/\/www.asajacyl.com\/palencia\/wp-json\/wp\/v2\/tags?post=9738"}],"curies":[{"name":"wp","href":"https:\/\/api.w.org\/{rel}","templated":true}]}}