{"id":9743,"date":"2022-01-31T01:06:00","date_gmt":"2022-01-31T00:06:00","guid":{"rendered":"https:\/\/www.asajacyl.com\/palencia\/?p=9743"},"modified":"2022-01-26T08:03:21","modified_gmt":"2022-01-26T07:03:21","slug":"dialogo-con-el-vicepresidente-ejecutivo-frans-timmermans-sobre-el-futuro-de-la-agricultura-europea","status":"publish","type":"post","link":"https:\/\/www.asajacyl.com\/palencia\/asaja-palencia-informa\/dialogo-con-el-vicepresidente-ejecutivo-frans-timmermans-sobre-el-futuro-de-la-agricultura-europea","title":{"rendered":"Di\u00e1logo con el vicepresidente ejecutivo Frans Timmermans sobre el futuro de la agricultura europea"},"content":{"rendered":"\n<p>El pasado 7 de diciembre las asociaciones sectoriales de \u00abEuropean Livestock Voice\u00bb invitaron al vicepresidente europeo Timmermans a visitar una explotaci\u00f3n de vacuno de carne y de leche en la regi\u00f3n belga de Valonia. La visita, organizada en colaboraci\u00f3n con el sindicato agr\u00edcola local FWA, fue una gran oportunidad para que el vicepresidente europeo Timmermans entablara un debate directo y franco con los ganaderos sobre los objetivos del Pacto Verde. Asimismo, fue un primer paso en la apertura de un di\u00e1logo entre el vicepresidente ejecutivo de la Comisi\u00f3n y los representantes de la cadena de valor ganadera orientado a emprender acciones en lo relativo a los futuros desarrollos de la estrategia \u00abDe la granja a la mesa\u00bb. El sector ganadero europeo lleva muchos a\u00f1os invirtiendo en la introducci\u00f3n de mejoras, con resultados cuantificables en muchos \u00e1mbitos. Con las mejores normas de sanidad y bienestar animal y unas de las menores emisiones ganaderas del mundo, el sector no rehuye la labor de adaptaci\u00f3n continua para satisfacer la creciente demanda. Todos los representantes del sector ganadero europeo coinciden en que hay que seguir trabajando para afrontar los retos sociales, medioambientales y de bienestar animal. Pero sin dejar a nadie atr\u00e1s.<\/p>\n\n\n\n<figure class=\"wp-block-image size-full is-resized\"><img loading=\"lazy\" decoding=\"async\" src=\"https:\/\/www.asajacyl.com\/palencia\/wp-content\/uploads\/sites\/3\/2022\/01\/TIMMERMANS-1.jpg\" alt=\"\" class=\"wp-image-9746\" width=\"1070\" height=\"453\" \/><\/figure>\n\n\n\n<p>El sector ganadero de la UE exige que se aplique un enfoque coherente. Como han puesto de manifiesto los recientes debates en torno a la estrategia \u00abDe la granja a la mesa\u00bb, todav\u00eda quedan muchos interrogantes por responder para aportar garant\u00edas de que los esfuerzos realizados en la UE no conduzcan a un dumping clim\u00e1tico o medioambiental en otros lugares. Tambi\u00e9n es fundamental que el sector ganadero pueda invertir en las herramientas y los m\u00e9todos de producci\u00f3n m\u00e1s adecuados para hacer frente a una situaci\u00f3n sin precedentes. En estos momentos, se est\u00e1n debatiendo muchas propuestas interesantes a nivel europeo, en particular, la captura de carbono en los suelos agr\u00edcolas, el etiquetado sobre el bienestar animal e incluso los cambios en la legislaci\u00f3n actual de la UE para impulsar la innovaci\u00f3n en la producci\u00f3n animal con el fin de cumplir los exigentes objetivos del Pacto Verde Europeo y de la estrategia \u00abDe la granja a la mesa\u00bb. El sector ganadero de la UE debe ser un aliado clave en estos debates, a la vez que mantiene su capacidad de seguir contribuyendo a la sostenibilidad.<\/p>\n\n\n\n<p>Los representantes de las doce asociaciones sectoriales (ganaderos, salud animal, piensos e ingredientes especiales para piensos, agricultores y cooperativas agrarias, productores de leche y de aves de corral, operadores de la transformaci\u00f3n c\u00e1rnica, productores de foie gras, comerciantes de ganado, productores de cuero y pieles) est\u00e1n convencidos de que colectivamente podemos cumplir con las ambiciosas iniciativas y metas de la UE. Sin embargo, es cierto que el compromiso para cumplir dichos objetivos debe ser consensuado. Es necesario que haya coherencia entre las pol\u00edticas de la UE y las medidas de apoyo, as\u00ed como un reparto equilibrado entre los productores primarios, los distribuidores y los consumidores, de la carga asociada a los cambios requeridos.<\/p>\n\n\n\n<div class=\"wp-block-image\"><figure class=\"aligncenter size-full is-resized\"><img loading=\"lazy\" decoding=\"async\" src=\"https:\/\/www.asajacyl.com\/palencia\/wp-content\/uploads\/sites\/3\/2022\/01\/TIMMERMANS-2.jpg\" alt=\"\" class=\"wp-image-9745\" width=\"1024\" height=\"394\" srcset=\"https:\/\/www.asajacyl.com\/palencia\/wp-content\/uploads\/sites\/3\/2022\/01\/TIMMERMANS-2.jpg 662w, https:\/\/www.asajacyl.com\/palencia\/wp-content\/uploads\/sites\/3\/2022\/01\/TIMMERMANS-2-300x116.jpg 300w\" sizes=\"(max-width: 1024px) 100vw, 1024px\" \/><\/figure><\/div>\n\n\n\n<p>Con este esp\u00edritu y con el prop\u00f3sito de encontrar soluciones, se celebr\u00f3 una mesa redonda entre las partes interesadas de la cadena de valor ganadera y el vicepresidente europeo Timmermans tras la visita a la explotaci\u00f3n de Fran\u00e7ois-Hubert y St\u00e9phane Van Eyck.<br>Birthe Steenberg, en nombre de \u00abEuropean Livestock Voice\u00bb, coment\u00f3 lo siguiente tras el acto: \u00abDado que la Comisi\u00f3n est\u00e1 preparando ahora propuestas concretas para poner en pr\u00e1ctica la estrategia \u201cDe la granja a la mesa\u201d, este di\u00e1logo abierto ha sido un importante paso adelante para garantizar que se escuche la voz del sector ganadero en el amplio debate sobre la sostenibilidad de los sistemas alimentarios. Nos agrada la disposici\u00f3n del vicepresidente de la Comisi\u00f3n, el Sr. Timmermans, de venir a nuestro terreno y esperamos continuar estos din\u00e1micos debates el a\u00f1o que viene con vistas a obtener resultados equilibrados y positivos para todos los implicados\u00bb.<\/p>\n\n\n\n<p>Por su parte, en la clausura del acto, el vicepresidente de la Comisi\u00f3n, el Sr. Timmermans, declar\u00f3: \u00abEn nuestros esfuerzos por abordar la crisis clim\u00e1tica, la agricultura tiene que dejar de ser parte del problema y pasar a ser parte de la soluci\u00f3n. En general, la Pol\u00edtica Agr\u00edcola Com\u00fan est\u00e1 ah\u00ed para ayudar a los agricultores a avanzar en la direcci\u00f3n correcta. En la ganader\u00eda, las soluciones deben centrarse en la reducci\u00f3n de las emisiones y en la creaci\u00f3n de un sector que sea sostenible en su conjunto, porque para alimentar a 10.000 millones de personas en el futuro, el mundo necesitar\u00e1 una industria ganadera sostenible\u00bb.<\/p>\n\n\n\n<figure class=\"wp-block-image size-large\"><img loading=\"lazy\" decoding=\"async\" width=\"1024\" height=\"406\" src=\"https:\/\/www.asajacyl.com\/palencia\/wp-content\/uploads\/sites\/3\/2022\/01\/TIMMERMANS-3-1024x406.jpg\" alt=\"\" class=\"wp-image-9744\" srcset=\"https:\/\/www.asajacyl.com\/palencia\/wp-content\/uploads\/sites\/3\/2022\/01\/TIMMERMANS-3-1024x406.jpg 1024w, https:\/\/www.asajacyl.com\/palencia\/wp-content\/uploads\/sites\/3\/2022\/01\/TIMMERMANS-3-300x119.jpg 300w, https:\/\/www.asajacyl.com\/palencia\/wp-content\/uploads\/sites\/3\/2022\/01\/TIMMERMANS-3-768x305.jpg 768w, https:\/\/www.asajacyl.com\/palencia\/wp-content\/uploads\/sites\/3\/2022\/01\/TIMMERMANS-3-696x276.jpg 696w, https:\/\/www.asajacyl.com\/palencia\/wp-content\/uploads\/sites\/3\/2022\/01\/TIMMERMANS-3-1068x424.jpg 1068w, https:\/\/www.asajacyl.com\/palencia\/wp-content\/uploads\/sites\/3\/2022\/01\/TIMMERMANS-3-1059x420.jpg 1059w, https:\/\/www.asajacyl.com\/palencia\/wp-content\/uploads\/sites\/3\/2022\/01\/TIMMERMANS-3.jpg 1200w\" sizes=\"(max-width: 1024px) 100vw, 1024px\" \/><\/figure>\n\n\n\n<p><em>Sobre \u00abEuropean Livestock Voice\u00bb:<br>La plataforma \u00abEuropean Livestock Voice\u00bb es un grupo que a\u00fana a m\u00faltiples partes interesadas y actores afines de la cadena alimentaria ganadera, que por primera vez decidieron unirse para equilibrar el debate en torno a un sector esencial para el valioso patrimonio europeo y el futuro de Europa. Las asociaciones implicadas, que representan a sectores desde el bienestar animal hasta los piensos, pasando por la ganader\u00eda de cr\u00eda y de reproducci\u00f3n y los ganaderos, pretenden informar al p\u00fablico general sobre el valor de la producci\u00f3n ganadera y su contribuci\u00f3n para superar los desaf \u00edos globales, of reciendo as\u00ed una narrativa alternativa a los debates actuales.<\/em><\/p>\n\n\n\n<p><em>\u2022 AnimalhealthEurope: Productores europeos de medicamentos veterinarios, vacunas y otros productos de salud animal<br>\u2022 Avec: Sector de la carne de ave en Europa<br>\u2022 Clitravi: Industria europea de la transformaci\u00f3n c\u00e1rnica<br>\u2022 <strong>Copa and Cogeca: Agricultores europeos y cooperativas agrarias europeas<\/strong><br>\u2022 COTANCE: Industria europea del cuero<br>\u2022 EDA: Asociaci\u00f3n europea del sector l\u00e1cteo<br>\u2022 EFFAB: Foro europeo de ganaderos de reproducci\u00f3n<br>\u2022 Euro Foie Gras: Industria europea del foie gras<br>\u2022 FEFAC: Productores europeos de piensos<br>\u2022 FEFANA: Industria europea de los ingredientes especiales para piensos<br>\u2022 FUR EUROPE: Industria europea de la producci\u00f3n de pieles<br>\u2022 UECBV: Comerciantes europeos de productos ganaderos y c\u00e1rnicos<\/em><\/p>\n","protected":false},"excerpt":{"rendered":"<p>El pasado 7 de diciembre las asociaciones sectoriales de \u00abEuropean Livestock Voice\u00bb invitaron al vicepresidente europeo Timmermans a visitar una explotaci\u00f3n de vacuno de carne y de leche en la regi\u00f3n belga de Valonia. La visita, organizada en colaboraci\u00f3n con el sindicato agr\u00edcola local FWA, fue una gran oportunidad para que el vicepresidente europeo Timmermans [&hellip;]<\/p>\n","protected":false},"author":9,"featured_media":9746,"comment_status":"open","ping_status":"open","sticky":false,"template":"","format":"standard","meta":{"footnotes":""},"categories":[9,29,28],"tags":[],"yoast_head":"<!-- This site is optimized with the Yoast SEO plugin v24.5 - https:\/\/yoast.com\/wordpress\/plugins\/seo\/ -->\n<title>Di\u00e1logo con el vicepresidente ejecutivo Frans Timmermans sobre el futuro de la agricultura europea - ASAJA Palencia<\/title>\n<meta name=\"description\" content=\"El pasado 7 de diciembre las asociaciones sectoriales de \u00abEuropean Livestock Voice\u00bb invitaron al vicepresidente europeo Timmermans a visitar una\" \/>\n<meta name=\"robots\" content=\"index, follow, max-snippet:-1, max-image-preview:large, max-video-preview:-1\" \/>\n<link rel=\"canonical\" href=\"https:\/\/www.asajacyl.com\/palencia\/asaja-palencia-informa\/dialogo-con-el-vicepresidente-ejecutivo-frans-timmermans-sobre-el-futuro-de-la-agricultura-europea\" \/>\n<meta property=\"og:locale\" content=\"es_ES\" \/>\n<meta property=\"og:type\" content=\"article\" \/>\n<meta property=\"og:title\" content=\"Di\u00e1logo con el vicepresidente ejecutivo Frans Timmermans sobre el futuro de la agricultura europea - ASAJA Palencia\" \/>\n<meta property=\"og:description\" content=\"El pasado 7 de diciembre las asociaciones sectoriales de \u00abEuropean Livestock Voice\u00bb invitaron al vicepresidente europeo Timmermans a visitar una\" \/>\n<meta property=\"og:url\" content=\"https:\/\/www.asajacyl.com\/palencia\/asaja-palencia-informa\/dialogo-con-el-vicepresidente-ejecutivo-frans-timmermans-sobre-el-futuro-de-la-agricultura-europea\" \/>\n<meta property=\"og:site_name\" content=\"ASAJA Palencia\" \/>\n<meta property=\"article:published_time\" content=\"2022-01-31T00:06:00+00:00\" \/>\n<meta property=\"og:image\" content=\"https:\/\/www.asajacyl.com\/palencia\/wp-content\/uploads\/sites\/3\/2022\/01\/TIMMERMANS-1.jpg\" \/>\n\t<meta property=\"og:image:width\" content=\"664\" \/>\n\t<meta property=\"og:image:height\" content=\"273\" \/>\n\t<meta property=\"og:image:type\" content=\"image\/jpeg\" \/>\n<meta name=\"author\" content=\"Administrador\" \/>\n<meta name=\"twitter:card\" content=\"summary_large_image\" \/>\n<meta name=\"twitter:label1\" content=\"Escrito por\" \/>\n\t<meta name=\"twitter:data1\" content=\"Administrador\" \/>\n\t<meta name=\"twitter:label2\" content=\"Tiempo de lectura\" \/>\n\t<meta name=\"twitter:data2\" content=\"6 minutos\" \/>\n<script type=\"application\/ld+json\" class=\"yoast-schema-graph\">{\"@context\":\"https:\/\/schema.org\",\"@graph\":[{\"@type\":\"WebPage\",\"@id\":\"https:\/\/www.asajacyl.com\/palencia\/asaja-palencia-informa\/dialogo-con-el-vicepresidente-ejecutivo-frans-timmermans-sobre-el-futuro-de-la-agricultura-europea\",\"url\":\"https:\/\/www.asajacyl.com\/palencia\/asaja-palencia-informa\/dialogo-con-el-vicepresidente-ejecutivo-frans-timmermans-sobre-el-futuro-de-la-agricultura-europea\",\"name\":\"Di\u00e1logo con el vicepresidente ejecutivo Frans Timmermans sobre el futuro de la agricultura europea - ASAJA Palencia\",\"isPartOf\":{\"@id\":\"https:\/\/www.asajacyl.com\/palencia\/#website\"},\"primaryImageOfPage\":{\"@id\":\"https:\/\/www.asajacyl.com\/palencia\/asaja-palencia-informa\/dialogo-con-el-vicepresidente-ejecutivo-frans-timmermans-sobre-el-futuro-de-la-agricultura-europea#primaryimage\"},\"image\":{\"@id\":\"https:\/\/www.asajacyl.com\/palencia\/asaja-palencia-informa\/dialogo-con-el-vicepresidente-ejecutivo-frans-timmermans-sobre-el-futuro-de-la-agricultura-europea#primaryimage\"},\"thumbnailUrl\":\"https:\/\/www.asajacyl.com\/palencia\/wp-content\/uploads\/sites\/3\/2022\/01\/TIMMERMANS-1.jpg\",\"datePublished\":\"2022-01-31T00:06:00+00:00\",\"author\":{\"@id\":\"https:\/\/www.asajacyl.com\/palencia\/#\/schema\/person\/3ab17aeb03527485c317557fae64aab1\"},\"description\":\"El pasado 7 de diciembre las asociaciones sectoriales de \u00abEuropean Livestock Voice\u00bb invitaron al vicepresidente europeo Timmermans a visitar una\",\"breadcrumb\":{\"@id\":\"https:\/\/www.asajacyl.com\/palencia\/asaja-palencia-informa\/dialogo-con-el-vicepresidente-ejecutivo-frans-timmermans-sobre-el-futuro-de-la-agricultura-europea#breadcrumb\"},\"inLanguage\":\"es\",\"potentialAction\":[{\"@type\":\"ReadAction\",\"target\":[\"https:\/\/www.asajacyl.com\/palencia\/asaja-palencia-informa\/dialogo-con-el-vicepresidente-ejecutivo-frans-timmermans-sobre-el-futuro-de-la-agricultura-europea\"]}]},{\"@type\":\"ImageObject\",\"inLanguage\":\"es\",\"@id\":\"https:\/\/www.asajacyl.com\/palencia\/asaja-palencia-informa\/dialogo-con-el-vicepresidente-ejecutivo-frans-timmermans-sobre-el-futuro-de-la-agricultura-europea#primaryimage\",\"url\":\"https:\/\/www.asajacyl.com\/palencia\/wp-content\/uploads\/sites\/3\/2022\/01\/TIMMERMANS-1.jpg\",\"contentUrl\":\"https:\/\/www.asajacyl.com\/palencia\/wp-content\/uploads\/sites\/3\/2022\/01\/TIMMERMANS-1.jpg\",\"width\":664,\"height\":273},{\"@type\":\"BreadcrumbList\",\"@id\":\"https:\/\/www.asajacyl.com\/palencia\/asaja-palencia-informa\/dialogo-con-el-vicepresidente-ejecutivo-frans-timmermans-sobre-el-futuro-de-la-agricultura-europea#breadcrumb\",\"itemListElement\":[{\"@type\":\"ListItem\",\"position\":1,\"name\":\"Portada\",\"item\":\"https:\/\/www.asajacyl.com\/palencia\/\"},{\"@type\":\"ListItem\",\"position\":2,\"name\":\"Di\u00e1logo con el vicepresidente ejecutivo Frans Timmermans sobre el futuro de la agricultura europea\"}]},{\"@type\":\"WebSite\",\"@id\":\"https:\/\/www.asajacyl.com\/palencia\/#website\",\"url\":\"https:\/\/www.asajacyl.com\/palencia\/\",\"name\":\"ASAJA Palencia\",\"description\":\"Otro sitio m\u00e1s de Provincias ASAJA Castilla y Le\u00f3n\",\"potentialAction\":[{\"@type\":\"SearchAction\",\"target\":{\"@type\":\"EntryPoint\",\"urlTemplate\":\"https:\/\/www.asajacyl.com\/palencia\/?s={search_term_string}\"},\"query-input\":{\"@type\":\"PropertyValueSpecification\",\"valueRequired\":true,\"valueName\":\"search_term_string\"}}],\"inLanguage\":\"es\"},{\"@type\":\"Person\",\"@id\":\"https:\/\/www.asajacyl.com\/palencia\/#\/schema\/person\/3ab17aeb03527485c317557fae64aab1\",\"name\":\"Administrador\",\"image\":{\"@type\":\"ImageObject\",\"inLanguage\":\"es\",\"@id\":\"https:\/\/www.asajacyl.com\/palencia\/#\/schema\/person\/image\/\",\"url\":\"https:\/\/secure.gravatar.com\/avatar\/517384810d242ca9e38c180f3c9fb973?s=96&d=mm&r=g\",\"contentUrl\":\"https:\/\/secure.gravatar.com\/avatar\/517384810d242ca9e38c180f3c9fb973?s=96&d=mm&r=g\",\"caption\":\"Administrador\"},\"url\":\"https:\/\/www.asajacyl.com\/palencia\/author\/carlosrm\"}]}<\/script>\n<!-- \/ Yoast SEO plugin. -->","yoast_head_json":{"title":"Di\u00e1logo con el vicepresidente ejecutivo Frans Timmermans sobre el futuro de la agricultura europea - ASAJA Palencia","description":"El pasado 7 de diciembre las asociaciones sectoriales de \u00abEuropean Livestock Voice\u00bb invitaron al vicepresidente europeo Timmermans a visitar una","robots":{"index":"index","follow":"follow","max-snippet":"max-snippet:-1","max-image-preview":"max-image-preview:large","max-video-preview":"max-video-preview:-1"},"canonical":"https:\/\/www.asajacyl.com\/palencia\/asaja-palencia-informa\/dialogo-con-el-vicepresidente-ejecutivo-frans-timmermans-sobre-el-futuro-de-la-agricultura-europea","og_locale":"es_ES","og_type":"article","og_title":"Di\u00e1logo con el vicepresidente ejecutivo Frans Timmermans sobre el futuro de la agricultura europea - ASAJA Palencia","og_description":"El pasado 7 de diciembre las asociaciones sectoriales de \u00abEuropean Livestock Voice\u00bb invitaron al vicepresidente europeo Timmermans a visitar una","og_url":"https:\/\/www.asajacyl.com\/palencia\/asaja-palencia-informa\/dialogo-con-el-vicepresidente-ejecutivo-frans-timmermans-sobre-el-futuro-de-la-agricultura-europea","og_site_name":"ASAJA Palencia","article_published_time":"2022-01-31T00:06:00+00:00","og_image":[{"width":664,"height":273,"url":"https:\/\/www.asajacyl.com\/palencia\/wp-content\/uploads\/sites\/3\/2022\/01\/TIMMERMANS-1.jpg","type":"image\/jpeg"}],"author":"Administrador","twitter_card":"summary_large_image","twitter_misc":{"Escrito por":"Administrador","Tiempo de lectura":"6 minutos"},"schema":{"@context":"https:\/\/schema.org","@graph":[{"@type":"WebPage","@id":"https:\/\/www.asajacyl.com\/palencia\/asaja-palencia-informa\/dialogo-con-el-vicepresidente-ejecutivo-frans-timmermans-sobre-el-futuro-de-la-agricultura-europea","url":"https:\/\/www.asajacyl.com\/palencia\/asaja-palencia-informa\/dialogo-con-el-vicepresidente-ejecutivo-frans-timmermans-sobre-el-futuro-de-la-agricultura-europea","name":"Di\u00e1logo con el vicepresidente ejecutivo Frans Timmermans sobre el futuro de la agricultura europea - ASAJA Palencia","isPartOf":{"@id":"https:\/\/www.asajacyl.com\/palencia\/#website"},"primaryImageOfPage":{"@id":"https:\/\/www.asajacyl.com\/palencia\/asaja-palencia-informa\/dialogo-con-el-vicepresidente-ejecutivo-frans-timmermans-sobre-el-futuro-de-la-agricultura-europea#primaryimage"},"image":{"@id":"https:\/\/www.asajacyl.com\/palencia\/asaja-palencia-informa\/dialogo-con-el-vicepresidente-ejecutivo-frans-timmermans-sobre-el-futuro-de-la-agricultura-europea#primaryimage"},"thumbnailUrl":"https:\/\/www.asajacyl.com\/palencia\/wp-content\/uploads\/sites\/3\/2022\/01\/TIMMERMANS-1.jpg","datePublished":"2022-01-31T00:06:00+00:00","author":{"@id":"https:\/\/www.asajacyl.com\/palencia\/#\/schema\/person\/3ab17aeb03527485c317557fae64aab1"},"description":"El pasado 7 de diciembre las asociaciones sectoriales de \u00abEuropean Livestock Voice\u00bb invitaron al vicepresidente europeo Timmermans a visitar una","breadcrumb":{"@id":"https:\/\/www.asajacyl.com\/palencia\/asaja-palencia-informa\/dialogo-con-el-vicepresidente-ejecutivo-frans-timmermans-sobre-el-futuro-de-la-agricultura-europea#breadcrumb"},"inLanguage":"es","potentialAction":[{"@type":"ReadAction","target":["https:\/\/www.asajacyl.com\/palencia\/asaja-palencia-informa\/dialogo-con-el-vicepresidente-ejecutivo-frans-timmermans-sobre-el-futuro-de-la-agricultura-europea"]}]},{"@type":"ImageObject","inLanguage":"es","@id":"https:\/\/www.asajacyl.com\/palencia\/asaja-palencia-informa\/dialogo-con-el-vicepresidente-ejecutivo-frans-timmermans-sobre-el-futuro-de-la-agricultura-europea#primaryimage","url":"https:\/\/www.asajacyl.com\/palencia\/wp-content\/uploads\/sites\/3\/2022\/01\/TIMMERMANS-1.jpg","contentUrl":"https:\/\/www.asajacyl.com\/palencia\/wp-content\/uploads\/sites\/3\/2022\/01\/TIMMERMANS-1.jpg","width":664,"height":273},{"@type":"BreadcrumbList","@id":"https:\/\/www.asajacyl.com\/palencia\/asaja-palencia-informa\/dialogo-con-el-vicepresidente-ejecutivo-frans-timmermans-sobre-el-futuro-de-la-agricultura-europea#breadcrumb","itemListElement":[{"@type":"ListItem","position":1,"name":"Portada","item":"https:\/\/www.asajacyl.com\/palencia\/"},{"@type":"ListItem","position":2,"name":"Di\u00e1logo con el vicepresidente ejecutivo Frans Timmermans sobre el futuro de la agricultura europea"}]},{"@type":"WebSite","@id":"https:\/\/www.asajacyl.com\/palencia\/#website","url":"https:\/\/www.asajacyl.com\/palencia\/","name":"ASAJA Palencia","description":"Otro sitio m\u00e1s de Provincias ASAJA Castilla y Le\u00f3n","potentialAction":[{"@type":"SearchAction","target":{"@type":"EntryPoint","urlTemplate":"https:\/\/www.asajacyl.com\/palencia\/?s={search_term_string}"},"query-input":{"@type":"PropertyValueSpecification","valueRequired":true,"valueName":"search_term_string"}}],"inLanguage":"es"},{"@type":"Person","@id":"https:\/\/www.asajacyl.com\/palencia\/#\/schema\/person\/3ab17aeb03527485c317557fae64aab1","name":"Administrador","image":{"@type":"ImageObject","inLanguage":"es","@id":"https:\/\/www.asajacyl.com\/palencia\/#\/schema\/person\/image\/","url":"https:\/\/secure.gravatar.com\/avatar\/517384810d242ca9e38c180f3c9fb973?s=96&d=mm&r=g","contentUrl":"https:\/\/secure.gravatar.com\/avatar\/517384810d242ca9e38c180f3c9fb973?s=96&d=mm&r=g","caption":"Administrador"},"url":"https:\/\/www.asajacyl.com\/palencia\/author\/carlosrm"}]}},"_links":{"self":[{"href":"https:\/\/www.asajacyl.com\/palencia\/wp-json\/wp\/v2\/posts\/9743"}],"collection":[{"href":"https:\/\/www.asajacyl.com\/palencia\/wp-json\/wp\/v2\/posts"}],"about":[{"href":"https:\/\/www.asajacyl.com\/palencia\/wp-json\/wp\/v2\/types\/post"}],"author":[{"embeddable":true,"href":"https:\/\/www.asajacyl.com\/palencia\/wp-json\/wp\/v2\/users\/9"}],"replies":[{"embeddable":true,"href":"https:\/\/www.asajacyl.com\/palencia\/wp-json\/wp\/v2\/comments?post=9743"}],"version-history":[{"count":1,"href":"https:\/\/www.asajacyl.com\/palencia\/wp-json\/wp\/v2\/posts\/9743\/revisions"}],"predecessor-version":[{"id":9747,"href":"https:\/\/www.asajacyl.com\/palencia\/wp-json\/wp\/v2\/posts\/9743\/revisions\/9747"}],"wp:featuredmedia":[{"embeddable":true,"href":"https:\/\/www.asajacyl.com\/palencia\/wp-json\/wp\/v2\/media\/9746"}],"wp:attachment":[{"href":"https:\/\/www.asajacyl.com\/palencia\/wp-json\/wp\/v2\/media?parent=9743"}],"wp:term":[{"taxonomy":"category","embeddable":true,"href":"https:\/\/www.asajacyl.com\/palencia\/wp-json\/wp\/v2\/categories?post=9743"},{"taxonomy":"post_tag","embeddable":true,"href":"https:\/\/www.asajacyl.com\/palencia\/wp-json\/wp\/v2\/tags?post=9743"}],"curies":[{"name":"wp","href":"https:\/\/api.w.org\/{rel}","templated":true}]}}