{"id":9760,"date":"2022-01-25T08:44:15","date_gmt":"2022-01-25T07:44:15","guid":{"rendered":"https:\/\/www.asajacyl.com\/palencia\/?p=9760"},"modified":"2022-01-27T07:55:09","modified_gmt":"2022-01-27T06:55:09","slug":"arrancan-las-asambleas-comarcales-de-asaja-palencia-en-paredes-de-nava-y-becerril-de-campos","status":"publish","type":"post","link":"https:\/\/www.asajacyl.com\/palencia\/asaja-palencia-informa\/arrancan-las-asambleas-comarcales-de-asaja-palencia-en-paredes-de-nava-y-becerril-de-campos","title":{"rendered":"Arrancan las Asambleas Comarcales de ASAJA-Palencia en Paredes de Nava y Becerril de Campos"},"content":{"rendered":"\n<p>Ayer se inici\u00f3 la ronda de asambleas comarcales con la correspondiente a la comarca de Paredes de Nava, por la tarde tuvo lugar una asamblea informativa en Becerril de Campos. En estas asambleas se informa a los socios de ASAJA de aquellos temas que pueden resultar de m\u00e1s inter\u00e9s para el sector agrario de la comarca y se comenta todo lo que se conoce hasta ahora sobre el per\u00edodo PAC 2023-2023. Las reuniones se suceder\u00e1n durante esta semana y la pr\u00f3xima para llegar a todos los rincones de la provincia.<\/p>\n\n\n\n<figure class=\"wp-block-image size-large\"><img loading=\"lazy\" decoding=\"async\" width=\"1024\" height=\"768\" src=\"https:\/\/www.asajacyl.com\/palencia\/wp-content\/uploads\/sites\/3\/2022\/01\/PHOTO-2022-01-24-12-41-37-1024x768.jpg\" alt=\"\" class=\"wp-image-9758\" srcset=\"https:\/\/www.asajacyl.com\/palencia\/wp-content\/uploads\/sites\/3\/2022\/01\/PHOTO-2022-01-24-12-41-37-1024x768.jpg 1024w, https:\/\/www.asajacyl.com\/palencia\/wp-content\/uploads\/sites\/3\/2022\/01\/PHOTO-2022-01-24-12-41-37-300x225.jpg 300w, https:\/\/www.asajacyl.com\/palencia\/wp-content\/uploads\/sites\/3\/2022\/01\/PHOTO-2022-01-24-12-41-37-768x576.jpg 768w, https:\/\/www.asajacyl.com\/palencia\/wp-content\/uploads\/sites\/3\/2022\/01\/PHOTO-2022-01-24-12-41-37-696x522.jpg 696w, https:\/\/www.asajacyl.com\/palencia\/wp-content\/uploads\/sites\/3\/2022\/01\/PHOTO-2022-01-24-12-41-37-1068x801.jpg 1068w, https:\/\/www.asajacyl.com\/palencia\/wp-content\/uploads\/sites\/3\/2022\/01\/PHOTO-2022-01-24-12-41-37-560x420.jpg 560w, https:\/\/www.asajacyl.com\/palencia\/wp-content\/uploads\/sites\/3\/2022\/01\/PHOTO-2022-01-24-12-41-37-80x60.jpg 80w, https:\/\/www.asajacyl.com\/palencia\/wp-content\/uploads\/sites\/3\/2022\/01\/PHOTO-2022-01-24-12-41-37.jpg 1280w\" sizes=\"(max-width: 1024px) 100vw, 1024px\" \/><\/figure>\n\n\n\n<p><\/p>\n","protected":false},"excerpt":{"rendered":"<p>Ayer se inici\u00f3 la ronda de asambleas comarcales con la correspondiente a la comarca de Paredes de Nava, por la tarde tuvo lugar una asamblea informativa en Becerril de Campos. En estas asambleas se informa a los socios de ASAJA de aquellos temas que pueden resultar de m\u00e1s inter\u00e9s para el sector agrario de la [&hellip;]<\/p>\n","protected":false},"author":9,"featured_media":9758,"comment_status":"open","ping_status":"open","sticky":false,"template":"","format":"standard","meta":{"footnotes":""},"categories":[9,29,28],"tags":[],"yoast_head":"<!-- This site is optimized with the Yoast SEO plugin v24.5 - https:\/\/yoast.com\/wordpress\/plugins\/seo\/ -->\n<title>Arrancan las Asambleas Comarcales de ASAJA-Palencia en Paredes de Nava y Becerril de Campos - ASAJA Palencia<\/title>\n<meta name=\"description\" content=\"Ayer se inici\u00f3 la ronda de asambleas comarcales con la correspondiente a la comarca de Paredes de Nava, por la tarde tuvo lugar una asamblea informativa\" \/>\n<meta name=\"robots\" content=\"index, follow, max-snippet:-1, max-image-preview:large, max-video-preview:-1\" \/>\n<link rel=\"canonical\" href=\"https:\/\/www.asajacyl.com\/palencia\/asaja-palencia-informa\/arrancan-las-asambleas-comarcales-de-asaja-palencia-en-paredes-de-nava-y-becerril-de-campos\" \/>\n<meta property=\"og:locale\" content=\"es_ES\" \/>\n<meta property=\"og:type\" content=\"article\" \/>\n<meta property=\"og:title\" content=\"Arrancan las Asambleas Comarcales de ASAJA-Palencia en Paredes de Nava y Becerril de Campos - ASAJA Palencia\" \/>\n<meta property=\"og:description\" content=\"Ayer se inici\u00f3 la ronda de asambleas comarcales con la correspondiente a la comarca de Paredes de Nava, por la tarde tuvo lugar una asamblea informativa\" \/>\n<meta property=\"og:url\" content=\"https:\/\/www.asajacyl.com\/palencia\/asaja-palencia-informa\/arrancan-las-asambleas-comarcales-de-asaja-palencia-en-paredes-de-nava-y-becerril-de-campos\" \/>\n<meta property=\"og:site_name\" content=\"ASAJA Palencia\" \/>\n<meta property=\"article:published_time\" content=\"2022-01-25T07:44:15+00:00\" \/>\n<meta property=\"article:modified_time\" content=\"2022-01-27T06:55:09+00:00\" \/>\n<meta property=\"og:image\" content=\"https:\/\/www.asajacyl.com\/palencia\/wp-content\/uploads\/sites\/3\/2022\/01\/PHOTO-2022-01-24-12-41-37.jpg\" \/>\n\t<meta property=\"og:image:width\" content=\"1280\" \/>\n\t<meta property=\"og:image:height\" content=\"960\" \/>\n\t<meta property=\"og:image:type\" content=\"image\/jpeg\" \/>\n<meta name=\"author\" content=\"Administrador\" \/>\n<meta name=\"twitter:card\" content=\"summary_large_image\" \/>\n<meta name=\"twitter:label1\" content=\"Escrito por\" \/>\n\t<meta name=\"twitter:data1\" content=\"Administrador\" \/>\n\t<meta name=\"twitter:label2\" content=\"Tiempo de lectura\" \/>\n\t<meta name=\"twitter:data2\" content=\"1 minuto\" \/>\n<script type=\"application\/ld+json\" class=\"yoast-schema-graph\">{\"@context\":\"https:\/\/schema.org\",\"@graph\":[{\"@type\":\"WebPage\",\"@id\":\"https:\/\/www.asajacyl.com\/palencia\/asaja-palencia-informa\/arrancan-las-asambleas-comarcales-de-asaja-palencia-en-paredes-de-nava-y-becerril-de-campos\",\"url\":\"https:\/\/www.asajacyl.com\/palencia\/asaja-palencia-informa\/arrancan-las-asambleas-comarcales-de-asaja-palencia-en-paredes-de-nava-y-becerril-de-campos\",\"name\":\"Arrancan las Asambleas Comarcales de ASAJA-Palencia en Paredes de Nava y Becerril de Campos - ASAJA Palencia\",\"isPartOf\":{\"@id\":\"https:\/\/www.asajacyl.com\/palencia\/#website\"},\"primaryImageOfPage\":{\"@id\":\"https:\/\/www.asajacyl.com\/palencia\/asaja-palencia-informa\/arrancan-las-asambleas-comarcales-de-asaja-palencia-en-paredes-de-nava-y-becerril-de-campos#primaryimage\"},\"image\":{\"@id\":\"https:\/\/www.asajacyl.com\/palencia\/asaja-palencia-informa\/arrancan-las-asambleas-comarcales-de-asaja-palencia-en-paredes-de-nava-y-becerril-de-campos#primaryimage\"},\"thumbnailUrl\":\"https:\/\/www.asajacyl.com\/palencia\/wp-content\/uploads\/sites\/3\/2022\/01\/PHOTO-2022-01-24-12-41-37.jpg\",\"datePublished\":\"2022-01-25T07:44:15+00:00\",\"dateModified\":\"2022-01-27T06:55:09+00:00\",\"author\":{\"@id\":\"https:\/\/www.asajacyl.com\/palencia\/#\/schema\/person\/3ab17aeb03527485c317557fae64aab1\"},\"description\":\"Ayer se inici\u00f3 la ronda de asambleas comarcales con la correspondiente a la comarca de Paredes de Nava, por la tarde tuvo lugar una asamblea informativa\",\"breadcrumb\":{\"@id\":\"https:\/\/www.asajacyl.com\/palencia\/asaja-palencia-informa\/arrancan-las-asambleas-comarcales-de-asaja-palencia-en-paredes-de-nava-y-becerril-de-campos#breadcrumb\"},\"inLanguage\":\"es\",\"potentialAction\":[{\"@type\":\"ReadAction\",\"target\":[\"https:\/\/www.asajacyl.com\/palencia\/asaja-palencia-informa\/arrancan-las-asambleas-comarcales-de-asaja-palencia-en-paredes-de-nava-y-becerril-de-campos\"]}]},{\"@type\":\"ImageObject\",\"inLanguage\":\"es\",\"@id\":\"https:\/\/www.asajacyl.com\/palencia\/asaja-palencia-informa\/arrancan-las-asambleas-comarcales-de-asaja-palencia-en-paredes-de-nava-y-becerril-de-campos#primaryimage\",\"url\":\"https:\/\/www.asajacyl.com\/palencia\/wp-content\/uploads\/sites\/3\/2022\/01\/PHOTO-2022-01-24-12-41-37.jpg\",\"contentUrl\":\"https:\/\/www.asajacyl.com\/palencia\/wp-content\/uploads\/sites\/3\/2022\/01\/PHOTO-2022-01-24-12-41-37.jpg\",\"width\":1280,\"height\":960},{\"@type\":\"BreadcrumbList\",\"@id\":\"https:\/\/www.asajacyl.com\/palencia\/asaja-palencia-informa\/arrancan-las-asambleas-comarcales-de-asaja-palencia-en-paredes-de-nava-y-becerril-de-campos#breadcrumb\",\"itemListElement\":[{\"@type\":\"ListItem\",\"position\":1,\"name\":\"Portada\",\"item\":\"https:\/\/www.asajacyl.com\/palencia\/\"},{\"@type\":\"ListItem\",\"position\":2,\"name\":\"Arrancan las Asambleas Comarcales de ASAJA-Palencia en Paredes de Nava y Becerril de Campos\"}]},{\"@type\":\"WebSite\",\"@id\":\"https:\/\/www.asajacyl.com\/palencia\/#website\",\"url\":\"https:\/\/www.asajacyl.com\/palencia\/\",\"name\":\"ASAJA Palencia\",\"description\":\"Otro sitio m\u00e1s de Provincias ASAJA Castilla y Le\u00f3n\",\"potentialAction\":[{\"@type\":\"SearchAction\",\"target\":{\"@type\":\"EntryPoint\",\"urlTemplate\":\"https:\/\/www.asajacyl.com\/palencia\/?s={search_term_string}\"},\"query-input\":{\"@type\":\"PropertyValueSpecification\",\"valueRequired\":true,\"valueName\":\"search_term_string\"}}],\"inLanguage\":\"es\"},{\"@type\":\"Person\",\"@id\":\"https:\/\/www.asajacyl.com\/palencia\/#\/schema\/person\/3ab17aeb03527485c317557fae64aab1\",\"name\":\"Administrador\",\"image\":{\"@type\":\"ImageObject\",\"inLanguage\":\"es\",\"@id\":\"https:\/\/www.asajacyl.com\/palencia\/#\/schema\/person\/image\/\",\"url\":\"https:\/\/secure.gravatar.com\/avatar\/517384810d242ca9e38c180f3c9fb973?s=96&d=mm&r=g\",\"contentUrl\":\"https:\/\/secure.gravatar.com\/avatar\/517384810d242ca9e38c180f3c9fb973?s=96&d=mm&r=g\",\"caption\":\"Administrador\"},\"url\":\"https:\/\/www.asajacyl.com\/palencia\/author\/carlosrm\"}]}<\/script>\n<!-- \/ Yoast SEO plugin. -->","yoast_head_json":{"title":"Arrancan las Asambleas Comarcales de ASAJA-Palencia en Paredes de Nava y Becerril de Campos - ASAJA Palencia","description":"Ayer se inici\u00f3 la ronda de asambleas comarcales con la correspondiente a la comarca de Paredes de Nava, por la tarde tuvo lugar una asamblea informativa","robots":{"index":"index","follow":"follow","max-snippet":"max-snippet:-1","max-image-preview":"max-image-preview:large","max-video-preview":"max-video-preview:-1"},"canonical":"https:\/\/www.asajacyl.com\/palencia\/asaja-palencia-informa\/arrancan-las-asambleas-comarcales-de-asaja-palencia-en-paredes-de-nava-y-becerril-de-campos","og_locale":"es_ES","og_type":"article","og_title":"Arrancan las Asambleas Comarcales de ASAJA-Palencia en Paredes de Nava y Becerril de Campos - ASAJA Palencia","og_description":"Ayer se inici\u00f3 la ronda de asambleas comarcales con la correspondiente a la comarca de Paredes de Nava, por la tarde tuvo lugar una asamblea informativa","og_url":"https:\/\/www.asajacyl.com\/palencia\/asaja-palencia-informa\/arrancan-las-asambleas-comarcales-de-asaja-palencia-en-paredes-de-nava-y-becerril-de-campos","og_site_name":"ASAJA Palencia","article_published_time":"2022-01-25T07:44:15+00:00","article_modified_time":"2022-01-27T06:55:09+00:00","og_image":[{"width":1280,"height":960,"url":"https:\/\/www.asajacyl.com\/palencia\/wp-content\/uploads\/sites\/3\/2022\/01\/PHOTO-2022-01-24-12-41-37.jpg","type":"image\/jpeg"}],"author":"Administrador","twitter_card":"summary_large_image","twitter_misc":{"Escrito por":"Administrador","Tiempo de lectura":"1 minuto"},"schema":{"@context":"https:\/\/schema.org","@graph":[{"@type":"WebPage","@id":"https:\/\/www.asajacyl.com\/palencia\/asaja-palencia-informa\/arrancan-las-asambleas-comarcales-de-asaja-palencia-en-paredes-de-nava-y-becerril-de-campos","url":"https:\/\/www.asajacyl.com\/palencia\/asaja-palencia-informa\/arrancan-las-asambleas-comarcales-de-asaja-palencia-en-paredes-de-nava-y-becerril-de-campos","name":"Arrancan las Asambleas Comarcales de ASAJA-Palencia en Paredes de Nava y Becerril de Campos - ASAJA Palencia","isPartOf":{"@id":"https:\/\/www.asajacyl.com\/palencia\/#website"},"primaryImageOfPage":{"@id":"https:\/\/www.asajacyl.com\/palencia\/asaja-palencia-informa\/arrancan-las-asambleas-comarcales-de-asaja-palencia-en-paredes-de-nava-y-becerril-de-campos#primaryimage"},"image":{"@id":"https:\/\/www.asajacyl.com\/palencia\/asaja-palencia-informa\/arrancan-las-asambleas-comarcales-de-asaja-palencia-en-paredes-de-nava-y-becerril-de-campos#primaryimage"},"thumbnailUrl":"https:\/\/www.asajacyl.com\/palencia\/wp-content\/uploads\/sites\/3\/2022\/01\/PHOTO-2022-01-24-12-41-37.jpg","datePublished":"2022-01-25T07:44:15+00:00","dateModified":"2022-01-27T06:55:09+00:00","author":{"@id":"https:\/\/www.asajacyl.com\/palencia\/#\/schema\/person\/3ab17aeb03527485c317557fae64aab1"},"description":"Ayer se inici\u00f3 la ronda de asambleas comarcales con la correspondiente a la comarca de Paredes de Nava, por la tarde tuvo lugar una asamblea informativa","breadcrumb":{"@id":"https:\/\/www.asajacyl.com\/palencia\/asaja-palencia-informa\/arrancan-las-asambleas-comarcales-de-asaja-palencia-en-paredes-de-nava-y-becerril-de-campos#breadcrumb"},"inLanguage":"es","potentialAction":[{"@type":"ReadAction","target":["https:\/\/www.asajacyl.com\/palencia\/asaja-palencia-informa\/arrancan-las-asambleas-comarcales-de-asaja-palencia-en-paredes-de-nava-y-becerril-de-campos"]}]},{"@type":"ImageObject","inLanguage":"es","@id":"https:\/\/www.asajacyl.com\/palencia\/asaja-palencia-informa\/arrancan-las-asambleas-comarcales-de-asaja-palencia-en-paredes-de-nava-y-becerril-de-campos#primaryimage","url":"https:\/\/www.asajacyl.com\/palencia\/wp-content\/uploads\/sites\/3\/2022\/01\/PHOTO-2022-01-24-12-41-37.jpg","contentUrl":"https:\/\/www.asajacyl.com\/palencia\/wp-content\/uploads\/sites\/3\/2022\/01\/PHOTO-2022-01-24-12-41-37.jpg","width":1280,"height":960},{"@type":"BreadcrumbList","@id":"https:\/\/www.asajacyl.com\/palencia\/asaja-palencia-informa\/arrancan-las-asambleas-comarcales-de-asaja-palencia-en-paredes-de-nava-y-becerril-de-campos#breadcrumb","itemListElement":[{"@type":"ListItem","position":1,"name":"Portada","item":"https:\/\/www.asajacyl.com\/palencia\/"},{"@type":"ListItem","position":2,"name":"Arrancan las Asambleas Comarcales de ASAJA-Palencia en Paredes de Nava y Becerril de Campos"}]},{"@type":"WebSite","@id":"https:\/\/www.asajacyl.com\/palencia\/#website","url":"https:\/\/www.asajacyl.com\/palencia\/","name":"ASAJA Palencia","description":"Otro sitio m\u00e1s de Provincias ASAJA Castilla y Le\u00f3n","potentialAction":[{"@type":"SearchAction","target":{"@type":"EntryPoint","urlTemplate":"https:\/\/www.asajacyl.com\/palencia\/?s={search_term_string}"},"query-input":{"@type":"PropertyValueSpecification","valueRequired":true,"valueName":"search_term_string"}}],"inLanguage":"es"},{"@type":"Person","@id":"https:\/\/www.asajacyl.com\/palencia\/#\/schema\/person\/3ab17aeb03527485c317557fae64aab1","name":"Administrador","image":{"@type":"ImageObject","inLanguage":"es","@id":"https:\/\/www.asajacyl.com\/palencia\/#\/schema\/person\/image\/","url":"https:\/\/secure.gravatar.com\/avatar\/517384810d242ca9e38c180f3c9fb973?s=96&d=mm&r=g","contentUrl":"https:\/\/secure.gravatar.com\/avatar\/517384810d242ca9e38c180f3c9fb973?s=96&d=mm&r=g","caption":"Administrador"},"url":"https:\/\/www.asajacyl.com\/palencia\/author\/carlosrm"}]}},"_links":{"self":[{"href":"https:\/\/www.asajacyl.com\/palencia\/wp-json\/wp\/v2\/posts\/9760"}],"collection":[{"href":"https:\/\/www.asajacyl.com\/palencia\/wp-json\/wp\/v2\/posts"}],"about":[{"href":"https:\/\/www.asajacyl.com\/palencia\/wp-json\/wp\/v2\/types\/post"}],"author":[{"embeddable":true,"href":"https:\/\/www.asajacyl.com\/palencia\/wp-json\/wp\/v2\/users\/9"}],"replies":[{"embeddable":true,"href":"https:\/\/www.asajacyl.com\/palencia\/wp-json\/wp\/v2\/comments?post=9760"}],"version-history":[{"count":2,"href":"https:\/\/www.asajacyl.com\/palencia\/wp-json\/wp\/v2\/posts\/9760\/revisions"}],"predecessor-version":[{"id":9778,"href":"https:\/\/www.asajacyl.com\/palencia\/wp-json\/wp\/v2\/posts\/9760\/revisions\/9778"}],"wp:featuredmedia":[{"embeddable":true,"href":"https:\/\/www.asajacyl.com\/palencia\/wp-json\/wp\/v2\/media\/9758"}],"wp:attachment":[{"href":"https:\/\/www.asajacyl.com\/palencia\/wp-json\/wp\/v2\/media?parent=9760"}],"wp:term":[{"taxonomy":"category","embeddable":true,"href":"https:\/\/www.asajacyl.com\/palencia\/wp-json\/wp\/v2\/categories?post=9760"},{"taxonomy":"post_tag","embeddable":true,"href":"https:\/\/www.asajacyl.com\/palencia\/wp-json\/wp\/v2\/tags?post=9760"}],"curies":[{"name":"wp","href":"https:\/\/api.w.org\/{rel}","templated":true}]}}