{"id":9765,"date":"2022-01-26T08:01:54","date_gmt":"2022-01-26T07:01:54","guid":{"rendered":"https:\/\/www.asajacyl.com\/palencia\/?p=9765"},"modified":"2022-01-28T06:51:59","modified_gmt":"2022-01-28T05:51:59","slug":"asaja-y-la-alianza-upa-coag-continuan-su-campana-de-protestas-reclamando-precios-justos-para-los-ganaderos-de-leche","status":"publish","type":"post","link":"https:\/\/www.asajacyl.com\/palencia\/asaja-palencia-informa\/asaja-y-la-alianza-upa-coag-continuan-su-campana-de-protestas-reclamando-precios-justos-para-los-ganaderos-de-leche","title":{"rendered":"ASAJA y la Alianza Upa-Coag contin\u00faan su campa\u00f1a de protestas reclamando precios justos para los ganaderos de leche"},"content":{"rendered":"\n<p>ASAJA y la Alianza Upa-Coag contin\u00faan su campa\u00f1a de protestas reclamando precios justos para los ganaderos de leche con un acto a las puertas de dos industrias l\u00e1cteas ubicadas en Castrogonzalo (Zamora), que se celebrar\u00e1 el pr\u00f3ximo martes 1 de febrero.<br>El sector ganadero denunciar\u00e1 nuevamente a las puertas de las industrias, en este caso L\u00c1CTEAS COBREROS S.A. y PROLACTEA (GRUPO ENTREPINARES), que las empresas l\u00e1cteas est\u00e1n bloqueando de forma lamentable el precio de la leche en origen, as\u00ed como la firma de contratos en el ovino.<\/p>\n\n\n\n<p>Se trata del cuarto acto que encabezan ASAJA y la ALIANZA UPA-COAG por el sector l\u00e1cteo, tras las protestas en Valladolid el 20 de agosto, en Zamora el 9 de noviembre y en Le\u00f3n el pasado 13 de diciembre, exigiendo que se cumpla la Ley de Cadena Alimentaria.<\/p>\n\n\n\n<p>En esta ocasi\u00f3n las organizaciones convocantes trasladan su protesta a las puertas de otras dos empresas l\u00e1cteas referentes en el sector l\u00e1cteo de Castilla y Le\u00f3n. El acto comenzar\u00e1 a las 12,00 horas ante L\u00c1CTEAS COBREROS S.A. y posteriormente nos trasladaremos por el camino Pedrerina hasta la entrada de PROLACTEA (GRUPO ENTREPINARES).<\/p>\n\n\n\n<p>De este modo, ASAJA y LA ALIANZA UPA-COAG intensifican sus acciones apuntando a los verdaderos culpables de la situaci\u00f3n de ruina que siguen sufriendo los ganaderos l\u00e1cteos y que son las industrias l\u00e1cteas, que abusan de los ganaderos, y las cadenas de la gran distribuci\u00f3n.<\/p>\n\n\n\n<p>ASAJA y la Alianza UPA-COAG volver\u00e1n a reclamar en la calle el cumplimiento de la nueva Ley de Cadena Alimentaria, ya publicada en el BOE, que proh\u00edbe rotundamente los abusos hacia los productores, ya que establece como obligatorio cubrir los costes de producci\u00f3n en cada operaci\u00f3n, cosa que no est\u00e1 ocurriendo en la actualidad.<\/p>\n\n\n\n<p>Los costes de producci\u00f3n se han disparado en los \u00faltimos meses con precios desorbitados en piensos, energ\u00eda, etc., mientras que los precios que perciben los ganaderos por su trabajo son de aut\u00e9ntica ruina.<\/p>\n\n\n\n<p>ASAJA y la ALIANZA UPA-COAG seguir\u00e1n con su campa\u00f1a de movilizaciones tanto tiempo como haga falta para reclamar lo que es justo ante la situaci\u00f3n de peligro extremo que sufren las explotaciones familiares ganaderas por la nula rentabilidad que obtienen.<\/p>\n\n\n\n<figure class=\"wp-block-image size-large\"><img loading=\"lazy\" decoding=\"async\" width=\"724\" height=\"1024\" src=\"https:\/\/www.asajacyl.com\/palencia\/wp-content\/uploads\/sites\/3\/2022\/01\/CONVOCATORIA-MANIFESTACION-LECHE-ZAMORA-1-724x1024.jpg\" alt=\"\" class=\"wp-image-9781\" srcset=\"https:\/\/www.asajacyl.com\/palencia\/wp-content\/uploads\/sites\/3\/2022\/01\/CONVOCATORIA-MANIFESTACION-LECHE-ZAMORA-1-724x1024.jpg 724w, https:\/\/www.asajacyl.com\/palencia\/wp-content\/uploads\/sites\/3\/2022\/01\/CONVOCATORIA-MANIFESTACION-LECHE-ZAMORA-1-212x300.jpg 212w, https:\/\/www.asajacyl.com\/palencia\/wp-content\/uploads\/sites\/3\/2022\/01\/CONVOCATORIA-MANIFESTACION-LECHE-ZAMORA-1-768x1086.jpg 768w, https:\/\/www.asajacyl.com\/palencia\/wp-content\/uploads\/sites\/3\/2022\/01\/CONVOCATORIA-MANIFESTACION-LECHE-ZAMORA-1-1086x1536.jpg 1086w, https:\/\/www.asajacyl.com\/palencia\/wp-content\/uploads\/sites\/3\/2022\/01\/CONVOCATORIA-MANIFESTACION-LECHE-ZAMORA-1-696x985.jpg 696w, https:\/\/www.asajacyl.com\/palencia\/wp-content\/uploads\/sites\/3\/2022\/01\/CONVOCATORIA-MANIFESTACION-LECHE-ZAMORA-1-1068x1511.jpg 1068w, https:\/\/www.asajacyl.com\/palencia\/wp-content\/uploads\/sites\/3\/2022\/01\/CONVOCATORIA-MANIFESTACION-LECHE-ZAMORA-1-297x420.jpg 297w, https:\/\/www.asajacyl.com\/palencia\/wp-content\/uploads\/sites\/3\/2022\/01\/CONVOCATORIA-MANIFESTACION-LECHE-ZAMORA-1.jpg 1240w\" sizes=\"(max-width: 724px) 100vw, 724px\" \/><\/figure>\n","protected":false},"excerpt":{"rendered":"<p>ASAJA y la Alianza Upa-Coag contin\u00faan su campa\u00f1a de protestas reclamando precios justos para los ganaderos de leche con un acto a las puertas de dos industrias l\u00e1cteas ubicadas en Castrogonzalo (Zamora), que se celebrar\u00e1 el pr\u00f3ximo martes 1 de febrero.El sector ganadero denunciar\u00e1 nuevamente a las puertas de las industrias, en este caso L\u00c1CTEAS [&hellip;]<\/p>\n","protected":false},"author":9,"featured_media":9766,"comment_status":"open","ping_status":"open","sticky":false,"template":"","format":"standard","meta":{"footnotes":""},"categories":[9,29,28],"tags":[],"yoast_head":"<!-- This site is optimized with the Yoast SEO plugin v24.5 - https:\/\/yoast.com\/wordpress\/plugins\/seo\/ -->\n<title>ASAJA y la Alianza Upa-Coag contin\u00faan su campa\u00f1a de protestas reclamando precios justos para los ganaderos de leche - ASAJA Palencia<\/title>\n<meta name=\"description\" content=\"ASAJA y la Alianza Upa-Coag contin\u00faan su campa\u00f1a de protestas reclamando precios justos para los ganaderos de leche con un acto a las puertas de dos\" \/>\n<meta name=\"robots\" content=\"index, follow, max-snippet:-1, max-image-preview:large, max-video-preview:-1\" \/>\n<link rel=\"canonical\" href=\"https:\/\/www.asajacyl.com\/palencia\/asaja-palencia-informa\/asaja-y-la-alianza-upa-coag-continuan-su-campana-de-protestas-reclamando-precios-justos-para-los-ganaderos-de-leche\" \/>\n<meta property=\"og:locale\" content=\"es_ES\" \/>\n<meta property=\"og:type\" content=\"article\" \/>\n<meta property=\"og:title\" content=\"ASAJA y la Alianza Upa-Coag contin\u00faan su campa\u00f1a de protestas reclamando precios justos para los ganaderos de leche - ASAJA Palencia\" \/>\n<meta property=\"og:description\" content=\"ASAJA y la Alianza Upa-Coag contin\u00faan su campa\u00f1a de protestas reclamando precios justos para los ganaderos de leche con un acto a las puertas de dos\" \/>\n<meta property=\"og:url\" content=\"https:\/\/www.asajacyl.com\/palencia\/asaja-palencia-informa\/asaja-y-la-alianza-upa-coag-continuan-su-campana-de-protestas-reclamando-precios-justos-para-los-ganaderos-de-leche\" \/>\n<meta property=\"og:site_name\" content=\"ASAJA Palencia\" \/>\n<meta property=\"article:published_time\" content=\"2022-01-26T07:01:54+00:00\" \/>\n<meta property=\"article:modified_time\" content=\"2022-01-28T05:51:59+00:00\" \/>\n<meta property=\"og:image\" content=\"https:\/\/www.asajacyl.com\/palencia\/wp-content\/uploads\/sites\/3\/2022\/01\/CONVOCATORIA-MANIFESTACION-LECHE-ZAMORA.jpg\" \/>\n\t<meta property=\"og:image:width\" content=\"1240\" \/>\n\t<meta property=\"og:image:height\" content=\"1754\" \/>\n\t<meta property=\"og:image:type\" content=\"image\/jpeg\" \/>\n<meta name=\"author\" content=\"Administrador\" \/>\n<meta name=\"twitter:card\" content=\"summary_large_image\" \/>\n<meta name=\"twitter:label1\" content=\"Escrito por\" \/>\n\t<meta name=\"twitter:data1\" content=\"Administrador\" \/>\n\t<meta name=\"twitter:label2\" content=\"Tiempo de lectura\" \/>\n\t<meta name=\"twitter:data2\" content=\"2 minutos\" \/>\n<script type=\"application\/ld+json\" class=\"yoast-schema-graph\">{\"@context\":\"https:\/\/schema.org\",\"@graph\":[{\"@type\":\"WebPage\",\"@id\":\"https:\/\/www.asajacyl.com\/palencia\/asaja-palencia-informa\/asaja-y-la-alianza-upa-coag-continuan-su-campana-de-protestas-reclamando-precios-justos-para-los-ganaderos-de-leche\",\"url\":\"https:\/\/www.asajacyl.com\/palencia\/asaja-palencia-informa\/asaja-y-la-alianza-upa-coag-continuan-su-campana-de-protestas-reclamando-precios-justos-para-los-ganaderos-de-leche\",\"name\":\"ASAJA y la Alianza Upa-Coag contin\u00faan su campa\u00f1a de protestas reclamando precios justos para los ganaderos de leche - ASAJA Palencia\",\"isPartOf\":{\"@id\":\"https:\/\/www.asajacyl.com\/palencia\/#website\"},\"primaryImageOfPage\":{\"@id\":\"https:\/\/www.asajacyl.com\/palencia\/asaja-palencia-informa\/asaja-y-la-alianza-upa-coag-continuan-su-campana-de-protestas-reclamando-precios-justos-para-los-ganaderos-de-leche#primaryimage\"},\"image\":{\"@id\":\"https:\/\/www.asajacyl.com\/palencia\/asaja-palencia-informa\/asaja-y-la-alianza-upa-coag-continuan-su-campana-de-protestas-reclamando-precios-justos-para-los-ganaderos-de-leche#primaryimage\"},\"thumbnailUrl\":\"https:\/\/www.asajacyl.com\/palencia\/wp-content\/uploads\/sites\/3\/2022\/01\/CONVOCATORIA-MANIFESTACION-LECHE-ZAMORA.jpg\",\"datePublished\":\"2022-01-26T07:01:54+00:00\",\"dateModified\":\"2022-01-28T05:51:59+00:00\",\"author\":{\"@id\":\"https:\/\/www.asajacyl.com\/palencia\/#\/schema\/person\/3ab17aeb03527485c317557fae64aab1\"},\"description\":\"ASAJA y la Alianza Upa-Coag contin\u00faan su campa\u00f1a de protestas reclamando precios justos para los ganaderos de leche con un acto a las puertas de dos\",\"breadcrumb\":{\"@id\":\"https:\/\/www.asajacyl.com\/palencia\/asaja-palencia-informa\/asaja-y-la-alianza-upa-coag-continuan-su-campana-de-protestas-reclamando-precios-justos-para-los-ganaderos-de-leche#breadcrumb\"},\"inLanguage\":\"es\",\"potentialAction\":[{\"@type\":\"ReadAction\",\"target\":[\"https:\/\/www.asajacyl.com\/palencia\/asaja-palencia-informa\/asaja-y-la-alianza-upa-coag-continuan-su-campana-de-protestas-reclamando-precios-justos-para-los-ganaderos-de-leche\"]}]},{\"@type\":\"ImageObject\",\"inLanguage\":\"es\",\"@id\":\"https:\/\/www.asajacyl.com\/palencia\/asaja-palencia-informa\/asaja-y-la-alianza-upa-coag-continuan-su-campana-de-protestas-reclamando-precios-justos-para-los-ganaderos-de-leche#primaryimage\",\"url\":\"https:\/\/www.asajacyl.com\/palencia\/wp-content\/uploads\/sites\/3\/2022\/01\/CONVOCATORIA-MANIFESTACION-LECHE-ZAMORA.jpg\",\"contentUrl\":\"https:\/\/www.asajacyl.com\/palencia\/wp-content\/uploads\/sites\/3\/2022\/01\/CONVOCATORIA-MANIFESTACION-LECHE-ZAMORA.jpg\",\"width\":1240,\"height\":1754},{\"@type\":\"BreadcrumbList\",\"@id\":\"https:\/\/www.asajacyl.com\/palencia\/asaja-palencia-informa\/asaja-y-la-alianza-upa-coag-continuan-su-campana-de-protestas-reclamando-precios-justos-para-los-ganaderos-de-leche#breadcrumb\",\"itemListElement\":[{\"@type\":\"ListItem\",\"position\":1,\"name\":\"Portada\",\"item\":\"https:\/\/www.asajacyl.com\/palencia\/\"},{\"@type\":\"ListItem\",\"position\":2,\"name\":\"ASAJA y la Alianza Upa-Coag contin\u00faan su campa\u00f1a de protestas reclamando precios justos para los ganaderos de leche\"}]},{\"@type\":\"WebSite\",\"@id\":\"https:\/\/www.asajacyl.com\/palencia\/#website\",\"url\":\"https:\/\/www.asajacyl.com\/palencia\/\",\"name\":\"ASAJA Palencia\",\"description\":\"Otro sitio m\u00e1s de Provincias ASAJA Castilla y Le\u00f3n\",\"potentialAction\":[{\"@type\":\"SearchAction\",\"target\":{\"@type\":\"EntryPoint\",\"urlTemplate\":\"https:\/\/www.asajacyl.com\/palencia\/?s={search_term_string}\"},\"query-input\":{\"@type\":\"PropertyValueSpecification\",\"valueRequired\":true,\"valueName\":\"search_term_string\"}}],\"inLanguage\":\"es\"},{\"@type\":\"Person\",\"@id\":\"https:\/\/www.asajacyl.com\/palencia\/#\/schema\/person\/3ab17aeb03527485c317557fae64aab1\",\"name\":\"Administrador\",\"image\":{\"@type\":\"ImageObject\",\"inLanguage\":\"es\",\"@id\":\"https:\/\/www.asajacyl.com\/palencia\/#\/schema\/person\/image\/\",\"url\":\"https:\/\/secure.gravatar.com\/avatar\/517384810d242ca9e38c180f3c9fb973?s=96&d=mm&r=g\",\"contentUrl\":\"https:\/\/secure.gravatar.com\/avatar\/517384810d242ca9e38c180f3c9fb973?s=96&d=mm&r=g\",\"caption\":\"Administrador\"},\"url\":\"https:\/\/www.asajacyl.com\/palencia\/author\/carlosrm\"}]}<\/script>\n<!-- \/ Yoast SEO plugin. -->","yoast_head_json":{"title":"ASAJA y la Alianza Upa-Coag contin\u00faan su campa\u00f1a de protestas reclamando precios justos para los ganaderos de leche - ASAJA Palencia","description":"ASAJA y la Alianza Upa-Coag contin\u00faan su campa\u00f1a de protestas reclamando precios justos para los ganaderos de leche con un acto a las puertas de dos","robots":{"index":"index","follow":"follow","max-snippet":"max-snippet:-1","max-image-preview":"max-image-preview:large","max-video-preview":"max-video-preview:-1"},"canonical":"https:\/\/www.asajacyl.com\/palencia\/asaja-palencia-informa\/asaja-y-la-alianza-upa-coag-continuan-su-campana-de-protestas-reclamando-precios-justos-para-los-ganaderos-de-leche","og_locale":"es_ES","og_type":"article","og_title":"ASAJA y la Alianza Upa-Coag contin\u00faan su campa\u00f1a de protestas reclamando precios justos para los ganaderos de leche - ASAJA Palencia","og_description":"ASAJA y la Alianza Upa-Coag contin\u00faan su campa\u00f1a de protestas reclamando precios justos para los ganaderos de leche con un acto a las puertas de dos","og_url":"https:\/\/www.asajacyl.com\/palencia\/asaja-palencia-informa\/asaja-y-la-alianza-upa-coag-continuan-su-campana-de-protestas-reclamando-precios-justos-para-los-ganaderos-de-leche","og_site_name":"ASAJA Palencia","article_published_time":"2022-01-26T07:01:54+00:00","article_modified_time":"2022-01-28T05:51:59+00:00","og_image":[{"width":1240,"height":1754,"url":"https:\/\/www.asajacyl.com\/palencia\/wp-content\/uploads\/sites\/3\/2022\/01\/CONVOCATORIA-MANIFESTACION-LECHE-ZAMORA.jpg","type":"image\/jpeg"}],"author":"Administrador","twitter_card":"summary_large_image","twitter_misc":{"Escrito por":"Administrador","Tiempo de lectura":"2 minutos"},"schema":{"@context":"https:\/\/schema.org","@graph":[{"@type":"WebPage","@id":"https:\/\/www.asajacyl.com\/palencia\/asaja-palencia-informa\/asaja-y-la-alianza-upa-coag-continuan-su-campana-de-protestas-reclamando-precios-justos-para-los-ganaderos-de-leche","url":"https:\/\/www.asajacyl.com\/palencia\/asaja-palencia-informa\/asaja-y-la-alianza-upa-coag-continuan-su-campana-de-protestas-reclamando-precios-justos-para-los-ganaderos-de-leche","name":"ASAJA y la Alianza Upa-Coag contin\u00faan su campa\u00f1a de protestas reclamando precios justos para los ganaderos de leche - ASAJA Palencia","isPartOf":{"@id":"https:\/\/www.asajacyl.com\/palencia\/#website"},"primaryImageOfPage":{"@id":"https:\/\/www.asajacyl.com\/palencia\/asaja-palencia-informa\/asaja-y-la-alianza-upa-coag-continuan-su-campana-de-protestas-reclamando-precios-justos-para-los-ganaderos-de-leche#primaryimage"},"image":{"@id":"https:\/\/www.asajacyl.com\/palencia\/asaja-palencia-informa\/asaja-y-la-alianza-upa-coag-continuan-su-campana-de-protestas-reclamando-precios-justos-para-los-ganaderos-de-leche#primaryimage"},"thumbnailUrl":"https:\/\/www.asajacyl.com\/palencia\/wp-content\/uploads\/sites\/3\/2022\/01\/CONVOCATORIA-MANIFESTACION-LECHE-ZAMORA.jpg","datePublished":"2022-01-26T07:01:54+00:00","dateModified":"2022-01-28T05:51:59+00:00","author":{"@id":"https:\/\/www.asajacyl.com\/palencia\/#\/schema\/person\/3ab17aeb03527485c317557fae64aab1"},"description":"ASAJA y la Alianza Upa-Coag contin\u00faan su campa\u00f1a de protestas reclamando precios justos para los ganaderos de leche con un acto a las puertas de dos","breadcrumb":{"@id":"https:\/\/www.asajacyl.com\/palencia\/asaja-palencia-informa\/asaja-y-la-alianza-upa-coag-continuan-su-campana-de-protestas-reclamando-precios-justos-para-los-ganaderos-de-leche#breadcrumb"},"inLanguage":"es","potentialAction":[{"@type":"ReadAction","target":["https:\/\/www.asajacyl.com\/palencia\/asaja-palencia-informa\/asaja-y-la-alianza-upa-coag-continuan-su-campana-de-protestas-reclamando-precios-justos-para-los-ganaderos-de-leche"]}]},{"@type":"ImageObject","inLanguage":"es","@id":"https:\/\/www.asajacyl.com\/palencia\/asaja-palencia-informa\/asaja-y-la-alianza-upa-coag-continuan-su-campana-de-protestas-reclamando-precios-justos-para-los-ganaderos-de-leche#primaryimage","url":"https:\/\/www.asajacyl.com\/palencia\/wp-content\/uploads\/sites\/3\/2022\/01\/CONVOCATORIA-MANIFESTACION-LECHE-ZAMORA.jpg","contentUrl":"https:\/\/www.asajacyl.com\/palencia\/wp-content\/uploads\/sites\/3\/2022\/01\/CONVOCATORIA-MANIFESTACION-LECHE-ZAMORA.jpg","width":1240,"height":1754},{"@type":"BreadcrumbList","@id":"https:\/\/www.asajacyl.com\/palencia\/asaja-palencia-informa\/asaja-y-la-alianza-upa-coag-continuan-su-campana-de-protestas-reclamando-precios-justos-para-los-ganaderos-de-leche#breadcrumb","itemListElement":[{"@type":"ListItem","position":1,"name":"Portada","item":"https:\/\/www.asajacyl.com\/palencia\/"},{"@type":"ListItem","position":2,"name":"ASAJA y la Alianza Upa-Coag contin\u00faan su campa\u00f1a de protestas reclamando precios justos para los ganaderos de leche"}]},{"@type":"WebSite","@id":"https:\/\/www.asajacyl.com\/palencia\/#website","url":"https:\/\/www.asajacyl.com\/palencia\/","name":"ASAJA Palencia","description":"Otro sitio m\u00e1s de Provincias ASAJA Castilla y Le\u00f3n","potentialAction":[{"@type":"SearchAction","target":{"@type":"EntryPoint","urlTemplate":"https:\/\/www.asajacyl.com\/palencia\/?s={search_term_string}"},"query-input":{"@type":"PropertyValueSpecification","valueRequired":true,"valueName":"search_term_string"}}],"inLanguage":"es"},{"@type":"Person","@id":"https:\/\/www.asajacyl.com\/palencia\/#\/schema\/person\/3ab17aeb03527485c317557fae64aab1","name":"Administrador","image":{"@type":"ImageObject","inLanguage":"es","@id":"https:\/\/www.asajacyl.com\/palencia\/#\/schema\/person\/image\/","url":"https:\/\/secure.gravatar.com\/avatar\/517384810d242ca9e38c180f3c9fb973?s=96&d=mm&r=g","contentUrl":"https:\/\/secure.gravatar.com\/avatar\/517384810d242ca9e38c180f3c9fb973?s=96&d=mm&r=g","caption":"Administrador"},"url":"https:\/\/www.asajacyl.com\/palencia\/author\/carlosrm"}]}},"_links":{"self":[{"href":"https:\/\/www.asajacyl.com\/palencia\/wp-json\/wp\/v2\/posts\/9765"}],"collection":[{"href":"https:\/\/www.asajacyl.com\/palencia\/wp-json\/wp\/v2\/posts"}],"about":[{"href":"https:\/\/www.asajacyl.com\/palencia\/wp-json\/wp\/v2\/types\/post"}],"author":[{"embeddable":true,"href":"https:\/\/www.asajacyl.com\/palencia\/wp-json\/wp\/v2\/users\/9"}],"replies":[{"embeddable":true,"href":"https:\/\/www.asajacyl.com\/palencia\/wp-json\/wp\/v2\/comments?post=9765"}],"version-history":[{"count":2,"href":"https:\/\/www.asajacyl.com\/palencia\/wp-json\/wp\/v2\/posts\/9765\/revisions"}],"predecessor-version":[{"id":9782,"href":"https:\/\/www.asajacyl.com\/palencia\/wp-json\/wp\/v2\/posts\/9765\/revisions\/9782"}],"wp:featuredmedia":[{"embeddable":true,"href":"https:\/\/www.asajacyl.com\/palencia\/wp-json\/wp\/v2\/media\/9766"}],"wp:attachment":[{"href":"https:\/\/www.asajacyl.com\/palencia\/wp-json\/wp\/v2\/media?parent=9765"}],"wp:term":[{"taxonomy":"category","embeddable":true,"href":"https:\/\/www.asajacyl.com\/palencia\/wp-json\/wp\/v2\/categories?post=9765"},{"taxonomy":"post_tag","embeddable":true,"href":"https:\/\/www.asajacyl.com\/palencia\/wp-json\/wp\/v2\/tags?post=9765"}],"curies":[{"name":"wp","href":"https:\/\/api.w.org\/{rel}","templated":true}]}}