{"id":9774,"date":"2022-01-27T07:53:49","date_gmt":"2022-01-27T06:53:49","guid":{"rendered":"https:\/\/www.asajacyl.com\/palencia\/?p=9774"},"modified":"2022-01-28T06:50:49","modified_gmt":"2022-01-28T05:50:49","slug":"celebradas-las-asambleas-comarcales-en-aguilar-de-campoo-y-herrera-de-pisuerga","status":"publish","type":"post","link":"https:\/\/www.asajacyl.com\/palencia\/asaja-palencia-informa\/celebradas-las-asambleas-comarcales-en-aguilar-de-campoo-y-herrera-de-pisuerga","title":{"rendered":"Celebradas las Asambleas Comarcales en Aguilar de Campoo y Herrera de Pisuerga"},"content":{"rendered":"\n<p>Ayer tuvieron lugar en Aguilar de Campoo, en horario de ma\u00f1ana, y en Herrera de Pisuerga, en horario de tarde, las Asambleas Comarcales que ASAJA-Palencia est\u00e1 celebrando a lo largo y ancho de la provincia. Este a\u00f1o se est\u00e1n renovando en cada comarca los representantes de la Junta Provincial, y de las ramas sectoriales, adem\u00e1s de tratarse todos los temas generales y aquellos que afectan a cada comarca concreta.<\/p>\n\n\n\n<figure class=\"wp-block-image size-large\"><img loading=\"lazy\" decoding=\"async\" width=\"1024\" height=\"768\" src=\"https:\/\/www.asajacyl.com\/palencia\/wp-content\/uploads\/sites\/3\/2022\/01\/HERRERA-1024x768.jpg\" alt=\"\" class=\"wp-image-9775\" srcset=\"https:\/\/www.asajacyl.com\/palencia\/wp-content\/uploads\/sites\/3\/2022\/01\/HERRERA-1024x768.jpg 1024w, https:\/\/www.asajacyl.com\/palencia\/wp-content\/uploads\/sites\/3\/2022\/01\/HERRERA-300x225.jpg 300w, https:\/\/www.asajacyl.com\/palencia\/wp-content\/uploads\/sites\/3\/2022\/01\/HERRERA-768x576.jpg 768w, https:\/\/www.asajacyl.com\/palencia\/wp-content\/uploads\/sites\/3\/2022\/01\/HERRERA-1536x1152.jpg 1536w, https:\/\/www.asajacyl.com\/palencia\/wp-content\/uploads\/sites\/3\/2022\/01\/HERRERA-696x522.jpg 696w, https:\/\/www.asajacyl.com\/palencia\/wp-content\/uploads\/sites\/3\/2022\/01\/HERRERA-1068x801.jpg 1068w, https:\/\/www.asajacyl.com\/palencia\/wp-content\/uploads\/sites\/3\/2022\/01\/HERRERA-1920x1440.jpg 1920w, https:\/\/www.asajacyl.com\/palencia\/wp-content\/uploads\/sites\/3\/2022\/01\/HERRERA-560x420.jpg 560w, https:\/\/www.asajacyl.com\/palencia\/wp-content\/uploads\/sites\/3\/2022\/01\/HERRERA-80x60.jpg 80w, https:\/\/www.asajacyl.com\/palencia\/wp-content\/uploads\/sites\/3\/2022\/01\/HERRERA.jpg 2016w\" sizes=\"(max-width: 1024px) 100vw, 1024px\" \/><\/figure>\n","protected":false},"excerpt":{"rendered":"<p>Ayer tuvieron lugar en Aguilar de Campoo, en horario de ma\u00f1ana, y en Herrera de Pisuerga, en horario de tarde, las Asambleas Comarcales que ASAJA-Palencia est\u00e1 celebrando a lo largo y ancho de la provincia. Este a\u00f1o se est\u00e1n renovando en cada comarca los representantes de la Junta Provincial, y de las ramas sectoriales, adem\u00e1s [&hellip;]<\/p>\n","protected":false},"author":9,"featured_media":9775,"comment_status":"open","ping_status":"open","sticky":false,"template":"","format":"standard","meta":{"footnotes":""},"categories":[9,29,28],"tags":[],"yoast_head":"<!-- This site is optimized with the Yoast SEO plugin v24.5 - https:\/\/yoast.com\/wordpress\/plugins\/seo\/ -->\n<title>Celebradas las Asambleas Comarcales en Aguilar de Campoo y Herrera de Pisuerga - ASAJA Palencia<\/title>\n<meta name=\"description\" content=\"Ayer tuvieron lugar en Aguilar de Campoo, en horario de ma\u00f1ana, y en Herrera de Pisuerga, en horario de tarde, las Asambleas Comarcales que ASAJA-Palencia\" \/>\n<meta name=\"robots\" content=\"index, follow, max-snippet:-1, max-image-preview:large, max-video-preview:-1\" \/>\n<link rel=\"canonical\" href=\"https:\/\/www.asajacyl.com\/palencia\/asaja-palencia-informa\/celebradas-las-asambleas-comarcales-en-aguilar-de-campoo-y-herrera-de-pisuerga\" \/>\n<meta property=\"og:locale\" content=\"es_ES\" \/>\n<meta property=\"og:type\" content=\"article\" \/>\n<meta property=\"og:title\" content=\"Celebradas las Asambleas Comarcales en Aguilar de Campoo y Herrera de Pisuerga - ASAJA Palencia\" \/>\n<meta property=\"og:description\" content=\"Ayer tuvieron lugar en Aguilar de Campoo, en horario de ma\u00f1ana, y en Herrera de Pisuerga, en horario de tarde, las Asambleas Comarcales que ASAJA-Palencia\" \/>\n<meta property=\"og:url\" content=\"https:\/\/www.asajacyl.com\/palencia\/asaja-palencia-informa\/celebradas-las-asambleas-comarcales-en-aguilar-de-campoo-y-herrera-de-pisuerga\" \/>\n<meta property=\"og:site_name\" content=\"ASAJA Palencia\" \/>\n<meta property=\"article:published_time\" content=\"2022-01-27T06:53:49+00:00\" \/>\n<meta property=\"article:modified_time\" content=\"2022-01-28T05:50:49+00:00\" \/>\n<meta property=\"og:image\" content=\"https:\/\/www.asajacyl.com\/palencia\/wp-content\/uploads\/sites\/3\/2022\/01\/HERRERA.jpg\" \/>\n\t<meta property=\"og:image:width\" content=\"2016\" \/>\n\t<meta property=\"og:image:height\" content=\"1512\" \/>\n\t<meta property=\"og:image:type\" content=\"image\/jpeg\" \/>\n<meta name=\"author\" content=\"Administrador\" \/>\n<meta name=\"twitter:card\" content=\"summary_large_image\" \/>\n<meta name=\"twitter:label1\" content=\"Escrito por\" \/>\n\t<meta name=\"twitter:data1\" content=\"Administrador\" \/>\n\t<meta name=\"twitter:label2\" content=\"Tiempo de lectura\" \/>\n\t<meta name=\"twitter:data2\" content=\"1 minuto\" \/>\n<script type=\"application\/ld+json\" class=\"yoast-schema-graph\">{\"@context\":\"https:\/\/schema.org\",\"@graph\":[{\"@type\":\"WebPage\",\"@id\":\"https:\/\/www.asajacyl.com\/palencia\/asaja-palencia-informa\/celebradas-las-asambleas-comarcales-en-aguilar-de-campoo-y-herrera-de-pisuerga\",\"url\":\"https:\/\/www.asajacyl.com\/palencia\/asaja-palencia-informa\/celebradas-las-asambleas-comarcales-en-aguilar-de-campoo-y-herrera-de-pisuerga\",\"name\":\"Celebradas las Asambleas Comarcales en Aguilar de Campoo y Herrera de Pisuerga - ASAJA Palencia\",\"isPartOf\":{\"@id\":\"https:\/\/www.asajacyl.com\/palencia\/#website\"},\"primaryImageOfPage\":{\"@id\":\"https:\/\/www.asajacyl.com\/palencia\/asaja-palencia-informa\/celebradas-las-asambleas-comarcales-en-aguilar-de-campoo-y-herrera-de-pisuerga#primaryimage\"},\"image\":{\"@id\":\"https:\/\/www.asajacyl.com\/palencia\/asaja-palencia-informa\/celebradas-las-asambleas-comarcales-en-aguilar-de-campoo-y-herrera-de-pisuerga#primaryimage\"},\"thumbnailUrl\":\"https:\/\/www.asajacyl.com\/palencia\/wp-content\/uploads\/sites\/3\/2022\/01\/HERRERA.jpg\",\"datePublished\":\"2022-01-27T06:53:49+00:00\",\"dateModified\":\"2022-01-28T05:50:49+00:00\",\"author\":{\"@id\":\"https:\/\/www.asajacyl.com\/palencia\/#\/schema\/person\/3ab17aeb03527485c317557fae64aab1\"},\"description\":\"Ayer tuvieron lugar en Aguilar de Campoo, en horario de ma\u00f1ana, y en Herrera de Pisuerga, en horario de tarde, las Asambleas Comarcales que ASAJA-Palencia\",\"breadcrumb\":{\"@id\":\"https:\/\/www.asajacyl.com\/palencia\/asaja-palencia-informa\/celebradas-las-asambleas-comarcales-en-aguilar-de-campoo-y-herrera-de-pisuerga#breadcrumb\"},\"inLanguage\":\"es\",\"potentialAction\":[{\"@type\":\"ReadAction\",\"target\":[\"https:\/\/www.asajacyl.com\/palencia\/asaja-palencia-informa\/celebradas-las-asambleas-comarcales-en-aguilar-de-campoo-y-herrera-de-pisuerga\"]}]},{\"@type\":\"ImageObject\",\"inLanguage\":\"es\",\"@id\":\"https:\/\/www.asajacyl.com\/palencia\/asaja-palencia-informa\/celebradas-las-asambleas-comarcales-en-aguilar-de-campoo-y-herrera-de-pisuerga#primaryimage\",\"url\":\"https:\/\/www.asajacyl.com\/palencia\/wp-content\/uploads\/sites\/3\/2022\/01\/HERRERA.jpg\",\"contentUrl\":\"https:\/\/www.asajacyl.com\/palencia\/wp-content\/uploads\/sites\/3\/2022\/01\/HERRERA.jpg\",\"width\":2016,\"height\":1512},{\"@type\":\"BreadcrumbList\",\"@id\":\"https:\/\/www.asajacyl.com\/palencia\/asaja-palencia-informa\/celebradas-las-asambleas-comarcales-en-aguilar-de-campoo-y-herrera-de-pisuerga#breadcrumb\",\"itemListElement\":[{\"@type\":\"ListItem\",\"position\":1,\"name\":\"Portada\",\"item\":\"https:\/\/www.asajacyl.com\/palencia\/\"},{\"@type\":\"ListItem\",\"position\":2,\"name\":\"Celebradas las Asambleas Comarcales en Aguilar de Campoo y Herrera de Pisuerga\"}]},{\"@type\":\"WebSite\",\"@id\":\"https:\/\/www.asajacyl.com\/palencia\/#website\",\"url\":\"https:\/\/www.asajacyl.com\/palencia\/\",\"name\":\"ASAJA Palencia\",\"description\":\"Otro sitio m\u00e1s de Provincias ASAJA Castilla y Le\u00f3n\",\"potentialAction\":[{\"@type\":\"SearchAction\",\"target\":{\"@type\":\"EntryPoint\",\"urlTemplate\":\"https:\/\/www.asajacyl.com\/palencia\/?s={search_term_string}\"},\"query-input\":{\"@type\":\"PropertyValueSpecification\",\"valueRequired\":true,\"valueName\":\"search_term_string\"}}],\"inLanguage\":\"es\"},{\"@type\":\"Person\",\"@id\":\"https:\/\/www.asajacyl.com\/palencia\/#\/schema\/person\/3ab17aeb03527485c317557fae64aab1\",\"name\":\"Administrador\",\"image\":{\"@type\":\"ImageObject\",\"inLanguage\":\"es\",\"@id\":\"https:\/\/www.asajacyl.com\/palencia\/#\/schema\/person\/image\/\",\"url\":\"https:\/\/secure.gravatar.com\/avatar\/517384810d242ca9e38c180f3c9fb973?s=96&d=mm&r=g\",\"contentUrl\":\"https:\/\/secure.gravatar.com\/avatar\/517384810d242ca9e38c180f3c9fb973?s=96&d=mm&r=g\",\"caption\":\"Administrador\"},\"url\":\"https:\/\/www.asajacyl.com\/palencia\/author\/carlosrm\"}]}<\/script>\n<!-- \/ Yoast SEO plugin. -->","yoast_head_json":{"title":"Celebradas las Asambleas Comarcales en Aguilar de Campoo y Herrera de Pisuerga - ASAJA Palencia","description":"Ayer tuvieron lugar en Aguilar de Campoo, en horario de ma\u00f1ana, y en Herrera de Pisuerga, en horario de tarde, las Asambleas Comarcales que ASAJA-Palencia","robots":{"index":"index","follow":"follow","max-snippet":"max-snippet:-1","max-image-preview":"max-image-preview:large","max-video-preview":"max-video-preview:-1"},"canonical":"https:\/\/www.asajacyl.com\/palencia\/asaja-palencia-informa\/celebradas-las-asambleas-comarcales-en-aguilar-de-campoo-y-herrera-de-pisuerga","og_locale":"es_ES","og_type":"article","og_title":"Celebradas las Asambleas Comarcales en Aguilar de Campoo y Herrera de Pisuerga - ASAJA Palencia","og_description":"Ayer tuvieron lugar en Aguilar de Campoo, en horario de ma\u00f1ana, y en Herrera de Pisuerga, en horario de tarde, las Asambleas Comarcales que ASAJA-Palencia","og_url":"https:\/\/www.asajacyl.com\/palencia\/asaja-palencia-informa\/celebradas-las-asambleas-comarcales-en-aguilar-de-campoo-y-herrera-de-pisuerga","og_site_name":"ASAJA Palencia","article_published_time":"2022-01-27T06:53:49+00:00","article_modified_time":"2022-01-28T05:50:49+00:00","og_image":[{"width":2016,"height":1512,"url":"https:\/\/www.asajacyl.com\/palencia\/wp-content\/uploads\/sites\/3\/2022\/01\/HERRERA.jpg","type":"image\/jpeg"}],"author":"Administrador","twitter_card":"summary_large_image","twitter_misc":{"Escrito por":"Administrador","Tiempo de lectura":"1 minuto"},"schema":{"@context":"https:\/\/schema.org","@graph":[{"@type":"WebPage","@id":"https:\/\/www.asajacyl.com\/palencia\/asaja-palencia-informa\/celebradas-las-asambleas-comarcales-en-aguilar-de-campoo-y-herrera-de-pisuerga","url":"https:\/\/www.asajacyl.com\/palencia\/asaja-palencia-informa\/celebradas-las-asambleas-comarcales-en-aguilar-de-campoo-y-herrera-de-pisuerga","name":"Celebradas las Asambleas Comarcales en Aguilar de Campoo y Herrera de Pisuerga - ASAJA Palencia","isPartOf":{"@id":"https:\/\/www.asajacyl.com\/palencia\/#website"},"primaryImageOfPage":{"@id":"https:\/\/www.asajacyl.com\/palencia\/asaja-palencia-informa\/celebradas-las-asambleas-comarcales-en-aguilar-de-campoo-y-herrera-de-pisuerga#primaryimage"},"image":{"@id":"https:\/\/www.asajacyl.com\/palencia\/asaja-palencia-informa\/celebradas-las-asambleas-comarcales-en-aguilar-de-campoo-y-herrera-de-pisuerga#primaryimage"},"thumbnailUrl":"https:\/\/www.asajacyl.com\/palencia\/wp-content\/uploads\/sites\/3\/2022\/01\/HERRERA.jpg","datePublished":"2022-01-27T06:53:49+00:00","dateModified":"2022-01-28T05:50:49+00:00","author":{"@id":"https:\/\/www.asajacyl.com\/palencia\/#\/schema\/person\/3ab17aeb03527485c317557fae64aab1"},"description":"Ayer tuvieron lugar en Aguilar de Campoo, en horario de ma\u00f1ana, y en Herrera de Pisuerga, en horario de tarde, las Asambleas Comarcales que ASAJA-Palencia","breadcrumb":{"@id":"https:\/\/www.asajacyl.com\/palencia\/asaja-palencia-informa\/celebradas-las-asambleas-comarcales-en-aguilar-de-campoo-y-herrera-de-pisuerga#breadcrumb"},"inLanguage":"es","potentialAction":[{"@type":"ReadAction","target":["https:\/\/www.asajacyl.com\/palencia\/asaja-palencia-informa\/celebradas-las-asambleas-comarcales-en-aguilar-de-campoo-y-herrera-de-pisuerga"]}]},{"@type":"ImageObject","inLanguage":"es","@id":"https:\/\/www.asajacyl.com\/palencia\/asaja-palencia-informa\/celebradas-las-asambleas-comarcales-en-aguilar-de-campoo-y-herrera-de-pisuerga#primaryimage","url":"https:\/\/www.asajacyl.com\/palencia\/wp-content\/uploads\/sites\/3\/2022\/01\/HERRERA.jpg","contentUrl":"https:\/\/www.asajacyl.com\/palencia\/wp-content\/uploads\/sites\/3\/2022\/01\/HERRERA.jpg","width":2016,"height":1512},{"@type":"BreadcrumbList","@id":"https:\/\/www.asajacyl.com\/palencia\/asaja-palencia-informa\/celebradas-las-asambleas-comarcales-en-aguilar-de-campoo-y-herrera-de-pisuerga#breadcrumb","itemListElement":[{"@type":"ListItem","position":1,"name":"Portada","item":"https:\/\/www.asajacyl.com\/palencia\/"},{"@type":"ListItem","position":2,"name":"Celebradas las Asambleas Comarcales en Aguilar de Campoo y Herrera de Pisuerga"}]},{"@type":"WebSite","@id":"https:\/\/www.asajacyl.com\/palencia\/#website","url":"https:\/\/www.asajacyl.com\/palencia\/","name":"ASAJA Palencia","description":"Otro sitio m\u00e1s de Provincias ASAJA Castilla y Le\u00f3n","potentialAction":[{"@type":"SearchAction","target":{"@type":"EntryPoint","urlTemplate":"https:\/\/www.asajacyl.com\/palencia\/?s={search_term_string}"},"query-input":{"@type":"PropertyValueSpecification","valueRequired":true,"valueName":"search_term_string"}}],"inLanguage":"es"},{"@type":"Person","@id":"https:\/\/www.asajacyl.com\/palencia\/#\/schema\/person\/3ab17aeb03527485c317557fae64aab1","name":"Administrador","image":{"@type":"ImageObject","inLanguage":"es","@id":"https:\/\/www.asajacyl.com\/palencia\/#\/schema\/person\/image\/","url":"https:\/\/secure.gravatar.com\/avatar\/517384810d242ca9e38c180f3c9fb973?s=96&d=mm&r=g","contentUrl":"https:\/\/secure.gravatar.com\/avatar\/517384810d242ca9e38c180f3c9fb973?s=96&d=mm&r=g","caption":"Administrador"},"url":"https:\/\/www.asajacyl.com\/palencia\/author\/carlosrm"}]}},"_links":{"self":[{"href":"https:\/\/www.asajacyl.com\/palencia\/wp-json\/wp\/v2\/posts\/9774"}],"collection":[{"href":"https:\/\/www.asajacyl.com\/palencia\/wp-json\/wp\/v2\/posts"}],"about":[{"href":"https:\/\/www.asajacyl.com\/palencia\/wp-json\/wp\/v2\/types\/post"}],"author":[{"embeddable":true,"href":"https:\/\/www.asajacyl.com\/palencia\/wp-json\/wp\/v2\/users\/9"}],"replies":[{"embeddable":true,"href":"https:\/\/www.asajacyl.com\/palencia\/wp-json\/wp\/v2\/comments?post=9774"}],"version-history":[{"count":2,"href":"https:\/\/www.asajacyl.com\/palencia\/wp-json\/wp\/v2\/posts\/9774\/revisions"}],"predecessor-version":[{"id":9779,"href":"https:\/\/www.asajacyl.com\/palencia\/wp-json\/wp\/v2\/posts\/9774\/revisions\/9779"}],"wp:featuredmedia":[{"embeddable":true,"href":"https:\/\/www.asajacyl.com\/palencia\/wp-json\/wp\/v2\/media\/9775"}],"wp:attachment":[{"href":"https:\/\/www.asajacyl.com\/palencia\/wp-json\/wp\/v2\/media?parent=9774"}],"wp:term":[{"taxonomy":"category","embeddable":true,"href":"https:\/\/www.asajacyl.com\/palencia\/wp-json\/wp\/v2\/categories?post=9774"},{"taxonomy":"post_tag","embeddable":true,"href":"https:\/\/www.asajacyl.com\/palencia\/wp-json\/wp\/v2\/tags?post=9774"}],"curies":[{"name":"wp","href":"https:\/\/api.w.org\/{rel}","templated":true}]}}