{"id":9783,"date":"2022-01-28T06:41:49","date_gmt":"2022-01-28T05:41:49","guid":{"rendered":"https:\/\/www.asajacyl.com\/palencia\/?p=9783"},"modified":"2022-01-28T06:41:51","modified_gmt":"2022-01-28T05:41:51","slug":"positivo-cierre-de-la-campana-de-remolacha","status":"publish","type":"post","link":"https:\/\/www.asajacyl.com\/palencia\/asaja-palencia-informa\/positivo-cierre-de-la-campana-de-remolacha","title":{"rendered":"Positivo cierre de la campa\u00f1a de remolacha"},"content":{"rendered":"\n<p>A punto de finalizar la campa\u00f1a de remolacha en Castilla y Le\u00f3n, la valoraci\u00f3n que se puede hacer de la misma, es muy positiva, con unos excelentes resultados, tanto de rendimientos como de calidad. Las medias de producci\u00f3n de ACOR, y de la f\u00e1brica de Azucarera en Toro (Zamora), han superado las 108 toneladas tipo por hect\u00e1rea. Un poco m\u00e1s baja ha sido la media de la f\u00e1brica de Miranda de Ebro (Burgos), que a\u00fan as\u00ed ha superado las 100 toneladas. Ha sido tambi\u00e9n un buen a\u00f1o en lo que respecta a la polarizaci\u00f3n, cuya media se ha situado sobre los 17,70 grados.<\/p>\n\n\n\n<p>Las entregas de remolacha, se han podido realizar a buen ritmo, con recepciones en ACOR, que en algunos momentos han superados las 18.000 toneladas diarias. Solamente la azucarera de Miranda de Ebro tuvo que cerrar de forma temporal a mediados de diciembre por las lluvias. Los agricultores que siembran remolacha, ya est\u00e1n inmersos en preparar la nueva campa\u00f1a remolachera, cuyas siembras se realizar\u00e1n en breve y para lo que tendr\u00e1n que contar con la nueva tramitaci\u00f3n que deben realizar previamente a la siembra si van a utilizar semilla tratada con neonicotinoides.<\/p>\n","protected":false},"excerpt":{"rendered":"<p>A punto de finalizar la campa\u00f1a de remolacha en Castilla y Le\u00f3n, la valoraci\u00f3n que se puede hacer de la misma, es muy positiva, con unos excelentes resultados, tanto de rendimientos como de calidad. Las medias de producci\u00f3n de ACOR, y de la f\u00e1brica de Azucarera en Toro (Zamora), han superado las 108 toneladas tipo [&hellip;]<\/p>\n","protected":false},"author":9,"featured_media":5807,"comment_status":"open","ping_status":"open","sticky":false,"template":"","format":"standard","meta":{"footnotes":""},"categories":[9,29,28],"tags":[],"yoast_head":"<!-- This site is optimized with the Yoast SEO plugin v24.5 - https:\/\/yoast.com\/wordpress\/plugins\/seo\/ -->\n<title>Positivo cierre de la campa\u00f1a de remolacha - ASAJA Palencia<\/title>\n<meta name=\"description\" content=\"A punto de finalizar la campa\u00f1a de remolacha en Castilla y Le\u00f3n, la valoraci\u00f3n que se puede hacer de la misma, es muy positiva, con unos excelentes\" \/>\n<meta name=\"robots\" content=\"index, follow, max-snippet:-1, max-image-preview:large, max-video-preview:-1\" \/>\n<link rel=\"canonical\" href=\"https:\/\/www.asajacyl.com\/palencia\/asaja-palencia-informa\/positivo-cierre-de-la-campana-de-remolacha\" \/>\n<meta property=\"og:locale\" content=\"es_ES\" \/>\n<meta property=\"og:type\" content=\"article\" \/>\n<meta property=\"og:title\" content=\"Positivo cierre de la campa\u00f1a de remolacha - ASAJA Palencia\" \/>\n<meta property=\"og:description\" content=\"A punto de finalizar la campa\u00f1a de remolacha en Castilla y Le\u00f3n, la valoraci\u00f3n que se puede hacer de la misma, es muy positiva, con unos excelentes\" \/>\n<meta property=\"og:url\" content=\"https:\/\/www.asajacyl.com\/palencia\/asaja-palencia-informa\/positivo-cierre-de-la-campana-de-remolacha\" \/>\n<meta property=\"og:site_name\" content=\"ASAJA Palencia\" \/>\n<meta property=\"article:published_time\" content=\"2022-01-28T05:41:49+00:00\" \/>\n<meta property=\"article:modified_time\" content=\"2022-01-28T05:41:51+00:00\" \/>\n<meta property=\"og:image\" content=\"https:\/\/www.asajacyl.com\/palencia\/wp-content\/uploads\/sites\/3\/2019\/01\/remolacha1-VALL.jpg\" \/>\n\t<meta property=\"og:image:width\" content=\"1213\" \/>\n\t<meta property=\"og:image:height\" content=\"772\" \/>\n\t<meta property=\"og:image:type\" content=\"image\/jpeg\" \/>\n<meta name=\"author\" content=\"Administrador\" \/>\n<meta name=\"twitter:card\" content=\"summary_large_image\" \/>\n<meta name=\"twitter:label1\" content=\"Escrito por\" \/>\n\t<meta name=\"twitter:data1\" content=\"Administrador\" \/>\n\t<meta name=\"twitter:label2\" content=\"Tiempo de lectura\" \/>\n\t<meta name=\"twitter:data2\" content=\"1 minuto\" \/>\n<script type=\"application\/ld+json\" class=\"yoast-schema-graph\">{\"@context\":\"https:\/\/schema.org\",\"@graph\":[{\"@type\":\"WebPage\",\"@id\":\"https:\/\/www.asajacyl.com\/palencia\/asaja-palencia-informa\/positivo-cierre-de-la-campana-de-remolacha\",\"url\":\"https:\/\/www.asajacyl.com\/palencia\/asaja-palencia-informa\/positivo-cierre-de-la-campana-de-remolacha\",\"name\":\"Positivo cierre de la campa\u00f1a de remolacha - ASAJA Palencia\",\"isPartOf\":{\"@id\":\"https:\/\/www.asajacyl.com\/palencia\/#website\"},\"primaryImageOfPage\":{\"@id\":\"https:\/\/www.asajacyl.com\/palencia\/asaja-palencia-informa\/positivo-cierre-de-la-campana-de-remolacha#primaryimage\"},\"image\":{\"@id\":\"https:\/\/www.asajacyl.com\/palencia\/asaja-palencia-informa\/positivo-cierre-de-la-campana-de-remolacha#primaryimage\"},\"thumbnailUrl\":\"https:\/\/www.asajacyl.com\/palencia\/wp-content\/uploads\/sites\/3\/2019\/01\/remolacha1-VALL.jpg\",\"datePublished\":\"2022-01-28T05:41:49+00:00\",\"dateModified\":\"2022-01-28T05:41:51+00:00\",\"author\":{\"@id\":\"https:\/\/www.asajacyl.com\/palencia\/#\/schema\/person\/3ab17aeb03527485c317557fae64aab1\"},\"description\":\"A punto de finalizar la campa\u00f1a de remolacha en Castilla y Le\u00f3n, la valoraci\u00f3n que se puede hacer de la misma, es muy positiva, con unos excelentes\",\"breadcrumb\":{\"@id\":\"https:\/\/www.asajacyl.com\/palencia\/asaja-palencia-informa\/positivo-cierre-de-la-campana-de-remolacha#breadcrumb\"},\"inLanguage\":\"es\",\"potentialAction\":[{\"@type\":\"ReadAction\",\"target\":[\"https:\/\/www.asajacyl.com\/palencia\/asaja-palencia-informa\/positivo-cierre-de-la-campana-de-remolacha\"]}]},{\"@type\":\"ImageObject\",\"inLanguage\":\"es\",\"@id\":\"https:\/\/www.asajacyl.com\/palencia\/asaja-palencia-informa\/positivo-cierre-de-la-campana-de-remolacha#primaryimage\",\"url\":\"https:\/\/www.asajacyl.com\/palencia\/wp-content\/uploads\/sites\/3\/2019\/01\/remolacha1-VALL.jpg\",\"contentUrl\":\"https:\/\/www.asajacyl.com\/palencia\/wp-content\/uploads\/sites\/3\/2019\/01\/remolacha1-VALL.jpg\",\"width\":1213,\"height\":772},{\"@type\":\"BreadcrumbList\",\"@id\":\"https:\/\/www.asajacyl.com\/palencia\/asaja-palencia-informa\/positivo-cierre-de-la-campana-de-remolacha#breadcrumb\",\"itemListElement\":[{\"@type\":\"ListItem\",\"position\":1,\"name\":\"Portada\",\"item\":\"https:\/\/www.asajacyl.com\/palencia\/\"},{\"@type\":\"ListItem\",\"position\":2,\"name\":\"Positivo cierre de la campa\u00f1a de remolacha\"}]},{\"@type\":\"WebSite\",\"@id\":\"https:\/\/www.asajacyl.com\/palencia\/#website\",\"url\":\"https:\/\/www.asajacyl.com\/palencia\/\",\"name\":\"ASAJA Palencia\",\"description\":\"Otro sitio m\u00e1s de Provincias ASAJA Castilla y Le\u00f3n\",\"potentialAction\":[{\"@type\":\"SearchAction\",\"target\":{\"@type\":\"EntryPoint\",\"urlTemplate\":\"https:\/\/www.asajacyl.com\/palencia\/?s={search_term_string}\"},\"query-input\":{\"@type\":\"PropertyValueSpecification\",\"valueRequired\":true,\"valueName\":\"search_term_string\"}}],\"inLanguage\":\"es\"},{\"@type\":\"Person\",\"@id\":\"https:\/\/www.asajacyl.com\/palencia\/#\/schema\/person\/3ab17aeb03527485c317557fae64aab1\",\"name\":\"Administrador\",\"image\":{\"@type\":\"ImageObject\",\"inLanguage\":\"es\",\"@id\":\"https:\/\/www.asajacyl.com\/palencia\/#\/schema\/person\/image\/\",\"url\":\"https:\/\/secure.gravatar.com\/avatar\/517384810d242ca9e38c180f3c9fb973?s=96&d=mm&r=g\",\"contentUrl\":\"https:\/\/secure.gravatar.com\/avatar\/517384810d242ca9e38c180f3c9fb973?s=96&d=mm&r=g\",\"caption\":\"Administrador\"},\"url\":\"https:\/\/www.asajacyl.com\/palencia\/author\/carlosrm\"}]}<\/script>\n<!-- \/ Yoast SEO plugin. -->","yoast_head_json":{"title":"Positivo cierre de la campa\u00f1a de remolacha - ASAJA Palencia","description":"A punto de finalizar la campa\u00f1a de remolacha en Castilla y Le\u00f3n, la valoraci\u00f3n que se puede hacer de la misma, es muy positiva, con unos excelentes","robots":{"index":"index","follow":"follow","max-snippet":"max-snippet:-1","max-image-preview":"max-image-preview:large","max-video-preview":"max-video-preview:-1"},"canonical":"https:\/\/www.asajacyl.com\/palencia\/asaja-palencia-informa\/positivo-cierre-de-la-campana-de-remolacha","og_locale":"es_ES","og_type":"article","og_title":"Positivo cierre de la campa\u00f1a de remolacha - ASAJA Palencia","og_description":"A punto de finalizar la campa\u00f1a de remolacha en Castilla y Le\u00f3n, la valoraci\u00f3n que se puede hacer de la misma, es muy positiva, con unos excelentes","og_url":"https:\/\/www.asajacyl.com\/palencia\/asaja-palencia-informa\/positivo-cierre-de-la-campana-de-remolacha","og_site_name":"ASAJA Palencia","article_published_time":"2022-01-28T05:41:49+00:00","article_modified_time":"2022-01-28T05:41:51+00:00","og_image":[{"width":1213,"height":772,"url":"https:\/\/www.asajacyl.com\/palencia\/wp-content\/uploads\/sites\/3\/2019\/01\/remolacha1-VALL.jpg","type":"image\/jpeg"}],"author":"Administrador","twitter_card":"summary_large_image","twitter_misc":{"Escrito por":"Administrador","Tiempo de lectura":"1 minuto"},"schema":{"@context":"https:\/\/schema.org","@graph":[{"@type":"WebPage","@id":"https:\/\/www.asajacyl.com\/palencia\/asaja-palencia-informa\/positivo-cierre-de-la-campana-de-remolacha","url":"https:\/\/www.asajacyl.com\/palencia\/asaja-palencia-informa\/positivo-cierre-de-la-campana-de-remolacha","name":"Positivo cierre de la campa\u00f1a de remolacha - ASAJA Palencia","isPartOf":{"@id":"https:\/\/www.asajacyl.com\/palencia\/#website"},"primaryImageOfPage":{"@id":"https:\/\/www.asajacyl.com\/palencia\/asaja-palencia-informa\/positivo-cierre-de-la-campana-de-remolacha#primaryimage"},"image":{"@id":"https:\/\/www.asajacyl.com\/palencia\/asaja-palencia-informa\/positivo-cierre-de-la-campana-de-remolacha#primaryimage"},"thumbnailUrl":"https:\/\/www.asajacyl.com\/palencia\/wp-content\/uploads\/sites\/3\/2019\/01\/remolacha1-VALL.jpg","datePublished":"2022-01-28T05:41:49+00:00","dateModified":"2022-01-28T05:41:51+00:00","author":{"@id":"https:\/\/www.asajacyl.com\/palencia\/#\/schema\/person\/3ab17aeb03527485c317557fae64aab1"},"description":"A punto de finalizar la campa\u00f1a de remolacha en Castilla y Le\u00f3n, la valoraci\u00f3n que se puede hacer de la misma, es muy positiva, con unos excelentes","breadcrumb":{"@id":"https:\/\/www.asajacyl.com\/palencia\/asaja-palencia-informa\/positivo-cierre-de-la-campana-de-remolacha#breadcrumb"},"inLanguage":"es","potentialAction":[{"@type":"ReadAction","target":["https:\/\/www.asajacyl.com\/palencia\/asaja-palencia-informa\/positivo-cierre-de-la-campana-de-remolacha"]}]},{"@type":"ImageObject","inLanguage":"es","@id":"https:\/\/www.asajacyl.com\/palencia\/asaja-palencia-informa\/positivo-cierre-de-la-campana-de-remolacha#primaryimage","url":"https:\/\/www.asajacyl.com\/palencia\/wp-content\/uploads\/sites\/3\/2019\/01\/remolacha1-VALL.jpg","contentUrl":"https:\/\/www.asajacyl.com\/palencia\/wp-content\/uploads\/sites\/3\/2019\/01\/remolacha1-VALL.jpg","width":1213,"height":772},{"@type":"BreadcrumbList","@id":"https:\/\/www.asajacyl.com\/palencia\/asaja-palencia-informa\/positivo-cierre-de-la-campana-de-remolacha#breadcrumb","itemListElement":[{"@type":"ListItem","position":1,"name":"Portada","item":"https:\/\/www.asajacyl.com\/palencia\/"},{"@type":"ListItem","position":2,"name":"Positivo cierre de la campa\u00f1a de remolacha"}]},{"@type":"WebSite","@id":"https:\/\/www.asajacyl.com\/palencia\/#website","url":"https:\/\/www.asajacyl.com\/palencia\/","name":"ASAJA Palencia","description":"Otro sitio m\u00e1s de Provincias ASAJA Castilla y Le\u00f3n","potentialAction":[{"@type":"SearchAction","target":{"@type":"EntryPoint","urlTemplate":"https:\/\/www.asajacyl.com\/palencia\/?s={search_term_string}"},"query-input":{"@type":"PropertyValueSpecification","valueRequired":true,"valueName":"search_term_string"}}],"inLanguage":"es"},{"@type":"Person","@id":"https:\/\/www.asajacyl.com\/palencia\/#\/schema\/person\/3ab17aeb03527485c317557fae64aab1","name":"Administrador","image":{"@type":"ImageObject","inLanguage":"es","@id":"https:\/\/www.asajacyl.com\/palencia\/#\/schema\/person\/image\/","url":"https:\/\/secure.gravatar.com\/avatar\/517384810d242ca9e38c180f3c9fb973?s=96&d=mm&r=g","contentUrl":"https:\/\/secure.gravatar.com\/avatar\/517384810d242ca9e38c180f3c9fb973?s=96&d=mm&r=g","caption":"Administrador"},"url":"https:\/\/www.asajacyl.com\/palencia\/author\/carlosrm"}]}},"_links":{"self":[{"href":"https:\/\/www.asajacyl.com\/palencia\/wp-json\/wp\/v2\/posts\/9783"}],"collection":[{"href":"https:\/\/www.asajacyl.com\/palencia\/wp-json\/wp\/v2\/posts"}],"about":[{"href":"https:\/\/www.asajacyl.com\/palencia\/wp-json\/wp\/v2\/types\/post"}],"author":[{"embeddable":true,"href":"https:\/\/www.asajacyl.com\/palencia\/wp-json\/wp\/v2\/users\/9"}],"replies":[{"embeddable":true,"href":"https:\/\/www.asajacyl.com\/palencia\/wp-json\/wp\/v2\/comments?post=9783"}],"version-history":[{"count":1,"href":"https:\/\/www.asajacyl.com\/palencia\/wp-json\/wp\/v2\/posts\/9783\/revisions"}],"predecessor-version":[{"id":9784,"href":"https:\/\/www.asajacyl.com\/palencia\/wp-json\/wp\/v2\/posts\/9783\/revisions\/9784"}],"wp:featuredmedia":[{"embeddable":true,"href":"https:\/\/www.asajacyl.com\/palencia\/wp-json\/wp\/v2\/media\/5807"}],"wp:attachment":[{"href":"https:\/\/www.asajacyl.com\/palencia\/wp-json\/wp\/v2\/media?parent=9783"}],"wp:term":[{"taxonomy":"category","embeddable":true,"href":"https:\/\/www.asajacyl.com\/palencia\/wp-json\/wp\/v2\/categories?post=9783"},{"taxonomy":"post_tag","embeddable":true,"href":"https:\/\/www.asajacyl.com\/palencia\/wp-json\/wp\/v2\/tags?post=9783"}],"curies":[{"name":"wp","href":"https:\/\/api.w.org\/{rel}","templated":true}]}}