{"id":9785,"date":"2022-01-28T07:34:36","date_gmt":"2022-01-28T06:34:36","guid":{"rendered":"https:\/\/www.asajacyl.com\/palencia\/?p=9785"},"modified":"2022-01-28T12:48:06","modified_gmt":"2022-01-28T11:48:06","slug":"el-fega-publica-los-derechos-para-la-pac-2022","status":"publish","type":"post","link":"https:\/\/www.asajacyl.com\/palencia\/asaja-palencia-informa\/el-fega-publica-los-derechos-para-la-pac-2022","title":{"rendered":"El FEGA publica los derechos para la PAC 2022"},"content":{"rendered":"\n<p>Ya se puede consultar en la web del Fondo Espa\u00f1ol de Garant\u00eda Agraria (FEGA) el importe de los derechos de pago b\u00e1sico para la PAC 2022. Para ello se puede acceder mediante <a href=\"https:\/\/www3.sede.fega.gob.es\/BdcGpbConsultaPublica\/inicio\/inicio.action\">esta web<\/a> y es preciso conocer el c\u00f3digo de uno de los derechos del titular que realiza la consulta o utilizar el certificado digital.<\/p>\n\n\n\n<p>Este a\u00f1o se ha vuelto a producir lo que se conoce como convergencia, algo que perjudic\u00f3 am\u00faltiples agricultores y fue un ataque en toda regla sobre todo para la ganader\u00eda el pasado a\u00f1o. El Ministerio hizo caso omiso a las advertencias de ASAJA y realiz\u00f3 una brusca reducci\u00f3n de los derechos a muchos ganaderos que, incr\u00e9dulos, hab\u00edan visto como a\u00f1os antes se hab\u00edan incluido los importes que correspond\u00edan a la ganader\u00eda en derechos asociados a la superficie, y el pasado a\u00f1o se les hab\u00edan reducido los derechos por tener un importe superior a la media, como es normal si al valor correspondiente a los cultivos a\u00f1ades el correspondiente al ganado.<\/p>\n\n\n\n<p>Afortunadamente este a\u00f1o la convergencia es m\u00e1s suave pero el importe del a\u00f1o anterior ya est\u00e1 perdido y ahora, aunque sea menor cantidad, se une lo que ya no hay con lo que se vuelve a perder. Toda una incongruencia si se quiere mantener la actividad ganadera, m\u00e1xime con el incremento de los costes de producci\u00f3n que ha habido en el \u00faltimo a\u00f1o.<\/p>\n\n\n\n<p>El FEGA tambi\u00e9n ha publicado el importe medio para cada regi\u00f3n, que servir\u00e1 para otorgar los derechos de la reserva nacional. Los que afectan a Palencia son los siguientes:<\/p>\n\n\n\n<ul><li>SECANO:<ul><li>Regi\u00f3n 0301 (Guardo): 81,76 \u20ac\/ha<\/li><li>Regi\u00f3n 0401 (Resto): 89,92 \u20ac\/ha<\/li><li>Regi\u00f3n 0501 (El Cerrato): 105,07 \u20ac\/ha<\/li><\/ul><\/li><li>REGAD\u00cdO:<ul><li>Regi\u00f3n 0601 (Guardo, Cervera, Aguilar): 125,74 \u20ac\/ha<\/li><li>Regi\u00f3n 1201 (El Cerrato, Campos, Boedo-Ojeda): 220,35 \u20ac\/ha<\/li><li>Regi\u00f3n 1601 (Salda\u00f1a): 272,32 \u20ac\/ha<\/li><\/ul><\/li><li>PASTOS<ul><li>Regi\u00f3n 0203 (Todas): 80,66 \u20ac\/ha<\/li><\/ul><\/li><\/ul>\n","protected":false},"excerpt":{"rendered":"<p>Ya se puede consultar en la web del Fondo Espa\u00f1ol de Garant\u00eda Agraria (FEGA) el importe de los derechos de pago b\u00e1sico para la PAC 2022. Para ello se puede acceder mediante esta web y es preciso conocer el c\u00f3digo de uno de los derechos del titular que realiza la consulta o utilizar el certificado [&hellip;]<\/p>\n","protected":false},"author":9,"featured_media":9366,"comment_status":"open","ping_status":"open","sticky":false,"template":"","format":"standard","meta":{"footnotes":""},"categories":[9,29,28],"tags":[],"yoast_head":"<!-- This site is optimized with the Yoast SEO plugin v24.5 - https:\/\/yoast.com\/wordpress\/plugins\/seo\/ -->\n<title>El FEGA publica los derechos para la PAC 2022 - ASAJA Palencia<\/title>\n<meta name=\"description\" content=\"Ya se puede consultar en la web del Fondo Espa\u00f1ol de Garant\u00eda Agraria (FEGA) el importe de los derechos de pago b\u00e1sico para la PAC 2022. Para ello se\" \/>\n<meta name=\"robots\" content=\"index, follow, max-snippet:-1, max-image-preview:large, max-video-preview:-1\" \/>\n<link rel=\"canonical\" href=\"https:\/\/www.asajacyl.com\/palencia\/asaja-palencia-informa\/el-fega-publica-los-derechos-para-la-pac-2022\" \/>\n<meta property=\"og:locale\" content=\"es_ES\" \/>\n<meta property=\"og:type\" content=\"article\" \/>\n<meta property=\"og:title\" content=\"El FEGA publica los derechos para la PAC 2022 - ASAJA Palencia\" \/>\n<meta property=\"og:description\" content=\"Ya se puede consultar en la web del Fondo Espa\u00f1ol de Garant\u00eda Agraria (FEGA) el importe de los derechos de pago b\u00e1sico para la PAC 2022. Para ello se\" \/>\n<meta property=\"og:url\" content=\"https:\/\/www.asajacyl.com\/palencia\/asaja-palencia-informa\/el-fega-publica-los-derechos-para-la-pac-2022\" \/>\n<meta property=\"og:site_name\" content=\"ASAJA Palencia\" \/>\n<meta property=\"article:published_time\" content=\"2022-01-28T06:34:36+00:00\" \/>\n<meta property=\"article:modified_time\" content=\"2022-01-28T11:48:06+00:00\" \/>\n<meta property=\"og:image\" content=\"https:\/\/www.asajacyl.com\/palencia\/wp-content\/uploads\/sites\/3\/2021\/11\/PHOTO-2021-11-24-09-30-17.jpg\" \/>\n\t<meta property=\"og:image:width\" content=\"1600\" \/>\n\t<meta property=\"og:image:height\" content=\"900\" \/>\n\t<meta property=\"og:image:type\" content=\"image\/jpeg\" \/>\n<meta name=\"author\" content=\"Administrador\" \/>\n<meta name=\"twitter:card\" content=\"summary_large_image\" \/>\n<meta name=\"twitter:label1\" content=\"Escrito por\" \/>\n\t<meta name=\"twitter:data1\" content=\"Administrador\" \/>\n\t<meta name=\"twitter:label2\" content=\"Tiempo de lectura\" \/>\n\t<meta name=\"twitter:data2\" content=\"2 minutos\" \/>\n<script type=\"application\/ld+json\" class=\"yoast-schema-graph\">{\"@context\":\"https:\/\/schema.org\",\"@graph\":[{\"@type\":\"WebPage\",\"@id\":\"https:\/\/www.asajacyl.com\/palencia\/asaja-palencia-informa\/el-fega-publica-los-derechos-para-la-pac-2022\",\"url\":\"https:\/\/www.asajacyl.com\/palencia\/asaja-palencia-informa\/el-fega-publica-los-derechos-para-la-pac-2022\",\"name\":\"El FEGA publica los derechos para la PAC 2022 - ASAJA Palencia\",\"isPartOf\":{\"@id\":\"https:\/\/www.asajacyl.com\/palencia\/#website\"},\"primaryImageOfPage\":{\"@id\":\"https:\/\/www.asajacyl.com\/palencia\/asaja-palencia-informa\/el-fega-publica-los-derechos-para-la-pac-2022#primaryimage\"},\"image\":{\"@id\":\"https:\/\/www.asajacyl.com\/palencia\/asaja-palencia-informa\/el-fega-publica-los-derechos-para-la-pac-2022#primaryimage\"},\"thumbnailUrl\":\"https:\/\/www.asajacyl.com\/palencia\/wp-content\/uploads\/sites\/3\/2021\/11\/PHOTO-2021-11-24-09-30-17.jpg\",\"datePublished\":\"2022-01-28T06:34:36+00:00\",\"dateModified\":\"2022-01-28T11:48:06+00:00\",\"author\":{\"@id\":\"https:\/\/www.asajacyl.com\/palencia\/#\/schema\/person\/3ab17aeb03527485c317557fae64aab1\"},\"description\":\"Ya se puede consultar en la web del Fondo Espa\u00f1ol de Garant\u00eda Agraria (FEGA) el importe de los derechos de pago b\u00e1sico para la PAC 2022. Para ello se\",\"breadcrumb\":{\"@id\":\"https:\/\/www.asajacyl.com\/palencia\/asaja-palencia-informa\/el-fega-publica-los-derechos-para-la-pac-2022#breadcrumb\"},\"inLanguage\":\"es\",\"potentialAction\":[{\"@type\":\"ReadAction\",\"target\":[\"https:\/\/www.asajacyl.com\/palencia\/asaja-palencia-informa\/el-fega-publica-los-derechos-para-la-pac-2022\"]}]},{\"@type\":\"ImageObject\",\"inLanguage\":\"es\",\"@id\":\"https:\/\/www.asajacyl.com\/palencia\/asaja-palencia-informa\/el-fega-publica-los-derechos-para-la-pac-2022#primaryimage\",\"url\":\"https:\/\/www.asajacyl.com\/palencia\/wp-content\/uploads\/sites\/3\/2021\/11\/PHOTO-2021-11-24-09-30-17.jpg\",\"contentUrl\":\"https:\/\/www.asajacyl.com\/palencia\/wp-content\/uploads\/sites\/3\/2021\/11\/PHOTO-2021-11-24-09-30-17.jpg\",\"width\":1600,\"height\":900},{\"@type\":\"BreadcrumbList\",\"@id\":\"https:\/\/www.asajacyl.com\/palencia\/asaja-palencia-informa\/el-fega-publica-los-derechos-para-la-pac-2022#breadcrumb\",\"itemListElement\":[{\"@type\":\"ListItem\",\"position\":1,\"name\":\"Portada\",\"item\":\"https:\/\/www.asajacyl.com\/palencia\/\"},{\"@type\":\"ListItem\",\"position\":2,\"name\":\"El FEGA publica los derechos para la PAC 2022\"}]},{\"@type\":\"WebSite\",\"@id\":\"https:\/\/www.asajacyl.com\/palencia\/#website\",\"url\":\"https:\/\/www.asajacyl.com\/palencia\/\",\"name\":\"ASAJA Palencia\",\"description\":\"Otro sitio m\u00e1s de Provincias ASAJA Castilla y Le\u00f3n\",\"potentialAction\":[{\"@type\":\"SearchAction\",\"target\":{\"@type\":\"EntryPoint\",\"urlTemplate\":\"https:\/\/www.asajacyl.com\/palencia\/?s={search_term_string}\"},\"query-input\":{\"@type\":\"PropertyValueSpecification\",\"valueRequired\":true,\"valueName\":\"search_term_string\"}}],\"inLanguage\":\"es\"},{\"@type\":\"Person\",\"@id\":\"https:\/\/www.asajacyl.com\/palencia\/#\/schema\/person\/3ab17aeb03527485c317557fae64aab1\",\"name\":\"Administrador\",\"image\":{\"@type\":\"ImageObject\",\"inLanguage\":\"es\",\"@id\":\"https:\/\/www.asajacyl.com\/palencia\/#\/schema\/person\/image\/\",\"url\":\"https:\/\/secure.gravatar.com\/avatar\/517384810d242ca9e38c180f3c9fb973?s=96&d=mm&r=g\",\"contentUrl\":\"https:\/\/secure.gravatar.com\/avatar\/517384810d242ca9e38c180f3c9fb973?s=96&d=mm&r=g\",\"caption\":\"Administrador\"},\"url\":\"https:\/\/www.asajacyl.com\/palencia\/author\/carlosrm\"}]}<\/script>\n<!-- \/ Yoast SEO plugin. -->","yoast_head_json":{"title":"El FEGA publica los derechos para la PAC 2022 - ASAJA Palencia","description":"Ya se puede consultar en la web del Fondo Espa\u00f1ol de Garant\u00eda Agraria (FEGA) el importe de los derechos de pago b\u00e1sico para la PAC 2022. Para ello se","robots":{"index":"index","follow":"follow","max-snippet":"max-snippet:-1","max-image-preview":"max-image-preview:large","max-video-preview":"max-video-preview:-1"},"canonical":"https:\/\/www.asajacyl.com\/palencia\/asaja-palencia-informa\/el-fega-publica-los-derechos-para-la-pac-2022","og_locale":"es_ES","og_type":"article","og_title":"El FEGA publica los derechos para la PAC 2022 - ASAJA Palencia","og_description":"Ya se puede consultar en la web del Fondo Espa\u00f1ol de Garant\u00eda Agraria (FEGA) el importe de los derechos de pago b\u00e1sico para la PAC 2022. Para ello se","og_url":"https:\/\/www.asajacyl.com\/palencia\/asaja-palencia-informa\/el-fega-publica-los-derechos-para-la-pac-2022","og_site_name":"ASAJA Palencia","article_published_time":"2022-01-28T06:34:36+00:00","article_modified_time":"2022-01-28T11:48:06+00:00","og_image":[{"width":1600,"height":900,"url":"https:\/\/www.asajacyl.com\/palencia\/wp-content\/uploads\/sites\/3\/2021\/11\/PHOTO-2021-11-24-09-30-17.jpg","type":"image\/jpeg"}],"author":"Administrador","twitter_card":"summary_large_image","twitter_misc":{"Escrito por":"Administrador","Tiempo de lectura":"2 minutos"},"schema":{"@context":"https:\/\/schema.org","@graph":[{"@type":"WebPage","@id":"https:\/\/www.asajacyl.com\/palencia\/asaja-palencia-informa\/el-fega-publica-los-derechos-para-la-pac-2022","url":"https:\/\/www.asajacyl.com\/palencia\/asaja-palencia-informa\/el-fega-publica-los-derechos-para-la-pac-2022","name":"El FEGA publica los derechos para la PAC 2022 - ASAJA Palencia","isPartOf":{"@id":"https:\/\/www.asajacyl.com\/palencia\/#website"},"primaryImageOfPage":{"@id":"https:\/\/www.asajacyl.com\/palencia\/asaja-palencia-informa\/el-fega-publica-los-derechos-para-la-pac-2022#primaryimage"},"image":{"@id":"https:\/\/www.asajacyl.com\/palencia\/asaja-palencia-informa\/el-fega-publica-los-derechos-para-la-pac-2022#primaryimage"},"thumbnailUrl":"https:\/\/www.asajacyl.com\/palencia\/wp-content\/uploads\/sites\/3\/2021\/11\/PHOTO-2021-11-24-09-30-17.jpg","datePublished":"2022-01-28T06:34:36+00:00","dateModified":"2022-01-28T11:48:06+00:00","author":{"@id":"https:\/\/www.asajacyl.com\/palencia\/#\/schema\/person\/3ab17aeb03527485c317557fae64aab1"},"description":"Ya se puede consultar en la web del Fondo Espa\u00f1ol de Garant\u00eda Agraria (FEGA) el importe de los derechos de pago b\u00e1sico para la PAC 2022. Para ello se","breadcrumb":{"@id":"https:\/\/www.asajacyl.com\/palencia\/asaja-palencia-informa\/el-fega-publica-los-derechos-para-la-pac-2022#breadcrumb"},"inLanguage":"es","potentialAction":[{"@type":"ReadAction","target":["https:\/\/www.asajacyl.com\/palencia\/asaja-palencia-informa\/el-fega-publica-los-derechos-para-la-pac-2022"]}]},{"@type":"ImageObject","inLanguage":"es","@id":"https:\/\/www.asajacyl.com\/palencia\/asaja-palencia-informa\/el-fega-publica-los-derechos-para-la-pac-2022#primaryimage","url":"https:\/\/www.asajacyl.com\/palencia\/wp-content\/uploads\/sites\/3\/2021\/11\/PHOTO-2021-11-24-09-30-17.jpg","contentUrl":"https:\/\/www.asajacyl.com\/palencia\/wp-content\/uploads\/sites\/3\/2021\/11\/PHOTO-2021-11-24-09-30-17.jpg","width":1600,"height":900},{"@type":"BreadcrumbList","@id":"https:\/\/www.asajacyl.com\/palencia\/asaja-palencia-informa\/el-fega-publica-los-derechos-para-la-pac-2022#breadcrumb","itemListElement":[{"@type":"ListItem","position":1,"name":"Portada","item":"https:\/\/www.asajacyl.com\/palencia\/"},{"@type":"ListItem","position":2,"name":"El FEGA publica los derechos para la PAC 2022"}]},{"@type":"WebSite","@id":"https:\/\/www.asajacyl.com\/palencia\/#website","url":"https:\/\/www.asajacyl.com\/palencia\/","name":"ASAJA Palencia","description":"Otro sitio m\u00e1s de Provincias ASAJA Castilla y Le\u00f3n","potentialAction":[{"@type":"SearchAction","target":{"@type":"EntryPoint","urlTemplate":"https:\/\/www.asajacyl.com\/palencia\/?s={search_term_string}"},"query-input":{"@type":"PropertyValueSpecification","valueRequired":true,"valueName":"search_term_string"}}],"inLanguage":"es"},{"@type":"Person","@id":"https:\/\/www.asajacyl.com\/palencia\/#\/schema\/person\/3ab17aeb03527485c317557fae64aab1","name":"Administrador","image":{"@type":"ImageObject","inLanguage":"es","@id":"https:\/\/www.asajacyl.com\/palencia\/#\/schema\/person\/image\/","url":"https:\/\/secure.gravatar.com\/avatar\/517384810d242ca9e38c180f3c9fb973?s=96&d=mm&r=g","contentUrl":"https:\/\/secure.gravatar.com\/avatar\/517384810d242ca9e38c180f3c9fb973?s=96&d=mm&r=g","caption":"Administrador"},"url":"https:\/\/www.asajacyl.com\/palencia\/author\/carlosrm"}]}},"_links":{"self":[{"href":"https:\/\/www.asajacyl.com\/palencia\/wp-json\/wp\/v2\/posts\/9785"}],"collection":[{"href":"https:\/\/www.asajacyl.com\/palencia\/wp-json\/wp\/v2\/posts"}],"about":[{"href":"https:\/\/www.asajacyl.com\/palencia\/wp-json\/wp\/v2\/types\/post"}],"author":[{"embeddable":true,"href":"https:\/\/www.asajacyl.com\/palencia\/wp-json\/wp\/v2\/users\/9"}],"replies":[{"embeddable":true,"href":"https:\/\/www.asajacyl.com\/palencia\/wp-json\/wp\/v2\/comments?post=9785"}],"version-history":[{"count":2,"href":"https:\/\/www.asajacyl.com\/palencia\/wp-json\/wp\/v2\/posts\/9785\/revisions"}],"predecessor-version":[{"id":9792,"href":"https:\/\/www.asajacyl.com\/palencia\/wp-json\/wp\/v2\/posts\/9785\/revisions\/9792"}],"wp:featuredmedia":[{"embeddable":true,"href":"https:\/\/www.asajacyl.com\/palencia\/wp-json\/wp\/v2\/media\/9366"}],"wp:attachment":[{"href":"https:\/\/www.asajacyl.com\/palencia\/wp-json\/wp\/v2\/media?parent=9785"}],"wp:term":[{"taxonomy":"category","embeddable":true,"href":"https:\/\/www.asajacyl.com\/palencia\/wp-json\/wp\/v2\/categories?post=9785"},{"taxonomy":"post_tag","embeddable":true,"href":"https:\/\/www.asajacyl.com\/palencia\/wp-json\/wp\/v2\/tags?post=9785"}],"curies":[{"name":"wp","href":"https:\/\/api.w.org\/{rel}","templated":true}]}}