{"id":9787,"date":"2022-01-28T10:30:55","date_gmt":"2022-01-28T09:30:55","guid":{"rendered":"https:\/\/www.asajacyl.com\/palencia\/?p=9787"},"modified":"2022-01-28T10:30:57","modified_gmt":"2022-01-28T09:30:57","slug":"reiterados-ataques-de-lobo-en-la-comarca-de-saldana","status":"publish","type":"post","link":"https:\/\/www.asajacyl.com\/palencia\/asaja-palencia-informa\/reiterados-ataques-de-lobo-en-la-comarca-de-saldana","title":{"rendered":"Reiterados ataques de lobo en la comarca de Salda\u00f1a"},"content":{"rendered":"\n<p>La pasada noche el lobo ha atacado una explotaci\u00f3n de vacuno de carne de la comarca de Salda\u00f1a, concretamente del municipio de Villarrab\u00e9. En este caso el lobo ha utilizado la noche como de costumbre para acabar con dos terneros de la ganader\u00eda.<\/p>\n\n\n\n<p>Esto, si fuera algo aislado, ya ser\u00eda destacable pero desgraciadamente no es as\u00ed, la noticia es el hartazgo del ganadero por sufrir ataques de este depredador de forma reiterada en los \u00faltimos a\u00f1os.<\/p>\n\n\n\n<p>Desde las altas instancias pol\u00edticas se est\u00e1 ensalzando la ganader\u00eda extensiva pero lo cierto es que se ha abandonado a los ganaderos a su suerte ya que estamos en un contexto en que est\u00e1 prohibida la caza del lobo y donde la \u00fanica herramienta que existe para controlar las elevadas poblaciones de lobo que hay es el control por parte de la guarder\u00eda de la Consejer\u00eda de Fomento y Medio Ambiente.<\/p>\n\n\n\n<p>La situaci\u00f3n de Palencia, poco a poco se ir\u00e1 asemejando a la del sur del Duero, zona donde no cabe un lobo m\u00e1s y donde los ganaderos est\u00e1n hastiados tras recibir un ataque tras otro. Adem\u00e1s, hay que recordar que las cantidades con las que la Consejer\u00eda indemniza a los ganaderos son irrisorias, sin olvidar que muchas veces los animales desaparecen, por lo que no se tiene derecho a indemnizaci\u00f3n.<\/p>\n\n\n\n<div class=\"wp-block-image\"><figure class=\"aligncenter size-large\"><img loading=\"lazy\" decoding=\"async\" width=\"1024\" height=\"825\" src=\"https:\/\/www.asajacyl.com\/palencia\/wp-content\/uploads\/sites\/3\/2022\/01\/ATAQUE-VILLARRABE-e1643360373246-1024x825.jpg\" alt=\"\" class=\"wp-image-9788\" srcset=\"https:\/\/www.asajacyl.com\/palencia\/wp-content\/uploads\/sites\/3\/2022\/01\/ATAQUE-VILLARRABE-e1643360373246-1024x825.jpg 1024w, https:\/\/www.asajacyl.com\/palencia\/wp-content\/uploads\/sites\/3\/2022\/01\/ATAQUE-VILLARRABE-e1643360373246-300x242.jpg 300w, https:\/\/www.asajacyl.com\/palencia\/wp-content\/uploads\/sites\/3\/2022\/01\/ATAQUE-VILLARRABE-e1643360373246-768x619.jpg 768w, https:\/\/www.asajacyl.com\/palencia\/wp-content\/uploads\/sites\/3\/2022\/01\/ATAQUE-VILLARRABE-e1643360373246-696x561.jpg 696w, https:\/\/www.asajacyl.com\/palencia\/wp-content\/uploads\/sites\/3\/2022\/01\/ATAQUE-VILLARRABE-e1643360373246-1068x861.jpg 1068w, https:\/\/www.asajacyl.com\/palencia\/wp-content\/uploads\/sites\/3\/2022\/01\/ATAQUE-VILLARRABE-e1643360373246-521x420.jpg 521w, https:\/\/www.asajacyl.com\/palencia\/wp-content\/uploads\/sites\/3\/2022\/01\/ATAQUE-VILLARRABE-e1643360373246.jpg 1072w\" sizes=\"(max-width: 1024px) 100vw, 1024px\" \/><\/figure><\/div>\n\n\n\n<div class=\"wp-block-image\"><figure class=\"aligncenter size-large\"><img loading=\"lazy\" decoding=\"async\" width=\"768\" height=\"1024\" src=\"https:\/\/www.asajacyl.com\/palencia\/wp-content\/uploads\/sites\/3\/2022\/01\/ATAQUE-VILLARRABE-2-768x1024.jpg\" alt=\"\" class=\"wp-image-9789\" srcset=\"https:\/\/www.asajacyl.com\/palencia\/wp-content\/uploads\/sites\/3\/2022\/01\/ATAQUE-VILLARRABE-2-768x1024.jpg 768w, https:\/\/www.asajacyl.com\/palencia\/wp-content\/uploads\/sites\/3\/2022\/01\/ATAQUE-VILLARRABE-2-225x300.jpg 225w, https:\/\/www.asajacyl.com\/palencia\/wp-content\/uploads\/sites\/3\/2022\/01\/ATAQUE-VILLARRABE-2-1152x1536.jpg 1152w, https:\/\/www.asajacyl.com\/palencia\/wp-content\/uploads\/sites\/3\/2022\/01\/ATAQUE-VILLARRABE-2-696x928.jpg 696w, https:\/\/www.asajacyl.com\/palencia\/wp-content\/uploads\/sites\/3\/2022\/01\/ATAQUE-VILLARRABE-2-1068x1424.jpg 1068w, https:\/\/www.asajacyl.com\/palencia\/wp-content\/uploads\/sites\/3\/2022\/01\/ATAQUE-VILLARRABE-2-315x420.jpg 315w, https:\/\/www.asajacyl.com\/palencia\/wp-content\/uploads\/sites\/3\/2022\/01\/ATAQUE-VILLARRABE-2.jpg 1200w\" sizes=\"(max-width: 768px) 100vw, 768px\" \/><\/figure><\/div>\n","protected":false},"excerpt":{"rendered":"<p>La pasada noche el lobo ha atacado una explotaci\u00f3n de vacuno de carne de la comarca de Salda\u00f1a, concretamente del municipio de Villarrab\u00e9. En este caso el lobo ha utilizado la noche como de costumbre para acabar con dos terneros de la ganader\u00eda. Esto, si fuera algo aislado, ya ser\u00eda destacable pero desgraciadamente no es [&hellip;]<\/p>\n","protected":false},"author":9,"featured_media":9788,"comment_status":"open","ping_status":"open","sticky":false,"template":"","format":"standard","meta":{"footnotes":""},"categories":[9,29,28],"tags":[],"yoast_head":"<!-- This site is optimized with the Yoast SEO plugin v24.5 - https:\/\/yoast.com\/wordpress\/plugins\/seo\/ -->\n<title>Reiterados ataques de lobo en la comarca de Salda\u00f1a - ASAJA Palencia<\/title>\n<meta name=\"description\" content=\"La pasada noche el lobo ha atacado una explotaci\u00f3n de vacuno de carne de la comarca de Salda\u00f1a, concretamente del municipio de Villarrab\u00e9. En este caso el\" \/>\n<meta name=\"robots\" content=\"index, follow, max-snippet:-1, max-image-preview:large, max-video-preview:-1\" \/>\n<link rel=\"canonical\" href=\"https:\/\/www.asajacyl.com\/palencia\/asaja-palencia-informa\/reiterados-ataques-de-lobo-en-la-comarca-de-saldana\" \/>\n<meta property=\"og:locale\" content=\"es_ES\" \/>\n<meta property=\"og:type\" content=\"article\" \/>\n<meta property=\"og:title\" content=\"Reiterados ataques de lobo en la comarca de Salda\u00f1a - ASAJA Palencia\" \/>\n<meta property=\"og:description\" content=\"La pasada noche el lobo ha atacado una explotaci\u00f3n de vacuno de carne de la comarca de Salda\u00f1a, concretamente del municipio de Villarrab\u00e9. En este caso el\" \/>\n<meta property=\"og:url\" content=\"https:\/\/www.asajacyl.com\/palencia\/asaja-palencia-informa\/reiterados-ataques-de-lobo-en-la-comarca-de-saldana\" \/>\n<meta property=\"og:site_name\" content=\"ASAJA Palencia\" \/>\n<meta property=\"article:published_time\" content=\"2022-01-28T09:30:55+00:00\" \/>\n<meta property=\"article:modified_time\" content=\"2022-01-28T09:30:57+00:00\" \/>\n<meta property=\"og:image\" content=\"https:\/\/www.asajacyl.com\/palencia\/wp-content\/uploads\/sites\/3\/2022\/01\/ATAQUE-VILLARRABE-e1643360373246.jpg\" \/>\n\t<meta property=\"og:image:width\" content=\"1072\" \/>\n\t<meta property=\"og:image:height\" content=\"864\" \/>\n\t<meta property=\"og:image:type\" content=\"image\/jpeg\" \/>\n<meta name=\"author\" content=\"Administrador\" \/>\n<meta name=\"twitter:card\" content=\"summary_large_image\" \/>\n<meta name=\"twitter:label1\" content=\"Escrito por\" \/>\n\t<meta name=\"twitter:data1\" content=\"Administrador\" \/>\n\t<meta name=\"twitter:label2\" content=\"Tiempo de lectura\" \/>\n\t<meta name=\"twitter:data2\" content=\"2 minutos\" \/>\n<script type=\"application\/ld+json\" class=\"yoast-schema-graph\">{\"@context\":\"https:\/\/schema.org\",\"@graph\":[{\"@type\":\"WebPage\",\"@id\":\"https:\/\/www.asajacyl.com\/palencia\/asaja-palencia-informa\/reiterados-ataques-de-lobo-en-la-comarca-de-saldana\",\"url\":\"https:\/\/www.asajacyl.com\/palencia\/asaja-palencia-informa\/reiterados-ataques-de-lobo-en-la-comarca-de-saldana\",\"name\":\"Reiterados ataques de lobo en la comarca de Salda\u00f1a - ASAJA Palencia\",\"isPartOf\":{\"@id\":\"https:\/\/www.asajacyl.com\/palencia\/#website\"},\"primaryImageOfPage\":{\"@id\":\"https:\/\/www.asajacyl.com\/palencia\/asaja-palencia-informa\/reiterados-ataques-de-lobo-en-la-comarca-de-saldana#primaryimage\"},\"image\":{\"@id\":\"https:\/\/www.asajacyl.com\/palencia\/asaja-palencia-informa\/reiterados-ataques-de-lobo-en-la-comarca-de-saldana#primaryimage\"},\"thumbnailUrl\":\"https:\/\/www.asajacyl.com\/palencia\/wp-content\/uploads\/sites\/3\/2022\/01\/ATAQUE-VILLARRABE-e1643360373246.jpg\",\"datePublished\":\"2022-01-28T09:30:55+00:00\",\"dateModified\":\"2022-01-28T09:30:57+00:00\",\"author\":{\"@id\":\"https:\/\/www.asajacyl.com\/palencia\/#\/schema\/person\/3ab17aeb03527485c317557fae64aab1\"},\"description\":\"La pasada noche el lobo ha atacado una explotaci\u00f3n de vacuno de carne de la comarca de Salda\u00f1a, concretamente del municipio de Villarrab\u00e9. En este caso el\",\"breadcrumb\":{\"@id\":\"https:\/\/www.asajacyl.com\/palencia\/asaja-palencia-informa\/reiterados-ataques-de-lobo-en-la-comarca-de-saldana#breadcrumb\"},\"inLanguage\":\"es\",\"potentialAction\":[{\"@type\":\"ReadAction\",\"target\":[\"https:\/\/www.asajacyl.com\/palencia\/asaja-palencia-informa\/reiterados-ataques-de-lobo-en-la-comarca-de-saldana\"]}]},{\"@type\":\"ImageObject\",\"inLanguage\":\"es\",\"@id\":\"https:\/\/www.asajacyl.com\/palencia\/asaja-palencia-informa\/reiterados-ataques-de-lobo-en-la-comarca-de-saldana#primaryimage\",\"url\":\"https:\/\/www.asajacyl.com\/palencia\/wp-content\/uploads\/sites\/3\/2022\/01\/ATAQUE-VILLARRABE-e1643360373246.jpg\",\"contentUrl\":\"https:\/\/www.asajacyl.com\/palencia\/wp-content\/uploads\/sites\/3\/2022\/01\/ATAQUE-VILLARRABE-e1643360373246.jpg\",\"width\":1072,\"height\":864},{\"@type\":\"BreadcrumbList\",\"@id\":\"https:\/\/www.asajacyl.com\/palencia\/asaja-palencia-informa\/reiterados-ataques-de-lobo-en-la-comarca-de-saldana#breadcrumb\",\"itemListElement\":[{\"@type\":\"ListItem\",\"position\":1,\"name\":\"Portada\",\"item\":\"https:\/\/www.asajacyl.com\/palencia\/\"},{\"@type\":\"ListItem\",\"position\":2,\"name\":\"Reiterados ataques de lobo en la comarca de Salda\u00f1a\"}]},{\"@type\":\"WebSite\",\"@id\":\"https:\/\/www.asajacyl.com\/palencia\/#website\",\"url\":\"https:\/\/www.asajacyl.com\/palencia\/\",\"name\":\"ASAJA Palencia\",\"description\":\"Otro sitio m\u00e1s de Provincias ASAJA Castilla y Le\u00f3n\",\"potentialAction\":[{\"@type\":\"SearchAction\",\"target\":{\"@type\":\"EntryPoint\",\"urlTemplate\":\"https:\/\/www.asajacyl.com\/palencia\/?s={search_term_string}\"},\"query-input\":{\"@type\":\"PropertyValueSpecification\",\"valueRequired\":true,\"valueName\":\"search_term_string\"}}],\"inLanguage\":\"es\"},{\"@type\":\"Person\",\"@id\":\"https:\/\/www.asajacyl.com\/palencia\/#\/schema\/person\/3ab17aeb03527485c317557fae64aab1\",\"name\":\"Administrador\",\"image\":{\"@type\":\"ImageObject\",\"inLanguage\":\"es\",\"@id\":\"https:\/\/www.asajacyl.com\/palencia\/#\/schema\/person\/image\/\",\"url\":\"https:\/\/secure.gravatar.com\/avatar\/517384810d242ca9e38c180f3c9fb973?s=96&d=mm&r=g\",\"contentUrl\":\"https:\/\/secure.gravatar.com\/avatar\/517384810d242ca9e38c180f3c9fb973?s=96&d=mm&r=g\",\"caption\":\"Administrador\"},\"url\":\"https:\/\/www.asajacyl.com\/palencia\/author\/carlosrm\"}]}<\/script>\n<!-- \/ Yoast SEO plugin. -->","yoast_head_json":{"title":"Reiterados ataques de lobo en la comarca de Salda\u00f1a - ASAJA Palencia","description":"La pasada noche el lobo ha atacado una explotaci\u00f3n de vacuno de carne de la comarca de Salda\u00f1a, concretamente del municipio de Villarrab\u00e9. En este caso el","robots":{"index":"index","follow":"follow","max-snippet":"max-snippet:-1","max-image-preview":"max-image-preview:large","max-video-preview":"max-video-preview:-1"},"canonical":"https:\/\/www.asajacyl.com\/palencia\/asaja-palencia-informa\/reiterados-ataques-de-lobo-en-la-comarca-de-saldana","og_locale":"es_ES","og_type":"article","og_title":"Reiterados ataques de lobo en la comarca de Salda\u00f1a - ASAJA Palencia","og_description":"La pasada noche el lobo ha atacado una explotaci\u00f3n de vacuno de carne de la comarca de Salda\u00f1a, concretamente del municipio de Villarrab\u00e9. En este caso el","og_url":"https:\/\/www.asajacyl.com\/palencia\/asaja-palencia-informa\/reiterados-ataques-de-lobo-en-la-comarca-de-saldana","og_site_name":"ASAJA Palencia","article_published_time":"2022-01-28T09:30:55+00:00","article_modified_time":"2022-01-28T09:30:57+00:00","og_image":[{"width":1072,"height":864,"url":"https:\/\/www.asajacyl.com\/palencia\/wp-content\/uploads\/sites\/3\/2022\/01\/ATAQUE-VILLARRABE-e1643360373246.jpg","type":"image\/jpeg"}],"author":"Administrador","twitter_card":"summary_large_image","twitter_misc":{"Escrito por":"Administrador","Tiempo de lectura":"2 minutos"},"schema":{"@context":"https:\/\/schema.org","@graph":[{"@type":"WebPage","@id":"https:\/\/www.asajacyl.com\/palencia\/asaja-palencia-informa\/reiterados-ataques-de-lobo-en-la-comarca-de-saldana","url":"https:\/\/www.asajacyl.com\/palencia\/asaja-palencia-informa\/reiterados-ataques-de-lobo-en-la-comarca-de-saldana","name":"Reiterados ataques de lobo en la comarca de Salda\u00f1a - ASAJA Palencia","isPartOf":{"@id":"https:\/\/www.asajacyl.com\/palencia\/#website"},"primaryImageOfPage":{"@id":"https:\/\/www.asajacyl.com\/palencia\/asaja-palencia-informa\/reiterados-ataques-de-lobo-en-la-comarca-de-saldana#primaryimage"},"image":{"@id":"https:\/\/www.asajacyl.com\/palencia\/asaja-palencia-informa\/reiterados-ataques-de-lobo-en-la-comarca-de-saldana#primaryimage"},"thumbnailUrl":"https:\/\/www.asajacyl.com\/palencia\/wp-content\/uploads\/sites\/3\/2022\/01\/ATAQUE-VILLARRABE-e1643360373246.jpg","datePublished":"2022-01-28T09:30:55+00:00","dateModified":"2022-01-28T09:30:57+00:00","author":{"@id":"https:\/\/www.asajacyl.com\/palencia\/#\/schema\/person\/3ab17aeb03527485c317557fae64aab1"},"description":"La pasada noche el lobo ha atacado una explotaci\u00f3n de vacuno de carne de la comarca de Salda\u00f1a, concretamente del municipio de Villarrab\u00e9. En este caso el","breadcrumb":{"@id":"https:\/\/www.asajacyl.com\/palencia\/asaja-palencia-informa\/reiterados-ataques-de-lobo-en-la-comarca-de-saldana#breadcrumb"},"inLanguage":"es","potentialAction":[{"@type":"ReadAction","target":["https:\/\/www.asajacyl.com\/palencia\/asaja-palencia-informa\/reiterados-ataques-de-lobo-en-la-comarca-de-saldana"]}]},{"@type":"ImageObject","inLanguage":"es","@id":"https:\/\/www.asajacyl.com\/palencia\/asaja-palencia-informa\/reiterados-ataques-de-lobo-en-la-comarca-de-saldana#primaryimage","url":"https:\/\/www.asajacyl.com\/palencia\/wp-content\/uploads\/sites\/3\/2022\/01\/ATAQUE-VILLARRABE-e1643360373246.jpg","contentUrl":"https:\/\/www.asajacyl.com\/palencia\/wp-content\/uploads\/sites\/3\/2022\/01\/ATAQUE-VILLARRABE-e1643360373246.jpg","width":1072,"height":864},{"@type":"BreadcrumbList","@id":"https:\/\/www.asajacyl.com\/palencia\/asaja-palencia-informa\/reiterados-ataques-de-lobo-en-la-comarca-de-saldana#breadcrumb","itemListElement":[{"@type":"ListItem","position":1,"name":"Portada","item":"https:\/\/www.asajacyl.com\/palencia\/"},{"@type":"ListItem","position":2,"name":"Reiterados ataques de lobo en la comarca de Salda\u00f1a"}]},{"@type":"WebSite","@id":"https:\/\/www.asajacyl.com\/palencia\/#website","url":"https:\/\/www.asajacyl.com\/palencia\/","name":"ASAJA Palencia","description":"Otro sitio m\u00e1s de Provincias ASAJA Castilla y Le\u00f3n","potentialAction":[{"@type":"SearchAction","target":{"@type":"EntryPoint","urlTemplate":"https:\/\/www.asajacyl.com\/palencia\/?s={search_term_string}"},"query-input":{"@type":"PropertyValueSpecification","valueRequired":true,"valueName":"search_term_string"}}],"inLanguage":"es"},{"@type":"Person","@id":"https:\/\/www.asajacyl.com\/palencia\/#\/schema\/person\/3ab17aeb03527485c317557fae64aab1","name":"Administrador","image":{"@type":"ImageObject","inLanguage":"es","@id":"https:\/\/www.asajacyl.com\/palencia\/#\/schema\/person\/image\/","url":"https:\/\/secure.gravatar.com\/avatar\/517384810d242ca9e38c180f3c9fb973?s=96&d=mm&r=g","contentUrl":"https:\/\/secure.gravatar.com\/avatar\/517384810d242ca9e38c180f3c9fb973?s=96&d=mm&r=g","caption":"Administrador"},"url":"https:\/\/www.asajacyl.com\/palencia\/author\/carlosrm"}]}},"_links":{"self":[{"href":"https:\/\/www.asajacyl.com\/palencia\/wp-json\/wp\/v2\/posts\/9787"}],"collection":[{"href":"https:\/\/www.asajacyl.com\/palencia\/wp-json\/wp\/v2\/posts"}],"about":[{"href":"https:\/\/www.asajacyl.com\/palencia\/wp-json\/wp\/v2\/types\/post"}],"author":[{"embeddable":true,"href":"https:\/\/www.asajacyl.com\/palencia\/wp-json\/wp\/v2\/users\/9"}],"replies":[{"embeddable":true,"href":"https:\/\/www.asajacyl.com\/palencia\/wp-json\/wp\/v2\/comments?post=9787"}],"version-history":[{"count":1,"href":"https:\/\/www.asajacyl.com\/palencia\/wp-json\/wp\/v2\/posts\/9787\/revisions"}],"predecessor-version":[{"id":9790,"href":"https:\/\/www.asajacyl.com\/palencia\/wp-json\/wp\/v2\/posts\/9787\/revisions\/9790"}],"wp:featuredmedia":[{"embeddable":true,"href":"https:\/\/www.asajacyl.com\/palencia\/wp-json\/wp\/v2\/media\/9788"}],"wp:attachment":[{"href":"https:\/\/www.asajacyl.com\/palencia\/wp-json\/wp\/v2\/media?parent=9787"}],"wp:term":[{"taxonomy":"category","embeddable":true,"href":"https:\/\/www.asajacyl.com\/palencia\/wp-json\/wp\/v2\/categories?post=9787"},{"taxonomy":"post_tag","embeddable":true,"href":"https:\/\/www.asajacyl.com\/palencia\/wp-json\/wp\/v2\/tags?post=9787"}],"curies":[{"name":"wp","href":"https:\/\/api.w.org\/{rel}","templated":true}]}}