{"id":9797,"date":"2022-01-29T14:56:21","date_gmt":"2022-01-29T13:56:21","guid":{"rendered":"https:\/\/www.asajacyl.com\/palencia\/?p=9797"},"modified":"2022-01-29T15:20:17","modified_gmt":"2022-01-29T14:20:17","slug":"superado-el-ecuador-de-las-asambleas-comarcales-con-las-de-villarramiel-ampudia-y-duenas","status":"publish","type":"post","link":"https:\/\/www.asajacyl.com\/palencia\/asaja-palencia-informa\/superado-el-ecuador-de-las-asambleas-comarcales-con-las-de-villarramiel-ampudia-y-duenas","title":{"rendered":"Superado el ecuador de las Asambleas Comarcales con las de Villarramiel, Ampudia y Due\u00f1as"},"content":{"rendered":"\n<p>En s\u00f3lo una semana han tenido lugar m\u00e1s de la mitad de las Asambleas Comarcales que realiza ASAJA-Palencia todos los principios de a\u00f1o por las comarcas de la provincia.<\/p>\n\n\n\n<p>Ayer por la ma\u00f1ana tuvo lugar por la ma\u00f1ana la de la comarca de Villarramiel (celebrada en Fuentes de Nava) y por la tarde las de las comarcas de Ampudia y Due\u00f1as (celebradas ambas en Palencia).<\/p>\n\n\n\n<p>El centro de las asambleas es la futura PAC 2023-2027 aunque tambi\u00e9n se habla de las novedades de la PAC de esta campa\u00f1a y de muchos otros temas que afectan al sector, algunos de ellos espec\u00edficos de cada comarca.<\/p>\n\n\n\n<p>La pr\u00f3xima semana tendr\u00e1n lugar las restantes asambleas: Villada, Carri\u00f3n, Cervera de Pisuerga, Buenavista de Valdavia, Astudillo, Baltan\u00e1s y Torquemada.<\/p>\n\n\n\n<figure class=\"wp-block-image size-large\"><img loading=\"lazy\" decoding=\"async\" width=\"1024\" height=\"768\" src=\"https:\/\/www.asajacyl.com\/palencia\/wp-content\/uploads\/sites\/3\/2022\/01\/FUENTES-1024x768.jpg\" alt=\"\" class=\"wp-image-9798\" srcset=\"https:\/\/www.asajacyl.com\/palencia\/wp-content\/uploads\/sites\/3\/2022\/01\/FUENTES-1024x768.jpg 1024w, https:\/\/www.asajacyl.com\/palencia\/wp-content\/uploads\/sites\/3\/2022\/01\/FUENTES-300x225.jpg 300w, https:\/\/www.asajacyl.com\/palencia\/wp-content\/uploads\/sites\/3\/2022\/01\/FUENTES-768x576.jpg 768w, https:\/\/www.asajacyl.com\/palencia\/wp-content\/uploads\/sites\/3\/2022\/01\/FUENTES-1536x1152.jpg 1536w, https:\/\/www.asajacyl.com\/palencia\/wp-content\/uploads\/sites\/3\/2022\/01\/FUENTES-696x522.jpg 696w, https:\/\/www.asajacyl.com\/palencia\/wp-content\/uploads\/sites\/3\/2022\/01\/FUENTES-1068x801.jpg 1068w, https:\/\/www.asajacyl.com\/palencia\/wp-content\/uploads\/sites\/3\/2022\/01\/FUENTES-1920x1440.jpg 1920w, https:\/\/www.asajacyl.com\/palencia\/wp-content\/uploads\/sites\/3\/2022\/01\/FUENTES-560x420.jpg 560w, https:\/\/www.asajacyl.com\/palencia\/wp-content\/uploads\/sites\/3\/2022\/01\/FUENTES-80x60.jpg 80w, https:\/\/www.asajacyl.com\/palencia\/wp-content\/uploads\/sites\/3\/2022\/01\/FUENTES.jpg 2016w\" sizes=\"(max-width: 1024px) 100vw, 1024px\" \/><\/figure>\n","protected":false},"excerpt":{"rendered":"<p>En s\u00f3lo una semana han tenido lugar m\u00e1s de la mitad de las Asambleas Comarcales que realiza ASAJA-Palencia todos los principios de a\u00f1o por las comarcas de la provincia. Ayer por la ma\u00f1ana tuvo lugar por la ma\u00f1ana la de la comarca de Villarramiel (celebrada en Fuentes de Nava) y por la tarde las de [&hellip;]<\/p>\n","protected":false},"author":9,"featured_media":9798,"comment_status":"open","ping_status":"open","sticky":false,"template":"","format":"standard","meta":{"footnotes":""},"categories":[9,29,28],"tags":[],"yoast_head":"<!-- This site is optimized with the Yoast SEO plugin v24.5 - https:\/\/yoast.com\/wordpress\/plugins\/seo\/ -->\n<title>Superado el ecuador de las Asambleas Comarcales con las de Villarramiel, Ampudia y Due\u00f1as - ASAJA Palencia<\/title>\n<meta name=\"description\" content=\"En s\u00f3lo una semana han tenido lugar m\u00e1s de la mitad de las Asambleas Comarcales que realiza ASAJA-Palencia todos los principios de a\u00f1o por las comarcas de\" \/>\n<meta name=\"robots\" content=\"index, follow, max-snippet:-1, max-image-preview:large, max-video-preview:-1\" \/>\n<link rel=\"canonical\" href=\"https:\/\/www.asajacyl.com\/palencia\/asaja-palencia-informa\/superado-el-ecuador-de-las-asambleas-comarcales-con-las-de-villarramiel-ampudia-y-duenas\" \/>\n<meta property=\"og:locale\" content=\"es_ES\" \/>\n<meta property=\"og:type\" content=\"article\" \/>\n<meta property=\"og:title\" content=\"Superado el ecuador de las Asambleas Comarcales con las de Villarramiel, Ampudia y Due\u00f1as - ASAJA Palencia\" \/>\n<meta property=\"og:description\" content=\"En s\u00f3lo una semana han tenido lugar m\u00e1s de la mitad de las Asambleas Comarcales que realiza ASAJA-Palencia todos los principios de a\u00f1o por las comarcas de\" \/>\n<meta property=\"og:url\" content=\"https:\/\/www.asajacyl.com\/palencia\/asaja-palencia-informa\/superado-el-ecuador-de-las-asambleas-comarcales-con-las-de-villarramiel-ampudia-y-duenas\" \/>\n<meta property=\"og:site_name\" content=\"ASAJA Palencia\" \/>\n<meta property=\"article:published_time\" content=\"2022-01-29T13:56:21+00:00\" \/>\n<meta property=\"article:modified_time\" content=\"2022-01-29T14:20:17+00:00\" \/>\n<meta property=\"og:image\" content=\"https:\/\/www.asajacyl.com\/palencia\/wp-content\/uploads\/sites\/3\/2022\/01\/FUENTES.jpg\" \/>\n\t<meta property=\"og:image:width\" content=\"2016\" \/>\n\t<meta property=\"og:image:height\" content=\"1512\" \/>\n\t<meta property=\"og:image:type\" content=\"image\/jpeg\" \/>\n<meta name=\"author\" content=\"Administrador\" \/>\n<meta name=\"twitter:card\" content=\"summary_large_image\" \/>\n<meta name=\"twitter:label1\" content=\"Escrito por\" \/>\n\t<meta name=\"twitter:data1\" content=\"Administrador\" \/>\n\t<meta name=\"twitter:label2\" content=\"Tiempo de lectura\" \/>\n\t<meta name=\"twitter:data2\" content=\"1 minuto\" \/>\n<script type=\"application\/ld+json\" class=\"yoast-schema-graph\">{\"@context\":\"https:\/\/schema.org\",\"@graph\":[{\"@type\":\"WebPage\",\"@id\":\"https:\/\/www.asajacyl.com\/palencia\/asaja-palencia-informa\/superado-el-ecuador-de-las-asambleas-comarcales-con-las-de-villarramiel-ampudia-y-duenas\",\"url\":\"https:\/\/www.asajacyl.com\/palencia\/asaja-palencia-informa\/superado-el-ecuador-de-las-asambleas-comarcales-con-las-de-villarramiel-ampudia-y-duenas\",\"name\":\"Superado el ecuador de las Asambleas Comarcales con las de Villarramiel, Ampudia y Due\u00f1as - ASAJA Palencia\",\"isPartOf\":{\"@id\":\"https:\/\/www.asajacyl.com\/palencia\/#website\"},\"primaryImageOfPage\":{\"@id\":\"https:\/\/www.asajacyl.com\/palencia\/asaja-palencia-informa\/superado-el-ecuador-de-las-asambleas-comarcales-con-las-de-villarramiel-ampudia-y-duenas#primaryimage\"},\"image\":{\"@id\":\"https:\/\/www.asajacyl.com\/palencia\/asaja-palencia-informa\/superado-el-ecuador-de-las-asambleas-comarcales-con-las-de-villarramiel-ampudia-y-duenas#primaryimage\"},\"thumbnailUrl\":\"https:\/\/www.asajacyl.com\/palencia\/wp-content\/uploads\/sites\/3\/2022\/01\/FUENTES.jpg\",\"datePublished\":\"2022-01-29T13:56:21+00:00\",\"dateModified\":\"2022-01-29T14:20:17+00:00\",\"author\":{\"@id\":\"https:\/\/www.asajacyl.com\/palencia\/#\/schema\/person\/3ab17aeb03527485c317557fae64aab1\"},\"description\":\"En s\u00f3lo una semana han tenido lugar m\u00e1s de la mitad de las Asambleas Comarcales que realiza ASAJA-Palencia todos los principios de a\u00f1o por las comarcas de\",\"breadcrumb\":{\"@id\":\"https:\/\/www.asajacyl.com\/palencia\/asaja-palencia-informa\/superado-el-ecuador-de-las-asambleas-comarcales-con-las-de-villarramiel-ampudia-y-duenas#breadcrumb\"},\"inLanguage\":\"es\",\"potentialAction\":[{\"@type\":\"ReadAction\",\"target\":[\"https:\/\/www.asajacyl.com\/palencia\/asaja-palencia-informa\/superado-el-ecuador-de-las-asambleas-comarcales-con-las-de-villarramiel-ampudia-y-duenas\"]}]},{\"@type\":\"ImageObject\",\"inLanguage\":\"es\",\"@id\":\"https:\/\/www.asajacyl.com\/palencia\/asaja-palencia-informa\/superado-el-ecuador-de-las-asambleas-comarcales-con-las-de-villarramiel-ampudia-y-duenas#primaryimage\",\"url\":\"https:\/\/www.asajacyl.com\/palencia\/wp-content\/uploads\/sites\/3\/2022\/01\/FUENTES.jpg\",\"contentUrl\":\"https:\/\/www.asajacyl.com\/palencia\/wp-content\/uploads\/sites\/3\/2022\/01\/FUENTES.jpg\",\"width\":2016,\"height\":1512},{\"@type\":\"BreadcrumbList\",\"@id\":\"https:\/\/www.asajacyl.com\/palencia\/asaja-palencia-informa\/superado-el-ecuador-de-las-asambleas-comarcales-con-las-de-villarramiel-ampudia-y-duenas#breadcrumb\",\"itemListElement\":[{\"@type\":\"ListItem\",\"position\":1,\"name\":\"Portada\",\"item\":\"https:\/\/www.asajacyl.com\/palencia\/\"},{\"@type\":\"ListItem\",\"position\":2,\"name\":\"Superado el ecuador de las Asambleas Comarcales con las de Villarramiel, Ampudia y Due\u00f1as\"}]},{\"@type\":\"WebSite\",\"@id\":\"https:\/\/www.asajacyl.com\/palencia\/#website\",\"url\":\"https:\/\/www.asajacyl.com\/palencia\/\",\"name\":\"ASAJA Palencia\",\"description\":\"Otro sitio m\u00e1s de Provincias ASAJA Castilla y Le\u00f3n\",\"potentialAction\":[{\"@type\":\"SearchAction\",\"target\":{\"@type\":\"EntryPoint\",\"urlTemplate\":\"https:\/\/www.asajacyl.com\/palencia\/?s={search_term_string}\"},\"query-input\":{\"@type\":\"PropertyValueSpecification\",\"valueRequired\":true,\"valueName\":\"search_term_string\"}}],\"inLanguage\":\"es\"},{\"@type\":\"Person\",\"@id\":\"https:\/\/www.asajacyl.com\/palencia\/#\/schema\/person\/3ab17aeb03527485c317557fae64aab1\",\"name\":\"Administrador\",\"image\":{\"@type\":\"ImageObject\",\"inLanguage\":\"es\",\"@id\":\"https:\/\/www.asajacyl.com\/palencia\/#\/schema\/person\/image\/\",\"url\":\"https:\/\/secure.gravatar.com\/avatar\/517384810d242ca9e38c180f3c9fb973?s=96&d=mm&r=g\",\"contentUrl\":\"https:\/\/secure.gravatar.com\/avatar\/517384810d242ca9e38c180f3c9fb973?s=96&d=mm&r=g\",\"caption\":\"Administrador\"},\"url\":\"https:\/\/www.asajacyl.com\/palencia\/author\/carlosrm\"}]}<\/script>\n<!-- \/ Yoast SEO plugin. -->","yoast_head_json":{"title":"Superado el ecuador de las Asambleas Comarcales con las de Villarramiel, Ampudia y Due\u00f1as - ASAJA Palencia","description":"En s\u00f3lo una semana han tenido lugar m\u00e1s de la mitad de las Asambleas Comarcales que realiza ASAJA-Palencia todos los principios de a\u00f1o por las comarcas de","robots":{"index":"index","follow":"follow","max-snippet":"max-snippet:-1","max-image-preview":"max-image-preview:large","max-video-preview":"max-video-preview:-1"},"canonical":"https:\/\/www.asajacyl.com\/palencia\/asaja-palencia-informa\/superado-el-ecuador-de-las-asambleas-comarcales-con-las-de-villarramiel-ampudia-y-duenas","og_locale":"es_ES","og_type":"article","og_title":"Superado el ecuador de las Asambleas Comarcales con las de Villarramiel, Ampudia y Due\u00f1as - ASAJA Palencia","og_description":"En s\u00f3lo una semana han tenido lugar m\u00e1s de la mitad de las Asambleas Comarcales que realiza ASAJA-Palencia todos los principios de a\u00f1o por las comarcas de","og_url":"https:\/\/www.asajacyl.com\/palencia\/asaja-palencia-informa\/superado-el-ecuador-de-las-asambleas-comarcales-con-las-de-villarramiel-ampudia-y-duenas","og_site_name":"ASAJA Palencia","article_published_time":"2022-01-29T13:56:21+00:00","article_modified_time":"2022-01-29T14:20:17+00:00","og_image":[{"width":2016,"height":1512,"url":"https:\/\/www.asajacyl.com\/palencia\/wp-content\/uploads\/sites\/3\/2022\/01\/FUENTES.jpg","type":"image\/jpeg"}],"author":"Administrador","twitter_card":"summary_large_image","twitter_misc":{"Escrito por":"Administrador","Tiempo de lectura":"1 minuto"},"schema":{"@context":"https:\/\/schema.org","@graph":[{"@type":"WebPage","@id":"https:\/\/www.asajacyl.com\/palencia\/asaja-palencia-informa\/superado-el-ecuador-de-las-asambleas-comarcales-con-las-de-villarramiel-ampudia-y-duenas","url":"https:\/\/www.asajacyl.com\/palencia\/asaja-palencia-informa\/superado-el-ecuador-de-las-asambleas-comarcales-con-las-de-villarramiel-ampudia-y-duenas","name":"Superado el ecuador de las Asambleas Comarcales con las de Villarramiel, Ampudia y Due\u00f1as - ASAJA Palencia","isPartOf":{"@id":"https:\/\/www.asajacyl.com\/palencia\/#website"},"primaryImageOfPage":{"@id":"https:\/\/www.asajacyl.com\/palencia\/asaja-palencia-informa\/superado-el-ecuador-de-las-asambleas-comarcales-con-las-de-villarramiel-ampudia-y-duenas#primaryimage"},"image":{"@id":"https:\/\/www.asajacyl.com\/palencia\/asaja-palencia-informa\/superado-el-ecuador-de-las-asambleas-comarcales-con-las-de-villarramiel-ampudia-y-duenas#primaryimage"},"thumbnailUrl":"https:\/\/www.asajacyl.com\/palencia\/wp-content\/uploads\/sites\/3\/2022\/01\/FUENTES.jpg","datePublished":"2022-01-29T13:56:21+00:00","dateModified":"2022-01-29T14:20:17+00:00","author":{"@id":"https:\/\/www.asajacyl.com\/palencia\/#\/schema\/person\/3ab17aeb03527485c317557fae64aab1"},"description":"En s\u00f3lo una semana han tenido lugar m\u00e1s de la mitad de las Asambleas Comarcales que realiza ASAJA-Palencia todos los principios de a\u00f1o por las comarcas de","breadcrumb":{"@id":"https:\/\/www.asajacyl.com\/palencia\/asaja-palencia-informa\/superado-el-ecuador-de-las-asambleas-comarcales-con-las-de-villarramiel-ampudia-y-duenas#breadcrumb"},"inLanguage":"es","potentialAction":[{"@type":"ReadAction","target":["https:\/\/www.asajacyl.com\/palencia\/asaja-palencia-informa\/superado-el-ecuador-de-las-asambleas-comarcales-con-las-de-villarramiel-ampudia-y-duenas"]}]},{"@type":"ImageObject","inLanguage":"es","@id":"https:\/\/www.asajacyl.com\/palencia\/asaja-palencia-informa\/superado-el-ecuador-de-las-asambleas-comarcales-con-las-de-villarramiel-ampudia-y-duenas#primaryimage","url":"https:\/\/www.asajacyl.com\/palencia\/wp-content\/uploads\/sites\/3\/2022\/01\/FUENTES.jpg","contentUrl":"https:\/\/www.asajacyl.com\/palencia\/wp-content\/uploads\/sites\/3\/2022\/01\/FUENTES.jpg","width":2016,"height":1512},{"@type":"BreadcrumbList","@id":"https:\/\/www.asajacyl.com\/palencia\/asaja-palencia-informa\/superado-el-ecuador-de-las-asambleas-comarcales-con-las-de-villarramiel-ampudia-y-duenas#breadcrumb","itemListElement":[{"@type":"ListItem","position":1,"name":"Portada","item":"https:\/\/www.asajacyl.com\/palencia\/"},{"@type":"ListItem","position":2,"name":"Superado el ecuador de las Asambleas Comarcales con las de Villarramiel, Ampudia y Due\u00f1as"}]},{"@type":"WebSite","@id":"https:\/\/www.asajacyl.com\/palencia\/#website","url":"https:\/\/www.asajacyl.com\/palencia\/","name":"ASAJA Palencia","description":"Otro sitio m\u00e1s de Provincias ASAJA Castilla y Le\u00f3n","potentialAction":[{"@type":"SearchAction","target":{"@type":"EntryPoint","urlTemplate":"https:\/\/www.asajacyl.com\/palencia\/?s={search_term_string}"},"query-input":{"@type":"PropertyValueSpecification","valueRequired":true,"valueName":"search_term_string"}}],"inLanguage":"es"},{"@type":"Person","@id":"https:\/\/www.asajacyl.com\/palencia\/#\/schema\/person\/3ab17aeb03527485c317557fae64aab1","name":"Administrador","image":{"@type":"ImageObject","inLanguage":"es","@id":"https:\/\/www.asajacyl.com\/palencia\/#\/schema\/person\/image\/","url":"https:\/\/secure.gravatar.com\/avatar\/517384810d242ca9e38c180f3c9fb973?s=96&d=mm&r=g","contentUrl":"https:\/\/secure.gravatar.com\/avatar\/517384810d242ca9e38c180f3c9fb973?s=96&d=mm&r=g","caption":"Administrador"},"url":"https:\/\/www.asajacyl.com\/palencia\/author\/carlosrm"}]}},"_links":{"self":[{"href":"https:\/\/www.asajacyl.com\/palencia\/wp-json\/wp\/v2\/posts\/9797"}],"collection":[{"href":"https:\/\/www.asajacyl.com\/palencia\/wp-json\/wp\/v2\/posts"}],"about":[{"href":"https:\/\/www.asajacyl.com\/palencia\/wp-json\/wp\/v2\/types\/post"}],"author":[{"embeddable":true,"href":"https:\/\/www.asajacyl.com\/palencia\/wp-json\/wp\/v2\/users\/9"}],"replies":[{"embeddable":true,"href":"https:\/\/www.asajacyl.com\/palencia\/wp-json\/wp\/v2\/comments?post=9797"}],"version-history":[{"count":2,"href":"https:\/\/www.asajacyl.com\/palencia\/wp-json\/wp\/v2\/posts\/9797\/revisions"}],"predecessor-version":[{"id":9802,"href":"https:\/\/www.asajacyl.com\/palencia\/wp-json\/wp\/v2\/posts\/9797\/revisions\/9802"}],"wp:featuredmedia":[{"embeddable":true,"href":"https:\/\/www.asajacyl.com\/palencia\/wp-json\/wp\/v2\/media\/9798"}],"wp:attachment":[{"href":"https:\/\/www.asajacyl.com\/palencia\/wp-json\/wp\/v2\/media?parent=9797"}],"wp:term":[{"taxonomy":"category","embeddable":true,"href":"https:\/\/www.asajacyl.com\/palencia\/wp-json\/wp\/v2\/categories?post=9797"},{"taxonomy":"post_tag","embeddable":true,"href":"https:\/\/www.asajacyl.com\/palencia\/wp-json\/wp\/v2\/tags?post=9797"}],"curies":[{"name":"wp","href":"https:\/\/api.w.org\/{rel}","templated":true}]}}