{"id":9812,"date":"2022-02-02T07:58:00","date_gmt":"2022-02-02T06:58:00","guid":{"rendered":"https:\/\/www.asajacyl.com\/palencia\/?p=9812"},"modified":"2022-01-31T07:59:56","modified_gmt":"2022-01-31T06:59:56","slug":"el-paquete-de-medidas-objetivo-55-no-se-debe-aplicar-una-unica-solucion-comun-para-las-zonas-rurales-y-el-transporte-agricola","status":"publish","type":"post","link":"https:\/\/www.asajacyl.com\/palencia\/asaja-palencia-informa\/el-paquete-de-medidas-objetivo-55-no-se-debe-aplicar-una-unica-solucion-comun-para-las-zonas-rurales-y-el-transporte-agricola","title":{"rendered":"El paquete de medidas \u00abObjetivo 55\u00bb: no se debe aplicar una \u00fanica soluci\u00f3n com\u00fan para las zonas rurales y el transporte agr\u00edcola"},"content":{"rendered":"\n<p>El Copa-Cogeca ha participado hoy en la 19\u00aa edici\u00f3n de la conferencia titulada \u00abCombustibles del futuro\u00bb sobre el paquete de medidas \u00abObjetivo 55\u00bb y los combustibles alternativos. Ha sido una excelente oportunidad para recordar la importancia del sector agr\u00edcola en la producci\u00f3n de este tipo de combustibles, as\u00ed como para destacar la importancia de tener en cuenta las necesidades espec\u00edficas del transporte agr\u00edcola y, m\u00e1s ampliamente, la movilidad en las zonas rurales, dentro del paquete de medidas \u00abObjetivo 55\u00bb.<\/p>\n\n\n\n<p>En la actualidad, la energ\u00eda el\u00e9ctrica s\u00f3lo cubre alrededor del 22% de la demanda total de energ\u00eda de la UE de los 27. Aproximadamente tan s\u00f3lo el 35% de esta energ\u00eda el\u00e9ctrica se genera a partir de fuentes de energ\u00eda renovables, mientras que un 65% se obtiene a partir de combustibles f\u00f3siles y energ\u00eda nuclear. En el paquete de medidas \u00abObjetivo 55\u00bb publicado el pasado mes de julio, la Comisi\u00f3n propuso un enfoque centrado principalmente en aumentar la cantidad de energ\u00eda el\u00e9ctrica que se genera en plantas fotovoltaicas y e\u00f3licas para alcanzar los ambiciosos objetivos energ\u00e9ticos y clim\u00e1ticos. Sin embargo, esta propuesta abre una clara brecha entre aquellos objetivos visionarios inalcanzables y la cruda realidad del sistema energ\u00e9tico.<\/p>\n\n\n\n<p>En representaci\u00f3n del Copa y de la Cogeca en este evento, el secretario general Pekka Pesonen ha afirmado que \u00abes cierto que los veh\u00edculos el\u00e9ctricos pueden ayudar a disminuir la cantidad de emisiones\u037e no obstante, no ser\u00e1n una soluci\u00f3n adecuada para todos los consumidores europeos, especialmente para aquellos que residen en las zonas rurales y para los veh\u00edculos pesados. La \u00fanica manera en que la Uni\u00f3n Europea podr\u00e1 cumplir con las ambiciones establecidas en el Pacto Verde Europeo y liderar la lucha contra el cambio clim\u00e1tico a nivel mundial es mediante el uso de todas las tecnolog\u00edas disponibles. Los biocombustibles sostenibles certificados derivados de cultivos no deben ser excluidos de la caja de herramientas para descarbonizar el sector del transporte.\u00bb<\/p>\n\n\n\n<p>Estos biocombustibles son los carburantes renovables m\u00e1s utilizados en la UE. De hecho, el ahorro de emisiones del transporte que se ha observado en los \u00faltimos a\u00f1os se debe en gran medida a su uso. Al mismo tiempo, los biocombustibles derivados de cultivos generan subproductos ricos en prote\u00ednas, que son una importante fuente de prote\u00ednas para la alimentaci\u00f3n animal y sustituyen a las importaciones de soja, con el a\u00f1adido de que estos piensos no est\u00e1n vinculados a la deforestaci\u00f3n.<\/p>\n\n\n\n<p>Pekka Pesonen ha dejado claro que \u00abel Copa y la Cogeca exigen pol\u00edticas comunitarias tecnol\u00f3gicamente neutras que permitan que todas las fuentes de energ\u00eda sostenibles contribuyan a abandonar la econom\u00eda basada en los combustibles f\u00f3siles. Todas las inversiones necesitan un entorno econ\u00f3mico predecible. La injusta limitaci\u00f3n actual que se impone a los biocombustibles certificados derivados de cultivos no ayuda a que estas inversiones se materialicen.\u00bb<\/p>\n\n\n\n<p>El Copa y la Cogeca destacan que las organizaciones agrarias de la UE tambi\u00e9n han reclamado en reiteradas ocasiones una obligaci\u00f3n de incorporaci\u00f3n aplicable a los proveedores de combustible, ya que este enfoque permite abarcar la contribuci\u00f3n de todas las bioenerg\u00edas a la descarbonizaci\u00f3n del transporte. Aunque se ha sugerido que se obligue a los proveedores a reducir la intensidad de carbono de los combustibles en al menos un 13% para 2030, \u00e9sta resulta ser una medida insuficiente, dado que el sector del transporte no est\u00e1 recortando sus emisiones. A resultas de ello, dichas emisiones deben verse compensadas por otros sectores sujetos al Reglamento de reparto del esfuerzo, los cuales deber\u00e1n reducir sus emisiones si los Estados miembros no establecen objetivos sectoriales espec\u00edficos. No le corresponde a la agricultura pagar por el transporte, y de hecho, deber\u00eda ser m\u00e1s bien al rev\u00e9s.<\/p>\n","protected":false},"excerpt":{"rendered":"<p>El Copa-Cogeca ha participado hoy en la 19\u00aa edici\u00f3n de la conferencia titulada \u00abCombustibles del futuro\u00bb sobre el paquete de medidas \u00abObjetivo 55\u00bb y los combustibles alternativos. Ha sido una excelente oportunidad para recordar la importancia del sector agr\u00edcola en la producci\u00f3n de este tipo de combustibles, as\u00ed como para destacar la importancia de tener [&hellip;]<\/p>\n","protected":false},"author":9,"featured_media":8194,"comment_status":"open","ping_status":"open","sticky":false,"template":"","format":"standard","meta":{"footnotes":""},"categories":[9,29,28],"tags":[],"yoast_head":"<!-- This site is optimized with the Yoast SEO plugin v24.5 - https:\/\/yoast.com\/wordpress\/plugins\/seo\/ -->\n<title>El paquete de medidas \u00abObjetivo 55\u00bb: no se debe aplicar una \u00fanica soluci\u00f3n com\u00fan para las zonas rurales y el transporte agr\u00edcola - ASAJA Palencia<\/title>\n<meta name=\"description\" content=\"El Copa-Cogeca ha participado hoy en la 19\u00aa edici\u00f3n de la conferencia titulada \u00abCombustibles del futuro\u00bb sobre el paquete de medidas \u00abObjetivo 55\u00bb y los\" \/>\n<meta name=\"robots\" content=\"index, follow, max-snippet:-1, max-image-preview:large, max-video-preview:-1\" \/>\n<link rel=\"canonical\" href=\"https:\/\/www.asajacyl.com\/palencia\/asaja-palencia-informa\/el-paquete-de-medidas-objetivo-55-no-se-debe-aplicar-una-unica-solucion-comun-para-las-zonas-rurales-y-el-transporte-agricola\" \/>\n<meta property=\"og:locale\" content=\"es_ES\" \/>\n<meta property=\"og:type\" content=\"article\" \/>\n<meta property=\"og:title\" content=\"El paquete de medidas \u00abObjetivo 55\u00bb: no se debe aplicar una \u00fanica soluci\u00f3n com\u00fan para las zonas rurales y el transporte agr\u00edcola - ASAJA Palencia\" \/>\n<meta property=\"og:description\" content=\"El Copa-Cogeca ha participado hoy en la 19\u00aa edici\u00f3n de la conferencia titulada \u00abCombustibles del futuro\u00bb sobre el paquete de medidas \u00abObjetivo 55\u00bb y los\" \/>\n<meta property=\"og:url\" content=\"https:\/\/www.asajacyl.com\/palencia\/asaja-palencia-informa\/el-paquete-de-medidas-objetivo-55-no-se-debe-aplicar-una-unica-solucion-comun-para-las-zonas-rurales-y-el-transporte-agricola\" \/>\n<meta property=\"og:site_name\" content=\"ASAJA Palencia\" \/>\n<meta property=\"article:published_time\" content=\"2022-02-02T06:58:00+00:00\" \/>\n<meta property=\"og:image\" content=\"https:\/\/www.asajacyl.com\/palencia\/wp-content\/uploads\/sites\/3\/2021\/04\/COPACOGECA.jpg\" \/>\n\t<meta property=\"og:image:width\" content=\"1280\" \/>\n\t<meta property=\"og:image:height\" content=\"693\" \/>\n\t<meta property=\"og:image:type\" content=\"image\/jpeg\" \/>\n<meta name=\"author\" content=\"Administrador\" \/>\n<meta name=\"twitter:card\" content=\"summary_large_image\" \/>\n<meta name=\"twitter:label1\" content=\"Escrito por\" \/>\n\t<meta name=\"twitter:data1\" content=\"Administrador\" \/>\n\t<meta name=\"twitter:label2\" content=\"Tiempo de lectura\" \/>\n\t<meta name=\"twitter:data2\" content=\"3 minutos\" \/>\n<script type=\"application\/ld+json\" class=\"yoast-schema-graph\">{\"@context\":\"https:\/\/schema.org\",\"@graph\":[{\"@type\":\"WebPage\",\"@id\":\"https:\/\/www.asajacyl.com\/palencia\/asaja-palencia-informa\/el-paquete-de-medidas-objetivo-55-no-se-debe-aplicar-una-unica-solucion-comun-para-las-zonas-rurales-y-el-transporte-agricola\",\"url\":\"https:\/\/www.asajacyl.com\/palencia\/asaja-palencia-informa\/el-paquete-de-medidas-objetivo-55-no-se-debe-aplicar-una-unica-solucion-comun-para-las-zonas-rurales-y-el-transporte-agricola\",\"name\":\"El paquete de medidas \u00abObjetivo 55\u00bb: no se debe aplicar una \u00fanica soluci\u00f3n com\u00fan para las zonas rurales y el transporte agr\u00edcola - ASAJA Palencia\",\"isPartOf\":{\"@id\":\"https:\/\/www.asajacyl.com\/palencia\/#website\"},\"primaryImageOfPage\":{\"@id\":\"https:\/\/www.asajacyl.com\/palencia\/asaja-palencia-informa\/el-paquete-de-medidas-objetivo-55-no-se-debe-aplicar-una-unica-solucion-comun-para-las-zonas-rurales-y-el-transporte-agricola#primaryimage\"},\"image\":{\"@id\":\"https:\/\/www.asajacyl.com\/palencia\/asaja-palencia-informa\/el-paquete-de-medidas-objetivo-55-no-se-debe-aplicar-una-unica-solucion-comun-para-las-zonas-rurales-y-el-transporte-agricola#primaryimage\"},\"thumbnailUrl\":\"https:\/\/www.asajacyl.com\/palencia\/wp-content\/uploads\/sites\/3\/2021\/04\/COPACOGECA.jpg\",\"datePublished\":\"2022-02-02T06:58:00+00:00\",\"author\":{\"@id\":\"https:\/\/www.asajacyl.com\/palencia\/#\/schema\/person\/3ab17aeb03527485c317557fae64aab1\"},\"description\":\"El Copa-Cogeca ha participado hoy en la 19\u00aa edici\u00f3n de la conferencia titulada \u00abCombustibles del futuro\u00bb sobre el paquete de medidas \u00abObjetivo 55\u00bb y los\",\"breadcrumb\":{\"@id\":\"https:\/\/www.asajacyl.com\/palencia\/asaja-palencia-informa\/el-paquete-de-medidas-objetivo-55-no-se-debe-aplicar-una-unica-solucion-comun-para-las-zonas-rurales-y-el-transporte-agricola#breadcrumb\"},\"inLanguage\":\"es\",\"potentialAction\":[{\"@type\":\"ReadAction\",\"target\":[\"https:\/\/www.asajacyl.com\/palencia\/asaja-palencia-informa\/el-paquete-de-medidas-objetivo-55-no-se-debe-aplicar-una-unica-solucion-comun-para-las-zonas-rurales-y-el-transporte-agricola\"]}]},{\"@type\":\"ImageObject\",\"inLanguage\":\"es\",\"@id\":\"https:\/\/www.asajacyl.com\/palencia\/asaja-palencia-informa\/el-paquete-de-medidas-objetivo-55-no-se-debe-aplicar-una-unica-solucion-comun-para-las-zonas-rurales-y-el-transporte-agricola#primaryimage\",\"url\":\"https:\/\/www.asajacyl.com\/palencia\/wp-content\/uploads\/sites\/3\/2021\/04\/COPACOGECA.jpg\",\"contentUrl\":\"https:\/\/www.asajacyl.com\/palencia\/wp-content\/uploads\/sites\/3\/2021\/04\/COPACOGECA.jpg\",\"width\":1280,\"height\":693},{\"@type\":\"BreadcrumbList\",\"@id\":\"https:\/\/www.asajacyl.com\/palencia\/asaja-palencia-informa\/el-paquete-de-medidas-objetivo-55-no-se-debe-aplicar-una-unica-solucion-comun-para-las-zonas-rurales-y-el-transporte-agricola#breadcrumb\",\"itemListElement\":[{\"@type\":\"ListItem\",\"position\":1,\"name\":\"Portada\",\"item\":\"https:\/\/www.asajacyl.com\/palencia\/\"},{\"@type\":\"ListItem\",\"position\":2,\"name\":\"El paquete de medidas \u00abObjetivo 55\u00bb: no se debe aplicar una \u00fanica soluci\u00f3n com\u00fan para las zonas rurales y el transporte agr\u00edcola\"}]},{\"@type\":\"WebSite\",\"@id\":\"https:\/\/www.asajacyl.com\/palencia\/#website\",\"url\":\"https:\/\/www.asajacyl.com\/palencia\/\",\"name\":\"ASAJA Palencia\",\"description\":\"Otro sitio m\u00e1s de Provincias ASAJA Castilla y Le\u00f3n\",\"potentialAction\":[{\"@type\":\"SearchAction\",\"target\":{\"@type\":\"EntryPoint\",\"urlTemplate\":\"https:\/\/www.asajacyl.com\/palencia\/?s={search_term_string}\"},\"query-input\":{\"@type\":\"PropertyValueSpecification\",\"valueRequired\":true,\"valueName\":\"search_term_string\"}}],\"inLanguage\":\"es\"},{\"@type\":\"Person\",\"@id\":\"https:\/\/www.asajacyl.com\/palencia\/#\/schema\/person\/3ab17aeb03527485c317557fae64aab1\",\"name\":\"Administrador\",\"image\":{\"@type\":\"ImageObject\",\"inLanguage\":\"es\",\"@id\":\"https:\/\/www.asajacyl.com\/palencia\/#\/schema\/person\/image\/\",\"url\":\"https:\/\/secure.gravatar.com\/avatar\/517384810d242ca9e38c180f3c9fb973?s=96&d=mm&r=g\",\"contentUrl\":\"https:\/\/secure.gravatar.com\/avatar\/517384810d242ca9e38c180f3c9fb973?s=96&d=mm&r=g\",\"caption\":\"Administrador\"},\"url\":\"https:\/\/www.asajacyl.com\/palencia\/author\/carlosrm\"}]}<\/script>\n<!-- \/ Yoast SEO plugin. -->","yoast_head_json":{"title":"El paquete de medidas \u00abObjetivo 55\u00bb: no se debe aplicar una \u00fanica soluci\u00f3n com\u00fan para las zonas rurales y el transporte agr\u00edcola - ASAJA Palencia","description":"El Copa-Cogeca ha participado hoy en la 19\u00aa edici\u00f3n de la conferencia titulada \u00abCombustibles del futuro\u00bb sobre el paquete de medidas \u00abObjetivo 55\u00bb y los","robots":{"index":"index","follow":"follow","max-snippet":"max-snippet:-1","max-image-preview":"max-image-preview:large","max-video-preview":"max-video-preview:-1"},"canonical":"https:\/\/www.asajacyl.com\/palencia\/asaja-palencia-informa\/el-paquete-de-medidas-objetivo-55-no-se-debe-aplicar-una-unica-solucion-comun-para-las-zonas-rurales-y-el-transporte-agricola","og_locale":"es_ES","og_type":"article","og_title":"El paquete de medidas \u00abObjetivo 55\u00bb: no se debe aplicar una \u00fanica soluci\u00f3n com\u00fan para las zonas rurales y el transporte agr\u00edcola - ASAJA Palencia","og_description":"El Copa-Cogeca ha participado hoy en la 19\u00aa edici\u00f3n de la conferencia titulada \u00abCombustibles del futuro\u00bb sobre el paquete de medidas \u00abObjetivo 55\u00bb y los","og_url":"https:\/\/www.asajacyl.com\/palencia\/asaja-palencia-informa\/el-paquete-de-medidas-objetivo-55-no-se-debe-aplicar-una-unica-solucion-comun-para-las-zonas-rurales-y-el-transporte-agricola","og_site_name":"ASAJA Palencia","article_published_time":"2022-02-02T06:58:00+00:00","og_image":[{"width":1280,"height":693,"url":"https:\/\/www.asajacyl.com\/palencia\/wp-content\/uploads\/sites\/3\/2021\/04\/COPACOGECA.jpg","type":"image\/jpeg"}],"author":"Administrador","twitter_card":"summary_large_image","twitter_misc":{"Escrito por":"Administrador","Tiempo de lectura":"3 minutos"},"schema":{"@context":"https:\/\/schema.org","@graph":[{"@type":"WebPage","@id":"https:\/\/www.asajacyl.com\/palencia\/asaja-palencia-informa\/el-paquete-de-medidas-objetivo-55-no-se-debe-aplicar-una-unica-solucion-comun-para-las-zonas-rurales-y-el-transporte-agricola","url":"https:\/\/www.asajacyl.com\/palencia\/asaja-palencia-informa\/el-paquete-de-medidas-objetivo-55-no-se-debe-aplicar-una-unica-solucion-comun-para-las-zonas-rurales-y-el-transporte-agricola","name":"El paquete de medidas \u00abObjetivo 55\u00bb: no se debe aplicar una \u00fanica soluci\u00f3n com\u00fan para las zonas rurales y el transporte agr\u00edcola - ASAJA Palencia","isPartOf":{"@id":"https:\/\/www.asajacyl.com\/palencia\/#website"},"primaryImageOfPage":{"@id":"https:\/\/www.asajacyl.com\/palencia\/asaja-palencia-informa\/el-paquete-de-medidas-objetivo-55-no-se-debe-aplicar-una-unica-solucion-comun-para-las-zonas-rurales-y-el-transporte-agricola#primaryimage"},"image":{"@id":"https:\/\/www.asajacyl.com\/palencia\/asaja-palencia-informa\/el-paquete-de-medidas-objetivo-55-no-se-debe-aplicar-una-unica-solucion-comun-para-las-zonas-rurales-y-el-transporte-agricola#primaryimage"},"thumbnailUrl":"https:\/\/www.asajacyl.com\/palencia\/wp-content\/uploads\/sites\/3\/2021\/04\/COPACOGECA.jpg","datePublished":"2022-02-02T06:58:00+00:00","author":{"@id":"https:\/\/www.asajacyl.com\/palencia\/#\/schema\/person\/3ab17aeb03527485c317557fae64aab1"},"description":"El Copa-Cogeca ha participado hoy en la 19\u00aa edici\u00f3n de la conferencia titulada \u00abCombustibles del futuro\u00bb sobre el paquete de medidas \u00abObjetivo 55\u00bb y los","breadcrumb":{"@id":"https:\/\/www.asajacyl.com\/palencia\/asaja-palencia-informa\/el-paquete-de-medidas-objetivo-55-no-se-debe-aplicar-una-unica-solucion-comun-para-las-zonas-rurales-y-el-transporte-agricola#breadcrumb"},"inLanguage":"es","potentialAction":[{"@type":"ReadAction","target":["https:\/\/www.asajacyl.com\/palencia\/asaja-palencia-informa\/el-paquete-de-medidas-objetivo-55-no-se-debe-aplicar-una-unica-solucion-comun-para-las-zonas-rurales-y-el-transporte-agricola"]}]},{"@type":"ImageObject","inLanguage":"es","@id":"https:\/\/www.asajacyl.com\/palencia\/asaja-palencia-informa\/el-paquete-de-medidas-objetivo-55-no-se-debe-aplicar-una-unica-solucion-comun-para-las-zonas-rurales-y-el-transporte-agricola#primaryimage","url":"https:\/\/www.asajacyl.com\/palencia\/wp-content\/uploads\/sites\/3\/2021\/04\/COPACOGECA.jpg","contentUrl":"https:\/\/www.asajacyl.com\/palencia\/wp-content\/uploads\/sites\/3\/2021\/04\/COPACOGECA.jpg","width":1280,"height":693},{"@type":"BreadcrumbList","@id":"https:\/\/www.asajacyl.com\/palencia\/asaja-palencia-informa\/el-paquete-de-medidas-objetivo-55-no-se-debe-aplicar-una-unica-solucion-comun-para-las-zonas-rurales-y-el-transporte-agricola#breadcrumb","itemListElement":[{"@type":"ListItem","position":1,"name":"Portada","item":"https:\/\/www.asajacyl.com\/palencia\/"},{"@type":"ListItem","position":2,"name":"El paquete de medidas \u00abObjetivo 55\u00bb: no se debe aplicar una \u00fanica soluci\u00f3n com\u00fan para las zonas rurales y el transporte agr\u00edcola"}]},{"@type":"WebSite","@id":"https:\/\/www.asajacyl.com\/palencia\/#website","url":"https:\/\/www.asajacyl.com\/palencia\/","name":"ASAJA Palencia","description":"Otro sitio m\u00e1s de Provincias ASAJA Castilla y Le\u00f3n","potentialAction":[{"@type":"SearchAction","target":{"@type":"EntryPoint","urlTemplate":"https:\/\/www.asajacyl.com\/palencia\/?s={search_term_string}"},"query-input":{"@type":"PropertyValueSpecification","valueRequired":true,"valueName":"search_term_string"}}],"inLanguage":"es"},{"@type":"Person","@id":"https:\/\/www.asajacyl.com\/palencia\/#\/schema\/person\/3ab17aeb03527485c317557fae64aab1","name":"Administrador","image":{"@type":"ImageObject","inLanguage":"es","@id":"https:\/\/www.asajacyl.com\/palencia\/#\/schema\/person\/image\/","url":"https:\/\/secure.gravatar.com\/avatar\/517384810d242ca9e38c180f3c9fb973?s=96&d=mm&r=g","contentUrl":"https:\/\/secure.gravatar.com\/avatar\/517384810d242ca9e38c180f3c9fb973?s=96&d=mm&r=g","caption":"Administrador"},"url":"https:\/\/www.asajacyl.com\/palencia\/author\/carlosrm"}]}},"_links":{"self":[{"href":"https:\/\/www.asajacyl.com\/palencia\/wp-json\/wp\/v2\/posts\/9812"}],"collection":[{"href":"https:\/\/www.asajacyl.com\/palencia\/wp-json\/wp\/v2\/posts"}],"about":[{"href":"https:\/\/www.asajacyl.com\/palencia\/wp-json\/wp\/v2\/types\/post"}],"author":[{"embeddable":true,"href":"https:\/\/www.asajacyl.com\/palencia\/wp-json\/wp\/v2\/users\/9"}],"replies":[{"embeddable":true,"href":"https:\/\/www.asajacyl.com\/palencia\/wp-json\/wp\/v2\/comments?post=9812"}],"version-history":[{"count":1,"href":"https:\/\/www.asajacyl.com\/palencia\/wp-json\/wp\/v2\/posts\/9812\/revisions"}],"predecessor-version":[{"id":9813,"href":"https:\/\/www.asajacyl.com\/palencia\/wp-json\/wp\/v2\/posts\/9812\/revisions\/9813"}],"wp:featuredmedia":[{"embeddable":true,"href":"https:\/\/www.asajacyl.com\/palencia\/wp-json\/wp\/v2\/media\/8194"}],"wp:attachment":[{"href":"https:\/\/www.asajacyl.com\/palencia\/wp-json\/wp\/v2\/media?parent=9812"}],"wp:term":[{"taxonomy":"category","embeddable":true,"href":"https:\/\/www.asajacyl.com\/palencia\/wp-json\/wp\/v2\/categories?post=9812"},{"taxonomy":"post_tag","embeddable":true,"href":"https:\/\/www.asajacyl.com\/palencia\/wp-json\/wp\/v2\/tags?post=9812"}],"curies":[{"name":"wp","href":"https:\/\/api.w.org\/{rel}","templated":true}]}}