{"id":9816,"date":"2022-02-03T16:24:00","date_gmt":"2022-02-03T15:24:00","guid":{"rendered":"https:\/\/www.asajacyl.com\/palencia\/?p=9816"},"modified":"2022-02-01T07:29:06","modified_gmt":"2022-02-01T06:29:06","slug":"el-gobierno-propone-que-a-partir-de-2023-los-autonomos-coticen-en-funcion-de-sus-rendimientos-netos","status":"publish","type":"post","link":"https:\/\/www.asajacyl.com\/palencia\/asaja-palencia-informa\/el-gobierno-propone-que-a-partir-de-2023-los-autonomos-coticen-en-funcion-de-sus-rendimientos-netos","title":{"rendered":"El Gobierno propone que a partir de 2023 los aut\u00f3nomos coticen en funci\u00f3n de sus rendimientos netos"},"content":{"rendered":"\n<p>ASAJA considera que el mecanismo de cotizaci\u00f3n planteado por el Ministerio de Seguridad Social para que entre en vigor a partir de 2023 supone, en primer lugar, un incremento en los costes sociales para los aut\u00f3nomos agrarios de cerca del 40 % y, adem\u00e1s, no tiene en cuenta las caracter\u00edsticas fiscales espec\u00edficas del sector agrario.<\/p>\n\n\n\n<p>Si a\u00f1adimos esta propuesta de incremento de costes en las cotizaciones, a las reiteradas subidas del SMI en los \u00faltimos tres a\u00f1os, que han supuesto un incremento de m\u00e1s del 30 % en los costes laborales y sociales de los empresarios agrarios, m\u00e1s la subida de las cuotas anuales de la Seguridad Social y el incremento de costes que tendremos que afrontar con la nueva Reforma Laboral, muy perjudicial para los intereses del sector agrario, el resultado es que se pone de nuevo en jaque al campo espa\u00f1ol.<\/p>\n\n\n\n<p>Una nueva vuelta de tuerca para un sector asfixiado ya por los incrementos de costes de producci\u00f3n, la imposibilidad de repercutir los mismos en el precio de venta de los productos y por las limitaciones productivas que imponen la nueva PAC, con mayores condicionamientos medioambientales. Mientras tanto, el Gobierno, lejos de aportar soluciones, con cada nueva decisi\u00f3n exprime a\u00fan m\u00e1s las maltrechas econom\u00edas agrarias.<\/p>\n","protected":false},"excerpt":{"rendered":"<p>ASAJA considera que el mecanismo de cotizaci\u00f3n planteado por el Ministerio de Seguridad Social para que entre en vigor a partir de 2023 supone, en primer lugar, un incremento en los costes sociales para los aut\u00f3nomos agrarios de cerca del 40 % y, adem\u00e1s, no tiene en cuenta las caracter\u00edsticas fiscales espec\u00edficas del sector agrario. [&hellip;]<\/p>\n","protected":false},"author":9,"featured_media":9154,"comment_status":"open","ping_status":"open","sticky":false,"template":"","format":"standard","meta":{"footnotes":""},"categories":[9,29,28],"tags":[],"yoast_head":"<!-- This site is optimized with the Yoast SEO plugin v24.5 - https:\/\/yoast.com\/wordpress\/plugins\/seo\/ -->\n<title>El Gobierno propone que a partir de 2023 los aut\u00f3nomos coticen en funci\u00f3n de sus rendimientos netos - ASAJA Palencia<\/title>\n<meta name=\"description\" content=\"ASAJA considera que el mecanismo de cotizaci\u00f3n planteado por el Ministerio de Seguridad Social para que entre en vigor a partir de 2023 supone, en primer\" \/>\n<meta name=\"robots\" content=\"index, follow, max-snippet:-1, max-image-preview:large, max-video-preview:-1\" \/>\n<link rel=\"canonical\" href=\"https:\/\/www.asajacyl.com\/palencia\/asaja-palencia-informa\/el-gobierno-propone-que-a-partir-de-2023-los-autonomos-coticen-en-funcion-de-sus-rendimientos-netos\" \/>\n<meta property=\"og:locale\" content=\"es_ES\" \/>\n<meta property=\"og:type\" content=\"article\" \/>\n<meta property=\"og:title\" content=\"El Gobierno propone que a partir de 2023 los aut\u00f3nomos coticen en funci\u00f3n de sus rendimientos netos - ASAJA Palencia\" \/>\n<meta property=\"og:description\" content=\"ASAJA considera que el mecanismo de cotizaci\u00f3n planteado por el Ministerio de Seguridad Social para que entre en vigor a partir de 2023 supone, en primer\" \/>\n<meta property=\"og:url\" content=\"https:\/\/www.asajacyl.com\/palencia\/asaja-palencia-informa\/el-gobierno-propone-que-a-partir-de-2023-los-autonomos-coticen-en-funcion-de-sus-rendimientos-netos\" \/>\n<meta property=\"og:site_name\" content=\"ASAJA Palencia\" \/>\n<meta property=\"article:published_time\" content=\"2022-02-03T15:24:00+00:00\" \/>\n<meta property=\"og:image\" content=\"https:\/\/www.asajacyl.com\/palencia\/wp-content\/uploads\/sites\/3\/2021\/10\/IMG-20211026-WA0026.jpg\" \/>\n\t<meta property=\"og:image:width\" content=\"1500\" \/>\n\t<meta property=\"og:image:height\" content=\"2000\" \/>\n\t<meta property=\"og:image:type\" content=\"image\/jpeg\" \/>\n<meta name=\"author\" content=\"Administrador\" \/>\n<meta name=\"twitter:card\" content=\"summary_large_image\" \/>\n<meta name=\"twitter:label1\" content=\"Escrito por\" \/>\n\t<meta name=\"twitter:data1\" content=\"Administrador\" \/>\n\t<meta name=\"twitter:label2\" content=\"Tiempo de lectura\" \/>\n\t<meta name=\"twitter:data2\" content=\"1 minuto\" \/>\n<script type=\"application\/ld+json\" class=\"yoast-schema-graph\">{\"@context\":\"https:\/\/schema.org\",\"@graph\":[{\"@type\":\"WebPage\",\"@id\":\"https:\/\/www.asajacyl.com\/palencia\/asaja-palencia-informa\/el-gobierno-propone-que-a-partir-de-2023-los-autonomos-coticen-en-funcion-de-sus-rendimientos-netos\",\"url\":\"https:\/\/www.asajacyl.com\/palencia\/asaja-palencia-informa\/el-gobierno-propone-que-a-partir-de-2023-los-autonomos-coticen-en-funcion-de-sus-rendimientos-netos\",\"name\":\"El Gobierno propone que a partir de 2023 los aut\u00f3nomos coticen en funci\u00f3n de sus rendimientos netos - ASAJA Palencia\",\"isPartOf\":{\"@id\":\"https:\/\/www.asajacyl.com\/palencia\/#website\"},\"primaryImageOfPage\":{\"@id\":\"https:\/\/www.asajacyl.com\/palencia\/asaja-palencia-informa\/el-gobierno-propone-que-a-partir-de-2023-los-autonomos-coticen-en-funcion-de-sus-rendimientos-netos#primaryimage\"},\"image\":{\"@id\":\"https:\/\/www.asajacyl.com\/palencia\/asaja-palencia-informa\/el-gobierno-propone-que-a-partir-de-2023-los-autonomos-coticen-en-funcion-de-sus-rendimientos-netos#primaryimage\"},\"thumbnailUrl\":\"https:\/\/www.asajacyl.com\/palencia\/wp-content\/uploads\/sites\/3\/2021\/10\/IMG-20211026-WA0026.jpg\",\"datePublished\":\"2022-02-03T15:24:00+00:00\",\"author\":{\"@id\":\"https:\/\/www.asajacyl.com\/palencia\/#\/schema\/person\/3ab17aeb03527485c317557fae64aab1\"},\"description\":\"ASAJA considera que el mecanismo de cotizaci\u00f3n planteado por el Ministerio de Seguridad Social para que entre en vigor a partir de 2023 supone, en primer\",\"breadcrumb\":{\"@id\":\"https:\/\/www.asajacyl.com\/palencia\/asaja-palencia-informa\/el-gobierno-propone-que-a-partir-de-2023-los-autonomos-coticen-en-funcion-de-sus-rendimientos-netos#breadcrumb\"},\"inLanguage\":\"es\",\"potentialAction\":[{\"@type\":\"ReadAction\",\"target\":[\"https:\/\/www.asajacyl.com\/palencia\/asaja-palencia-informa\/el-gobierno-propone-que-a-partir-de-2023-los-autonomos-coticen-en-funcion-de-sus-rendimientos-netos\"]}]},{\"@type\":\"ImageObject\",\"inLanguage\":\"es\",\"@id\":\"https:\/\/www.asajacyl.com\/palencia\/asaja-palencia-informa\/el-gobierno-propone-que-a-partir-de-2023-los-autonomos-coticen-en-funcion-de-sus-rendimientos-netos#primaryimage\",\"url\":\"https:\/\/www.asajacyl.com\/palencia\/wp-content\/uploads\/sites\/3\/2021\/10\/IMG-20211026-WA0026.jpg\",\"contentUrl\":\"https:\/\/www.asajacyl.com\/palencia\/wp-content\/uploads\/sites\/3\/2021\/10\/IMG-20211026-WA0026.jpg\",\"width\":1500,\"height\":2000},{\"@type\":\"BreadcrumbList\",\"@id\":\"https:\/\/www.asajacyl.com\/palencia\/asaja-palencia-informa\/el-gobierno-propone-que-a-partir-de-2023-los-autonomos-coticen-en-funcion-de-sus-rendimientos-netos#breadcrumb\",\"itemListElement\":[{\"@type\":\"ListItem\",\"position\":1,\"name\":\"Portada\",\"item\":\"https:\/\/www.asajacyl.com\/palencia\/\"},{\"@type\":\"ListItem\",\"position\":2,\"name\":\"El Gobierno propone que a partir de 2023 los aut\u00f3nomos coticen en funci\u00f3n de sus rendimientos netos\"}]},{\"@type\":\"WebSite\",\"@id\":\"https:\/\/www.asajacyl.com\/palencia\/#website\",\"url\":\"https:\/\/www.asajacyl.com\/palencia\/\",\"name\":\"ASAJA Palencia\",\"description\":\"Otro sitio m\u00e1s de Provincias ASAJA Castilla y Le\u00f3n\",\"potentialAction\":[{\"@type\":\"SearchAction\",\"target\":{\"@type\":\"EntryPoint\",\"urlTemplate\":\"https:\/\/www.asajacyl.com\/palencia\/?s={search_term_string}\"},\"query-input\":{\"@type\":\"PropertyValueSpecification\",\"valueRequired\":true,\"valueName\":\"search_term_string\"}}],\"inLanguage\":\"es\"},{\"@type\":\"Person\",\"@id\":\"https:\/\/www.asajacyl.com\/palencia\/#\/schema\/person\/3ab17aeb03527485c317557fae64aab1\",\"name\":\"Administrador\",\"image\":{\"@type\":\"ImageObject\",\"inLanguage\":\"es\",\"@id\":\"https:\/\/www.asajacyl.com\/palencia\/#\/schema\/person\/image\/\",\"url\":\"https:\/\/secure.gravatar.com\/avatar\/517384810d242ca9e38c180f3c9fb973?s=96&d=mm&r=g\",\"contentUrl\":\"https:\/\/secure.gravatar.com\/avatar\/517384810d242ca9e38c180f3c9fb973?s=96&d=mm&r=g\",\"caption\":\"Administrador\"},\"url\":\"https:\/\/www.asajacyl.com\/palencia\/author\/carlosrm\"}]}<\/script>\n<!-- \/ Yoast SEO plugin. -->","yoast_head_json":{"title":"El Gobierno propone que a partir de 2023 los aut\u00f3nomos coticen en funci\u00f3n de sus rendimientos netos - ASAJA Palencia","description":"ASAJA considera que el mecanismo de cotizaci\u00f3n planteado por el Ministerio de Seguridad Social para que entre en vigor a partir de 2023 supone, en primer","robots":{"index":"index","follow":"follow","max-snippet":"max-snippet:-1","max-image-preview":"max-image-preview:large","max-video-preview":"max-video-preview:-1"},"canonical":"https:\/\/www.asajacyl.com\/palencia\/asaja-palencia-informa\/el-gobierno-propone-que-a-partir-de-2023-los-autonomos-coticen-en-funcion-de-sus-rendimientos-netos","og_locale":"es_ES","og_type":"article","og_title":"El Gobierno propone que a partir de 2023 los aut\u00f3nomos coticen en funci\u00f3n de sus rendimientos netos - ASAJA Palencia","og_description":"ASAJA considera que el mecanismo de cotizaci\u00f3n planteado por el Ministerio de Seguridad Social para que entre en vigor a partir de 2023 supone, en primer","og_url":"https:\/\/www.asajacyl.com\/palencia\/asaja-palencia-informa\/el-gobierno-propone-que-a-partir-de-2023-los-autonomos-coticen-en-funcion-de-sus-rendimientos-netos","og_site_name":"ASAJA Palencia","article_published_time":"2022-02-03T15:24:00+00:00","og_image":[{"width":1500,"height":2000,"url":"https:\/\/www.asajacyl.com\/palencia\/wp-content\/uploads\/sites\/3\/2021\/10\/IMG-20211026-WA0026.jpg","type":"image\/jpeg"}],"author":"Administrador","twitter_card":"summary_large_image","twitter_misc":{"Escrito por":"Administrador","Tiempo de lectura":"1 minuto"},"schema":{"@context":"https:\/\/schema.org","@graph":[{"@type":"WebPage","@id":"https:\/\/www.asajacyl.com\/palencia\/asaja-palencia-informa\/el-gobierno-propone-que-a-partir-de-2023-los-autonomos-coticen-en-funcion-de-sus-rendimientos-netos","url":"https:\/\/www.asajacyl.com\/palencia\/asaja-palencia-informa\/el-gobierno-propone-que-a-partir-de-2023-los-autonomos-coticen-en-funcion-de-sus-rendimientos-netos","name":"El Gobierno propone que a partir de 2023 los aut\u00f3nomos coticen en funci\u00f3n de sus rendimientos netos - ASAJA Palencia","isPartOf":{"@id":"https:\/\/www.asajacyl.com\/palencia\/#website"},"primaryImageOfPage":{"@id":"https:\/\/www.asajacyl.com\/palencia\/asaja-palencia-informa\/el-gobierno-propone-que-a-partir-de-2023-los-autonomos-coticen-en-funcion-de-sus-rendimientos-netos#primaryimage"},"image":{"@id":"https:\/\/www.asajacyl.com\/palencia\/asaja-palencia-informa\/el-gobierno-propone-que-a-partir-de-2023-los-autonomos-coticen-en-funcion-de-sus-rendimientos-netos#primaryimage"},"thumbnailUrl":"https:\/\/www.asajacyl.com\/palencia\/wp-content\/uploads\/sites\/3\/2021\/10\/IMG-20211026-WA0026.jpg","datePublished":"2022-02-03T15:24:00+00:00","author":{"@id":"https:\/\/www.asajacyl.com\/palencia\/#\/schema\/person\/3ab17aeb03527485c317557fae64aab1"},"description":"ASAJA considera que el mecanismo de cotizaci\u00f3n planteado por el Ministerio de Seguridad Social para que entre en vigor a partir de 2023 supone, en primer","breadcrumb":{"@id":"https:\/\/www.asajacyl.com\/palencia\/asaja-palencia-informa\/el-gobierno-propone-que-a-partir-de-2023-los-autonomos-coticen-en-funcion-de-sus-rendimientos-netos#breadcrumb"},"inLanguage":"es","potentialAction":[{"@type":"ReadAction","target":["https:\/\/www.asajacyl.com\/palencia\/asaja-palencia-informa\/el-gobierno-propone-que-a-partir-de-2023-los-autonomos-coticen-en-funcion-de-sus-rendimientos-netos"]}]},{"@type":"ImageObject","inLanguage":"es","@id":"https:\/\/www.asajacyl.com\/palencia\/asaja-palencia-informa\/el-gobierno-propone-que-a-partir-de-2023-los-autonomos-coticen-en-funcion-de-sus-rendimientos-netos#primaryimage","url":"https:\/\/www.asajacyl.com\/palencia\/wp-content\/uploads\/sites\/3\/2021\/10\/IMG-20211026-WA0026.jpg","contentUrl":"https:\/\/www.asajacyl.com\/palencia\/wp-content\/uploads\/sites\/3\/2021\/10\/IMG-20211026-WA0026.jpg","width":1500,"height":2000},{"@type":"BreadcrumbList","@id":"https:\/\/www.asajacyl.com\/palencia\/asaja-palencia-informa\/el-gobierno-propone-que-a-partir-de-2023-los-autonomos-coticen-en-funcion-de-sus-rendimientos-netos#breadcrumb","itemListElement":[{"@type":"ListItem","position":1,"name":"Portada","item":"https:\/\/www.asajacyl.com\/palencia\/"},{"@type":"ListItem","position":2,"name":"El Gobierno propone que a partir de 2023 los aut\u00f3nomos coticen en funci\u00f3n de sus rendimientos netos"}]},{"@type":"WebSite","@id":"https:\/\/www.asajacyl.com\/palencia\/#website","url":"https:\/\/www.asajacyl.com\/palencia\/","name":"ASAJA Palencia","description":"Otro sitio m\u00e1s de Provincias ASAJA Castilla y Le\u00f3n","potentialAction":[{"@type":"SearchAction","target":{"@type":"EntryPoint","urlTemplate":"https:\/\/www.asajacyl.com\/palencia\/?s={search_term_string}"},"query-input":{"@type":"PropertyValueSpecification","valueRequired":true,"valueName":"search_term_string"}}],"inLanguage":"es"},{"@type":"Person","@id":"https:\/\/www.asajacyl.com\/palencia\/#\/schema\/person\/3ab17aeb03527485c317557fae64aab1","name":"Administrador","image":{"@type":"ImageObject","inLanguage":"es","@id":"https:\/\/www.asajacyl.com\/palencia\/#\/schema\/person\/image\/","url":"https:\/\/secure.gravatar.com\/avatar\/517384810d242ca9e38c180f3c9fb973?s=96&d=mm&r=g","contentUrl":"https:\/\/secure.gravatar.com\/avatar\/517384810d242ca9e38c180f3c9fb973?s=96&d=mm&r=g","caption":"Administrador"},"url":"https:\/\/www.asajacyl.com\/palencia\/author\/carlosrm"}]}},"_links":{"self":[{"href":"https:\/\/www.asajacyl.com\/palencia\/wp-json\/wp\/v2\/posts\/9816"}],"collection":[{"href":"https:\/\/www.asajacyl.com\/palencia\/wp-json\/wp\/v2\/posts"}],"about":[{"href":"https:\/\/www.asajacyl.com\/palencia\/wp-json\/wp\/v2\/types\/post"}],"author":[{"embeddable":true,"href":"https:\/\/www.asajacyl.com\/palencia\/wp-json\/wp\/v2\/users\/9"}],"replies":[{"embeddable":true,"href":"https:\/\/www.asajacyl.com\/palencia\/wp-json\/wp\/v2\/comments?post=9816"}],"version-history":[{"count":1,"href":"https:\/\/www.asajacyl.com\/palencia\/wp-json\/wp\/v2\/posts\/9816\/revisions"}],"predecessor-version":[{"id":9817,"href":"https:\/\/www.asajacyl.com\/palencia\/wp-json\/wp\/v2\/posts\/9816\/revisions\/9817"}],"wp:featuredmedia":[{"embeddable":true,"href":"https:\/\/www.asajacyl.com\/palencia\/wp-json\/wp\/v2\/media\/9154"}],"wp:attachment":[{"href":"https:\/\/www.asajacyl.com\/palencia\/wp-json\/wp\/v2\/media?parent=9816"}],"wp:term":[{"taxonomy":"category","embeddable":true,"href":"https:\/\/www.asajacyl.com\/palencia\/wp-json\/wp\/v2\/categories?post=9816"},{"taxonomy":"post_tag","embeddable":true,"href":"https:\/\/www.asajacyl.com\/palencia\/wp-json\/wp\/v2\/tags?post=9816"}],"curies":[{"name":"wp","href":"https:\/\/api.w.org\/{rel}","templated":true}]}}