{"id":9853,"date":"2022-02-09T08:52:00","date_gmt":"2022-02-09T07:52:00","guid":{"rendered":"https:\/\/www.asajacyl.com\/palencia\/?p=9853"},"modified":"2022-02-08T09:05:42","modified_gmt":"2022-02-08T08:05:42","slug":"sube-la-leche-internacional-la-espanola-sigue-sin-cubrir-los-costes-de-produccion","status":"publish","type":"post","link":"https:\/\/www.asajacyl.com\/palencia\/asaja-palencia-informa\/sube-la-leche-internacional-la-espanola-sigue-sin-cubrir-los-costes-de-produccion","title":{"rendered":"Sube la leche internacional, la espa\u00f1ola sigue sin cubrir los costes de producci\u00f3n"},"content":{"rendered":"\n<p>Mientras suben mundialmente todos los indicadores de productos l\u00e1cteos, los precios que perciben los ganaderos en la venta de leche, siguen por los suelos, en las \u00faltimas subastas de Fonterra, que es el mayor operador l\u00e1cteo en el mundo, se alcanzaron los mayores precios desde hace ocho a\u00f1os, con subidas en la mantequilla, y leche en polvo, tanto desnatada como entera entre el 2,2% y 5,8%.<\/p>\n\n\n\n<p>Tambi\u00e9n se ha conocido la tendencia a la baja de la producci\u00f3n, en la Uni\u00f3n Europea, Australia y Nueva Zelanda, que son los principales productores mundiales l\u00e1cteos. En este contexto, no se puede entender como los precios que reciben los productores l\u00e1cteos espa\u00f1oles no alcanzan para costear los costes de producci\u00f3n y est\u00e1n llevando a la ruina al sector.<\/p>\n","protected":false},"excerpt":{"rendered":"<p>Mientras suben mundialmente todos los indicadores de productos l\u00e1cteos, los precios que perciben los ganaderos en la venta de leche, siguen por los suelos, en las \u00faltimas subastas de Fonterra, que es el mayor operador l\u00e1cteo en el mundo, se alcanzaron los mayores precios desde hace ocho a\u00f1os, con subidas en la mantequilla, y leche [&hellip;]<\/p>\n","protected":false},"author":9,"featured_media":6074,"comment_status":"open","ping_status":"open","sticky":false,"template":"","format":"standard","meta":{"footnotes":""},"categories":[9,29,28],"tags":[],"yoast_head":"<!-- This site is optimized with the Yoast SEO plugin v24.5 - https:\/\/yoast.com\/wordpress\/plugins\/seo\/ -->\n<title>Sube la leche internacional, la espa\u00f1ola sigue sin cubrir los costes de producci\u00f3n - ASAJA Palencia<\/title>\n<meta name=\"description\" content=\"Mientras suben mundialmente todos los indicadores de productos l\u00e1cteos, los precios que perciben los ganaderos en la venta de leche, siguen por los\" \/>\n<meta name=\"robots\" content=\"index, follow, max-snippet:-1, max-image-preview:large, max-video-preview:-1\" \/>\n<link rel=\"canonical\" href=\"https:\/\/www.asajacyl.com\/palencia\/asaja-palencia-informa\/sube-la-leche-internacional-la-espanola-sigue-sin-cubrir-los-costes-de-produccion\" \/>\n<meta property=\"og:locale\" content=\"es_ES\" \/>\n<meta property=\"og:type\" content=\"article\" \/>\n<meta property=\"og:title\" content=\"Sube la leche internacional, la espa\u00f1ola sigue sin cubrir los costes de producci\u00f3n - ASAJA Palencia\" \/>\n<meta property=\"og:description\" content=\"Mientras suben mundialmente todos los indicadores de productos l\u00e1cteos, los precios que perciben los ganaderos en la venta de leche, siguen por los\" \/>\n<meta property=\"og:url\" content=\"https:\/\/www.asajacyl.com\/palencia\/asaja-palencia-informa\/sube-la-leche-internacional-la-espanola-sigue-sin-cubrir-los-costes-de-produccion\" \/>\n<meta property=\"og:site_name\" content=\"ASAJA Palencia\" \/>\n<meta property=\"article:published_time\" content=\"2022-02-09T07:52:00+00:00\" \/>\n<meta property=\"og:image\" content=\"https:\/\/www.asajacyl.com\/palencia\/wp-content\/uploads\/sites\/3\/2019\/03\/vacas-monta\u00f1a.jpg\" \/>\n\t<meta property=\"og:image:width\" content=\"1155\" \/>\n\t<meta property=\"og:image:height\" content=\"457\" \/>\n\t<meta property=\"og:image:type\" content=\"image\/jpeg\" \/>\n<meta name=\"author\" content=\"Administrador\" \/>\n<meta name=\"twitter:card\" content=\"summary_large_image\" \/>\n<meta name=\"twitter:label1\" content=\"Escrito por\" \/>\n\t<meta name=\"twitter:data1\" content=\"Administrador\" \/>\n\t<meta name=\"twitter:label2\" content=\"Tiempo de lectura\" \/>\n\t<meta name=\"twitter:data2\" content=\"1 minuto\" \/>\n<script type=\"application\/ld+json\" class=\"yoast-schema-graph\">{\"@context\":\"https:\/\/schema.org\",\"@graph\":[{\"@type\":\"WebPage\",\"@id\":\"https:\/\/www.asajacyl.com\/palencia\/asaja-palencia-informa\/sube-la-leche-internacional-la-espanola-sigue-sin-cubrir-los-costes-de-produccion\",\"url\":\"https:\/\/www.asajacyl.com\/palencia\/asaja-palencia-informa\/sube-la-leche-internacional-la-espanola-sigue-sin-cubrir-los-costes-de-produccion\",\"name\":\"Sube la leche internacional, la espa\u00f1ola sigue sin cubrir los costes de producci\u00f3n - ASAJA Palencia\",\"isPartOf\":{\"@id\":\"https:\/\/www.asajacyl.com\/palencia\/#website\"},\"primaryImageOfPage\":{\"@id\":\"https:\/\/www.asajacyl.com\/palencia\/asaja-palencia-informa\/sube-la-leche-internacional-la-espanola-sigue-sin-cubrir-los-costes-de-produccion#primaryimage\"},\"image\":{\"@id\":\"https:\/\/www.asajacyl.com\/palencia\/asaja-palencia-informa\/sube-la-leche-internacional-la-espanola-sigue-sin-cubrir-los-costes-de-produccion#primaryimage\"},\"thumbnailUrl\":\"https:\/\/www.asajacyl.com\/palencia\/wp-content\/uploads\/sites\/3\/2019\/03\/vacas-monta\u00f1a.jpg\",\"datePublished\":\"2022-02-09T07:52:00+00:00\",\"author\":{\"@id\":\"https:\/\/www.asajacyl.com\/palencia\/#\/schema\/person\/3ab17aeb03527485c317557fae64aab1\"},\"description\":\"Mientras suben mundialmente todos los indicadores de productos l\u00e1cteos, los precios que perciben los ganaderos en la venta de leche, siguen por los\",\"breadcrumb\":{\"@id\":\"https:\/\/www.asajacyl.com\/palencia\/asaja-palencia-informa\/sube-la-leche-internacional-la-espanola-sigue-sin-cubrir-los-costes-de-produccion#breadcrumb\"},\"inLanguage\":\"es\",\"potentialAction\":[{\"@type\":\"ReadAction\",\"target\":[\"https:\/\/www.asajacyl.com\/palencia\/asaja-palencia-informa\/sube-la-leche-internacional-la-espanola-sigue-sin-cubrir-los-costes-de-produccion\"]}]},{\"@type\":\"ImageObject\",\"inLanguage\":\"es\",\"@id\":\"https:\/\/www.asajacyl.com\/palencia\/asaja-palencia-informa\/sube-la-leche-internacional-la-espanola-sigue-sin-cubrir-los-costes-de-produccion#primaryimage\",\"url\":\"https:\/\/www.asajacyl.com\/palencia\/wp-content\/uploads\/sites\/3\/2019\/03\/vacas-monta\u00f1a.jpg\",\"contentUrl\":\"https:\/\/www.asajacyl.com\/palencia\/wp-content\/uploads\/sites\/3\/2019\/03\/vacas-monta\u00f1a.jpg\",\"width\":1155,\"height\":457},{\"@type\":\"BreadcrumbList\",\"@id\":\"https:\/\/www.asajacyl.com\/palencia\/asaja-palencia-informa\/sube-la-leche-internacional-la-espanola-sigue-sin-cubrir-los-costes-de-produccion#breadcrumb\",\"itemListElement\":[{\"@type\":\"ListItem\",\"position\":1,\"name\":\"Portada\",\"item\":\"https:\/\/www.asajacyl.com\/palencia\/\"},{\"@type\":\"ListItem\",\"position\":2,\"name\":\"Sube la leche internacional, la espa\u00f1ola sigue sin cubrir los costes de producci\u00f3n\"}]},{\"@type\":\"WebSite\",\"@id\":\"https:\/\/www.asajacyl.com\/palencia\/#website\",\"url\":\"https:\/\/www.asajacyl.com\/palencia\/\",\"name\":\"ASAJA Palencia\",\"description\":\"Otro sitio m\u00e1s de Provincias ASAJA Castilla y Le\u00f3n\",\"potentialAction\":[{\"@type\":\"SearchAction\",\"target\":{\"@type\":\"EntryPoint\",\"urlTemplate\":\"https:\/\/www.asajacyl.com\/palencia\/?s={search_term_string}\"},\"query-input\":{\"@type\":\"PropertyValueSpecification\",\"valueRequired\":true,\"valueName\":\"search_term_string\"}}],\"inLanguage\":\"es\"},{\"@type\":\"Person\",\"@id\":\"https:\/\/www.asajacyl.com\/palencia\/#\/schema\/person\/3ab17aeb03527485c317557fae64aab1\",\"name\":\"Administrador\",\"image\":{\"@type\":\"ImageObject\",\"inLanguage\":\"es\",\"@id\":\"https:\/\/www.asajacyl.com\/palencia\/#\/schema\/person\/image\/\",\"url\":\"https:\/\/secure.gravatar.com\/avatar\/517384810d242ca9e38c180f3c9fb973?s=96&d=mm&r=g\",\"contentUrl\":\"https:\/\/secure.gravatar.com\/avatar\/517384810d242ca9e38c180f3c9fb973?s=96&d=mm&r=g\",\"caption\":\"Administrador\"},\"url\":\"https:\/\/www.asajacyl.com\/palencia\/author\/carlosrm\"}]}<\/script>\n<!-- \/ Yoast SEO plugin. -->","yoast_head_json":{"title":"Sube la leche internacional, la espa\u00f1ola sigue sin cubrir los costes de producci\u00f3n - ASAJA Palencia","description":"Mientras suben mundialmente todos los indicadores de productos l\u00e1cteos, los precios que perciben los ganaderos en la venta de leche, siguen por los","robots":{"index":"index","follow":"follow","max-snippet":"max-snippet:-1","max-image-preview":"max-image-preview:large","max-video-preview":"max-video-preview:-1"},"canonical":"https:\/\/www.asajacyl.com\/palencia\/asaja-palencia-informa\/sube-la-leche-internacional-la-espanola-sigue-sin-cubrir-los-costes-de-produccion","og_locale":"es_ES","og_type":"article","og_title":"Sube la leche internacional, la espa\u00f1ola sigue sin cubrir los costes de producci\u00f3n - ASAJA Palencia","og_description":"Mientras suben mundialmente todos los indicadores de productos l\u00e1cteos, los precios que perciben los ganaderos en la venta de leche, siguen por los","og_url":"https:\/\/www.asajacyl.com\/palencia\/asaja-palencia-informa\/sube-la-leche-internacional-la-espanola-sigue-sin-cubrir-los-costes-de-produccion","og_site_name":"ASAJA Palencia","article_published_time":"2022-02-09T07:52:00+00:00","og_image":[{"width":1155,"height":457,"url":"https:\/\/www.asajacyl.com\/palencia\/wp-content\/uploads\/sites\/3\/2019\/03\/vacas-monta\u00f1a.jpg","type":"image\/jpeg"}],"author":"Administrador","twitter_card":"summary_large_image","twitter_misc":{"Escrito por":"Administrador","Tiempo de lectura":"1 minuto"},"schema":{"@context":"https:\/\/schema.org","@graph":[{"@type":"WebPage","@id":"https:\/\/www.asajacyl.com\/palencia\/asaja-palencia-informa\/sube-la-leche-internacional-la-espanola-sigue-sin-cubrir-los-costes-de-produccion","url":"https:\/\/www.asajacyl.com\/palencia\/asaja-palencia-informa\/sube-la-leche-internacional-la-espanola-sigue-sin-cubrir-los-costes-de-produccion","name":"Sube la leche internacional, la espa\u00f1ola sigue sin cubrir los costes de producci\u00f3n - ASAJA Palencia","isPartOf":{"@id":"https:\/\/www.asajacyl.com\/palencia\/#website"},"primaryImageOfPage":{"@id":"https:\/\/www.asajacyl.com\/palencia\/asaja-palencia-informa\/sube-la-leche-internacional-la-espanola-sigue-sin-cubrir-los-costes-de-produccion#primaryimage"},"image":{"@id":"https:\/\/www.asajacyl.com\/palencia\/asaja-palencia-informa\/sube-la-leche-internacional-la-espanola-sigue-sin-cubrir-los-costes-de-produccion#primaryimage"},"thumbnailUrl":"https:\/\/www.asajacyl.com\/palencia\/wp-content\/uploads\/sites\/3\/2019\/03\/vacas-monta\u00f1a.jpg","datePublished":"2022-02-09T07:52:00+00:00","author":{"@id":"https:\/\/www.asajacyl.com\/palencia\/#\/schema\/person\/3ab17aeb03527485c317557fae64aab1"},"description":"Mientras suben mundialmente todos los indicadores de productos l\u00e1cteos, los precios que perciben los ganaderos en la venta de leche, siguen por los","breadcrumb":{"@id":"https:\/\/www.asajacyl.com\/palencia\/asaja-palencia-informa\/sube-la-leche-internacional-la-espanola-sigue-sin-cubrir-los-costes-de-produccion#breadcrumb"},"inLanguage":"es","potentialAction":[{"@type":"ReadAction","target":["https:\/\/www.asajacyl.com\/palencia\/asaja-palencia-informa\/sube-la-leche-internacional-la-espanola-sigue-sin-cubrir-los-costes-de-produccion"]}]},{"@type":"ImageObject","inLanguage":"es","@id":"https:\/\/www.asajacyl.com\/palencia\/asaja-palencia-informa\/sube-la-leche-internacional-la-espanola-sigue-sin-cubrir-los-costes-de-produccion#primaryimage","url":"https:\/\/www.asajacyl.com\/palencia\/wp-content\/uploads\/sites\/3\/2019\/03\/vacas-monta\u00f1a.jpg","contentUrl":"https:\/\/www.asajacyl.com\/palencia\/wp-content\/uploads\/sites\/3\/2019\/03\/vacas-monta\u00f1a.jpg","width":1155,"height":457},{"@type":"BreadcrumbList","@id":"https:\/\/www.asajacyl.com\/palencia\/asaja-palencia-informa\/sube-la-leche-internacional-la-espanola-sigue-sin-cubrir-los-costes-de-produccion#breadcrumb","itemListElement":[{"@type":"ListItem","position":1,"name":"Portada","item":"https:\/\/www.asajacyl.com\/palencia\/"},{"@type":"ListItem","position":2,"name":"Sube la leche internacional, la espa\u00f1ola sigue sin cubrir los costes de producci\u00f3n"}]},{"@type":"WebSite","@id":"https:\/\/www.asajacyl.com\/palencia\/#website","url":"https:\/\/www.asajacyl.com\/palencia\/","name":"ASAJA Palencia","description":"Otro sitio m\u00e1s de Provincias ASAJA Castilla y Le\u00f3n","potentialAction":[{"@type":"SearchAction","target":{"@type":"EntryPoint","urlTemplate":"https:\/\/www.asajacyl.com\/palencia\/?s={search_term_string}"},"query-input":{"@type":"PropertyValueSpecification","valueRequired":true,"valueName":"search_term_string"}}],"inLanguage":"es"},{"@type":"Person","@id":"https:\/\/www.asajacyl.com\/palencia\/#\/schema\/person\/3ab17aeb03527485c317557fae64aab1","name":"Administrador","image":{"@type":"ImageObject","inLanguage":"es","@id":"https:\/\/www.asajacyl.com\/palencia\/#\/schema\/person\/image\/","url":"https:\/\/secure.gravatar.com\/avatar\/517384810d242ca9e38c180f3c9fb973?s=96&d=mm&r=g","contentUrl":"https:\/\/secure.gravatar.com\/avatar\/517384810d242ca9e38c180f3c9fb973?s=96&d=mm&r=g","caption":"Administrador"},"url":"https:\/\/www.asajacyl.com\/palencia\/author\/carlosrm"}]}},"_links":{"self":[{"href":"https:\/\/www.asajacyl.com\/palencia\/wp-json\/wp\/v2\/posts\/9853"}],"collection":[{"href":"https:\/\/www.asajacyl.com\/palencia\/wp-json\/wp\/v2\/posts"}],"about":[{"href":"https:\/\/www.asajacyl.com\/palencia\/wp-json\/wp\/v2\/types\/post"}],"author":[{"embeddable":true,"href":"https:\/\/www.asajacyl.com\/palencia\/wp-json\/wp\/v2\/users\/9"}],"replies":[{"embeddable":true,"href":"https:\/\/www.asajacyl.com\/palencia\/wp-json\/wp\/v2\/comments?post=9853"}],"version-history":[{"count":1,"href":"https:\/\/www.asajacyl.com\/palencia\/wp-json\/wp\/v2\/posts\/9853\/revisions"}],"predecessor-version":[{"id":9854,"href":"https:\/\/www.asajacyl.com\/palencia\/wp-json\/wp\/v2\/posts\/9853\/revisions\/9854"}],"wp:featuredmedia":[{"embeddable":true,"href":"https:\/\/www.asajacyl.com\/palencia\/wp-json\/wp\/v2\/media\/6074"}],"wp:attachment":[{"href":"https:\/\/www.asajacyl.com\/palencia\/wp-json\/wp\/v2\/media?parent=9853"}],"wp:term":[{"taxonomy":"category","embeddable":true,"href":"https:\/\/www.asajacyl.com\/palencia\/wp-json\/wp\/v2\/categories?post=9853"},{"taxonomy":"post_tag","embeddable":true,"href":"https:\/\/www.asajacyl.com\/palencia\/wp-json\/wp\/v2\/tags?post=9853"}],"curies":[{"name":"wp","href":"https:\/\/api.w.org\/{rel}","templated":true}]}}