{"id":9855,"date":"2022-02-10T09:06:00","date_gmt":"2022-02-10T08:06:00","guid":{"rendered":"https:\/\/www.asajacyl.com\/palencia\/?p=9855"},"modified":"2022-02-08T09:19:50","modified_gmt":"2022-02-08T08:19:50","slug":"importes-provisionales-de-las-ayudas-al-vacuno-de-cebo","status":"publish","type":"post","link":"https:\/\/www.asajacyl.com\/palencia\/asaja-palencia-informa\/importes-provisionales-de-las-ayudas-al-vacuno-de-cebo","title":{"rendered":"Importes provisionales de las ayudas al vacuno de cebo"},"content":{"rendered":"\n<p>El FEGA ha publicado los importes unitarios provisionales de las ayudas de cebo al vacuno del a\u00f1o 2021. Para el vacuno de cebo en la propia explotaci\u00f3n se sit\u00faa en 27,58 euros\/animal frente a los 29,53 euros\/animal establecidos el a\u00f1o anterior. En cuanto a los animales procedentes de otra explotaci\u00f3n, el importe fijado es de 15,05 euros\/animal, cuando el a\u00f1o anterior estaba en 15,86 euros\/animal. El importe provisional asignado a los ganaderos que el a\u00f1o anterior mantuvieron derechos especiales es de 47,60 euros\/animal. A partir de ahora las Comunidades Aut\u00f3nomas ya pueden realizar un primer pago de las ayudas, que no puede superar el 90% del total, una vez finalizados los controles administrativos y sobre el terreno.<\/p>\n","protected":false},"excerpt":{"rendered":"<p>El FEGA ha publicado los importes unitarios provisionales de las ayudas de cebo al vacuno del a\u00f1o 2021. Para el vacuno de cebo en la propia explotaci\u00f3n se sit\u00faa en 27,58 euros\/animal frente a los 29,53 euros\/animal establecidos el a\u00f1o anterior. En cuanto a los animales procedentes de otra explotaci\u00f3n, el importe fijado es de [&hellip;]<\/p>\n","protected":false},"author":9,"featured_media":6446,"comment_status":"open","ping_status":"open","sticky":false,"template":"","format":"standard","meta":{"footnotes":""},"categories":[9,29,28],"tags":[],"yoast_head":"<!-- This site is optimized with the Yoast SEO plugin v24.5 - https:\/\/yoast.com\/wordpress\/plugins\/seo\/ -->\n<title>Importes provisionales de las ayudas al vacuno de cebo - ASAJA Palencia<\/title>\n<meta name=\"description\" content=\"El FEGA ha publicado los importes unitarios provisionales de las ayudas de cebo al vacuno del a\u00f1o 2021. Para el vacuno de cebo en la propia explotaci\u00f3n se\" \/>\n<meta name=\"robots\" content=\"index, follow, max-snippet:-1, max-image-preview:large, max-video-preview:-1\" \/>\n<link rel=\"canonical\" href=\"https:\/\/www.asajacyl.com\/palencia\/asaja-palencia-informa\/importes-provisionales-de-las-ayudas-al-vacuno-de-cebo\" \/>\n<meta property=\"og:locale\" content=\"es_ES\" \/>\n<meta property=\"og:type\" content=\"article\" \/>\n<meta property=\"og:title\" content=\"Importes provisionales de las ayudas al vacuno de cebo - ASAJA Palencia\" \/>\n<meta property=\"og:description\" content=\"El FEGA ha publicado los importes unitarios provisionales de las ayudas de cebo al vacuno del a\u00f1o 2021. Para el vacuno de cebo en la propia explotaci\u00f3n se\" \/>\n<meta property=\"og:url\" content=\"https:\/\/www.asajacyl.com\/palencia\/asaja-palencia-informa\/importes-provisionales-de-las-ayudas-al-vacuno-de-cebo\" \/>\n<meta property=\"og:site_name\" content=\"ASAJA Palencia\" \/>\n<meta property=\"article:published_time\" content=\"2022-02-10T08:06:00+00:00\" \/>\n<meta property=\"og:image\" content=\"https:\/\/www.asajacyl.com\/palencia\/wp-content\/uploads\/sites\/3\/2019\/08\/vacas-carne.jpg\" \/>\n\t<meta property=\"og:image:width\" content=\"2500\" \/>\n\t<meta property=\"og:image:height\" content=\"1406\" \/>\n\t<meta property=\"og:image:type\" content=\"image\/jpeg\" \/>\n<meta name=\"author\" content=\"Administrador\" \/>\n<meta name=\"twitter:card\" content=\"summary_large_image\" \/>\n<meta name=\"twitter:label1\" content=\"Escrito por\" \/>\n\t<meta name=\"twitter:data1\" content=\"Administrador\" \/>\n\t<meta name=\"twitter:label2\" content=\"Tiempo de lectura\" \/>\n\t<meta name=\"twitter:data2\" content=\"1 minuto\" \/>\n<script type=\"application\/ld+json\" class=\"yoast-schema-graph\">{\"@context\":\"https:\/\/schema.org\",\"@graph\":[{\"@type\":\"WebPage\",\"@id\":\"https:\/\/www.asajacyl.com\/palencia\/asaja-palencia-informa\/importes-provisionales-de-las-ayudas-al-vacuno-de-cebo\",\"url\":\"https:\/\/www.asajacyl.com\/palencia\/asaja-palencia-informa\/importes-provisionales-de-las-ayudas-al-vacuno-de-cebo\",\"name\":\"Importes provisionales de las ayudas al vacuno de cebo - ASAJA Palencia\",\"isPartOf\":{\"@id\":\"https:\/\/www.asajacyl.com\/palencia\/#website\"},\"primaryImageOfPage\":{\"@id\":\"https:\/\/www.asajacyl.com\/palencia\/asaja-palencia-informa\/importes-provisionales-de-las-ayudas-al-vacuno-de-cebo#primaryimage\"},\"image\":{\"@id\":\"https:\/\/www.asajacyl.com\/palencia\/asaja-palencia-informa\/importes-provisionales-de-las-ayudas-al-vacuno-de-cebo#primaryimage\"},\"thumbnailUrl\":\"https:\/\/www.asajacyl.com\/palencia\/wp-content\/uploads\/sites\/3\/2019\/08\/vacas-carne.jpg\",\"datePublished\":\"2022-02-10T08:06:00+00:00\",\"author\":{\"@id\":\"https:\/\/www.asajacyl.com\/palencia\/#\/schema\/person\/3ab17aeb03527485c317557fae64aab1\"},\"description\":\"El FEGA ha publicado los importes unitarios provisionales de las ayudas de cebo al vacuno del a\u00f1o 2021. Para el vacuno de cebo en la propia explotaci\u00f3n se\",\"breadcrumb\":{\"@id\":\"https:\/\/www.asajacyl.com\/palencia\/asaja-palencia-informa\/importes-provisionales-de-las-ayudas-al-vacuno-de-cebo#breadcrumb\"},\"inLanguage\":\"es\",\"potentialAction\":[{\"@type\":\"ReadAction\",\"target\":[\"https:\/\/www.asajacyl.com\/palencia\/asaja-palencia-informa\/importes-provisionales-de-las-ayudas-al-vacuno-de-cebo\"]}]},{\"@type\":\"ImageObject\",\"inLanguage\":\"es\",\"@id\":\"https:\/\/www.asajacyl.com\/palencia\/asaja-palencia-informa\/importes-provisionales-de-las-ayudas-al-vacuno-de-cebo#primaryimage\",\"url\":\"https:\/\/www.asajacyl.com\/palencia\/wp-content\/uploads\/sites\/3\/2019\/08\/vacas-carne.jpg\",\"contentUrl\":\"https:\/\/www.asajacyl.com\/palencia\/wp-content\/uploads\/sites\/3\/2019\/08\/vacas-carne.jpg\",\"width\":2500,\"height\":1406},{\"@type\":\"BreadcrumbList\",\"@id\":\"https:\/\/www.asajacyl.com\/palencia\/asaja-palencia-informa\/importes-provisionales-de-las-ayudas-al-vacuno-de-cebo#breadcrumb\",\"itemListElement\":[{\"@type\":\"ListItem\",\"position\":1,\"name\":\"Portada\",\"item\":\"https:\/\/www.asajacyl.com\/palencia\/\"},{\"@type\":\"ListItem\",\"position\":2,\"name\":\"Importes provisionales de las ayudas al vacuno de cebo\"}]},{\"@type\":\"WebSite\",\"@id\":\"https:\/\/www.asajacyl.com\/palencia\/#website\",\"url\":\"https:\/\/www.asajacyl.com\/palencia\/\",\"name\":\"ASAJA Palencia\",\"description\":\"Otro sitio m\u00e1s de Provincias ASAJA Castilla y Le\u00f3n\",\"potentialAction\":[{\"@type\":\"SearchAction\",\"target\":{\"@type\":\"EntryPoint\",\"urlTemplate\":\"https:\/\/www.asajacyl.com\/palencia\/?s={search_term_string}\"},\"query-input\":{\"@type\":\"PropertyValueSpecification\",\"valueRequired\":true,\"valueName\":\"search_term_string\"}}],\"inLanguage\":\"es\"},{\"@type\":\"Person\",\"@id\":\"https:\/\/www.asajacyl.com\/palencia\/#\/schema\/person\/3ab17aeb03527485c317557fae64aab1\",\"name\":\"Administrador\",\"image\":{\"@type\":\"ImageObject\",\"inLanguage\":\"es\",\"@id\":\"https:\/\/www.asajacyl.com\/palencia\/#\/schema\/person\/image\/\",\"url\":\"https:\/\/secure.gravatar.com\/avatar\/517384810d242ca9e38c180f3c9fb973?s=96&d=mm&r=g\",\"contentUrl\":\"https:\/\/secure.gravatar.com\/avatar\/517384810d242ca9e38c180f3c9fb973?s=96&d=mm&r=g\",\"caption\":\"Administrador\"},\"url\":\"https:\/\/www.asajacyl.com\/palencia\/author\/carlosrm\"}]}<\/script>\n<!-- \/ Yoast SEO plugin. -->","yoast_head_json":{"title":"Importes provisionales de las ayudas al vacuno de cebo - ASAJA Palencia","description":"El FEGA ha publicado los importes unitarios provisionales de las ayudas de cebo al vacuno del a\u00f1o 2021. Para el vacuno de cebo en la propia explotaci\u00f3n se","robots":{"index":"index","follow":"follow","max-snippet":"max-snippet:-1","max-image-preview":"max-image-preview:large","max-video-preview":"max-video-preview:-1"},"canonical":"https:\/\/www.asajacyl.com\/palencia\/asaja-palencia-informa\/importes-provisionales-de-las-ayudas-al-vacuno-de-cebo","og_locale":"es_ES","og_type":"article","og_title":"Importes provisionales de las ayudas al vacuno de cebo - ASAJA Palencia","og_description":"El FEGA ha publicado los importes unitarios provisionales de las ayudas de cebo al vacuno del a\u00f1o 2021. Para el vacuno de cebo en la propia explotaci\u00f3n se","og_url":"https:\/\/www.asajacyl.com\/palencia\/asaja-palencia-informa\/importes-provisionales-de-las-ayudas-al-vacuno-de-cebo","og_site_name":"ASAJA Palencia","article_published_time":"2022-02-10T08:06:00+00:00","og_image":[{"width":2500,"height":1406,"url":"https:\/\/www.asajacyl.com\/palencia\/wp-content\/uploads\/sites\/3\/2019\/08\/vacas-carne.jpg","type":"image\/jpeg"}],"author":"Administrador","twitter_card":"summary_large_image","twitter_misc":{"Escrito por":"Administrador","Tiempo de lectura":"1 minuto"},"schema":{"@context":"https:\/\/schema.org","@graph":[{"@type":"WebPage","@id":"https:\/\/www.asajacyl.com\/palencia\/asaja-palencia-informa\/importes-provisionales-de-las-ayudas-al-vacuno-de-cebo","url":"https:\/\/www.asajacyl.com\/palencia\/asaja-palencia-informa\/importes-provisionales-de-las-ayudas-al-vacuno-de-cebo","name":"Importes provisionales de las ayudas al vacuno de cebo - ASAJA Palencia","isPartOf":{"@id":"https:\/\/www.asajacyl.com\/palencia\/#website"},"primaryImageOfPage":{"@id":"https:\/\/www.asajacyl.com\/palencia\/asaja-palencia-informa\/importes-provisionales-de-las-ayudas-al-vacuno-de-cebo#primaryimage"},"image":{"@id":"https:\/\/www.asajacyl.com\/palencia\/asaja-palencia-informa\/importes-provisionales-de-las-ayudas-al-vacuno-de-cebo#primaryimage"},"thumbnailUrl":"https:\/\/www.asajacyl.com\/palencia\/wp-content\/uploads\/sites\/3\/2019\/08\/vacas-carne.jpg","datePublished":"2022-02-10T08:06:00+00:00","author":{"@id":"https:\/\/www.asajacyl.com\/palencia\/#\/schema\/person\/3ab17aeb03527485c317557fae64aab1"},"description":"El FEGA ha publicado los importes unitarios provisionales de las ayudas de cebo al vacuno del a\u00f1o 2021. Para el vacuno de cebo en la propia explotaci\u00f3n se","breadcrumb":{"@id":"https:\/\/www.asajacyl.com\/palencia\/asaja-palencia-informa\/importes-provisionales-de-las-ayudas-al-vacuno-de-cebo#breadcrumb"},"inLanguage":"es","potentialAction":[{"@type":"ReadAction","target":["https:\/\/www.asajacyl.com\/palencia\/asaja-palencia-informa\/importes-provisionales-de-las-ayudas-al-vacuno-de-cebo"]}]},{"@type":"ImageObject","inLanguage":"es","@id":"https:\/\/www.asajacyl.com\/palencia\/asaja-palencia-informa\/importes-provisionales-de-las-ayudas-al-vacuno-de-cebo#primaryimage","url":"https:\/\/www.asajacyl.com\/palencia\/wp-content\/uploads\/sites\/3\/2019\/08\/vacas-carne.jpg","contentUrl":"https:\/\/www.asajacyl.com\/palencia\/wp-content\/uploads\/sites\/3\/2019\/08\/vacas-carne.jpg","width":2500,"height":1406},{"@type":"BreadcrumbList","@id":"https:\/\/www.asajacyl.com\/palencia\/asaja-palencia-informa\/importes-provisionales-de-las-ayudas-al-vacuno-de-cebo#breadcrumb","itemListElement":[{"@type":"ListItem","position":1,"name":"Portada","item":"https:\/\/www.asajacyl.com\/palencia\/"},{"@type":"ListItem","position":2,"name":"Importes provisionales de las ayudas al vacuno de cebo"}]},{"@type":"WebSite","@id":"https:\/\/www.asajacyl.com\/palencia\/#website","url":"https:\/\/www.asajacyl.com\/palencia\/","name":"ASAJA Palencia","description":"Otro sitio m\u00e1s de Provincias ASAJA Castilla y Le\u00f3n","potentialAction":[{"@type":"SearchAction","target":{"@type":"EntryPoint","urlTemplate":"https:\/\/www.asajacyl.com\/palencia\/?s={search_term_string}"},"query-input":{"@type":"PropertyValueSpecification","valueRequired":true,"valueName":"search_term_string"}}],"inLanguage":"es"},{"@type":"Person","@id":"https:\/\/www.asajacyl.com\/palencia\/#\/schema\/person\/3ab17aeb03527485c317557fae64aab1","name":"Administrador","image":{"@type":"ImageObject","inLanguage":"es","@id":"https:\/\/www.asajacyl.com\/palencia\/#\/schema\/person\/image\/","url":"https:\/\/secure.gravatar.com\/avatar\/517384810d242ca9e38c180f3c9fb973?s=96&d=mm&r=g","contentUrl":"https:\/\/secure.gravatar.com\/avatar\/517384810d242ca9e38c180f3c9fb973?s=96&d=mm&r=g","caption":"Administrador"},"url":"https:\/\/www.asajacyl.com\/palencia\/author\/carlosrm"}]}},"_links":{"self":[{"href":"https:\/\/www.asajacyl.com\/palencia\/wp-json\/wp\/v2\/posts\/9855"}],"collection":[{"href":"https:\/\/www.asajacyl.com\/palencia\/wp-json\/wp\/v2\/posts"}],"about":[{"href":"https:\/\/www.asajacyl.com\/palencia\/wp-json\/wp\/v2\/types\/post"}],"author":[{"embeddable":true,"href":"https:\/\/www.asajacyl.com\/palencia\/wp-json\/wp\/v2\/users\/9"}],"replies":[{"embeddable":true,"href":"https:\/\/www.asajacyl.com\/palencia\/wp-json\/wp\/v2\/comments?post=9855"}],"version-history":[{"count":1,"href":"https:\/\/www.asajacyl.com\/palencia\/wp-json\/wp\/v2\/posts\/9855\/revisions"}],"predecessor-version":[{"id":9856,"href":"https:\/\/www.asajacyl.com\/palencia\/wp-json\/wp\/v2\/posts\/9855\/revisions\/9856"}],"wp:featuredmedia":[{"embeddable":true,"href":"https:\/\/www.asajacyl.com\/palencia\/wp-json\/wp\/v2\/media\/6446"}],"wp:attachment":[{"href":"https:\/\/www.asajacyl.com\/palencia\/wp-json\/wp\/v2\/media?parent=9855"}],"wp:term":[{"taxonomy":"category","embeddable":true,"href":"https:\/\/www.asajacyl.com\/palencia\/wp-json\/wp\/v2\/categories?post=9855"},{"taxonomy":"post_tag","embeddable":true,"href":"https:\/\/www.asajacyl.com\/palencia\/wp-json\/wp\/v2\/tags?post=9855"}],"curies":[{"name":"wp","href":"https:\/\/api.w.org\/{rel}","templated":true}]}}