{"id":9857,"date":"2022-02-08T09:24:06","date_gmt":"2022-02-08T08:24:06","guid":{"rendered":"https:\/\/www.asajacyl.com\/palencia\/?p=9857"},"modified":"2022-02-08T09:24:07","modified_gmt":"2022-02-08T08:24:07","slug":"unos-mil-agricultores-y-ganaderos-participan-en-las-asambleas-comarcales","status":"publish","type":"post","link":"https:\/\/www.asajacyl.com\/palencia\/asaja-palencia-informa\/unos-mil-agricultores-y-ganaderos-participan-en-las-asambleas-comarcales","title":{"rendered":"Unos mil agricultores y ganaderos participan en las Asambleas Comarcales"},"content":{"rendered":"\n<p>Aproximadamente mil agricultores han participado en las Asambleas Comarcales de ASAJA, que se han celebrado las \u00faltimas semanas y han recorrido toda la geograf\u00eda provincial. De nuevo las novedades sobre la Pol\u00edtica Agraria Com\u00fan, han suscitado el mayor inter\u00e9s, ya que la planificaci\u00f3n de los cultivos est\u00e1 condicionada por las decisiones que se han tomado recientemente en la Uni\u00f3n Europea, y que afectan a la campa\u00f1a agr\u00edcola en la que nos encontramos. La situaci\u00f3n de crisis de los sectores ganaderos, los mercados agrarios, los constantes ataques que est\u00e1 sufriendo nuestro sector por parte de nuestros gobernantes, tanto en sus declaraciones, como en las decisiones pol\u00edticas que se est\u00e1n tomando, fueron los otros temas que se trataron en estas Asambleas que sirven de punto de encuentro anual de ASAJA con sus afiliados.<\/p>\n\n\n\n<figure class=\"wp-block-image size-large\"><img loading=\"lazy\" decoding=\"async\" width=\"1024\" height=\"768\" src=\"https:\/\/www.asajacyl.com\/palencia\/wp-content\/uploads\/sites\/3\/2022\/02\/PHOTO-2022-02-04-12-44-40-1024x768.jpg\" alt=\"\" class=\"wp-image-9858\" srcset=\"https:\/\/www.asajacyl.com\/palencia\/wp-content\/uploads\/sites\/3\/2022\/02\/PHOTO-2022-02-04-12-44-40-1024x768.jpg 1024w, https:\/\/www.asajacyl.com\/palencia\/wp-content\/uploads\/sites\/3\/2022\/02\/PHOTO-2022-02-04-12-44-40-300x225.jpg 300w, https:\/\/www.asajacyl.com\/palencia\/wp-content\/uploads\/sites\/3\/2022\/02\/PHOTO-2022-02-04-12-44-40-768x576.jpg 768w, https:\/\/www.asajacyl.com\/palencia\/wp-content\/uploads\/sites\/3\/2022\/02\/PHOTO-2022-02-04-12-44-40-1536x1152.jpg 1536w, https:\/\/www.asajacyl.com\/palencia\/wp-content\/uploads\/sites\/3\/2022\/02\/PHOTO-2022-02-04-12-44-40-696x522.jpg 696w, https:\/\/www.asajacyl.com\/palencia\/wp-content\/uploads\/sites\/3\/2022\/02\/PHOTO-2022-02-04-12-44-40-1068x801.jpg 1068w, https:\/\/www.asajacyl.com\/palencia\/wp-content\/uploads\/sites\/3\/2022\/02\/PHOTO-2022-02-04-12-44-40-1920x1440.jpg 1920w, https:\/\/www.asajacyl.com\/palencia\/wp-content\/uploads\/sites\/3\/2022\/02\/PHOTO-2022-02-04-12-44-40-560x420.jpg 560w, https:\/\/www.asajacyl.com\/palencia\/wp-content\/uploads\/sites\/3\/2022\/02\/PHOTO-2022-02-04-12-44-40-80x60.jpg 80w, https:\/\/www.asajacyl.com\/palencia\/wp-content\/uploads\/sites\/3\/2022\/02\/PHOTO-2022-02-04-12-44-40.jpg 2048w\" sizes=\"(max-width: 1024px) 100vw, 1024px\" \/><\/figure>\n","protected":false},"excerpt":{"rendered":"<p>Aproximadamente mil agricultores han participado en las Asambleas Comarcales de ASAJA, que se han celebrado las \u00faltimas semanas y han recorrido toda la geograf\u00eda provincial. De nuevo las novedades sobre la Pol\u00edtica Agraria Com\u00fan, han suscitado el mayor inter\u00e9s, ya que la planificaci\u00f3n de los cultivos est\u00e1 condicionada por las decisiones que se han tomado [&hellip;]<\/p>\n","protected":false},"author":9,"featured_media":9858,"comment_status":"open","ping_status":"open","sticky":false,"template":"","format":"standard","meta":{"footnotes":""},"categories":[9,29,28],"tags":[],"yoast_head":"<!-- This site is optimized with the Yoast SEO plugin v24.5 - https:\/\/yoast.com\/wordpress\/plugins\/seo\/ -->\n<title>Unos mil agricultores y ganaderos participan en las Asambleas Comarcales - ASAJA Palencia<\/title>\n<meta name=\"description\" content=\"Aproximadamente mil agricultores han participado en las Asambleas Comarcales de ASAJA, que se han celebrado las \u00faltimas semanas y han recorrido toda la\" \/>\n<meta name=\"robots\" content=\"index, follow, max-snippet:-1, max-image-preview:large, max-video-preview:-1\" \/>\n<link rel=\"canonical\" href=\"https:\/\/www.asajacyl.com\/palencia\/asaja-palencia-informa\/unos-mil-agricultores-y-ganaderos-participan-en-las-asambleas-comarcales\" \/>\n<meta property=\"og:locale\" content=\"es_ES\" \/>\n<meta property=\"og:type\" content=\"article\" \/>\n<meta property=\"og:title\" content=\"Unos mil agricultores y ganaderos participan en las Asambleas Comarcales - ASAJA Palencia\" \/>\n<meta property=\"og:description\" content=\"Aproximadamente mil agricultores han participado en las Asambleas Comarcales de ASAJA, que se han celebrado las \u00faltimas semanas y han recorrido toda la\" \/>\n<meta property=\"og:url\" content=\"https:\/\/www.asajacyl.com\/palencia\/asaja-palencia-informa\/unos-mil-agricultores-y-ganaderos-participan-en-las-asambleas-comarcales\" \/>\n<meta property=\"og:site_name\" content=\"ASAJA Palencia\" \/>\n<meta property=\"article:published_time\" content=\"2022-02-08T08:24:06+00:00\" \/>\n<meta property=\"article:modified_time\" content=\"2022-02-08T08:24:07+00:00\" \/>\n<meta property=\"og:image\" content=\"https:\/\/www.asajacyl.com\/palencia\/wp-content\/uploads\/sites\/3\/2022\/02\/PHOTO-2022-02-04-12-44-40.jpg\" \/>\n\t<meta property=\"og:image:width\" content=\"2048\" \/>\n\t<meta property=\"og:image:height\" content=\"1536\" \/>\n\t<meta property=\"og:image:type\" content=\"image\/jpeg\" \/>\n<meta name=\"author\" content=\"Administrador\" \/>\n<meta name=\"twitter:card\" content=\"summary_large_image\" \/>\n<meta name=\"twitter:label1\" content=\"Escrito por\" \/>\n\t<meta name=\"twitter:data1\" content=\"Administrador\" \/>\n\t<meta name=\"twitter:label2\" content=\"Tiempo de lectura\" \/>\n\t<meta name=\"twitter:data2\" content=\"1 minuto\" \/>\n<script type=\"application\/ld+json\" class=\"yoast-schema-graph\">{\"@context\":\"https:\/\/schema.org\",\"@graph\":[{\"@type\":\"WebPage\",\"@id\":\"https:\/\/www.asajacyl.com\/palencia\/asaja-palencia-informa\/unos-mil-agricultores-y-ganaderos-participan-en-las-asambleas-comarcales\",\"url\":\"https:\/\/www.asajacyl.com\/palencia\/asaja-palencia-informa\/unos-mil-agricultores-y-ganaderos-participan-en-las-asambleas-comarcales\",\"name\":\"Unos mil agricultores y ganaderos participan en las Asambleas Comarcales - ASAJA Palencia\",\"isPartOf\":{\"@id\":\"https:\/\/www.asajacyl.com\/palencia\/#website\"},\"primaryImageOfPage\":{\"@id\":\"https:\/\/www.asajacyl.com\/palencia\/asaja-palencia-informa\/unos-mil-agricultores-y-ganaderos-participan-en-las-asambleas-comarcales#primaryimage\"},\"image\":{\"@id\":\"https:\/\/www.asajacyl.com\/palencia\/asaja-palencia-informa\/unos-mil-agricultores-y-ganaderos-participan-en-las-asambleas-comarcales#primaryimage\"},\"thumbnailUrl\":\"https:\/\/www.asajacyl.com\/palencia\/wp-content\/uploads\/sites\/3\/2022\/02\/PHOTO-2022-02-04-12-44-40.jpg\",\"datePublished\":\"2022-02-08T08:24:06+00:00\",\"dateModified\":\"2022-02-08T08:24:07+00:00\",\"author\":{\"@id\":\"https:\/\/www.asajacyl.com\/palencia\/#\/schema\/person\/3ab17aeb03527485c317557fae64aab1\"},\"description\":\"Aproximadamente mil agricultores han participado en las Asambleas Comarcales de ASAJA, que se han celebrado las \u00faltimas semanas y han recorrido toda la\",\"breadcrumb\":{\"@id\":\"https:\/\/www.asajacyl.com\/palencia\/asaja-palencia-informa\/unos-mil-agricultores-y-ganaderos-participan-en-las-asambleas-comarcales#breadcrumb\"},\"inLanguage\":\"es\",\"potentialAction\":[{\"@type\":\"ReadAction\",\"target\":[\"https:\/\/www.asajacyl.com\/palencia\/asaja-palencia-informa\/unos-mil-agricultores-y-ganaderos-participan-en-las-asambleas-comarcales\"]}]},{\"@type\":\"ImageObject\",\"inLanguage\":\"es\",\"@id\":\"https:\/\/www.asajacyl.com\/palencia\/asaja-palencia-informa\/unos-mil-agricultores-y-ganaderos-participan-en-las-asambleas-comarcales#primaryimage\",\"url\":\"https:\/\/www.asajacyl.com\/palencia\/wp-content\/uploads\/sites\/3\/2022\/02\/PHOTO-2022-02-04-12-44-40.jpg\",\"contentUrl\":\"https:\/\/www.asajacyl.com\/palencia\/wp-content\/uploads\/sites\/3\/2022\/02\/PHOTO-2022-02-04-12-44-40.jpg\",\"width\":2048,\"height\":1536},{\"@type\":\"BreadcrumbList\",\"@id\":\"https:\/\/www.asajacyl.com\/palencia\/asaja-palencia-informa\/unos-mil-agricultores-y-ganaderos-participan-en-las-asambleas-comarcales#breadcrumb\",\"itemListElement\":[{\"@type\":\"ListItem\",\"position\":1,\"name\":\"Portada\",\"item\":\"https:\/\/www.asajacyl.com\/palencia\/\"},{\"@type\":\"ListItem\",\"position\":2,\"name\":\"Unos mil agricultores y ganaderos participan en las Asambleas Comarcales\"}]},{\"@type\":\"WebSite\",\"@id\":\"https:\/\/www.asajacyl.com\/palencia\/#website\",\"url\":\"https:\/\/www.asajacyl.com\/palencia\/\",\"name\":\"ASAJA Palencia\",\"description\":\"Otro sitio m\u00e1s de Provincias ASAJA Castilla y Le\u00f3n\",\"potentialAction\":[{\"@type\":\"SearchAction\",\"target\":{\"@type\":\"EntryPoint\",\"urlTemplate\":\"https:\/\/www.asajacyl.com\/palencia\/?s={search_term_string}\"},\"query-input\":{\"@type\":\"PropertyValueSpecification\",\"valueRequired\":true,\"valueName\":\"search_term_string\"}}],\"inLanguage\":\"es\"},{\"@type\":\"Person\",\"@id\":\"https:\/\/www.asajacyl.com\/palencia\/#\/schema\/person\/3ab17aeb03527485c317557fae64aab1\",\"name\":\"Administrador\",\"image\":{\"@type\":\"ImageObject\",\"inLanguage\":\"es\",\"@id\":\"https:\/\/www.asajacyl.com\/palencia\/#\/schema\/person\/image\/\",\"url\":\"https:\/\/secure.gravatar.com\/avatar\/517384810d242ca9e38c180f3c9fb973?s=96&d=mm&r=g\",\"contentUrl\":\"https:\/\/secure.gravatar.com\/avatar\/517384810d242ca9e38c180f3c9fb973?s=96&d=mm&r=g\",\"caption\":\"Administrador\"},\"url\":\"https:\/\/www.asajacyl.com\/palencia\/author\/carlosrm\"}]}<\/script>\n<!-- \/ Yoast SEO plugin. -->","yoast_head_json":{"title":"Unos mil agricultores y ganaderos participan en las Asambleas Comarcales - ASAJA Palencia","description":"Aproximadamente mil agricultores han participado en las Asambleas Comarcales de ASAJA, que se han celebrado las \u00faltimas semanas y han recorrido toda la","robots":{"index":"index","follow":"follow","max-snippet":"max-snippet:-1","max-image-preview":"max-image-preview:large","max-video-preview":"max-video-preview:-1"},"canonical":"https:\/\/www.asajacyl.com\/palencia\/asaja-palencia-informa\/unos-mil-agricultores-y-ganaderos-participan-en-las-asambleas-comarcales","og_locale":"es_ES","og_type":"article","og_title":"Unos mil agricultores y ganaderos participan en las Asambleas Comarcales - ASAJA Palencia","og_description":"Aproximadamente mil agricultores han participado en las Asambleas Comarcales de ASAJA, que se han celebrado las \u00faltimas semanas y han recorrido toda la","og_url":"https:\/\/www.asajacyl.com\/palencia\/asaja-palencia-informa\/unos-mil-agricultores-y-ganaderos-participan-en-las-asambleas-comarcales","og_site_name":"ASAJA Palencia","article_published_time":"2022-02-08T08:24:06+00:00","article_modified_time":"2022-02-08T08:24:07+00:00","og_image":[{"width":2048,"height":1536,"url":"https:\/\/www.asajacyl.com\/palencia\/wp-content\/uploads\/sites\/3\/2022\/02\/PHOTO-2022-02-04-12-44-40.jpg","type":"image\/jpeg"}],"author":"Administrador","twitter_card":"summary_large_image","twitter_misc":{"Escrito por":"Administrador","Tiempo de lectura":"1 minuto"},"schema":{"@context":"https:\/\/schema.org","@graph":[{"@type":"WebPage","@id":"https:\/\/www.asajacyl.com\/palencia\/asaja-palencia-informa\/unos-mil-agricultores-y-ganaderos-participan-en-las-asambleas-comarcales","url":"https:\/\/www.asajacyl.com\/palencia\/asaja-palencia-informa\/unos-mil-agricultores-y-ganaderos-participan-en-las-asambleas-comarcales","name":"Unos mil agricultores y ganaderos participan en las Asambleas Comarcales - ASAJA Palencia","isPartOf":{"@id":"https:\/\/www.asajacyl.com\/palencia\/#website"},"primaryImageOfPage":{"@id":"https:\/\/www.asajacyl.com\/palencia\/asaja-palencia-informa\/unos-mil-agricultores-y-ganaderos-participan-en-las-asambleas-comarcales#primaryimage"},"image":{"@id":"https:\/\/www.asajacyl.com\/palencia\/asaja-palencia-informa\/unos-mil-agricultores-y-ganaderos-participan-en-las-asambleas-comarcales#primaryimage"},"thumbnailUrl":"https:\/\/www.asajacyl.com\/palencia\/wp-content\/uploads\/sites\/3\/2022\/02\/PHOTO-2022-02-04-12-44-40.jpg","datePublished":"2022-02-08T08:24:06+00:00","dateModified":"2022-02-08T08:24:07+00:00","author":{"@id":"https:\/\/www.asajacyl.com\/palencia\/#\/schema\/person\/3ab17aeb03527485c317557fae64aab1"},"description":"Aproximadamente mil agricultores han participado en las Asambleas Comarcales de ASAJA, que se han celebrado las \u00faltimas semanas y han recorrido toda la","breadcrumb":{"@id":"https:\/\/www.asajacyl.com\/palencia\/asaja-palencia-informa\/unos-mil-agricultores-y-ganaderos-participan-en-las-asambleas-comarcales#breadcrumb"},"inLanguage":"es","potentialAction":[{"@type":"ReadAction","target":["https:\/\/www.asajacyl.com\/palencia\/asaja-palencia-informa\/unos-mil-agricultores-y-ganaderos-participan-en-las-asambleas-comarcales"]}]},{"@type":"ImageObject","inLanguage":"es","@id":"https:\/\/www.asajacyl.com\/palencia\/asaja-palencia-informa\/unos-mil-agricultores-y-ganaderos-participan-en-las-asambleas-comarcales#primaryimage","url":"https:\/\/www.asajacyl.com\/palencia\/wp-content\/uploads\/sites\/3\/2022\/02\/PHOTO-2022-02-04-12-44-40.jpg","contentUrl":"https:\/\/www.asajacyl.com\/palencia\/wp-content\/uploads\/sites\/3\/2022\/02\/PHOTO-2022-02-04-12-44-40.jpg","width":2048,"height":1536},{"@type":"BreadcrumbList","@id":"https:\/\/www.asajacyl.com\/palencia\/asaja-palencia-informa\/unos-mil-agricultores-y-ganaderos-participan-en-las-asambleas-comarcales#breadcrumb","itemListElement":[{"@type":"ListItem","position":1,"name":"Portada","item":"https:\/\/www.asajacyl.com\/palencia\/"},{"@type":"ListItem","position":2,"name":"Unos mil agricultores y ganaderos participan en las Asambleas Comarcales"}]},{"@type":"WebSite","@id":"https:\/\/www.asajacyl.com\/palencia\/#website","url":"https:\/\/www.asajacyl.com\/palencia\/","name":"ASAJA Palencia","description":"Otro sitio m\u00e1s de Provincias ASAJA Castilla y Le\u00f3n","potentialAction":[{"@type":"SearchAction","target":{"@type":"EntryPoint","urlTemplate":"https:\/\/www.asajacyl.com\/palencia\/?s={search_term_string}"},"query-input":{"@type":"PropertyValueSpecification","valueRequired":true,"valueName":"search_term_string"}}],"inLanguage":"es"},{"@type":"Person","@id":"https:\/\/www.asajacyl.com\/palencia\/#\/schema\/person\/3ab17aeb03527485c317557fae64aab1","name":"Administrador","image":{"@type":"ImageObject","inLanguage":"es","@id":"https:\/\/www.asajacyl.com\/palencia\/#\/schema\/person\/image\/","url":"https:\/\/secure.gravatar.com\/avatar\/517384810d242ca9e38c180f3c9fb973?s=96&d=mm&r=g","contentUrl":"https:\/\/secure.gravatar.com\/avatar\/517384810d242ca9e38c180f3c9fb973?s=96&d=mm&r=g","caption":"Administrador"},"url":"https:\/\/www.asajacyl.com\/palencia\/author\/carlosrm"}]}},"_links":{"self":[{"href":"https:\/\/www.asajacyl.com\/palencia\/wp-json\/wp\/v2\/posts\/9857"}],"collection":[{"href":"https:\/\/www.asajacyl.com\/palencia\/wp-json\/wp\/v2\/posts"}],"about":[{"href":"https:\/\/www.asajacyl.com\/palencia\/wp-json\/wp\/v2\/types\/post"}],"author":[{"embeddable":true,"href":"https:\/\/www.asajacyl.com\/palencia\/wp-json\/wp\/v2\/users\/9"}],"replies":[{"embeddable":true,"href":"https:\/\/www.asajacyl.com\/palencia\/wp-json\/wp\/v2\/comments?post=9857"}],"version-history":[{"count":1,"href":"https:\/\/www.asajacyl.com\/palencia\/wp-json\/wp\/v2\/posts\/9857\/revisions"}],"predecessor-version":[{"id":9859,"href":"https:\/\/www.asajacyl.com\/palencia\/wp-json\/wp\/v2\/posts\/9857\/revisions\/9859"}],"wp:featuredmedia":[{"embeddable":true,"href":"https:\/\/www.asajacyl.com\/palencia\/wp-json\/wp\/v2\/media\/9858"}],"wp:attachment":[{"href":"https:\/\/www.asajacyl.com\/palencia\/wp-json\/wp\/v2\/media?parent=9857"}],"wp:term":[{"taxonomy":"category","embeddable":true,"href":"https:\/\/www.asajacyl.com\/palencia\/wp-json\/wp\/v2\/categories?post=9857"},{"taxonomy":"post_tag","embeddable":true,"href":"https:\/\/www.asajacyl.com\/palencia\/wp-json\/wp\/v2\/tags?post=9857"}],"curies":[{"name":"wp","href":"https:\/\/api.w.org\/{rel}","templated":true}]}}