{"id":9867,"date":"2022-02-13T09:09:00","date_gmt":"2022-02-13T08:09:00","guid":{"rendered":"https:\/\/www.asajacyl.com\/palencia\/?p=9867"},"modified":"2022-02-14T07:15:49","modified_gmt":"2022-02-14T06:15:49","slug":"la-conclusion-tras-otra-semana-de-debate-en-bruselas-sobre-los-estudios-relativos-a-la-estrategia-de-la-granja-a-la-mesa-es-que-se-necesitan-mas-estudios","status":"publish","type":"post","link":"https:\/\/www.asajacyl.com\/palencia\/asaja-palencia-informa\/la-conclusion-tras-otra-semana-de-debate-en-bruselas-sobre-los-estudios-relativos-a-la-estrategia-de-la-granja-a-la-mesa-es-que-se-necesitan-mas-estudios","title":{"rendered":"La conclusi\u00f3n tras otra semana de debate en Bruselas sobre los estudios relativos a la estrategia \u00abDe la granja a la mesa\u00bb es\u2026 que se necesitan m\u00e1s estudios"},"content":{"rendered":"\n<p><strong>Jean-Pierre Fleury, Presidente del Grupo de Trabajo \u00abCarne de vacuno\u00bb del Copa-Cogeca y ganadero de raza charolesa en Morvan (Francia).<\/strong><\/p>\n\n\n\n<p>Una vez m\u00e1s, una gran parte de la actualidad agraria europea se ha centrado esta semana en los estudios sobre el impacto de la estrategia \u00abDe la granja a la mesa\u00bb. Por un lado, se celebr\u00f3 una audiencia con Julien Denormandie en el Parlamento Europeo\u037e por el otro, se publicaron oficialmente los dos estudios acad\u00e9micos realizados por la Universidad de Wageningen. Uno de ellos lo encargaron los miembros de la plataforma European Livestock Voice y se centr\u00f3 en el sector ganadero.<\/p>\n\n\n\n<p>Sin embargo, el acontecimiento m\u00e1s significativo de la semana tuvo lugar el pasado martes, cuando se celebr\u00f3 un debate en el Parlamento Europeo sobre el tema. Si tuviera que elegir una declaraci\u00f3n que resuma las dos horas de debate, me quedar\u00eda con la conclusi\u00f3n de Norbert Lins, presidente de la Comisi\u00f3n de Agricultura: \u00abSi bien los estudios existentes aportan diferentes puntos de vista \u00fatiles, seguimos necesitando uno o varios estudios de impacto (NDLR.: de la Comisi\u00f3n Europea)\u00bb.<\/p>\n\n\n\n<p>As\u00ed que necesitamos m\u00e1s estudios. Esto es un hecho irrefutable. Y estoy de acuerdo con los numerosos eurodiputados que se han pronunciado en este sentido. Yo incluso a\u00f1adir\u00eda que lo que necesitamos es un estudio p\u00fablico europeo exhaustivo. No obstante, esta no es la direcci\u00f3n que se est\u00e1 tomando actualmente. La Comisi\u00f3n, a trav\u00e9s de su representante en cuestiones agr\u00edcolas, el comisario Wojciechowski, ya hab\u00eda anunciado hace unos meses, algo a la ligera, que no se llevar\u00eda a cabo un \u00fanico estudio global sobre las repercusiones de los objetivos propuestos en el Pacto Verde, sino un conjunto de estudios sobre los diferentes objetivos. Pero si hay una lecci\u00f3n que nos dejan los estudios de Wageningen es que todos estos m\u00faltiples objetivos tienen efectos acumulativos y combinados. Los estudios de impacto sobre cada una de las propuestas legislativas no arrojar\u00e1n luz sobre lo que realmente ocurrir\u00e1 el d\u00eda de ma\u00f1ana en nuestros establos, en los contenedores importados, en las cuentas financieras de nuestras explotaciones ni en el precio que la gente ver\u00e1 indicado en las estanter\u00edas. Por otra parte, resulta incomprensible que la Comisi\u00f3n alegue no ser capaz de realizar un estudio de este tipo. Si se pueden establecer objetivos pol\u00edticos de esta magnitud, se deber\u00eda poder evaluar su impacto.<br>\u00a1As\u00ed de sencillo!<\/p>\n\n\n\n<p>Tambi\u00e9n he notado que los tiempos de la ciencia no se corresponden necesariamente con los de la comunicaci\u00f3n o la pol\u00edtica. Mientras que se necesitar\u00eda m\u00e1s tiempo para llevar a cabo un estudio, sabemos que este a\u00f1o la Comisi\u00f3n ya presentar\u00e1 24 de las 28 traducciones legislativas de la Comunicaci\u00f3n \u00abDe la granja a la mesa\u00bb. Sin ser adivino, puedo predecir que dentro de unos meses nos encontraremos en la misma situaci\u00f3n que en el pasado mes de octubre, cuando la UE vot\u00f3 la Comunicaci\u00f3n inicial \u00abDe la granja a la mesa\u00bb. En esta ocasi\u00f3n, el Parlamento y el Consejo tendr\u00e1n que tomar una posici\u00f3n, y lo har\u00e1n sin disponer del estudio general que venimos reclamando desde hace m\u00e1s de un a\u00f1o. Cabe preguntarse entonces, \u00bfreaccionar\u00e1n el<br>Parlamento y el Consejo o ceder\u00e1n ante las mismas presiones de tiempo de la Comisi\u00f3n?<\/p>\n\n\n\n<p>En el debate del martes, algunos eurodiputados verdes tambi\u00e9n esgrimieron el argumento de que estos estudios estaban financiados por \u00ablobbies\u00bb. Si bien es un argumento c\u00f3modo para ignorar los estudios, es un tanto miope. Por un lado, a juzgar por esta observaci\u00f3n se podr\u00eda interpretar que la independencia de los cient\u00edficos est\u00e1 en tela de juicio. Pero por el otro, ya sea intencionalmente o no, con estos argumentos logran esquivar la cuesti\u00f3n central: \u00bfpor qu\u00e9 decidimos pedir este estudio en primer lugar? La respuesta es sencilla: porque no hab\u00eda ninguna publicaci\u00f3n de la Comisi\u00f3n o de su centro de investigaci\u00f3n que tratara sobre esta pol\u00edtica emblem\u00e1tica. Se hab\u00edan fijado objetivos pol\u00edticos sin que se explicaran sus fundamentos ni se consideraran sus consecuencias. \u00bfSe supon\u00eda entonces que deb\u00edamos sentarnos a esperar de brazos cruzados?<\/p>\n\n\n\n<p>Para concluir, debo admitir que este debate me resulta interesante por los puntos muertos que pone de manifiesto. Algunos eurodiputados han se\u00f1alado, con raz\u00f3n, que hay que tener en cuenta los cambios en la alimentaci\u00f3n o la lucha contra el desperdicio de alimentos, que son cuestiones que no se hab\u00edan previsto en estudios como el de Wageningen. Esto es un hecho innegable en el que hay que trabajar, sobre todo desde la Comisi\u00f3n. Pero como ganadero, me gustar\u00eda que este argumento se aplicara a todos los objetivos e iniciativas que se aglutinan en el Pacto Verde, ya sean las iniciativas sobre el metano, el suelo o la biodiversidad. Gracias a mi profesi\u00f3n, no necesito ser vidente para comprender que las repercusiones tambi\u00e9n ser\u00e1n de gran envergadura.<\/p>\n\n\n\n<p>Mis compa\u00f1eros del sector ganadero y yo, al igual que los eurodiputados del martes, estamos ahora a la espera de las propuestas concretas de la Comisi\u00f3n. Hasta la fecha, hemos debatido largo y tendido respecto de los objetivos generales\u037e durante los pr\u00f3ximos meses, entraremos de lleno en el n\u00facleo de este debate sobre la estrategia \u00abDe la granja a la mesa\u00bb. Tendremos que hablar, por fin, de las soluciones, de las opciones agron\u00f3micas y tecnol\u00f3gicas, y de las medidas concretas que tomar. Estamos esperando el comienzo de lo que es, para m\u00ed, una nueva secuencia de la estrategia \u00abDe la granja a la mesa\u00bb. Es cierto que tenemos nuestros desacuerdos y dudas sobre este enfoque basado en objetivos. Pero ello no significa que no estemos convencidos de que hay que cosas que cambiar en la ganader\u00eda y la agricultura en general. Nosotros tenemos una labor que desempe\u00f1ar en estos cambios, y vamos a participar activamente en estos debates para aportar nuestras respuestas, las del campo, a esta cuesti\u00f3n crucial.<\/p>\n","protected":false},"excerpt":{"rendered":"<p>Jean-Pierre Fleury, Presidente del Grupo de Trabajo \u00abCarne de vacuno\u00bb del Copa-Cogeca y ganadero de raza charolesa en Morvan (Francia). Una vez m\u00e1s, una gran parte de la actualidad agraria europea se ha centrado esta semana en los estudios sobre el impacto de la estrategia \u00abDe la granja a la mesa\u00bb. Por un lado, se [&hellip;]<\/p>\n","protected":false},"author":9,"featured_media":9868,"comment_status":"open","ping_status":"open","sticky":false,"template":"","format":"standard","meta":{"footnotes":""},"categories":[9,29,28],"tags":[],"yoast_head":"<!-- This site is optimized with the Yoast SEO plugin v24.5 - https:\/\/yoast.com\/wordpress\/plugins\/seo\/ -->\n<title>La conclusi\u00f3n tras otra semana de debate en Bruselas sobre los estudios relativos a la estrategia &quot;De la granja a la mesa&quot; es\u2026 que se necesitan m\u00e1s estudios - ASAJA Palencia<\/title>\n<meta name=\"description\" content=\"Jean-Pierre Fleury, Presidente del Grupo de Trabajo &quot;Carne de vacuno&quot; del Copa-Cogeca y ganadero de raza charolesa en Morvan (Francia). Una vez m\u00e1s, una\" \/>\n<meta name=\"robots\" content=\"index, follow, max-snippet:-1, max-image-preview:large, max-video-preview:-1\" \/>\n<link rel=\"canonical\" href=\"https:\/\/www.asajacyl.com\/palencia\/asaja-palencia-informa\/la-conclusion-tras-otra-semana-de-debate-en-bruselas-sobre-los-estudios-relativos-a-la-estrategia-de-la-granja-a-la-mesa-es-que-se-necesitan-mas-estudios\" \/>\n<meta property=\"og:locale\" content=\"es_ES\" \/>\n<meta property=\"og:type\" content=\"article\" \/>\n<meta property=\"og:title\" content=\"La conclusi\u00f3n tras otra semana de debate en Bruselas sobre los estudios relativos a la estrategia &quot;De la granja a la mesa&quot; es\u2026 que se necesitan m\u00e1s estudios - ASAJA Palencia\" \/>\n<meta property=\"og:description\" content=\"Jean-Pierre Fleury, Presidente del Grupo de Trabajo &quot;Carne de vacuno&quot; del Copa-Cogeca y ganadero de raza charolesa en Morvan (Francia). Una vez m\u00e1s, una\" \/>\n<meta property=\"og:url\" content=\"https:\/\/www.asajacyl.com\/palencia\/asaja-palencia-informa\/la-conclusion-tras-otra-semana-de-debate-en-bruselas-sobre-los-estudios-relativos-a-la-estrategia-de-la-granja-a-la-mesa-es-que-se-necesitan-mas-estudios\" \/>\n<meta property=\"og:site_name\" content=\"ASAJA Palencia\" \/>\n<meta property=\"article:published_time\" content=\"2022-02-13T08:09:00+00:00\" \/>\n<meta property=\"article:modified_time\" content=\"2022-02-14T06:15:49+00:00\" \/>\n<meta property=\"og:image\" content=\"https:\/\/www.asajacyl.com\/palencia\/wp-content\/uploads\/sites\/3\/2022\/02\/JEAN-PIERRE-FLEURY.jpg\" \/>\n\t<meta property=\"og:image:width\" content=\"640\" \/>\n\t<meta property=\"og:image:height\" content=\"360\" \/>\n\t<meta property=\"og:image:type\" content=\"image\/jpeg\" \/>\n<meta name=\"author\" content=\"Administrador\" \/>\n<meta name=\"twitter:card\" content=\"summary_large_image\" \/>\n<meta name=\"twitter:label1\" content=\"Escrito por\" \/>\n\t<meta name=\"twitter:data1\" content=\"Administrador\" \/>\n\t<meta name=\"twitter:label2\" content=\"Tiempo de lectura\" \/>\n\t<meta name=\"twitter:data2\" content=\"5 minutos\" \/>\n<script type=\"application\/ld+json\" class=\"yoast-schema-graph\">{\"@context\":\"https:\/\/schema.org\",\"@graph\":[{\"@type\":\"WebPage\",\"@id\":\"https:\/\/www.asajacyl.com\/palencia\/asaja-palencia-informa\/la-conclusion-tras-otra-semana-de-debate-en-bruselas-sobre-los-estudios-relativos-a-la-estrategia-de-la-granja-a-la-mesa-es-que-se-necesitan-mas-estudios\",\"url\":\"https:\/\/www.asajacyl.com\/palencia\/asaja-palencia-informa\/la-conclusion-tras-otra-semana-de-debate-en-bruselas-sobre-los-estudios-relativos-a-la-estrategia-de-la-granja-a-la-mesa-es-que-se-necesitan-mas-estudios\",\"name\":\"La conclusi\u00f3n tras otra semana de debate en Bruselas sobre los estudios relativos a la estrategia \\\"De la granja a la mesa\\\" es\u2026 que se necesitan m\u00e1s estudios - ASAJA Palencia\",\"isPartOf\":{\"@id\":\"https:\/\/www.asajacyl.com\/palencia\/#website\"},\"primaryImageOfPage\":{\"@id\":\"https:\/\/www.asajacyl.com\/palencia\/asaja-palencia-informa\/la-conclusion-tras-otra-semana-de-debate-en-bruselas-sobre-los-estudios-relativos-a-la-estrategia-de-la-granja-a-la-mesa-es-que-se-necesitan-mas-estudios#primaryimage\"},\"image\":{\"@id\":\"https:\/\/www.asajacyl.com\/palencia\/asaja-palencia-informa\/la-conclusion-tras-otra-semana-de-debate-en-bruselas-sobre-los-estudios-relativos-a-la-estrategia-de-la-granja-a-la-mesa-es-que-se-necesitan-mas-estudios#primaryimage\"},\"thumbnailUrl\":\"https:\/\/www.asajacyl.com\/palencia\/wp-content\/uploads\/sites\/3\/2022\/02\/JEAN-PIERRE-FLEURY.jpg\",\"datePublished\":\"2022-02-13T08:09:00+00:00\",\"dateModified\":\"2022-02-14T06:15:49+00:00\",\"author\":{\"@id\":\"https:\/\/www.asajacyl.com\/palencia\/#\/schema\/person\/3ab17aeb03527485c317557fae64aab1\"},\"description\":\"Jean-Pierre Fleury, Presidente del Grupo de Trabajo \\\"Carne de vacuno\\\" del Copa-Cogeca y ganadero de raza charolesa en Morvan (Francia). Una vez m\u00e1s, una\",\"breadcrumb\":{\"@id\":\"https:\/\/www.asajacyl.com\/palencia\/asaja-palencia-informa\/la-conclusion-tras-otra-semana-de-debate-en-bruselas-sobre-los-estudios-relativos-a-la-estrategia-de-la-granja-a-la-mesa-es-que-se-necesitan-mas-estudios#breadcrumb\"},\"inLanguage\":\"es\",\"potentialAction\":[{\"@type\":\"ReadAction\",\"target\":[\"https:\/\/www.asajacyl.com\/palencia\/asaja-palencia-informa\/la-conclusion-tras-otra-semana-de-debate-en-bruselas-sobre-los-estudios-relativos-a-la-estrategia-de-la-granja-a-la-mesa-es-que-se-necesitan-mas-estudios\"]}]},{\"@type\":\"ImageObject\",\"inLanguage\":\"es\",\"@id\":\"https:\/\/www.asajacyl.com\/palencia\/asaja-palencia-informa\/la-conclusion-tras-otra-semana-de-debate-en-bruselas-sobre-los-estudios-relativos-a-la-estrategia-de-la-granja-a-la-mesa-es-que-se-necesitan-mas-estudios#primaryimage\",\"url\":\"https:\/\/www.asajacyl.com\/palencia\/wp-content\/uploads\/sites\/3\/2022\/02\/JEAN-PIERRE-FLEURY.jpg\",\"contentUrl\":\"https:\/\/www.asajacyl.com\/palencia\/wp-content\/uploads\/sites\/3\/2022\/02\/JEAN-PIERRE-FLEURY.jpg\",\"width\":640,\"height\":360},{\"@type\":\"BreadcrumbList\",\"@id\":\"https:\/\/www.asajacyl.com\/palencia\/asaja-palencia-informa\/la-conclusion-tras-otra-semana-de-debate-en-bruselas-sobre-los-estudios-relativos-a-la-estrategia-de-la-granja-a-la-mesa-es-que-se-necesitan-mas-estudios#breadcrumb\",\"itemListElement\":[{\"@type\":\"ListItem\",\"position\":1,\"name\":\"Portada\",\"item\":\"https:\/\/www.asajacyl.com\/palencia\/\"},{\"@type\":\"ListItem\",\"position\":2,\"name\":\"La conclusi\u00f3n tras otra semana de debate en Bruselas sobre los estudios relativos a la estrategia \u00abDe la granja a la mesa\u00bb es\u2026 que se necesitan m\u00e1s estudios\"}]},{\"@type\":\"WebSite\",\"@id\":\"https:\/\/www.asajacyl.com\/palencia\/#website\",\"url\":\"https:\/\/www.asajacyl.com\/palencia\/\",\"name\":\"ASAJA Palencia\",\"description\":\"Otro sitio m\u00e1s de Provincias ASAJA Castilla y Le\u00f3n\",\"potentialAction\":[{\"@type\":\"SearchAction\",\"target\":{\"@type\":\"EntryPoint\",\"urlTemplate\":\"https:\/\/www.asajacyl.com\/palencia\/?s={search_term_string}\"},\"query-input\":{\"@type\":\"PropertyValueSpecification\",\"valueRequired\":true,\"valueName\":\"search_term_string\"}}],\"inLanguage\":\"es\"},{\"@type\":\"Person\",\"@id\":\"https:\/\/www.asajacyl.com\/palencia\/#\/schema\/person\/3ab17aeb03527485c317557fae64aab1\",\"name\":\"Administrador\",\"image\":{\"@type\":\"ImageObject\",\"inLanguage\":\"es\",\"@id\":\"https:\/\/www.asajacyl.com\/palencia\/#\/schema\/person\/image\/\",\"url\":\"https:\/\/secure.gravatar.com\/avatar\/517384810d242ca9e38c180f3c9fb973?s=96&d=mm&r=g\",\"contentUrl\":\"https:\/\/secure.gravatar.com\/avatar\/517384810d242ca9e38c180f3c9fb973?s=96&d=mm&r=g\",\"caption\":\"Administrador\"},\"url\":\"https:\/\/www.asajacyl.com\/palencia\/author\/carlosrm\"}]}<\/script>\n<!-- \/ Yoast SEO plugin. -->","yoast_head_json":{"title":"La conclusi\u00f3n tras otra semana de debate en Bruselas sobre los estudios relativos a la estrategia \"De la granja a la mesa\" es\u2026 que se necesitan m\u00e1s estudios - ASAJA Palencia","description":"Jean-Pierre Fleury, Presidente del Grupo de Trabajo \"Carne de vacuno\" del Copa-Cogeca y ganadero de raza charolesa en Morvan (Francia). Una vez m\u00e1s, una","robots":{"index":"index","follow":"follow","max-snippet":"max-snippet:-1","max-image-preview":"max-image-preview:large","max-video-preview":"max-video-preview:-1"},"canonical":"https:\/\/www.asajacyl.com\/palencia\/asaja-palencia-informa\/la-conclusion-tras-otra-semana-de-debate-en-bruselas-sobre-los-estudios-relativos-a-la-estrategia-de-la-granja-a-la-mesa-es-que-se-necesitan-mas-estudios","og_locale":"es_ES","og_type":"article","og_title":"La conclusi\u00f3n tras otra semana de debate en Bruselas sobre los estudios relativos a la estrategia \"De la granja a la mesa\" es\u2026 que se necesitan m\u00e1s estudios - ASAJA Palencia","og_description":"Jean-Pierre Fleury, Presidente del Grupo de Trabajo \"Carne de vacuno\" del Copa-Cogeca y ganadero de raza charolesa en Morvan (Francia). Una vez m\u00e1s, una","og_url":"https:\/\/www.asajacyl.com\/palencia\/asaja-palencia-informa\/la-conclusion-tras-otra-semana-de-debate-en-bruselas-sobre-los-estudios-relativos-a-la-estrategia-de-la-granja-a-la-mesa-es-que-se-necesitan-mas-estudios","og_site_name":"ASAJA Palencia","article_published_time":"2022-02-13T08:09:00+00:00","article_modified_time":"2022-02-14T06:15:49+00:00","og_image":[{"width":640,"height":360,"url":"https:\/\/www.asajacyl.com\/palencia\/wp-content\/uploads\/sites\/3\/2022\/02\/JEAN-PIERRE-FLEURY.jpg","type":"image\/jpeg"}],"author":"Administrador","twitter_card":"summary_large_image","twitter_misc":{"Escrito por":"Administrador","Tiempo de lectura":"5 minutos"},"schema":{"@context":"https:\/\/schema.org","@graph":[{"@type":"WebPage","@id":"https:\/\/www.asajacyl.com\/palencia\/asaja-palencia-informa\/la-conclusion-tras-otra-semana-de-debate-en-bruselas-sobre-los-estudios-relativos-a-la-estrategia-de-la-granja-a-la-mesa-es-que-se-necesitan-mas-estudios","url":"https:\/\/www.asajacyl.com\/palencia\/asaja-palencia-informa\/la-conclusion-tras-otra-semana-de-debate-en-bruselas-sobre-los-estudios-relativos-a-la-estrategia-de-la-granja-a-la-mesa-es-que-se-necesitan-mas-estudios","name":"La conclusi\u00f3n tras otra semana de debate en Bruselas sobre los estudios relativos a la estrategia \"De la granja a la mesa\" es\u2026 que se necesitan m\u00e1s estudios - ASAJA Palencia","isPartOf":{"@id":"https:\/\/www.asajacyl.com\/palencia\/#website"},"primaryImageOfPage":{"@id":"https:\/\/www.asajacyl.com\/palencia\/asaja-palencia-informa\/la-conclusion-tras-otra-semana-de-debate-en-bruselas-sobre-los-estudios-relativos-a-la-estrategia-de-la-granja-a-la-mesa-es-que-se-necesitan-mas-estudios#primaryimage"},"image":{"@id":"https:\/\/www.asajacyl.com\/palencia\/asaja-palencia-informa\/la-conclusion-tras-otra-semana-de-debate-en-bruselas-sobre-los-estudios-relativos-a-la-estrategia-de-la-granja-a-la-mesa-es-que-se-necesitan-mas-estudios#primaryimage"},"thumbnailUrl":"https:\/\/www.asajacyl.com\/palencia\/wp-content\/uploads\/sites\/3\/2022\/02\/JEAN-PIERRE-FLEURY.jpg","datePublished":"2022-02-13T08:09:00+00:00","dateModified":"2022-02-14T06:15:49+00:00","author":{"@id":"https:\/\/www.asajacyl.com\/palencia\/#\/schema\/person\/3ab17aeb03527485c317557fae64aab1"},"description":"Jean-Pierre Fleury, Presidente del Grupo de Trabajo \"Carne de vacuno\" del Copa-Cogeca y ganadero de raza charolesa en Morvan (Francia). Una vez m\u00e1s, una","breadcrumb":{"@id":"https:\/\/www.asajacyl.com\/palencia\/asaja-palencia-informa\/la-conclusion-tras-otra-semana-de-debate-en-bruselas-sobre-los-estudios-relativos-a-la-estrategia-de-la-granja-a-la-mesa-es-que-se-necesitan-mas-estudios#breadcrumb"},"inLanguage":"es","potentialAction":[{"@type":"ReadAction","target":["https:\/\/www.asajacyl.com\/palencia\/asaja-palencia-informa\/la-conclusion-tras-otra-semana-de-debate-en-bruselas-sobre-los-estudios-relativos-a-la-estrategia-de-la-granja-a-la-mesa-es-que-se-necesitan-mas-estudios"]}]},{"@type":"ImageObject","inLanguage":"es","@id":"https:\/\/www.asajacyl.com\/palencia\/asaja-palencia-informa\/la-conclusion-tras-otra-semana-de-debate-en-bruselas-sobre-los-estudios-relativos-a-la-estrategia-de-la-granja-a-la-mesa-es-que-se-necesitan-mas-estudios#primaryimage","url":"https:\/\/www.asajacyl.com\/palencia\/wp-content\/uploads\/sites\/3\/2022\/02\/JEAN-PIERRE-FLEURY.jpg","contentUrl":"https:\/\/www.asajacyl.com\/palencia\/wp-content\/uploads\/sites\/3\/2022\/02\/JEAN-PIERRE-FLEURY.jpg","width":640,"height":360},{"@type":"BreadcrumbList","@id":"https:\/\/www.asajacyl.com\/palencia\/asaja-palencia-informa\/la-conclusion-tras-otra-semana-de-debate-en-bruselas-sobre-los-estudios-relativos-a-la-estrategia-de-la-granja-a-la-mesa-es-que-se-necesitan-mas-estudios#breadcrumb","itemListElement":[{"@type":"ListItem","position":1,"name":"Portada","item":"https:\/\/www.asajacyl.com\/palencia\/"},{"@type":"ListItem","position":2,"name":"La conclusi\u00f3n tras otra semana de debate en Bruselas sobre los estudios relativos a la estrategia \u00abDe la granja a la mesa\u00bb es\u2026 que se necesitan m\u00e1s estudios"}]},{"@type":"WebSite","@id":"https:\/\/www.asajacyl.com\/palencia\/#website","url":"https:\/\/www.asajacyl.com\/palencia\/","name":"ASAJA Palencia","description":"Otro sitio m\u00e1s de Provincias ASAJA Castilla y Le\u00f3n","potentialAction":[{"@type":"SearchAction","target":{"@type":"EntryPoint","urlTemplate":"https:\/\/www.asajacyl.com\/palencia\/?s={search_term_string}"},"query-input":{"@type":"PropertyValueSpecification","valueRequired":true,"valueName":"search_term_string"}}],"inLanguage":"es"},{"@type":"Person","@id":"https:\/\/www.asajacyl.com\/palencia\/#\/schema\/person\/3ab17aeb03527485c317557fae64aab1","name":"Administrador","image":{"@type":"ImageObject","inLanguage":"es","@id":"https:\/\/www.asajacyl.com\/palencia\/#\/schema\/person\/image\/","url":"https:\/\/secure.gravatar.com\/avatar\/517384810d242ca9e38c180f3c9fb973?s=96&d=mm&r=g","contentUrl":"https:\/\/secure.gravatar.com\/avatar\/517384810d242ca9e38c180f3c9fb973?s=96&d=mm&r=g","caption":"Administrador"},"url":"https:\/\/www.asajacyl.com\/palencia\/author\/carlosrm"}]}},"_links":{"self":[{"href":"https:\/\/www.asajacyl.com\/palencia\/wp-json\/wp\/v2\/posts\/9867"}],"collection":[{"href":"https:\/\/www.asajacyl.com\/palencia\/wp-json\/wp\/v2\/posts"}],"about":[{"href":"https:\/\/www.asajacyl.com\/palencia\/wp-json\/wp\/v2\/types\/post"}],"author":[{"embeddable":true,"href":"https:\/\/www.asajacyl.com\/palencia\/wp-json\/wp\/v2\/users\/9"}],"replies":[{"embeddable":true,"href":"https:\/\/www.asajacyl.com\/palencia\/wp-json\/wp\/v2\/comments?post=9867"}],"version-history":[{"count":2,"href":"https:\/\/www.asajacyl.com\/palencia\/wp-json\/wp\/v2\/posts\/9867\/revisions"}],"predecessor-version":[{"id":9879,"href":"https:\/\/www.asajacyl.com\/palencia\/wp-json\/wp\/v2\/posts\/9867\/revisions\/9879"}],"wp:featuredmedia":[{"embeddable":true,"href":"https:\/\/www.asajacyl.com\/palencia\/wp-json\/wp\/v2\/media\/9868"}],"wp:attachment":[{"href":"https:\/\/www.asajacyl.com\/palencia\/wp-json\/wp\/v2\/media?parent=9867"}],"wp:term":[{"taxonomy":"category","embeddable":true,"href":"https:\/\/www.asajacyl.com\/palencia\/wp-json\/wp\/v2\/categories?post=9867"},{"taxonomy":"post_tag","embeddable":true,"href":"https:\/\/www.asajacyl.com\/palencia\/wp-json\/wp\/v2\/tags?post=9867"}],"curies":[{"name":"wp","href":"https:\/\/api.w.org\/{rel}","templated":true}]}}