{"id":9876,"date":"2022-02-14T07:07:32","date_gmt":"2022-02-14T06:07:32","guid":{"rendered":"https:\/\/www.asajacyl.com\/palencia\/?p=9876"},"modified":"2022-02-14T07:07:33","modified_gmt":"2022-02-14T06:07:33","slug":"asaja-pide-el-cese-inmediato-del-presidente-de-agroseguro","status":"publish","type":"post","link":"https:\/\/www.asajacyl.com\/palencia\/asaja-palencia-informa\/asaja-pide-el-cese-inmediato-del-presidente-de-agroseguro","title":{"rendered":"ASAJA pide el cese inmediato del presidente de Agroseguro"},"content":{"rendered":"\n<p>La subida de las primas, el recorte de las coberturas y la falta de colaboraci\u00f3n de la entidad, entre los principales problemas que afectan al seguro agrario. Es necesario mejorar y universalizar el sistema para que sea una verdadera herramienta de protecci\u00f3n frente a los siniestros que se sufren en el campo.<\/p>\n\n\n\n<p>El Comit\u00e9 Ejecutivo nacional de ASAJA ha analizado la preocupante situaci\u00f3n que atraviesa el sistema de seguros agrarios, con graves deficiencias de funcionamiento motivadas por el encarecimiento de p\u00f3lizas, el recorte de coberturas y la subida de franquicias, con el \u00fanico objetivo de obtener m\u00e1ximos beneficios a corto plazo. Todo ello est\u00e1 provocando el abandono de la contrataci\u00f3n por parte de muchos productores que ya no encuentran en el seguro una herramienta \u00fatil para estabilizar sus rentas cuando sufren siniestros en sus explotaciones.<\/p>\n\n\n\n<p>Desde hace varios a\u00f1os, el sistema de seguros agrarios adolece de graves fallos de funcionamiento derivados, casi todos, del inter\u00e9s denodado del pool AGROSEGURO por priorizar la obtenci\u00f3n de m\u00e1ximos beneficios. Con este objetivo, se han endurecido las condiciones para los asegurados, elevando los costes del seguro, recortando coberturas y modificando las tablas de bonificaciones y recargos.<\/p>\n\n\n\n<p>Por otra parte, la Entidad Estatal de Seguros Agrarios, ENESA, dependiente del ministerio de Agricultura y encargada de elaborar los planes anuales de seguros agrarios, ha perdido buena parte de su protagonismo y el tradicional modelo de colaboraci\u00f3n entre las instituciones implicadas (la propia ENESA, el pool asegurador y las organizaciones agrarias), donde las decisiones se tomaban por consenso y exist\u00eda una correlaci\u00f3n de fuerzas, se ha roto. Ahora es AGROSEGURO, quien impone, muchas veces de forma unilateral, su planteamiento de r\u00e9gimen de funcionamiento del sistema.<\/p>\n\n\n\n<p>Recientemente hemos visto esta forma de actuar en la negociaci\u00f3n del seguro de c\u00edtricos cuyo resultado lesiona gravemente los intereses de los agricultores, ya que propone la eliminaci\u00f3n de la extensi\u00f3n de garant\u00edas para el riesgo de pedrisco y la supresi\u00f3n de la cobertura de da\u00f1os de calidad por viento en lim\u00f3n. Casos similares de supresi\u00f3n de coberturas para evitar las indemnizaciones cuando ocurre un siniestro se dieron tambi\u00e9n, meses atr\u00e1s, con los seguros de frutales y uva. Es el camino f\u00e1cil que escoge AGROSEGURO pero que resulta totalmente inaceptable para los productores.<\/p>\n\n\n\n<p>Desde ASAJA entendemos que el sistema de seguros tiene que ser econ\u00f3micamente sostenible para las compa\u00f1\u00edas, pero no podemos de ninguna manera olvidar que los seguros agrarios no se pueden equiparar, por sus especiales peculiaridades, con otros ramos de seguros como autos, hogar o salud.<\/p>\n\n\n\n<p>El sistema de seguros agrarios es una herramienta de pol\u00edtica agraria creada y desarrollada para estabilizar las rentas de los productores que sufran da\u00f1os clim\u00e1ticos, a trav\u00e9s de un modelo de financiaci\u00f3n p\u00fablico-privado, donde el ministerio de Agricultura financia parte de las primas que pagan los productores (financiaci\u00f3n que se ha visto reducida notablemente en los \u00faltimos a\u00f1os y que debe recuperarse) y parte de los siniestros los paga el Consorcio de Compensaci\u00f3n de Seguros. AGROSEGURO no puede limitarse a hacer caja a costa de los agricultores y ganaderos.<\/p>\n\n\n\n<p>El Comit\u00e9 Ejecutivo de ASAJA considera esencial reconducir la actual situaci\u00f3n que atraviesan los seguros agrarios, comenzando por el cese inmediato del presidente de AGROSEGURO, Ignacio Machetti, y siguiendo por la recuperaci\u00f3n de la funci\u00f3n de ENESA de defensa del sistema y su labor de coordinaci\u00f3n, con eficacia y eficiencia, de todos los agentes implicados.<\/p>\n\n\n\n<p>De igual modo, entendemos prioritario avanzar en la consolidaci\u00f3n de un sistema de seguros agrarios transparente, accesible y en mejora continua: estudiar medidas, no solo de incremento de primas, para hacer frente a los desequilibrios actuariales; procurar un sistema econ\u00f3micamente sostenible; una apuesta clara por una cultura de Gerencia de Riesgos y el dise\u00f1o de una cartera de productos y soluciones aseguradoras atractivas que den respuesta a las necesidades de los productores. As\u00ed, se estimular\u00e1 la contrataci\u00f3n, la fidelizaci\u00f3n y la universalizaci\u00f3n del seguro agrario, algo que fortalecer\u00e1 al sistema en su conjunto.<\/p>\n","protected":false},"excerpt":{"rendered":"<p>La subida de las primas, el recorte de las coberturas y la falta de colaboraci\u00f3n de la entidad, entre los principales problemas que afectan al seguro agrario. Es necesario mejorar y universalizar el sistema para que sea una verdadera herramienta de protecci\u00f3n frente a los siniestros que se sufren en el campo. El Comit\u00e9 Ejecutivo [&hellip;]<\/p>\n","protected":false},"author":9,"featured_media":9877,"comment_status":"open","ping_status":"open","sticky":false,"template":"","format":"standard","meta":{"footnotes":""},"categories":[9,29,28],"tags":[],"yoast_head":"<!-- This site is optimized with the Yoast SEO plugin v24.5 - https:\/\/yoast.com\/wordpress\/plugins\/seo\/ -->\n<title>ASAJA pide el cese inmediato del presidente de Agroseguro - ASAJA Palencia<\/title>\n<meta name=\"description\" content=\"La subida de las primas, el recorte de las coberturas y la falta de colaboraci\u00f3n de la entidad, entre los principales problemas que afectan al seguro\" \/>\n<meta name=\"robots\" content=\"index, follow, max-snippet:-1, max-image-preview:large, max-video-preview:-1\" \/>\n<link rel=\"canonical\" href=\"https:\/\/www.asajacyl.com\/palencia\/asaja-palencia-informa\/asaja-pide-el-cese-inmediato-del-presidente-de-agroseguro\" \/>\n<meta property=\"og:locale\" content=\"es_ES\" \/>\n<meta property=\"og:type\" content=\"article\" \/>\n<meta property=\"og:title\" content=\"ASAJA pide el cese inmediato del presidente de Agroseguro - ASAJA Palencia\" \/>\n<meta property=\"og:description\" content=\"La subida de las primas, el recorte de las coberturas y la falta de colaboraci\u00f3n de la entidad, entre los principales problemas que afectan al seguro\" \/>\n<meta property=\"og:url\" content=\"https:\/\/www.asajacyl.com\/palencia\/asaja-palencia-informa\/asaja-pide-el-cese-inmediato-del-presidente-de-agroseguro\" \/>\n<meta property=\"og:site_name\" content=\"ASAJA Palencia\" \/>\n<meta property=\"article:published_time\" content=\"2022-02-14T06:07:32+00:00\" \/>\n<meta property=\"article:modified_time\" content=\"2022-02-14T06:07:33+00:00\" \/>\n<meta property=\"og:image\" content=\"https:\/\/www.asajacyl.com\/palencia\/wp-content\/uploads\/sites\/3\/2022\/02\/IGNACIO-MACHETTI.jpg\" \/>\n\t<meta property=\"og:image:width\" content=\"768\" \/>\n\t<meta property=\"og:image:height\" content=\"561\" \/>\n\t<meta property=\"og:image:type\" content=\"image\/jpeg\" \/>\n<meta name=\"author\" content=\"Administrador\" \/>\n<meta name=\"twitter:card\" content=\"summary_large_image\" \/>\n<meta name=\"twitter:label1\" content=\"Escrito por\" \/>\n\t<meta name=\"twitter:data1\" content=\"Administrador\" \/>\n\t<meta name=\"twitter:label2\" content=\"Tiempo de lectura\" \/>\n\t<meta name=\"twitter:data2\" content=\"3 minutos\" \/>\n<script type=\"application\/ld+json\" class=\"yoast-schema-graph\">{\"@context\":\"https:\/\/schema.org\",\"@graph\":[{\"@type\":\"WebPage\",\"@id\":\"https:\/\/www.asajacyl.com\/palencia\/asaja-palencia-informa\/asaja-pide-el-cese-inmediato-del-presidente-de-agroseguro\",\"url\":\"https:\/\/www.asajacyl.com\/palencia\/asaja-palencia-informa\/asaja-pide-el-cese-inmediato-del-presidente-de-agroseguro\",\"name\":\"ASAJA pide el cese inmediato del presidente de Agroseguro - ASAJA Palencia\",\"isPartOf\":{\"@id\":\"https:\/\/www.asajacyl.com\/palencia\/#website\"},\"primaryImageOfPage\":{\"@id\":\"https:\/\/www.asajacyl.com\/palencia\/asaja-palencia-informa\/asaja-pide-el-cese-inmediato-del-presidente-de-agroseguro#primaryimage\"},\"image\":{\"@id\":\"https:\/\/www.asajacyl.com\/palencia\/asaja-palencia-informa\/asaja-pide-el-cese-inmediato-del-presidente-de-agroseguro#primaryimage\"},\"thumbnailUrl\":\"https:\/\/www.asajacyl.com\/palencia\/wp-content\/uploads\/sites\/3\/2022\/02\/IGNACIO-MACHETTI.jpg\",\"datePublished\":\"2022-02-14T06:07:32+00:00\",\"dateModified\":\"2022-02-14T06:07:33+00:00\",\"author\":{\"@id\":\"https:\/\/www.asajacyl.com\/palencia\/#\/schema\/person\/3ab17aeb03527485c317557fae64aab1\"},\"description\":\"La subida de las primas, el recorte de las coberturas y la falta de colaboraci\u00f3n de la entidad, entre los principales problemas que afectan al seguro\",\"breadcrumb\":{\"@id\":\"https:\/\/www.asajacyl.com\/palencia\/asaja-palencia-informa\/asaja-pide-el-cese-inmediato-del-presidente-de-agroseguro#breadcrumb\"},\"inLanguage\":\"es\",\"potentialAction\":[{\"@type\":\"ReadAction\",\"target\":[\"https:\/\/www.asajacyl.com\/palencia\/asaja-palencia-informa\/asaja-pide-el-cese-inmediato-del-presidente-de-agroseguro\"]}]},{\"@type\":\"ImageObject\",\"inLanguage\":\"es\",\"@id\":\"https:\/\/www.asajacyl.com\/palencia\/asaja-palencia-informa\/asaja-pide-el-cese-inmediato-del-presidente-de-agroseguro#primaryimage\",\"url\":\"https:\/\/www.asajacyl.com\/palencia\/wp-content\/uploads\/sites\/3\/2022\/02\/IGNACIO-MACHETTI.jpg\",\"contentUrl\":\"https:\/\/www.asajacyl.com\/palencia\/wp-content\/uploads\/sites\/3\/2022\/02\/IGNACIO-MACHETTI.jpg\",\"width\":768,\"height\":561},{\"@type\":\"BreadcrumbList\",\"@id\":\"https:\/\/www.asajacyl.com\/palencia\/asaja-palencia-informa\/asaja-pide-el-cese-inmediato-del-presidente-de-agroseguro#breadcrumb\",\"itemListElement\":[{\"@type\":\"ListItem\",\"position\":1,\"name\":\"Portada\",\"item\":\"https:\/\/www.asajacyl.com\/palencia\/\"},{\"@type\":\"ListItem\",\"position\":2,\"name\":\"ASAJA pide el cese inmediato del presidente de Agroseguro\"}]},{\"@type\":\"WebSite\",\"@id\":\"https:\/\/www.asajacyl.com\/palencia\/#website\",\"url\":\"https:\/\/www.asajacyl.com\/palencia\/\",\"name\":\"ASAJA Palencia\",\"description\":\"Otro sitio m\u00e1s de Provincias ASAJA Castilla y Le\u00f3n\",\"potentialAction\":[{\"@type\":\"SearchAction\",\"target\":{\"@type\":\"EntryPoint\",\"urlTemplate\":\"https:\/\/www.asajacyl.com\/palencia\/?s={search_term_string}\"},\"query-input\":{\"@type\":\"PropertyValueSpecification\",\"valueRequired\":true,\"valueName\":\"search_term_string\"}}],\"inLanguage\":\"es\"},{\"@type\":\"Person\",\"@id\":\"https:\/\/www.asajacyl.com\/palencia\/#\/schema\/person\/3ab17aeb03527485c317557fae64aab1\",\"name\":\"Administrador\",\"image\":{\"@type\":\"ImageObject\",\"inLanguage\":\"es\",\"@id\":\"https:\/\/www.asajacyl.com\/palencia\/#\/schema\/person\/image\/\",\"url\":\"https:\/\/secure.gravatar.com\/avatar\/517384810d242ca9e38c180f3c9fb973?s=96&d=mm&r=g\",\"contentUrl\":\"https:\/\/secure.gravatar.com\/avatar\/517384810d242ca9e38c180f3c9fb973?s=96&d=mm&r=g\",\"caption\":\"Administrador\"},\"url\":\"https:\/\/www.asajacyl.com\/palencia\/author\/carlosrm\"}]}<\/script>\n<!-- \/ Yoast SEO plugin. -->","yoast_head_json":{"title":"ASAJA pide el cese inmediato del presidente de Agroseguro - ASAJA Palencia","description":"La subida de las primas, el recorte de las coberturas y la falta de colaboraci\u00f3n de la entidad, entre los principales problemas que afectan al seguro","robots":{"index":"index","follow":"follow","max-snippet":"max-snippet:-1","max-image-preview":"max-image-preview:large","max-video-preview":"max-video-preview:-1"},"canonical":"https:\/\/www.asajacyl.com\/palencia\/asaja-palencia-informa\/asaja-pide-el-cese-inmediato-del-presidente-de-agroseguro","og_locale":"es_ES","og_type":"article","og_title":"ASAJA pide el cese inmediato del presidente de Agroseguro - ASAJA Palencia","og_description":"La subida de las primas, el recorte de las coberturas y la falta de colaboraci\u00f3n de la entidad, entre los principales problemas que afectan al seguro","og_url":"https:\/\/www.asajacyl.com\/palencia\/asaja-palencia-informa\/asaja-pide-el-cese-inmediato-del-presidente-de-agroseguro","og_site_name":"ASAJA Palencia","article_published_time":"2022-02-14T06:07:32+00:00","article_modified_time":"2022-02-14T06:07:33+00:00","og_image":[{"width":768,"height":561,"url":"https:\/\/www.asajacyl.com\/palencia\/wp-content\/uploads\/sites\/3\/2022\/02\/IGNACIO-MACHETTI.jpg","type":"image\/jpeg"}],"author":"Administrador","twitter_card":"summary_large_image","twitter_misc":{"Escrito por":"Administrador","Tiempo de lectura":"3 minutos"},"schema":{"@context":"https:\/\/schema.org","@graph":[{"@type":"WebPage","@id":"https:\/\/www.asajacyl.com\/palencia\/asaja-palencia-informa\/asaja-pide-el-cese-inmediato-del-presidente-de-agroseguro","url":"https:\/\/www.asajacyl.com\/palencia\/asaja-palencia-informa\/asaja-pide-el-cese-inmediato-del-presidente-de-agroseguro","name":"ASAJA pide el cese inmediato del presidente de Agroseguro - ASAJA Palencia","isPartOf":{"@id":"https:\/\/www.asajacyl.com\/palencia\/#website"},"primaryImageOfPage":{"@id":"https:\/\/www.asajacyl.com\/palencia\/asaja-palencia-informa\/asaja-pide-el-cese-inmediato-del-presidente-de-agroseguro#primaryimage"},"image":{"@id":"https:\/\/www.asajacyl.com\/palencia\/asaja-palencia-informa\/asaja-pide-el-cese-inmediato-del-presidente-de-agroseguro#primaryimage"},"thumbnailUrl":"https:\/\/www.asajacyl.com\/palencia\/wp-content\/uploads\/sites\/3\/2022\/02\/IGNACIO-MACHETTI.jpg","datePublished":"2022-02-14T06:07:32+00:00","dateModified":"2022-02-14T06:07:33+00:00","author":{"@id":"https:\/\/www.asajacyl.com\/palencia\/#\/schema\/person\/3ab17aeb03527485c317557fae64aab1"},"description":"La subida de las primas, el recorte de las coberturas y la falta de colaboraci\u00f3n de la entidad, entre los principales problemas que afectan al seguro","breadcrumb":{"@id":"https:\/\/www.asajacyl.com\/palencia\/asaja-palencia-informa\/asaja-pide-el-cese-inmediato-del-presidente-de-agroseguro#breadcrumb"},"inLanguage":"es","potentialAction":[{"@type":"ReadAction","target":["https:\/\/www.asajacyl.com\/palencia\/asaja-palencia-informa\/asaja-pide-el-cese-inmediato-del-presidente-de-agroseguro"]}]},{"@type":"ImageObject","inLanguage":"es","@id":"https:\/\/www.asajacyl.com\/palencia\/asaja-palencia-informa\/asaja-pide-el-cese-inmediato-del-presidente-de-agroseguro#primaryimage","url":"https:\/\/www.asajacyl.com\/palencia\/wp-content\/uploads\/sites\/3\/2022\/02\/IGNACIO-MACHETTI.jpg","contentUrl":"https:\/\/www.asajacyl.com\/palencia\/wp-content\/uploads\/sites\/3\/2022\/02\/IGNACIO-MACHETTI.jpg","width":768,"height":561},{"@type":"BreadcrumbList","@id":"https:\/\/www.asajacyl.com\/palencia\/asaja-palencia-informa\/asaja-pide-el-cese-inmediato-del-presidente-de-agroseguro#breadcrumb","itemListElement":[{"@type":"ListItem","position":1,"name":"Portada","item":"https:\/\/www.asajacyl.com\/palencia\/"},{"@type":"ListItem","position":2,"name":"ASAJA pide el cese inmediato del presidente de Agroseguro"}]},{"@type":"WebSite","@id":"https:\/\/www.asajacyl.com\/palencia\/#website","url":"https:\/\/www.asajacyl.com\/palencia\/","name":"ASAJA Palencia","description":"Otro sitio m\u00e1s de Provincias ASAJA Castilla y Le\u00f3n","potentialAction":[{"@type":"SearchAction","target":{"@type":"EntryPoint","urlTemplate":"https:\/\/www.asajacyl.com\/palencia\/?s={search_term_string}"},"query-input":{"@type":"PropertyValueSpecification","valueRequired":true,"valueName":"search_term_string"}}],"inLanguage":"es"},{"@type":"Person","@id":"https:\/\/www.asajacyl.com\/palencia\/#\/schema\/person\/3ab17aeb03527485c317557fae64aab1","name":"Administrador","image":{"@type":"ImageObject","inLanguage":"es","@id":"https:\/\/www.asajacyl.com\/palencia\/#\/schema\/person\/image\/","url":"https:\/\/secure.gravatar.com\/avatar\/517384810d242ca9e38c180f3c9fb973?s=96&d=mm&r=g","contentUrl":"https:\/\/secure.gravatar.com\/avatar\/517384810d242ca9e38c180f3c9fb973?s=96&d=mm&r=g","caption":"Administrador"},"url":"https:\/\/www.asajacyl.com\/palencia\/author\/carlosrm"}]}},"_links":{"self":[{"href":"https:\/\/www.asajacyl.com\/palencia\/wp-json\/wp\/v2\/posts\/9876"}],"collection":[{"href":"https:\/\/www.asajacyl.com\/palencia\/wp-json\/wp\/v2\/posts"}],"about":[{"href":"https:\/\/www.asajacyl.com\/palencia\/wp-json\/wp\/v2\/types\/post"}],"author":[{"embeddable":true,"href":"https:\/\/www.asajacyl.com\/palencia\/wp-json\/wp\/v2\/users\/9"}],"replies":[{"embeddable":true,"href":"https:\/\/www.asajacyl.com\/palencia\/wp-json\/wp\/v2\/comments?post=9876"}],"version-history":[{"count":1,"href":"https:\/\/www.asajacyl.com\/palencia\/wp-json\/wp\/v2\/posts\/9876\/revisions"}],"predecessor-version":[{"id":9878,"href":"https:\/\/www.asajacyl.com\/palencia\/wp-json\/wp\/v2\/posts\/9876\/revisions\/9878"}],"wp:featuredmedia":[{"embeddable":true,"href":"https:\/\/www.asajacyl.com\/palencia\/wp-json\/wp\/v2\/media\/9877"}],"wp:attachment":[{"href":"https:\/\/www.asajacyl.com\/palencia\/wp-json\/wp\/v2\/media?parent=9876"}],"wp:term":[{"taxonomy":"category","embeddable":true,"href":"https:\/\/www.asajacyl.com\/palencia\/wp-json\/wp\/v2\/categories?post=9876"},{"taxonomy":"post_tag","embeddable":true,"href":"https:\/\/www.asajacyl.com\/palencia\/wp-json\/wp\/v2\/tags?post=9876"}],"curies":[{"name":"wp","href":"https:\/\/api.w.org\/{rel}","templated":true}]}}