{"id":9887,"date":"2022-02-18T10:44:00","date_gmt":"2022-02-18T09:44:00","guid":{"rendered":"https:\/\/www.asajacyl.com\/palencia\/?p=9887"},"modified":"2022-02-18T07:17:55","modified_gmt":"2022-02-18T06:17:55","slug":"los-regantes-se-unen-al-20mrural","status":"publish","type":"post","link":"https:\/\/www.asajacyl.com\/palencia\/asaja-palencia-informa\/los-regantes-se-unen-al-20mrural","title":{"rendered":"Los regantes se unen al #20Mrural"},"content":{"rendered":"\n<p>La Federaci\u00f3n Nacional de Comunidades de Regantes (Fenacore) se manifestar\u00e1 en Madrid el pr\u00f3ximo 20 de marzo junto con las principales asociaciones agrarias, por la discriminaci\u00f3n que sufre el regad\u00edo en la agenda del Gobierno. Fenacore reclama adaptar los planes hidrol\u00f3gicos al futuro, para asegurar el agua para el riego, e inversiones para modernizaciones de regad\u00edo.<\/p>\n\n\n\n<p>Los regantes advierten de que la planificaci\u00f3n hidrol\u00f3gica est\u00e1 desenfocada al anteponer el extremismo ecologista a la satisfacci\u00f3n de las demandas, que son necesidades b\u00e1sicas al tratarse del agua, de la que depende la producci\u00f3n de alimentos, como ya han trasladado al presidente del Gobierno, Pedro S\u00e1nchez. Fenacore solicita una reducci\u00f3n en el precio de las tarifas el\u00e9ctricas, la aplicaci\u00f3n de la doble potencia en el sector agrario y un tipo de IVA reducido para suministros de riego.<\/p>\n\n\n\n<p>Toda la informaci\u00f3n sobre la manifestaci\u00f3n del 20 de marzo se encuentra en la siguiente <a href=\"https:\/\/20mrural.es\/\">web<\/a>.<\/p>\n","protected":false},"excerpt":{"rendered":"<p>La Federaci\u00f3n Nacional de Comunidades de Regantes (Fenacore) se manifestar\u00e1 en Madrid el pr\u00f3ximo 20 de marzo junto con las principales asociaciones agrarias, por la discriminaci\u00f3n que sufre el regad\u00edo en la agenda del Gobierno. Fenacore reclama adaptar los planes hidrol\u00f3gicos al futuro, para asegurar el agua para el riego, e inversiones para modernizaciones de [&hellip;]<\/p>\n","protected":false},"author":9,"featured_media":8589,"comment_status":"open","ping_status":"open","sticky":false,"template":"","format":"standard","meta":{"footnotes":""},"categories":[9,29,28],"tags":[],"yoast_head":"<!-- This site is optimized with the Yoast SEO plugin v24.5 - https:\/\/yoast.com\/wordpress\/plugins\/seo\/ -->\n<title>Los regantes se unen al #20Mrural - ASAJA Palencia<\/title>\n<meta name=\"description\" content=\"La Federaci\u00f3n Nacional de Comunidades de Regantes (Fenacore) se manifestar\u00e1 en Madrid el pr\u00f3ximo 20 de marzo junto con las principales asociaciones\" \/>\n<meta name=\"robots\" content=\"index, follow, max-snippet:-1, max-image-preview:large, max-video-preview:-1\" \/>\n<link rel=\"canonical\" href=\"https:\/\/www.asajacyl.com\/palencia\/asaja-palencia-informa\/los-regantes-se-unen-al-20mrural\" \/>\n<meta property=\"og:locale\" content=\"es_ES\" \/>\n<meta property=\"og:type\" content=\"article\" \/>\n<meta property=\"og:title\" content=\"Los regantes se unen al #20Mrural - ASAJA Palencia\" \/>\n<meta property=\"og:description\" content=\"La Federaci\u00f3n Nacional de Comunidades de Regantes (Fenacore) se manifestar\u00e1 en Madrid el pr\u00f3ximo 20 de marzo junto con las principales asociaciones\" \/>\n<meta property=\"og:url\" content=\"https:\/\/www.asajacyl.com\/palencia\/asaja-palencia-informa\/los-regantes-se-unen-al-20mrural\" \/>\n<meta property=\"og:site_name\" content=\"ASAJA Palencia\" \/>\n<meta property=\"article:published_time\" content=\"2022-02-18T09:44:00+00:00\" \/>\n<meta property=\"og:image\" content=\"https:\/\/www.asajacyl.com\/palencia\/wp-content\/uploads\/sites\/3\/2021\/06\/PRESA-DE-LOMILLA.jpg\" \/>\n\t<meta property=\"og:image:width\" content=\"1290\" \/>\n\t<meta property=\"og:image:height\" content=\"758\" \/>\n\t<meta property=\"og:image:type\" content=\"image\/jpeg\" \/>\n<meta name=\"author\" content=\"Administrador\" \/>\n<meta name=\"twitter:card\" content=\"summary_large_image\" \/>\n<meta name=\"twitter:label1\" content=\"Escrito por\" \/>\n\t<meta name=\"twitter:data1\" content=\"Administrador\" \/>\n\t<meta name=\"twitter:label2\" content=\"Tiempo de lectura\" \/>\n\t<meta name=\"twitter:data2\" content=\"1 minuto\" \/>\n<script type=\"application\/ld+json\" class=\"yoast-schema-graph\">{\"@context\":\"https:\/\/schema.org\",\"@graph\":[{\"@type\":\"WebPage\",\"@id\":\"https:\/\/www.asajacyl.com\/palencia\/asaja-palencia-informa\/los-regantes-se-unen-al-20mrural\",\"url\":\"https:\/\/www.asajacyl.com\/palencia\/asaja-palencia-informa\/los-regantes-se-unen-al-20mrural\",\"name\":\"Los regantes se unen al #20Mrural - ASAJA Palencia\",\"isPartOf\":{\"@id\":\"https:\/\/www.asajacyl.com\/palencia\/#website\"},\"primaryImageOfPage\":{\"@id\":\"https:\/\/www.asajacyl.com\/palencia\/asaja-palencia-informa\/los-regantes-se-unen-al-20mrural#primaryimage\"},\"image\":{\"@id\":\"https:\/\/www.asajacyl.com\/palencia\/asaja-palencia-informa\/los-regantes-se-unen-al-20mrural#primaryimage\"},\"thumbnailUrl\":\"https:\/\/www.asajacyl.com\/palencia\/wp-content\/uploads\/sites\/3\/2021\/06\/PRESA-DE-LOMILLA.jpg\",\"datePublished\":\"2022-02-18T09:44:00+00:00\",\"author\":{\"@id\":\"https:\/\/www.asajacyl.com\/palencia\/#\/schema\/person\/3ab17aeb03527485c317557fae64aab1\"},\"description\":\"La Federaci\u00f3n Nacional de Comunidades de Regantes (Fenacore) se manifestar\u00e1 en Madrid el pr\u00f3ximo 20 de marzo junto con las principales asociaciones\",\"breadcrumb\":{\"@id\":\"https:\/\/www.asajacyl.com\/palencia\/asaja-palencia-informa\/los-regantes-se-unen-al-20mrural#breadcrumb\"},\"inLanguage\":\"es\",\"potentialAction\":[{\"@type\":\"ReadAction\",\"target\":[\"https:\/\/www.asajacyl.com\/palencia\/asaja-palencia-informa\/los-regantes-se-unen-al-20mrural\"]}]},{\"@type\":\"ImageObject\",\"inLanguage\":\"es\",\"@id\":\"https:\/\/www.asajacyl.com\/palencia\/asaja-palencia-informa\/los-regantes-se-unen-al-20mrural#primaryimage\",\"url\":\"https:\/\/www.asajacyl.com\/palencia\/wp-content\/uploads\/sites\/3\/2021\/06\/PRESA-DE-LOMILLA.jpg\",\"contentUrl\":\"https:\/\/www.asajacyl.com\/palencia\/wp-content\/uploads\/sites\/3\/2021\/06\/PRESA-DE-LOMILLA.jpg\",\"width\":1290,\"height\":758},{\"@type\":\"BreadcrumbList\",\"@id\":\"https:\/\/www.asajacyl.com\/palencia\/asaja-palencia-informa\/los-regantes-se-unen-al-20mrural#breadcrumb\",\"itemListElement\":[{\"@type\":\"ListItem\",\"position\":1,\"name\":\"Portada\",\"item\":\"https:\/\/www.asajacyl.com\/palencia\/\"},{\"@type\":\"ListItem\",\"position\":2,\"name\":\"Los regantes se unen al #20Mrural\"}]},{\"@type\":\"WebSite\",\"@id\":\"https:\/\/www.asajacyl.com\/palencia\/#website\",\"url\":\"https:\/\/www.asajacyl.com\/palencia\/\",\"name\":\"ASAJA Palencia\",\"description\":\"Otro sitio m\u00e1s de Provincias ASAJA Castilla y Le\u00f3n\",\"potentialAction\":[{\"@type\":\"SearchAction\",\"target\":{\"@type\":\"EntryPoint\",\"urlTemplate\":\"https:\/\/www.asajacyl.com\/palencia\/?s={search_term_string}\"},\"query-input\":{\"@type\":\"PropertyValueSpecification\",\"valueRequired\":true,\"valueName\":\"search_term_string\"}}],\"inLanguage\":\"es\"},{\"@type\":\"Person\",\"@id\":\"https:\/\/www.asajacyl.com\/palencia\/#\/schema\/person\/3ab17aeb03527485c317557fae64aab1\",\"name\":\"Administrador\",\"image\":{\"@type\":\"ImageObject\",\"inLanguage\":\"es\",\"@id\":\"https:\/\/www.asajacyl.com\/palencia\/#\/schema\/person\/image\/\",\"url\":\"https:\/\/secure.gravatar.com\/avatar\/517384810d242ca9e38c180f3c9fb973?s=96&d=mm&r=g\",\"contentUrl\":\"https:\/\/secure.gravatar.com\/avatar\/517384810d242ca9e38c180f3c9fb973?s=96&d=mm&r=g\",\"caption\":\"Administrador\"},\"url\":\"https:\/\/www.asajacyl.com\/palencia\/author\/carlosrm\"}]}<\/script>\n<!-- \/ Yoast SEO plugin. -->","yoast_head_json":{"title":"Los regantes se unen al #20Mrural - ASAJA Palencia","description":"La Federaci\u00f3n Nacional de Comunidades de Regantes (Fenacore) se manifestar\u00e1 en Madrid el pr\u00f3ximo 20 de marzo junto con las principales asociaciones","robots":{"index":"index","follow":"follow","max-snippet":"max-snippet:-1","max-image-preview":"max-image-preview:large","max-video-preview":"max-video-preview:-1"},"canonical":"https:\/\/www.asajacyl.com\/palencia\/asaja-palencia-informa\/los-regantes-se-unen-al-20mrural","og_locale":"es_ES","og_type":"article","og_title":"Los regantes se unen al #20Mrural - ASAJA Palencia","og_description":"La Federaci\u00f3n Nacional de Comunidades de Regantes (Fenacore) se manifestar\u00e1 en Madrid el pr\u00f3ximo 20 de marzo junto con las principales asociaciones","og_url":"https:\/\/www.asajacyl.com\/palencia\/asaja-palencia-informa\/los-regantes-se-unen-al-20mrural","og_site_name":"ASAJA Palencia","article_published_time":"2022-02-18T09:44:00+00:00","og_image":[{"width":1290,"height":758,"url":"https:\/\/www.asajacyl.com\/palencia\/wp-content\/uploads\/sites\/3\/2021\/06\/PRESA-DE-LOMILLA.jpg","type":"image\/jpeg"}],"author":"Administrador","twitter_card":"summary_large_image","twitter_misc":{"Escrito por":"Administrador","Tiempo de lectura":"1 minuto"},"schema":{"@context":"https:\/\/schema.org","@graph":[{"@type":"WebPage","@id":"https:\/\/www.asajacyl.com\/palencia\/asaja-palencia-informa\/los-regantes-se-unen-al-20mrural","url":"https:\/\/www.asajacyl.com\/palencia\/asaja-palencia-informa\/los-regantes-se-unen-al-20mrural","name":"Los regantes se unen al #20Mrural - ASAJA Palencia","isPartOf":{"@id":"https:\/\/www.asajacyl.com\/palencia\/#website"},"primaryImageOfPage":{"@id":"https:\/\/www.asajacyl.com\/palencia\/asaja-palencia-informa\/los-regantes-se-unen-al-20mrural#primaryimage"},"image":{"@id":"https:\/\/www.asajacyl.com\/palencia\/asaja-palencia-informa\/los-regantes-se-unen-al-20mrural#primaryimage"},"thumbnailUrl":"https:\/\/www.asajacyl.com\/palencia\/wp-content\/uploads\/sites\/3\/2021\/06\/PRESA-DE-LOMILLA.jpg","datePublished":"2022-02-18T09:44:00+00:00","author":{"@id":"https:\/\/www.asajacyl.com\/palencia\/#\/schema\/person\/3ab17aeb03527485c317557fae64aab1"},"description":"La Federaci\u00f3n Nacional de Comunidades de Regantes (Fenacore) se manifestar\u00e1 en Madrid el pr\u00f3ximo 20 de marzo junto con las principales asociaciones","breadcrumb":{"@id":"https:\/\/www.asajacyl.com\/palencia\/asaja-palencia-informa\/los-regantes-se-unen-al-20mrural#breadcrumb"},"inLanguage":"es","potentialAction":[{"@type":"ReadAction","target":["https:\/\/www.asajacyl.com\/palencia\/asaja-palencia-informa\/los-regantes-se-unen-al-20mrural"]}]},{"@type":"ImageObject","inLanguage":"es","@id":"https:\/\/www.asajacyl.com\/palencia\/asaja-palencia-informa\/los-regantes-se-unen-al-20mrural#primaryimage","url":"https:\/\/www.asajacyl.com\/palencia\/wp-content\/uploads\/sites\/3\/2021\/06\/PRESA-DE-LOMILLA.jpg","contentUrl":"https:\/\/www.asajacyl.com\/palencia\/wp-content\/uploads\/sites\/3\/2021\/06\/PRESA-DE-LOMILLA.jpg","width":1290,"height":758},{"@type":"BreadcrumbList","@id":"https:\/\/www.asajacyl.com\/palencia\/asaja-palencia-informa\/los-regantes-se-unen-al-20mrural#breadcrumb","itemListElement":[{"@type":"ListItem","position":1,"name":"Portada","item":"https:\/\/www.asajacyl.com\/palencia\/"},{"@type":"ListItem","position":2,"name":"Los regantes se unen al #20Mrural"}]},{"@type":"WebSite","@id":"https:\/\/www.asajacyl.com\/palencia\/#website","url":"https:\/\/www.asajacyl.com\/palencia\/","name":"ASAJA Palencia","description":"Otro sitio m\u00e1s de Provincias ASAJA Castilla y Le\u00f3n","potentialAction":[{"@type":"SearchAction","target":{"@type":"EntryPoint","urlTemplate":"https:\/\/www.asajacyl.com\/palencia\/?s={search_term_string}"},"query-input":{"@type":"PropertyValueSpecification","valueRequired":true,"valueName":"search_term_string"}}],"inLanguage":"es"},{"@type":"Person","@id":"https:\/\/www.asajacyl.com\/palencia\/#\/schema\/person\/3ab17aeb03527485c317557fae64aab1","name":"Administrador","image":{"@type":"ImageObject","inLanguage":"es","@id":"https:\/\/www.asajacyl.com\/palencia\/#\/schema\/person\/image\/","url":"https:\/\/secure.gravatar.com\/avatar\/517384810d242ca9e38c180f3c9fb973?s=96&d=mm&r=g","contentUrl":"https:\/\/secure.gravatar.com\/avatar\/517384810d242ca9e38c180f3c9fb973?s=96&d=mm&r=g","caption":"Administrador"},"url":"https:\/\/www.asajacyl.com\/palencia\/author\/carlosrm"}]}},"_links":{"self":[{"href":"https:\/\/www.asajacyl.com\/palencia\/wp-json\/wp\/v2\/posts\/9887"}],"collection":[{"href":"https:\/\/www.asajacyl.com\/palencia\/wp-json\/wp\/v2\/posts"}],"about":[{"href":"https:\/\/www.asajacyl.com\/palencia\/wp-json\/wp\/v2\/types\/post"}],"author":[{"embeddable":true,"href":"https:\/\/www.asajacyl.com\/palencia\/wp-json\/wp\/v2\/users\/9"}],"replies":[{"embeddable":true,"href":"https:\/\/www.asajacyl.com\/palencia\/wp-json\/wp\/v2\/comments?post=9887"}],"version-history":[{"count":2,"href":"https:\/\/www.asajacyl.com\/palencia\/wp-json\/wp\/v2\/posts\/9887\/revisions"}],"predecessor-version":[{"id":9890,"href":"https:\/\/www.asajacyl.com\/palencia\/wp-json\/wp\/v2\/posts\/9887\/revisions\/9890"}],"wp:featuredmedia":[{"embeddable":true,"href":"https:\/\/www.asajacyl.com\/palencia\/wp-json\/wp\/v2\/media\/8589"}],"wp:attachment":[{"href":"https:\/\/www.asajacyl.com\/palencia\/wp-json\/wp\/v2\/media?parent=9887"}],"wp:term":[{"taxonomy":"category","embeddable":true,"href":"https:\/\/www.asajacyl.com\/palencia\/wp-json\/wp\/v2\/categories?post=9887"},{"taxonomy":"post_tag","embeddable":true,"href":"https:\/\/www.asajacyl.com\/palencia\/wp-json\/wp\/v2\/tags?post=9887"}],"curies":[{"name":"wp","href":"https:\/\/api.w.org\/{rel}","templated":true}]}}