{"id":9895,"date":"2022-02-19T08:32:00","date_gmt":"2022-02-19T07:32:00","guid":{"rendered":"https:\/\/www.asajacyl.com\/palencia\/?p=9895"},"modified":"2022-02-16T08:35:39","modified_gmt":"2022-02-16T07:35:39","slug":"los-regantes-recuerdan-que-sin-mas-obras-de-regulacion-las-sequias-seran-mas-daninas","status":"publish","type":"post","link":"https:\/\/www.asajacyl.com\/palencia\/asaja-palencia-informa\/los-regantes-recuerdan-que-sin-mas-obras-de-regulacion-las-sequias-seran-mas-daninas","title":{"rendered":"Los regantes recuerdan que sin m\u00e1s obras de regulaci\u00f3n las sequ\u00edas ser\u00e1n m\u00e1s da\u00f1inas"},"content":{"rendered":"\n<p>La Federaci\u00f3n Nacional de Comunidades de Regantes (FENACORE) ha alertado de que la falta de inversi\u00f3n en obras de regulaci\u00f3n agravar\u00e1 la amenaza que suponen las sequ\u00edas para Espa\u00f1a.<\/p>\n\n\n\n<p>Este a\u00f1o las reservas de agua se han situado en el 45%, quince puntos porcentuales menos que la media de los diez \u00faltimos a\u00f1os.<\/p>\n\n\n\n<p>Las obras de regulaci\u00f3n son necesarias para combatir las sequ\u00edas, ya que permiten embalsar agua en las \u00e9pocas de lluvia, para usarla cuando sea necesaria. En Europa, la mayor\u00eda de pa\u00edses aprovechan de forma natural el 40% de sus recursos h\u00eddricos, mientras que en Espa\u00f1a s\u00f3lo somos capaces de utilizar el 9%.<\/p>\n\n\n\n<p>Los caudales ecol\u00f3gicos que proponen los planes hidrol\u00f3gicos, de los que depender\u00e1 la gesti\u00f3n del agua los pr\u00f3ximos a\u00f1os, anular\u00e1n de facto la funci\u00f3n de regulaci\u00f3n de los embalses, pudiendo vaciarlos, y poner en peligro la producci\u00f3n de alimentos en nuestro pa\u00eds.<\/p>\n","protected":false},"excerpt":{"rendered":"<p>La Federaci\u00f3n Nacional de Comunidades de Regantes (FENACORE) ha alertado de que la falta de inversi\u00f3n en obras de regulaci\u00f3n agravar\u00e1 la amenaza que suponen las sequ\u00edas para Espa\u00f1a. Este a\u00f1o las reservas de agua se han situado en el 45%, quince puntos porcentuales menos que la media de los diez \u00faltimos a\u00f1os. Las obras [&hellip;]<\/p>\n","protected":false},"author":9,"featured_media":8255,"comment_status":"open","ping_status":"open","sticky":false,"template":"","format":"standard","meta":{"footnotes":""},"categories":[9,29,28],"tags":[],"yoast_head":"<!-- This site is optimized with the Yoast SEO plugin v24.5 - https:\/\/yoast.com\/wordpress\/plugins\/seo\/ -->\n<title>Los regantes recuerdan que sin m\u00e1s obras de regulaci\u00f3n las sequ\u00edas ser\u00e1n m\u00e1s da\u00f1inas - ASAJA Palencia<\/title>\n<meta name=\"description\" content=\"La Federaci\u00f3n Nacional de Comunidades de Regantes (FENACORE) ha alertado de que la falta de inversi\u00f3n en obras de regulaci\u00f3n agravar\u00e1 la amenaza que\" \/>\n<meta name=\"robots\" content=\"index, follow, max-snippet:-1, max-image-preview:large, max-video-preview:-1\" \/>\n<link rel=\"canonical\" href=\"https:\/\/www.asajacyl.com\/palencia\/asaja-palencia-informa\/los-regantes-recuerdan-que-sin-mas-obras-de-regulacion-las-sequias-seran-mas-daninas\" \/>\n<meta property=\"og:locale\" content=\"es_ES\" \/>\n<meta property=\"og:type\" content=\"article\" \/>\n<meta property=\"og:title\" content=\"Los regantes recuerdan que sin m\u00e1s obras de regulaci\u00f3n las sequ\u00edas ser\u00e1n m\u00e1s da\u00f1inas - ASAJA Palencia\" \/>\n<meta property=\"og:description\" content=\"La Federaci\u00f3n Nacional de Comunidades de Regantes (FENACORE) ha alertado de que la falta de inversi\u00f3n en obras de regulaci\u00f3n agravar\u00e1 la amenaza que\" \/>\n<meta property=\"og:url\" content=\"https:\/\/www.asajacyl.com\/palencia\/asaja-palencia-informa\/los-regantes-recuerdan-que-sin-mas-obras-de-regulacion-las-sequias-seran-mas-daninas\" \/>\n<meta property=\"og:site_name\" content=\"ASAJA Palencia\" \/>\n<meta property=\"article:published_time\" content=\"2022-02-19T07:32:00+00:00\" \/>\n<meta property=\"og:image\" content=\"https:\/\/www.asajacyl.com\/palencia\/wp-content\/uploads\/sites\/3\/2021\/05\/EMBALSE-AGUILAR-3.jpg\" \/>\n\t<meta property=\"og:image:width\" content=\"2016\" \/>\n\t<meta property=\"og:image:height\" content=\"1512\" \/>\n\t<meta property=\"og:image:type\" content=\"image\/jpeg\" \/>\n<meta name=\"author\" content=\"Administrador\" \/>\n<meta name=\"twitter:card\" content=\"summary_large_image\" \/>\n<meta name=\"twitter:label1\" content=\"Escrito por\" \/>\n\t<meta name=\"twitter:data1\" content=\"Administrador\" \/>\n\t<meta name=\"twitter:label2\" content=\"Tiempo de lectura\" \/>\n\t<meta name=\"twitter:data2\" content=\"1 minuto\" \/>\n<script type=\"application\/ld+json\" class=\"yoast-schema-graph\">{\"@context\":\"https:\/\/schema.org\",\"@graph\":[{\"@type\":\"WebPage\",\"@id\":\"https:\/\/www.asajacyl.com\/palencia\/asaja-palencia-informa\/los-regantes-recuerdan-que-sin-mas-obras-de-regulacion-las-sequias-seran-mas-daninas\",\"url\":\"https:\/\/www.asajacyl.com\/palencia\/asaja-palencia-informa\/los-regantes-recuerdan-que-sin-mas-obras-de-regulacion-las-sequias-seran-mas-daninas\",\"name\":\"Los regantes recuerdan que sin m\u00e1s obras de regulaci\u00f3n las sequ\u00edas ser\u00e1n m\u00e1s da\u00f1inas - ASAJA Palencia\",\"isPartOf\":{\"@id\":\"https:\/\/www.asajacyl.com\/palencia\/#website\"},\"primaryImageOfPage\":{\"@id\":\"https:\/\/www.asajacyl.com\/palencia\/asaja-palencia-informa\/los-regantes-recuerdan-que-sin-mas-obras-de-regulacion-las-sequias-seran-mas-daninas#primaryimage\"},\"image\":{\"@id\":\"https:\/\/www.asajacyl.com\/palencia\/asaja-palencia-informa\/los-regantes-recuerdan-que-sin-mas-obras-de-regulacion-las-sequias-seran-mas-daninas#primaryimage\"},\"thumbnailUrl\":\"https:\/\/www.asajacyl.com\/palencia\/wp-content\/uploads\/sites\/3\/2021\/05\/EMBALSE-AGUILAR-3.jpg\",\"datePublished\":\"2022-02-19T07:32:00+00:00\",\"author\":{\"@id\":\"https:\/\/www.asajacyl.com\/palencia\/#\/schema\/person\/3ab17aeb03527485c317557fae64aab1\"},\"description\":\"La Federaci\u00f3n Nacional de Comunidades de Regantes (FENACORE) ha alertado de que la falta de inversi\u00f3n en obras de regulaci\u00f3n agravar\u00e1 la amenaza que\",\"breadcrumb\":{\"@id\":\"https:\/\/www.asajacyl.com\/palencia\/asaja-palencia-informa\/los-regantes-recuerdan-que-sin-mas-obras-de-regulacion-las-sequias-seran-mas-daninas#breadcrumb\"},\"inLanguage\":\"es\",\"potentialAction\":[{\"@type\":\"ReadAction\",\"target\":[\"https:\/\/www.asajacyl.com\/palencia\/asaja-palencia-informa\/los-regantes-recuerdan-que-sin-mas-obras-de-regulacion-las-sequias-seran-mas-daninas\"]}]},{\"@type\":\"ImageObject\",\"inLanguage\":\"es\",\"@id\":\"https:\/\/www.asajacyl.com\/palencia\/asaja-palencia-informa\/los-regantes-recuerdan-que-sin-mas-obras-de-regulacion-las-sequias-seran-mas-daninas#primaryimage\",\"url\":\"https:\/\/www.asajacyl.com\/palencia\/wp-content\/uploads\/sites\/3\/2021\/05\/EMBALSE-AGUILAR-3.jpg\",\"contentUrl\":\"https:\/\/www.asajacyl.com\/palencia\/wp-content\/uploads\/sites\/3\/2021\/05\/EMBALSE-AGUILAR-3.jpg\",\"width\":2016,\"height\":1512},{\"@type\":\"BreadcrumbList\",\"@id\":\"https:\/\/www.asajacyl.com\/palencia\/asaja-palencia-informa\/los-regantes-recuerdan-que-sin-mas-obras-de-regulacion-las-sequias-seran-mas-daninas#breadcrumb\",\"itemListElement\":[{\"@type\":\"ListItem\",\"position\":1,\"name\":\"Portada\",\"item\":\"https:\/\/www.asajacyl.com\/palencia\/\"},{\"@type\":\"ListItem\",\"position\":2,\"name\":\"Los regantes recuerdan que sin m\u00e1s obras de regulaci\u00f3n las sequ\u00edas ser\u00e1n m\u00e1s da\u00f1inas\"}]},{\"@type\":\"WebSite\",\"@id\":\"https:\/\/www.asajacyl.com\/palencia\/#website\",\"url\":\"https:\/\/www.asajacyl.com\/palencia\/\",\"name\":\"ASAJA Palencia\",\"description\":\"Otro sitio m\u00e1s de Provincias ASAJA Castilla y Le\u00f3n\",\"potentialAction\":[{\"@type\":\"SearchAction\",\"target\":{\"@type\":\"EntryPoint\",\"urlTemplate\":\"https:\/\/www.asajacyl.com\/palencia\/?s={search_term_string}\"},\"query-input\":{\"@type\":\"PropertyValueSpecification\",\"valueRequired\":true,\"valueName\":\"search_term_string\"}}],\"inLanguage\":\"es\"},{\"@type\":\"Person\",\"@id\":\"https:\/\/www.asajacyl.com\/palencia\/#\/schema\/person\/3ab17aeb03527485c317557fae64aab1\",\"name\":\"Administrador\",\"image\":{\"@type\":\"ImageObject\",\"inLanguage\":\"es\",\"@id\":\"https:\/\/www.asajacyl.com\/palencia\/#\/schema\/person\/image\/\",\"url\":\"https:\/\/secure.gravatar.com\/avatar\/517384810d242ca9e38c180f3c9fb973?s=96&d=mm&r=g\",\"contentUrl\":\"https:\/\/secure.gravatar.com\/avatar\/517384810d242ca9e38c180f3c9fb973?s=96&d=mm&r=g\",\"caption\":\"Administrador\"},\"url\":\"https:\/\/www.asajacyl.com\/palencia\/author\/carlosrm\"}]}<\/script>\n<!-- \/ Yoast SEO plugin. -->","yoast_head_json":{"title":"Los regantes recuerdan que sin m\u00e1s obras de regulaci\u00f3n las sequ\u00edas ser\u00e1n m\u00e1s da\u00f1inas - ASAJA Palencia","description":"La Federaci\u00f3n Nacional de Comunidades de Regantes (FENACORE) ha alertado de que la falta de inversi\u00f3n en obras de regulaci\u00f3n agravar\u00e1 la amenaza que","robots":{"index":"index","follow":"follow","max-snippet":"max-snippet:-1","max-image-preview":"max-image-preview:large","max-video-preview":"max-video-preview:-1"},"canonical":"https:\/\/www.asajacyl.com\/palencia\/asaja-palencia-informa\/los-regantes-recuerdan-que-sin-mas-obras-de-regulacion-las-sequias-seran-mas-daninas","og_locale":"es_ES","og_type":"article","og_title":"Los regantes recuerdan que sin m\u00e1s obras de regulaci\u00f3n las sequ\u00edas ser\u00e1n m\u00e1s da\u00f1inas - ASAJA Palencia","og_description":"La Federaci\u00f3n Nacional de Comunidades de Regantes (FENACORE) ha alertado de que la falta de inversi\u00f3n en obras de regulaci\u00f3n agravar\u00e1 la amenaza que","og_url":"https:\/\/www.asajacyl.com\/palencia\/asaja-palencia-informa\/los-regantes-recuerdan-que-sin-mas-obras-de-regulacion-las-sequias-seran-mas-daninas","og_site_name":"ASAJA Palencia","article_published_time":"2022-02-19T07:32:00+00:00","og_image":[{"width":2016,"height":1512,"url":"https:\/\/www.asajacyl.com\/palencia\/wp-content\/uploads\/sites\/3\/2021\/05\/EMBALSE-AGUILAR-3.jpg","type":"image\/jpeg"}],"author":"Administrador","twitter_card":"summary_large_image","twitter_misc":{"Escrito por":"Administrador","Tiempo de lectura":"1 minuto"},"schema":{"@context":"https:\/\/schema.org","@graph":[{"@type":"WebPage","@id":"https:\/\/www.asajacyl.com\/palencia\/asaja-palencia-informa\/los-regantes-recuerdan-que-sin-mas-obras-de-regulacion-las-sequias-seran-mas-daninas","url":"https:\/\/www.asajacyl.com\/palencia\/asaja-palencia-informa\/los-regantes-recuerdan-que-sin-mas-obras-de-regulacion-las-sequias-seran-mas-daninas","name":"Los regantes recuerdan que sin m\u00e1s obras de regulaci\u00f3n las sequ\u00edas ser\u00e1n m\u00e1s da\u00f1inas - ASAJA Palencia","isPartOf":{"@id":"https:\/\/www.asajacyl.com\/palencia\/#website"},"primaryImageOfPage":{"@id":"https:\/\/www.asajacyl.com\/palencia\/asaja-palencia-informa\/los-regantes-recuerdan-que-sin-mas-obras-de-regulacion-las-sequias-seran-mas-daninas#primaryimage"},"image":{"@id":"https:\/\/www.asajacyl.com\/palencia\/asaja-palencia-informa\/los-regantes-recuerdan-que-sin-mas-obras-de-regulacion-las-sequias-seran-mas-daninas#primaryimage"},"thumbnailUrl":"https:\/\/www.asajacyl.com\/palencia\/wp-content\/uploads\/sites\/3\/2021\/05\/EMBALSE-AGUILAR-3.jpg","datePublished":"2022-02-19T07:32:00+00:00","author":{"@id":"https:\/\/www.asajacyl.com\/palencia\/#\/schema\/person\/3ab17aeb03527485c317557fae64aab1"},"description":"La Federaci\u00f3n Nacional de Comunidades de Regantes (FENACORE) ha alertado de que la falta de inversi\u00f3n en obras de regulaci\u00f3n agravar\u00e1 la amenaza que","breadcrumb":{"@id":"https:\/\/www.asajacyl.com\/palencia\/asaja-palencia-informa\/los-regantes-recuerdan-que-sin-mas-obras-de-regulacion-las-sequias-seran-mas-daninas#breadcrumb"},"inLanguage":"es","potentialAction":[{"@type":"ReadAction","target":["https:\/\/www.asajacyl.com\/palencia\/asaja-palencia-informa\/los-regantes-recuerdan-que-sin-mas-obras-de-regulacion-las-sequias-seran-mas-daninas"]}]},{"@type":"ImageObject","inLanguage":"es","@id":"https:\/\/www.asajacyl.com\/palencia\/asaja-palencia-informa\/los-regantes-recuerdan-que-sin-mas-obras-de-regulacion-las-sequias-seran-mas-daninas#primaryimage","url":"https:\/\/www.asajacyl.com\/palencia\/wp-content\/uploads\/sites\/3\/2021\/05\/EMBALSE-AGUILAR-3.jpg","contentUrl":"https:\/\/www.asajacyl.com\/palencia\/wp-content\/uploads\/sites\/3\/2021\/05\/EMBALSE-AGUILAR-3.jpg","width":2016,"height":1512},{"@type":"BreadcrumbList","@id":"https:\/\/www.asajacyl.com\/palencia\/asaja-palencia-informa\/los-regantes-recuerdan-que-sin-mas-obras-de-regulacion-las-sequias-seran-mas-daninas#breadcrumb","itemListElement":[{"@type":"ListItem","position":1,"name":"Portada","item":"https:\/\/www.asajacyl.com\/palencia\/"},{"@type":"ListItem","position":2,"name":"Los regantes recuerdan que sin m\u00e1s obras de regulaci\u00f3n las sequ\u00edas ser\u00e1n m\u00e1s da\u00f1inas"}]},{"@type":"WebSite","@id":"https:\/\/www.asajacyl.com\/palencia\/#website","url":"https:\/\/www.asajacyl.com\/palencia\/","name":"ASAJA Palencia","description":"Otro sitio m\u00e1s de Provincias ASAJA Castilla y Le\u00f3n","potentialAction":[{"@type":"SearchAction","target":{"@type":"EntryPoint","urlTemplate":"https:\/\/www.asajacyl.com\/palencia\/?s={search_term_string}"},"query-input":{"@type":"PropertyValueSpecification","valueRequired":true,"valueName":"search_term_string"}}],"inLanguage":"es"},{"@type":"Person","@id":"https:\/\/www.asajacyl.com\/palencia\/#\/schema\/person\/3ab17aeb03527485c317557fae64aab1","name":"Administrador","image":{"@type":"ImageObject","inLanguage":"es","@id":"https:\/\/www.asajacyl.com\/palencia\/#\/schema\/person\/image\/","url":"https:\/\/secure.gravatar.com\/avatar\/517384810d242ca9e38c180f3c9fb973?s=96&d=mm&r=g","contentUrl":"https:\/\/secure.gravatar.com\/avatar\/517384810d242ca9e38c180f3c9fb973?s=96&d=mm&r=g","caption":"Administrador"},"url":"https:\/\/www.asajacyl.com\/palencia\/author\/carlosrm"}]}},"_links":{"self":[{"href":"https:\/\/www.asajacyl.com\/palencia\/wp-json\/wp\/v2\/posts\/9895"}],"collection":[{"href":"https:\/\/www.asajacyl.com\/palencia\/wp-json\/wp\/v2\/posts"}],"about":[{"href":"https:\/\/www.asajacyl.com\/palencia\/wp-json\/wp\/v2\/types\/post"}],"author":[{"embeddable":true,"href":"https:\/\/www.asajacyl.com\/palencia\/wp-json\/wp\/v2\/users\/9"}],"replies":[{"embeddable":true,"href":"https:\/\/www.asajacyl.com\/palencia\/wp-json\/wp\/v2\/comments?post=9895"}],"version-history":[{"count":1,"href":"https:\/\/www.asajacyl.com\/palencia\/wp-json\/wp\/v2\/posts\/9895\/revisions"}],"predecessor-version":[{"id":9896,"href":"https:\/\/www.asajacyl.com\/palencia\/wp-json\/wp\/v2\/posts\/9895\/revisions\/9896"}],"wp:featuredmedia":[{"embeddable":true,"href":"https:\/\/www.asajacyl.com\/palencia\/wp-json\/wp\/v2\/media\/8255"}],"wp:attachment":[{"href":"https:\/\/www.asajacyl.com\/palencia\/wp-json\/wp\/v2\/media?parent=9895"}],"wp:term":[{"taxonomy":"category","embeddable":true,"href":"https:\/\/www.asajacyl.com\/palencia\/wp-json\/wp\/v2\/categories?post=9895"},{"taxonomy":"post_tag","embeddable":true,"href":"https:\/\/www.asajacyl.com\/palencia\/wp-json\/wp\/v2\/tags?post=9895"}],"curies":[{"name":"wp","href":"https:\/\/api.w.org\/{rel}","templated":true}]}}