{"id":9897,"date":"2022-02-17T08:24:07","date_gmt":"2022-02-17T07:24:07","guid":{"rendered":"https:\/\/www.asajacyl.com\/palencia\/?p=9897"},"modified":"2022-02-17T08:24:09","modified_gmt":"2022-02-17T07:24:09","slug":"asaja-y-la-alianza-upa-coag-retomaran-las-movilizaciones-lacteas-exigiendo-la-firma-de-contratos-en-el-ovino-y-caprino","status":"publish","type":"post","link":"https:\/\/www.asajacyl.com\/palencia\/asaja-palencia-informa\/asaja-y-la-alianza-upa-coag-retomaran-las-movilizaciones-lacteas-exigiendo-la-firma-de-contratos-en-el-ovino-y-caprino","title":{"rendered":"ASAJA y la ALIANZA UPA-COAG retomar\u00e1n las movilizaciones l\u00e1cteas exigiendo la firma de contratos en el ovino y caprino"},"content":{"rendered":"\n<p><strong><span style=\"color:#258964\" class=\"tadv-color\">El sector ganadero demandar\u00e1 nuevamente, en este caso a las puertas de GARC\u00cdA BAQUERO, en Toro, la firma inmediata de contratos de ovino y caprino que recojan las subidas elevad\u00edsimas de los costes de producci\u00f3n. Aunque en estos meses de protestas promovidas por ASAJA y la ALIANZA UPA-COAG se han logrado algunos avances en vacuno, los precios que ofrece la industria a\u00fan no cumplen los m\u00ednimos que reclamamos ambas organizaciones<\/span><\/strong><\/p>\n\n\n\n<p>Cuando apenas han transcurrido unos d\u00edas de la \u00faltima protesta encabezada por ASAJA y la ALIANZA UPA-COAG en Castrogonzalo, una vez m\u00e1s ambas organizaciones convocar\u00e1n para pr\u00f3ximas fechas una nueva manifestaci\u00f3n en defensa de los ganaderos de leche de la regi\u00f3n, esta vez en la localidad zamorana de Toro.<\/p>\n\n\n\n<p>En esta ocasi\u00f3n las organizaciones convocantes trasladan su protesta a las puertas de GARC\u00cdA BAQUERO, que es un referente en el sector l\u00e1cteo de Castilla y Le\u00f3n y del resto de Espa\u00f1a, y cuya empresa forma parte del colectivo industrial l\u00e1cteo que sigue poniendo contra las cuerdas a los ganaderos de esta regi\u00f3n, echando un pulso a las propias cooperativas en las negociaciones.<\/p>\n\n\n\n<p>Por este motivo, ASAJA y la Alianza UPA-COAG reclaman la necesidad de que se firmen inmediatamente los contratos en el sector ovino y caprino, y que se recoja en los mismos, s\u00ed o s\u00ed, un incremento del precio para compensar los elevad\u00edsimos costes de producci\u00f3n de la leche.<\/p>\n\n\n\n<p>En este sentido, ambas organizaciones estaremos muy vigilantes de que cooperativas e industrias firmen cuanto antes contratos que reflejen la subida de los costes de producci\u00f3n, y que cumplan a rajatabla la nueva Ley de Cadena Alimentaria, que proh\u00edbe rotundamente los abusos hacia los productores, en un contexto actual de inputs desorbitados con precios muy altos en piensos, energ\u00eda, etc. Si no se atienden estas justas reivindicaciones ya anunciamos que emprenderemos medidas legales, con denuncias ante la AICA e incluso ante los juzgados.<\/p>\n\n\n\n<p>Adem\u00e1s, ASAJA y la ALIANZA UPA-COAG siguen reclamando una subida de precios para el vacuno de leche, aunque, gracias a las movilizaciones y presi\u00f3n encabezada por ambas organizaciones en las \u00faltimas semanas, se haya conseguido mejorar el precio de la leche en origen hasta alcanzar los 0,37\/0,38 c\u00e9ntimos\/litro. As\u00ed y todo, consideramos que las industrias y distribuci\u00f3n a\u00fan tienen margen de actuaci\u00f3n para alcanzar un umbral m\u00ednimo de 0,40\/0,41 euros\/litro, por debajo del cual los ganaderos no cubren ni siquiera los costes actuales de producci\u00f3n.<\/p>\n","protected":false},"excerpt":{"rendered":"<p>El sector ganadero demandar\u00e1 nuevamente, en este caso a las puertas de GARC\u00cdA BAQUERO, en Toro, la firma inmediata de contratos de ovino y caprino que recojan las subidas elevad\u00edsimas de los costes de producci\u00f3n. Aunque en estos meses de protestas promovidas por ASAJA y la ALIANZA UPA-COAG se han logrado algunos avances en vacuno, [&hellip;]<\/p>\n","protected":false},"author":9,"featured_media":9898,"comment_status":"open","ping_status":"open","sticky":false,"template":"","format":"standard","meta":{"footnotes":""},"categories":[9,29,28],"tags":[],"yoast_head":"<!-- This site is optimized with the Yoast SEO plugin v24.5 - https:\/\/yoast.com\/wordpress\/plugins\/seo\/ -->\n<title>ASAJA y la ALIANZA UPA-COAG retomar\u00e1n las movilizaciones l\u00e1cteas exigiendo la firma de contratos en el ovino y caprino - ASAJA Palencia<\/title>\n<meta name=\"description\" content=\"El sector ganadero demandar\u00e1 nuevamente, en este caso a las puertas de GARC\u00cdA BAQUERO, en Toro, la firma inmediata de contratos de ovino y caprino que\" \/>\n<meta name=\"robots\" content=\"index, follow, max-snippet:-1, max-image-preview:large, max-video-preview:-1\" \/>\n<link rel=\"canonical\" href=\"https:\/\/www.asajacyl.com\/palencia\/asaja-palencia-informa\/asaja-y-la-alianza-upa-coag-retomaran-las-movilizaciones-lacteas-exigiendo-la-firma-de-contratos-en-el-ovino-y-caprino\" \/>\n<meta property=\"og:locale\" content=\"es_ES\" \/>\n<meta property=\"og:type\" content=\"article\" \/>\n<meta property=\"og:title\" content=\"ASAJA y la ALIANZA UPA-COAG retomar\u00e1n las movilizaciones l\u00e1cteas exigiendo la firma de contratos en el ovino y caprino - ASAJA Palencia\" \/>\n<meta property=\"og:description\" content=\"El sector ganadero demandar\u00e1 nuevamente, en este caso a las puertas de GARC\u00cdA BAQUERO, en Toro, la firma inmediata de contratos de ovino y caprino que\" \/>\n<meta property=\"og:url\" content=\"https:\/\/www.asajacyl.com\/palencia\/asaja-palencia-informa\/asaja-y-la-alianza-upa-coag-retomaran-las-movilizaciones-lacteas-exigiendo-la-firma-de-contratos-en-el-ovino-y-caprino\" \/>\n<meta property=\"og:site_name\" content=\"ASAJA Palencia\" \/>\n<meta property=\"article:published_time\" content=\"2022-02-17T07:24:07+00:00\" \/>\n<meta property=\"article:modified_time\" content=\"2022-02-17T07:24:09+00:00\" \/>\n<meta property=\"og:image\" content=\"https:\/\/www.asajacyl.com\/palencia\/wp-content\/uploads\/sites\/3\/2022\/02\/protesta-ganaderos-1024x571-1.jpg\" \/>\n\t<meta property=\"og:image:width\" content=\"1024\" \/>\n\t<meta property=\"og:image:height\" content=\"571\" \/>\n\t<meta property=\"og:image:type\" content=\"image\/jpeg\" \/>\n<meta name=\"author\" content=\"Administrador\" \/>\n<meta name=\"twitter:card\" content=\"summary_large_image\" \/>\n<meta name=\"twitter:label1\" content=\"Escrito por\" \/>\n\t<meta name=\"twitter:data1\" content=\"Administrador\" \/>\n\t<meta name=\"twitter:label2\" content=\"Tiempo de lectura\" \/>\n\t<meta name=\"twitter:data2\" content=\"2 minutos\" \/>\n<script type=\"application\/ld+json\" class=\"yoast-schema-graph\">{\"@context\":\"https:\/\/schema.org\",\"@graph\":[{\"@type\":\"WebPage\",\"@id\":\"https:\/\/www.asajacyl.com\/palencia\/asaja-palencia-informa\/asaja-y-la-alianza-upa-coag-retomaran-las-movilizaciones-lacteas-exigiendo-la-firma-de-contratos-en-el-ovino-y-caprino\",\"url\":\"https:\/\/www.asajacyl.com\/palencia\/asaja-palencia-informa\/asaja-y-la-alianza-upa-coag-retomaran-las-movilizaciones-lacteas-exigiendo-la-firma-de-contratos-en-el-ovino-y-caprino\",\"name\":\"ASAJA y la ALIANZA UPA-COAG retomar\u00e1n las movilizaciones l\u00e1cteas exigiendo la firma de contratos en el ovino y caprino - ASAJA Palencia\",\"isPartOf\":{\"@id\":\"https:\/\/www.asajacyl.com\/palencia\/#website\"},\"primaryImageOfPage\":{\"@id\":\"https:\/\/www.asajacyl.com\/palencia\/asaja-palencia-informa\/asaja-y-la-alianza-upa-coag-retomaran-las-movilizaciones-lacteas-exigiendo-la-firma-de-contratos-en-el-ovino-y-caprino#primaryimage\"},\"image\":{\"@id\":\"https:\/\/www.asajacyl.com\/palencia\/asaja-palencia-informa\/asaja-y-la-alianza-upa-coag-retomaran-las-movilizaciones-lacteas-exigiendo-la-firma-de-contratos-en-el-ovino-y-caprino#primaryimage\"},\"thumbnailUrl\":\"https:\/\/www.asajacyl.com\/palencia\/wp-content\/uploads\/sites\/3\/2022\/02\/protesta-ganaderos-1024x571-1.jpg\",\"datePublished\":\"2022-02-17T07:24:07+00:00\",\"dateModified\":\"2022-02-17T07:24:09+00:00\",\"author\":{\"@id\":\"https:\/\/www.asajacyl.com\/palencia\/#\/schema\/person\/3ab17aeb03527485c317557fae64aab1\"},\"description\":\"El sector ganadero demandar\u00e1 nuevamente, en este caso a las puertas de GARC\u00cdA BAQUERO, en Toro, la firma inmediata de contratos de ovino y caprino que\",\"breadcrumb\":{\"@id\":\"https:\/\/www.asajacyl.com\/palencia\/asaja-palencia-informa\/asaja-y-la-alianza-upa-coag-retomaran-las-movilizaciones-lacteas-exigiendo-la-firma-de-contratos-en-el-ovino-y-caprino#breadcrumb\"},\"inLanguage\":\"es\",\"potentialAction\":[{\"@type\":\"ReadAction\",\"target\":[\"https:\/\/www.asajacyl.com\/palencia\/asaja-palencia-informa\/asaja-y-la-alianza-upa-coag-retomaran-las-movilizaciones-lacteas-exigiendo-la-firma-de-contratos-en-el-ovino-y-caprino\"]}]},{\"@type\":\"ImageObject\",\"inLanguage\":\"es\",\"@id\":\"https:\/\/www.asajacyl.com\/palencia\/asaja-palencia-informa\/asaja-y-la-alianza-upa-coag-retomaran-las-movilizaciones-lacteas-exigiendo-la-firma-de-contratos-en-el-ovino-y-caprino#primaryimage\",\"url\":\"https:\/\/www.asajacyl.com\/palencia\/wp-content\/uploads\/sites\/3\/2022\/02\/protesta-ganaderos-1024x571-1.jpg\",\"contentUrl\":\"https:\/\/www.asajacyl.com\/palencia\/wp-content\/uploads\/sites\/3\/2022\/02\/protesta-ganaderos-1024x571-1.jpg\",\"width\":1024,\"height\":571},{\"@type\":\"BreadcrumbList\",\"@id\":\"https:\/\/www.asajacyl.com\/palencia\/asaja-palencia-informa\/asaja-y-la-alianza-upa-coag-retomaran-las-movilizaciones-lacteas-exigiendo-la-firma-de-contratos-en-el-ovino-y-caprino#breadcrumb\",\"itemListElement\":[{\"@type\":\"ListItem\",\"position\":1,\"name\":\"Portada\",\"item\":\"https:\/\/www.asajacyl.com\/palencia\/\"},{\"@type\":\"ListItem\",\"position\":2,\"name\":\"ASAJA y la ALIANZA UPA-COAG retomar\u00e1n las movilizaciones l\u00e1cteas exigiendo la firma de contratos en el ovino y caprino\"}]},{\"@type\":\"WebSite\",\"@id\":\"https:\/\/www.asajacyl.com\/palencia\/#website\",\"url\":\"https:\/\/www.asajacyl.com\/palencia\/\",\"name\":\"ASAJA Palencia\",\"description\":\"Otro sitio m\u00e1s de Provincias ASAJA Castilla y Le\u00f3n\",\"potentialAction\":[{\"@type\":\"SearchAction\",\"target\":{\"@type\":\"EntryPoint\",\"urlTemplate\":\"https:\/\/www.asajacyl.com\/palencia\/?s={search_term_string}\"},\"query-input\":{\"@type\":\"PropertyValueSpecification\",\"valueRequired\":true,\"valueName\":\"search_term_string\"}}],\"inLanguage\":\"es\"},{\"@type\":\"Person\",\"@id\":\"https:\/\/www.asajacyl.com\/palencia\/#\/schema\/person\/3ab17aeb03527485c317557fae64aab1\",\"name\":\"Administrador\",\"image\":{\"@type\":\"ImageObject\",\"inLanguage\":\"es\",\"@id\":\"https:\/\/www.asajacyl.com\/palencia\/#\/schema\/person\/image\/\",\"url\":\"https:\/\/secure.gravatar.com\/avatar\/517384810d242ca9e38c180f3c9fb973?s=96&d=mm&r=g\",\"contentUrl\":\"https:\/\/secure.gravatar.com\/avatar\/517384810d242ca9e38c180f3c9fb973?s=96&d=mm&r=g\",\"caption\":\"Administrador\"},\"url\":\"https:\/\/www.asajacyl.com\/palencia\/author\/carlosrm\"}]}<\/script>\n<!-- \/ Yoast SEO plugin. -->","yoast_head_json":{"title":"ASAJA y la ALIANZA UPA-COAG retomar\u00e1n las movilizaciones l\u00e1cteas exigiendo la firma de contratos en el ovino y caprino - ASAJA Palencia","description":"El sector ganadero demandar\u00e1 nuevamente, en este caso a las puertas de GARC\u00cdA BAQUERO, en Toro, la firma inmediata de contratos de ovino y caprino que","robots":{"index":"index","follow":"follow","max-snippet":"max-snippet:-1","max-image-preview":"max-image-preview:large","max-video-preview":"max-video-preview:-1"},"canonical":"https:\/\/www.asajacyl.com\/palencia\/asaja-palencia-informa\/asaja-y-la-alianza-upa-coag-retomaran-las-movilizaciones-lacteas-exigiendo-la-firma-de-contratos-en-el-ovino-y-caprino","og_locale":"es_ES","og_type":"article","og_title":"ASAJA y la ALIANZA UPA-COAG retomar\u00e1n las movilizaciones l\u00e1cteas exigiendo la firma de contratos en el ovino y caprino - ASAJA Palencia","og_description":"El sector ganadero demandar\u00e1 nuevamente, en este caso a las puertas de GARC\u00cdA BAQUERO, en Toro, la firma inmediata de contratos de ovino y caprino que","og_url":"https:\/\/www.asajacyl.com\/palencia\/asaja-palencia-informa\/asaja-y-la-alianza-upa-coag-retomaran-las-movilizaciones-lacteas-exigiendo-la-firma-de-contratos-en-el-ovino-y-caprino","og_site_name":"ASAJA Palencia","article_published_time":"2022-02-17T07:24:07+00:00","article_modified_time":"2022-02-17T07:24:09+00:00","og_image":[{"width":1024,"height":571,"url":"https:\/\/www.asajacyl.com\/palencia\/wp-content\/uploads\/sites\/3\/2022\/02\/protesta-ganaderos-1024x571-1.jpg","type":"image\/jpeg"}],"author":"Administrador","twitter_card":"summary_large_image","twitter_misc":{"Escrito por":"Administrador","Tiempo de lectura":"2 minutos"},"schema":{"@context":"https:\/\/schema.org","@graph":[{"@type":"WebPage","@id":"https:\/\/www.asajacyl.com\/palencia\/asaja-palencia-informa\/asaja-y-la-alianza-upa-coag-retomaran-las-movilizaciones-lacteas-exigiendo-la-firma-de-contratos-en-el-ovino-y-caprino","url":"https:\/\/www.asajacyl.com\/palencia\/asaja-palencia-informa\/asaja-y-la-alianza-upa-coag-retomaran-las-movilizaciones-lacteas-exigiendo-la-firma-de-contratos-en-el-ovino-y-caprino","name":"ASAJA y la ALIANZA UPA-COAG retomar\u00e1n las movilizaciones l\u00e1cteas exigiendo la firma de contratos en el ovino y caprino - ASAJA Palencia","isPartOf":{"@id":"https:\/\/www.asajacyl.com\/palencia\/#website"},"primaryImageOfPage":{"@id":"https:\/\/www.asajacyl.com\/palencia\/asaja-palencia-informa\/asaja-y-la-alianza-upa-coag-retomaran-las-movilizaciones-lacteas-exigiendo-la-firma-de-contratos-en-el-ovino-y-caprino#primaryimage"},"image":{"@id":"https:\/\/www.asajacyl.com\/palencia\/asaja-palencia-informa\/asaja-y-la-alianza-upa-coag-retomaran-las-movilizaciones-lacteas-exigiendo-la-firma-de-contratos-en-el-ovino-y-caprino#primaryimage"},"thumbnailUrl":"https:\/\/www.asajacyl.com\/palencia\/wp-content\/uploads\/sites\/3\/2022\/02\/protesta-ganaderos-1024x571-1.jpg","datePublished":"2022-02-17T07:24:07+00:00","dateModified":"2022-02-17T07:24:09+00:00","author":{"@id":"https:\/\/www.asajacyl.com\/palencia\/#\/schema\/person\/3ab17aeb03527485c317557fae64aab1"},"description":"El sector ganadero demandar\u00e1 nuevamente, en este caso a las puertas de GARC\u00cdA BAQUERO, en Toro, la firma inmediata de contratos de ovino y caprino que","breadcrumb":{"@id":"https:\/\/www.asajacyl.com\/palencia\/asaja-palencia-informa\/asaja-y-la-alianza-upa-coag-retomaran-las-movilizaciones-lacteas-exigiendo-la-firma-de-contratos-en-el-ovino-y-caprino#breadcrumb"},"inLanguage":"es","potentialAction":[{"@type":"ReadAction","target":["https:\/\/www.asajacyl.com\/palencia\/asaja-palencia-informa\/asaja-y-la-alianza-upa-coag-retomaran-las-movilizaciones-lacteas-exigiendo-la-firma-de-contratos-en-el-ovino-y-caprino"]}]},{"@type":"ImageObject","inLanguage":"es","@id":"https:\/\/www.asajacyl.com\/palencia\/asaja-palencia-informa\/asaja-y-la-alianza-upa-coag-retomaran-las-movilizaciones-lacteas-exigiendo-la-firma-de-contratos-en-el-ovino-y-caprino#primaryimage","url":"https:\/\/www.asajacyl.com\/palencia\/wp-content\/uploads\/sites\/3\/2022\/02\/protesta-ganaderos-1024x571-1.jpg","contentUrl":"https:\/\/www.asajacyl.com\/palencia\/wp-content\/uploads\/sites\/3\/2022\/02\/protesta-ganaderos-1024x571-1.jpg","width":1024,"height":571},{"@type":"BreadcrumbList","@id":"https:\/\/www.asajacyl.com\/palencia\/asaja-palencia-informa\/asaja-y-la-alianza-upa-coag-retomaran-las-movilizaciones-lacteas-exigiendo-la-firma-de-contratos-en-el-ovino-y-caprino#breadcrumb","itemListElement":[{"@type":"ListItem","position":1,"name":"Portada","item":"https:\/\/www.asajacyl.com\/palencia\/"},{"@type":"ListItem","position":2,"name":"ASAJA y la ALIANZA UPA-COAG retomar\u00e1n las movilizaciones l\u00e1cteas exigiendo la firma de contratos en el ovino y caprino"}]},{"@type":"WebSite","@id":"https:\/\/www.asajacyl.com\/palencia\/#website","url":"https:\/\/www.asajacyl.com\/palencia\/","name":"ASAJA Palencia","description":"Otro sitio m\u00e1s de Provincias ASAJA Castilla y Le\u00f3n","potentialAction":[{"@type":"SearchAction","target":{"@type":"EntryPoint","urlTemplate":"https:\/\/www.asajacyl.com\/palencia\/?s={search_term_string}"},"query-input":{"@type":"PropertyValueSpecification","valueRequired":true,"valueName":"search_term_string"}}],"inLanguage":"es"},{"@type":"Person","@id":"https:\/\/www.asajacyl.com\/palencia\/#\/schema\/person\/3ab17aeb03527485c317557fae64aab1","name":"Administrador","image":{"@type":"ImageObject","inLanguage":"es","@id":"https:\/\/www.asajacyl.com\/palencia\/#\/schema\/person\/image\/","url":"https:\/\/secure.gravatar.com\/avatar\/517384810d242ca9e38c180f3c9fb973?s=96&d=mm&r=g","contentUrl":"https:\/\/secure.gravatar.com\/avatar\/517384810d242ca9e38c180f3c9fb973?s=96&d=mm&r=g","caption":"Administrador"},"url":"https:\/\/www.asajacyl.com\/palencia\/author\/carlosrm"}]}},"_links":{"self":[{"href":"https:\/\/www.asajacyl.com\/palencia\/wp-json\/wp\/v2\/posts\/9897"}],"collection":[{"href":"https:\/\/www.asajacyl.com\/palencia\/wp-json\/wp\/v2\/posts"}],"about":[{"href":"https:\/\/www.asajacyl.com\/palencia\/wp-json\/wp\/v2\/types\/post"}],"author":[{"embeddable":true,"href":"https:\/\/www.asajacyl.com\/palencia\/wp-json\/wp\/v2\/users\/9"}],"replies":[{"embeddable":true,"href":"https:\/\/www.asajacyl.com\/palencia\/wp-json\/wp\/v2\/comments?post=9897"}],"version-history":[{"count":1,"href":"https:\/\/www.asajacyl.com\/palencia\/wp-json\/wp\/v2\/posts\/9897\/revisions"}],"predecessor-version":[{"id":9899,"href":"https:\/\/www.asajacyl.com\/palencia\/wp-json\/wp\/v2\/posts\/9897\/revisions\/9899"}],"wp:featuredmedia":[{"embeddable":true,"href":"https:\/\/www.asajacyl.com\/palencia\/wp-json\/wp\/v2\/media\/9898"}],"wp:attachment":[{"href":"https:\/\/www.asajacyl.com\/palencia\/wp-json\/wp\/v2\/media?parent=9897"}],"wp:term":[{"taxonomy":"category","embeddable":true,"href":"https:\/\/www.asajacyl.com\/palencia\/wp-json\/wp\/v2\/categories?post=9897"},{"taxonomy":"post_tag","embeddable":true,"href":"https:\/\/www.asajacyl.com\/palencia\/wp-json\/wp\/v2\/tags?post=9897"}],"curies":[{"name":"wp","href":"https:\/\/api.w.org\/{rel}","templated":true}]}}