{"id":9901,"date":"2022-02-22T13:16:00","date_gmt":"2022-02-22T12:16:00","guid":{"rendered":"https:\/\/www.asajacyl.com\/palencia\/?p=9901"},"modified":"2022-02-22T07:16:22","modified_gmt":"2022-02-22T06:16:22","slug":"cooperativas-agro-alimentarias-tambien-se-suma-a-la-manifestacion-del-20-de-marzo-en-defensa-del-mundo-rural","status":"publish","type":"post","link":"https:\/\/www.asajacyl.com\/palencia\/asaja-palencia-informa\/cooperativas-agro-alimentarias-tambien-se-suma-a-la-manifestacion-del-20-de-marzo-en-defensa-del-mundo-rural","title":{"rendered":"Cooperativas Agro-alimentarias tambi\u00e9n se suma a la manifestaci\u00f3n del 20 de marzo en defensa del mundo rural"},"content":{"rendered":"\n<p><strong><em><span style=\"color:#00d084\" class=\"tadv-color\">La gran manifestaci\u00f3n del campo espa\u00f1ol comenzar\u00e1 en la Puerta de Alcal\u00e1 a las 11 de la ma\u00f1ana para continuar por el Paseo de la Castellana y finalizar en la fuente de San Juan de la Cruz, a la altura del MITECO. Bajo el lema #JuntosPorElCampo, las grandes organizaciones que representan al mundo rural saldr\u00e1n a la calle para reivindicar las necesidades de quienes ocupan el 84% de territorio.<\/span><\/em><\/strong><\/p>\n\n\n\n<p>La gran manifestaci\u00f3n en defensa del mundo rural sigue sumando apoyos a poco m\u00e1s de un mes de la gran cita del 20 de marzo con la incorporaci\u00f3n de Cooperativas Agro-alimentarias de Espa\u00f1a al Comit\u00e9 de organizaci\u00f3n y planificaci\u00f3n. \u00c9sta es la segunda adhesi\u00f3n que se produce en menos de una semana, despu\u00e9s de que la Federaci\u00f3n Nacional de Comunidades de Regantes de Espa\u00f1a (FENACORE), que representa a m\u00e1s de 700.000 regantes y m\u00e1s de dos millones de hect\u00e1reas, confirmara que tambi\u00e9n acudir\u00e1 a las movilizaciones.<\/p>\n\n\n\n<p>De esta manera, estas dos organizaciones se unen a ASAJA, COAG, UPA, Oficina Nacional de la Caza (ONC), Real Federaci\u00f3n Espa\u00f1ola de Caza (RFEC), Uni\u00f3n de Criadores de Toros de Lidia (UCTL), Alianza Rural y todas las entidades que las conforman, bajo el lema \u201cJuntos por el Campo\u201d.<\/p>\n\n\n\n<p>A la espera de la confirmaci\u00f3n definitiva del recorrido por parte de la Delegaci\u00f3n del Gobierno, esta movilizaci\u00f3n tiene previsto partir desde la Puerta de Alcal\u00e1 a las 11 de la ma\u00f1ana para continuar por el Paseo de la Castellana y finalizar en la fuente de San Juan de la Cruz, a la altura del Ministerio para la Transici\u00f3n Ecol\u00f3gica y Reto Demogr\u00e1fico (MITECO), donde se llevar\u00e1 a cabo la lectura del manifiesto que recoge las reivindicaciones de todos los convocantes.<\/p>\n\n\n\n<p><strong><span style=\"color:#2fc910\" class=\"tadv-color\">MUNDO RURAL VIVO<\/span><\/strong><\/p>\n\n\n\n<p>Esta gran movilizaci\u00f3n llenar\u00e1 las calles de Madrid para que la sociedad en general escuche las necesidades del campo y muestre su apoyo para que el Gobierno preste m\u00e1s atenci\u00f3n y cuidado necesario a quienes ocupan el 84% del territorio. En definitiva, para que la sociedad apoye un mundo rural vivo, en el que el campo sea un espacio para vivir dignamente y sea comprendido y valorado en las \u00e1reas urbanas.<\/p>\n\n\n\n<p>Seg\u00fan el presidente de Fenacore, Andr\u00e9s del Campo, \u201clos regantes nos manifestaremos para para devolver al agua el protagonismo que merece en la agenda del Gobierno. En concreto, pediremos m\u00e1s inversiones en obras de regulaci\u00f3n para hacer frente a las sequ\u00edas, la revisi\u00f3n de los planes hidrol\u00f3gicos, el abaratamiento de la factura el\u00e9ctrica y la modernizaci\u00f3n de los sistemas de riego\u201d.<\/p>\n\n\n\n<p>Para el presidente de Cooperativas Agro-alimentarias de Espa\u00f1a, \u00c1ngel Villafranca, \u201clas cooperativas, como las empresas de los agricultores y ganaderos, nos sumamos a la manifestaci\u00f3n por la dif\u00edcil situaci\u00f3n que atraviesa el sector, (incrementos de costes, baja rentabilidad, exigencias medioambientales y de bienestar animal\u2026), y por los cambios que se exigen en el modelo productivo que ponen en peligro la competitividad y la supervivencia de las explotaciones. Es necesario sensibilizar a las administraciones y a la sociedad de que sin apoyo y sin tiempo para llevarlos a cabo, no se podr\u00e1n abordar los cambios necesarios para adaptarnos a las exigencias de sostenibilidad\u201d.<\/p>\n\n\n\n<div class=\"wp-block-image\"><figure class=\"aligncenter size-large\"><img loading=\"lazy\" decoding=\"async\" width=\"729\" height=\"1024\" src=\"https:\/\/www.asajacyl.com\/palencia\/wp-content\/uploads\/sites\/3\/2022\/02\/image-2-729x1024.jpg\" alt=\"\" class=\"wp-image-9902\" srcset=\"https:\/\/www.asajacyl.com\/palencia\/wp-content\/uploads\/sites\/3\/2022\/02\/image-2-729x1024.jpg 729w, https:\/\/www.asajacyl.com\/palencia\/wp-content\/uploads\/sites\/3\/2022\/02\/image-2-214x300.jpg 214w, https:\/\/www.asajacyl.com\/palencia\/wp-content\/uploads\/sites\/3\/2022\/02\/image-2-768x1079.jpg 768w, https:\/\/www.asajacyl.com\/palencia\/wp-content\/uploads\/sites\/3\/2022\/02\/image-2-696x977.jpg 696w, https:\/\/www.asajacyl.com\/palencia\/wp-content\/uploads\/sites\/3\/2022\/02\/image-2-299x420.jpg 299w, https:\/\/www.asajacyl.com\/palencia\/wp-content\/uploads\/sites\/3\/2022\/02\/image-2.jpg 883w\" sizes=\"(max-width: 729px) 100vw, 729px\" \/><\/figure><\/div>\n","protected":false},"excerpt":{"rendered":"<p>La gran manifestaci\u00f3n del campo espa\u00f1ol comenzar\u00e1 en la Puerta de Alcal\u00e1 a las 11 de la ma\u00f1ana para continuar por el Paseo de la Castellana y finalizar en la fuente de San Juan de la Cruz, a la altura del MITECO. Bajo el lema #JuntosPorElCampo, las grandes organizaciones que representan al mundo rural saldr\u00e1n [&hellip;]<\/p>\n","protected":false},"author":9,"featured_media":9902,"comment_status":"open","ping_status":"open","sticky":false,"template":"","format":"standard","meta":{"footnotes":""},"categories":[9,29,28],"tags":[],"yoast_head":"<!-- This site is optimized with the Yoast SEO plugin v24.5 - https:\/\/yoast.com\/wordpress\/plugins\/seo\/ -->\n<title>Cooperativas Agro-alimentarias tambi\u00e9n se suma a la manifestaci\u00f3n del 20 de marzo en defensa del mundo rural - ASAJA Palencia<\/title>\n<meta name=\"description\" content=\"La gran manifestaci\u00f3n del campo espa\u00f1ol comenzar\u00e1 en la Puerta de Alcal\u00e1 a las 11 de la ma\u00f1ana para continuar por el Paseo de la Castellana y finalizar en\" \/>\n<meta name=\"robots\" content=\"index, follow, max-snippet:-1, max-image-preview:large, max-video-preview:-1\" \/>\n<link rel=\"canonical\" href=\"https:\/\/www.asajacyl.com\/palencia\/asaja-palencia-informa\/cooperativas-agro-alimentarias-tambien-se-suma-a-la-manifestacion-del-20-de-marzo-en-defensa-del-mundo-rural\" \/>\n<meta property=\"og:locale\" content=\"es_ES\" \/>\n<meta property=\"og:type\" content=\"article\" \/>\n<meta property=\"og:title\" content=\"Cooperativas Agro-alimentarias tambi\u00e9n se suma a la manifestaci\u00f3n del 20 de marzo en defensa del mundo rural - ASAJA Palencia\" \/>\n<meta property=\"og:description\" content=\"La gran manifestaci\u00f3n del campo espa\u00f1ol comenzar\u00e1 en la Puerta de Alcal\u00e1 a las 11 de la ma\u00f1ana para continuar por el Paseo de la Castellana y finalizar en\" \/>\n<meta property=\"og:url\" content=\"https:\/\/www.asajacyl.com\/palencia\/asaja-palencia-informa\/cooperativas-agro-alimentarias-tambien-se-suma-a-la-manifestacion-del-20-de-marzo-en-defensa-del-mundo-rural\" \/>\n<meta property=\"og:site_name\" content=\"ASAJA Palencia\" \/>\n<meta property=\"article:published_time\" content=\"2022-02-22T12:16:00+00:00\" \/>\n<meta property=\"og:image\" content=\"https:\/\/www.asajacyl.com\/palencia\/wp-content\/uploads\/sites\/3\/2022\/02\/image-2.jpg\" \/>\n\t<meta property=\"og:image:width\" content=\"883\" \/>\n\t<meta property=\"og:image:height\" content=\"1240\" \/>\n\t<meta property=\"og:image:type\" content=\"image\/jpeg\" \/>\n<meta name=\"author\" content=\"Administrador\" \/>\n<meta name=\"twitter:card\" content=\"summary_large_image\" \/>\n<meta name=\"twitter:label1\" content=\"Escrito por\" \/>\n\t<meta name=\"twitter:data1\" content=\"Administrador\" \/>\n\t<meta name=\"twitter:label2\" content=\"Tiempo de lectura\" \/>\n\t<meta name=\"twitter:data2\" content=\"3 minutos\" \/>\n<script type=\"application\/ld+json\" class=\"yoast-schema-graph\">{\"@context\":\"https:\/\/schema.org\",\"@graph\":[{\"@type\":\"WebPage\",\"@id\":\"https:\/\/www.asajacyl.com\/palencia\/asaja-palencia-informa\/cooperativas-agro-alimentarias-tambien-se-suma-a-la-manifestacion-del-20-de-marzo-en-defensa-del-mundo-rural\",\"url\":\"https:\/\/www.asajacyl.com\/palencia\/asaja-palencia-informa\/cooperativas-agro-alimentarias-tambien-se-suma-a-la-manifestacion-del-20-de-marzo-en-defensa-del-mundo-rural\",\"name\":\"Cooperativas Agro-alimentarias tambi\u00e9n se suma a la manifestaci\u00f3n del 20 de marzo en defensa del mundo rural - ASAJA Palencia\",\"isPartOf\":{\"@id\":\"https:\/\/www.asajacyl.com\/palencia\/#website\"},\"primaryImageOfPage\":{\"@id\":\"https:\/\/www.asajacyl.com\/palencia\/asaja-palencia-informa\/cooperativas-agro-alimentarias-tambien-se-suma-a-la-manifestacion-del-20-de-marzo-en-defensa-del-mundo-rural#primaryimage\"},\"image\":{\"@id\":\"https:\/\/www.asajacyl.com\/palencia\/asaja-palencia-informa\/cooperativas-agro-alimentarias-tambien-se-suma-a-la-manifestacion-del-20-de-marzo-en-defensa-del-mundo-rural#primaryimage\"},\"thumbnailUrl\":\"https:\/\/www.asajacyl.com\/palencia\/wp-content\/uploads\/sites\/3\/2022\/02\/image-2.jpg\",\"datePublished\":\"2022-02-22T12:16:00+00:00\",\"author\":{\"@id\":\"https:\/\/www.asajacyl.com\/palencia\/#\/schema\/person\/3ab17aeb03527485c317557fae64aab1\"},\"description\":\"La gran manifestaci\u00f3n del campo espa\u00f1ol comenzar\u00e1 en la Puerta de Alcal\u00e1 a las 11 de la ma\u00f1ana para continuar por el Paseo de la Castellana y finalizar en\",\"breadcrumb\":{\"@id\":\"https:\/\/www.asajacyl.com\/palencia\/asaja-palencia-informa\/cooperativas-agro-alimentarias-tambien-se-suma-a-la-manifestacion-del-20-de-marzo-en-defensa-del-mundo-rural#breadcrumb\"},\"inLanguage\":\"es\",\"potentialAction\":[{\"@type\":\"ReadAction\",\"target\":[\"https:\/\/www.asajacyl.com\/palencia\/asaja-palencia-informa\/cooperativas-agro-alimentarias-tambien-se-suma-a-la-manifestacion-del-20-de-marzo-en-defensa-del-mundo-rural\"]}]},{\"@type\":\"ImageObject\",\"inLanguage\":\"es\",\"@id\":\"https:\/\/www.asajacyl.com\/palencia\/asaja-palencia-informa\/cooperativas-agro-alimentarias-tambien-se-suma-a-la-manifestacion-del-20-de-marzo-en-defensa-del-mundo-rural#primaryimage\",\"url\":\"https:\/\/www.asajacyl.com\/palencia\/wp-content\/uploads\/sites\/3\/2022\/02\/image-2.jpg\",\"contentUrl\":\"https:\/\/www.asajacyl.com\/palencia\/wp-content\/uploads\/sites\/3\/2022\/02\/image-2.jpg\",\"width\":883,\"height\":1240},{\"@type\":\"BreadcrumbList\",\"@id\":\"https:\/\/www.asajacyl.com\/palencia\/asaja-palencia-informa\/cooperativas-agro-alimentarias-tambien-se-suma-a-la-manifestacion-del-20-de-marzo-en-defensa-del-mundo-rural#breadcrumb\",\"itemListElement\":[{\"@type\":\"ListItem\",\"position\":1,\"name\":\"Portada\",\"item\":\"https:\/\/www.asajacyl.com\/palencia\/\"},{\"@type\":\"ListItem\",\"position\":2,\"name\":\"Cooperativas Agro-alimentarias tambi\u00e9n se suma a la manifestaci\u00f3n del 20 de marzo en defensa del mundo rural\"}]},{\"@type\":\"WebSite\",\"@id\":\"https:\/\/www.asajacyl.com\/palencia\/#website\",\"url\":\"https:\/\/www.asajacyl.com\/palencia\/\",\"name\":\"ASAJA Palencia\",\"description\":\"Otro sitio m\u00e1s de Provincias ASAJA Castilla y Le\u00f3n\",\"potentialAction\":[{\"@type\":\"SearchAction\",\"target\":{\"@type\":\"EntryPoint\",\"urlTemplate\":\"https:\/\/www.asajacyl.com\/palencia\/?s={search_term_string}\"},\"query-input\":{\"@type\":\"PropertyValueSpecification\",\"valueRequired\":true,\"valueName\":\"search_term_string\"}}],\"inLanguage\":\"es\"},{\"@type\":\"Person\",\"@id\":\"https:\/\/www.asajacyl.com\/palencia\/#\/schema\/person\/3ab17aeb03527485c317557fae64aab1\",\"name\":\"Administrador\",\"image\":{\"@type\":\"ImageObject\",\"inLanguage\":\"es\",\"@id\":\"https:\/\/www.asajacyl.com\/palencia\/#\/schema\/person\/image\/\",\"url\":\"https:\/\/secure.gravatar.com\/avatar\/517384810d242ca9e38c180f3c9fb973?s=96&d=mm&r=g\",\"contentUrl\":\"https:\/\/secure.gravatar.com\/avatar\/517384810d242ca9e38c180f3c9fb973?s=96&d=mm&r=g\",\"caption\":\"Administrador\"},\"url\":\"https:\/\/www.asajacyl.com\/palencia\/author\/carlosrm\"}]}<\/script>\n<!-- \/ Yoast SEO plugin. -->","yoast_head_json":{"title":"Cooperativas Agro-alimentarias tambi\u00e9n se suma a la manifestaci\u00f3n del 20 de marzo en defensa del mundo rural - ASAJA Palencia","description":"La gran manifestaci\u00f3n del campo espa\u00f1ol comenzar\u00e1 en la Puerta de Alcal\u00e1 a las 11 de la ma\u00f1ana para continuar por el Paseo de la Castellana y finalizar en","robots":{"index":"index","follow":"follow","max-snippet":"max-snippet:-1","max-image-preview":"max-image-preview:large","max-video-preview":"max-video-preview:-1"},"canonical":"https:\/\/www.asajacyl.com\/palencia\/asaja-palencia-informa\/cooperativas-agro-alimentarias-tambien-se-suma-a-la-manifestacion-del-20-de-marzo-en-defensa-del-mundo-rural","og_locale":"es_ES","og_type":"article","og_title":"Cooperativas Agro-alimentarias tambi\u00e9n se suma a la manifestaci\u00f3n del 20 de marzo en defensa del mundo rural - ASAJA Palencia","og_description":"La gran manifestaci\u00f3n del campo espa\u00f1ol comenzar\u00e1 en la Puerta de Alcal\u00e1 a las 11 de la ma\u00f1ana para continuar por el Paseo de la Castellana y finalizar en","og_url":"https:\/\/www.asajacyl.com\/palencia\/asaja-palencia-informa\/cooperativas-agro-alimentarias-tambien-se-suma-a-la-manifestacion-del-20-de-marzo-en-defensa-del-mundo-rural","og_site_name":"ASAJA Palencia","article_published_time":"2022-02-22T12:16:00+00:00","og_image":[{"width":883,"height":1240,"url":"https:\/\/www.asajacyl.com\/palencia\/wp-content\/uploads\/sites\/3\/2022\/02\/image-2.jpg","type":"image\/jpeg"}],"author":"Administrador","twitter_card":"summary_large_image","twitter_misc":{"Escrito por":"Administrador","Tiempo de lectura":"3 minutos"},"schema":{"@context":"https:\/\/schema.org","@graph":[{"@type":"WebPage","@id":"https:\/\/www.asajacyl.com\/palencia\/asaja-palencia-informa\/cooperativas-agro-alimentarias-tambien-se-suma-a-la-manifestacion-del-20-de-marzo-en-defensa-del-mundo-rural","url":"https:\/\/www.asajacyl.com\/palencia\/asaja-palencia-informa\/cooperativas-agro-alimentarias-tambien-se-suma-a-la-manifestacion-del-20-de-marzo-en-defensa-del-mundo-rural","name":"Cooperativas Agro-alimentarias tambi\u00e9n se suma a la manifestaci\u00f3n del 20 de marzo en defensa del mundo rural - ASAJA Palencia","isPartOf":{"@id":"https:\/\/www.asajacyl.com\/palencia\/#website"},"primaryImageOfPage":{"@id":"https:\/\/www.asajacyl.com\/palencia\/asaja-palencia-informa\/cooperativas-agro-alimentarias-tambien-se-suma-a-la-manifestacion-del-20-de-marzo-en-defensa-del-mundo-rural#primaryimage"},"image":{"@id":"https:\/\/www.asajacyl.com\/palencia\/asaja-palencia-informa\/cooperativas-agro-alimentarias-tambien-se-suma-a-la-manifestacion-del-20-de-marzo-en-defensa-del-mundo-rural#primaryimage"},"thumbnailUrl":"https:\/\/www.asajacyl.com\/palencia\/wp-content\/uploads\/sites\/3\/2022\/02\/image-2.jpg","datePublished":"2022-02-22T12:16:00+00:00","author":{"@id":"https:\/\/www.asajacyl.com\/palencia\/#\/schema\/person\/3ab17aeb03527485c317557fae64aab1"},"description":"La gran manifestaci\u00f3n del campo espa\u00f1ol comenzar\u00e1 en la Puerta de Alcal\u00e1 a las 11 de la ma\u00f1ana para continuar por el Paseo de la Castellana y finalizar en","breadcrumb":{"@id":"https:\/\/www.asajacyl.com\/palencia\/asaja-palencia-informa\/cooperativas-agro-alimentarias-tambien-se-suma-a-la-manifestacion-del-20-de-marzo-en-defensa-del-mundo-rural#breadcrumb"},"inLanguage":"es","potentialAction":[{"@type":"ReadAction","target":["https:\/\/www.asajacyl.com\/palencia\/asaja-palencia-informa\/cooperativas-agro-alimentarias-tambien-se-suma-a-la-manifestacion-del-20-de-marzo-en-defensa-del-mundo-rural"]}]},{"@type":"ImageObject","inLanguage":"es","@id":"https:\/\/www.asajacyl.com\/palencia\/asaja-palencia-informa\/cooperativas-agro-alimentarias-tambien-se-suma-a-la-manifestacion-del-20-de-marzo-en-defensa-del-mundo-rural#primaryimage","url":"https:\/\/www.asajacyl.com\/palencia\/wp-content\/uploads\/sites\/3\/2022\/02\/image-2.jpg","contentUrl":"https:\/\/www.asajacyl.com\/palencia\/wp-content\/uploads\/sites\/3\/2022\/02\/image-2.jpg","width":883,"height":1240},{"@type":"BreadcrumbList","@id":"https:\/\/www.asajacyl.com\/palencia\/asaja-palencia-informa\/cooperativas-agro-alimentarias-tambien-se-suma-a-la-manifestacion-del-20-de-marzo-en-defensa-del-mundo-rural#breadcrumb","itemListElement":[{"@type":"ListItem","position":1,"name":"Portada","item":"https:\/\/www.asajacyl.com\/palencia\/"},{"@type":"ListItem","position":2,"name":"Cooperativas Agro-alimentarias tambi\u00e9n se suma a la manifestaci\u00f3n del 20 de marzo en defensa del mundo rural"}]},{"@type":"WebSite","@id":"https:\/\/www.asajacyl.com\/palencia\/#website","url":"https:\/\/www.asajacyl.com\/palencia\/","name":"ASAJA Palencia","description":"Otro sitio m\u00e1s de Provincias ASAJA Castilla y Le\u00f3n","potentialAction":[{"@type":"SearchAction","target":{"@type":"EntryPoint","urlTemplate":"https:\/\/www.asajacyl.com\/palencia\/?s={search_term_string}"},"query-input":{"@type":"PropertyValueSpecification","valueRequired":true,"valueName":"search_term_string"}}],"inLanguage":"es"},{"@type":"Person","@id":"https:\/\/www.asajacyl.com\/palencia\/#\/schema\/person\/3ab17aeb03527485c317557fae64aab1","name":"Administrador","image":{"@type":"ImageObject","inLanguage":"es","@id":"https:\/\/www.asajacyl.com\/palencia\/#\/schema\/person\/image\/","url":"https:\/\/secure.gravatar.com\/avatar\/517384810d242ca9e38c180f3c9fb973?s=96&d=mm&r=g","contentUrl":"https:\/\/secure.gravatar.com\/avatar\/517384810d242ca9e38c180f3c9fb973?s=96&d=mm&r=g","caption":"Administrador"},"url":"https:\/\/www.asajacyl.com\/palencia\/author\/carlosrm"}]}},"_links":{"self":[{"href":"https:\/\/www.asajacyl.com\/palencia\/wp-json\/wp\/v2\/posts\/9901"}],"collection":[{"href":"https:\/\/www.asajacyl.com\/palencia\/wp-json\/wp\/v2\/posts"}],"about":[{"href":"https:\/\/www.asajacyl.com\/palencia\/wp-json\/wp\/v2\/types\/post"}],"author":[{"embeddable":true,"href":"https:\/\/www.asajacyl.com\/palencia\/wp-json\/wp\/v2\/users\/9"}],"replies":[{"embeddable":true,"href":"https:\/\/www.asajacyl.com\/palencia\/wp-json\/wp\/v2\/comments?post=9901"}],"version-history":[{"count":1,"href":"https:\/\/www.asajacyl.com\/palencia\/wp-json\/wp\/v2\/posts\/9901\/revisions"}],"predecessor-version":[{"id":9903,"href":"https:\/\/www.asajacyl.com\/palencia\/wp-json\/wp\/v2\/posts\/9901\/revisions\/9903"}],"wp:featuredmedia":[{"embeddable":true,"href":"https:\/\/www.asajacyl.com\/palencia\/wp-json\/wp\/v2\/media\/9902"}],"wp:attachment":[{"href":"https:\/\/www.asajacyl.com\/palencia\/wp-json\/wp\/v2\/media?parent=9901"}],"wp:term":[{"taxonomy":"category","embeddable":true,"href":"https:\/\/www.asajacyl.com\/palencia\/wp-json\/wp\/v2\/categories?post=9901"},{"taxonomy":"post_tag","embeddable":true,"href":"https:\/\/www.asajacyl.com\/palencia\/wp-json\/wp\/v2\/tags?post=9901"}],"curies":[{"name":"wp","href":"https:\/\/api.w.org\/{rel}","templated":true}]}}