{"id":9914,"date":"2022-02-23T01:16:00","date_gmt":"2022-02-23T00:16:00","guid":{"rendered":"https:\/\/www.asajacyl.com\/palencia\/?p=9914"},"modified":"2022-02-22T07:30:54","modified_gmt":"2022-02-22T06:30:54","slug":"con-nuestra-tierra-no-se-juega-senores-de-madrid","status":"publish","type":"post","link":"https:\/\/www.asajacyl.com\/palencia\/asaja-palencia-informa\/con-nuestra-tierra-no-se-juega-senores-de-madrid","title":{"rendered":"Con nuestra tierra no se juega, se\u00f1ores de Madrid"},"content":{"rendered":"\n<p><strong><em>Donaciano Dujo. Presidente de ASAJA Castilla y Le\u00f3n<\/em><\/strong><\/p>\n\n\n\n<p>El pasado 13 de febrero se celebraron elecciones auton\u00f3micas en Castilla y Le\u00f3n, casi dos a\u00f1os antes del plazo debido, puesto que cuando en mayor\u2026 el mandato que reciben de las urnas es que ejerzan su responsabilidad durante cuatro a\u00f1os. Cuando no se cumple ese periodo, de alguna forma se saltan su parte del contrato, as\u00ed que de alguna forma no cumplen con su deber con los ciudadanos. A parte de los enormes recursos econ\u00f3micos, pero tambi\u00e9n sociales, que se gastan en cada proceso electoral, que deber\u00edan ser bien medidos y no utilizados a capricho.<\/p>\n\n\n\n<p>Pero ah\u00ed nos metieron, y desde que se anunci\u00f3 la convocatoria parece que vamos a mil por hora y sin frenos. Opinadores y adivinos han acertado poco, ya desde el principio dec\u00edan que, al ir a votar solo a las Cortes, sin llevar la papeleta del ayuntamiento o la nacional, habr\u00eda poca participaci\u00f3n. Pero lo cierto es que ha sido pr\u00e1cticamente normal, sobre un 65 por ciento. Y tampoco se calibr\u00f3 la enorme repercusi\u00f3n que iba a alcanzar el proceso electoral de la Comunidad Aut\u00f3noma en resto del pa\u00eds: tanto quejarnos de que no exist\u00edamos, ahora casi hasta nos hemos lamentado de tanto seguimiento.<\/p>\n\n\n\n<p>Se sum\u00f3 un involuntario \u201ccandidato\u201d, Alberto Garz\u00f3n, con sus falsas y desafortunadas declaraciones sobre el sector ganadero, y como reacci\u00f3n otros candidatos se dedicaron a recorrer granjas, tantas que llegamos a preguntarnos si alguno se cre\u00eda que las vacas y ovejas daban votos en lugar de leche. Lleg\u00f3 un momento que uno no sab\u00eda si eran elecciones auton\u00f3micas o nacionales, con este desfile nunca visto de l\u00edderes nacionales por Castilla y Le\u00f3n, desde ministros, presidentes de otras comunidades y l\u00edderes nacionales de los partidos, todo perro pichichi se apunt\u00f3. Si ven\u00edan a ayudar a los de aqu\u00ed o a ayudarse a ellos mismos, eso est\u00e1 por ver.<\/p>\n\n\n\n<p>As\u00ed lleg\u00f3 la noche del d\u00eda 13, y los resultados lo cierto son m\u00e1s o menos los que apuntaban las encuestas (salvo la del CIS, que est\u00e1 a lo suyo), y sobre todo lo que se ve\u00eda en la calle. El PSOE, ganador de las anteriores elecciones, ha perdido unos esca\u00f1os, que sinceramente creo que m\u00e1s bien se los ha hecho perder el gobierno nacional. El PP, que se da como victorioso, y as\u00ed lo ha sido, est\u00e1 muy lejos de las mayor\u00edas absolutas de Herrera, y est\u00e1 obligado a pactar. Vox, la fuerza que m\u00e1s ha subido, tienes unas expectativas importantes de mando, que poco a poco, en la negociaci\u00f3n y en el d\u00eda a d\u00eda, tendr\u00e1 que ir modelando. Y otro punto importante que reflejan los resultados es el aumento en consolidaci\u00f3n y votos de los partidos provinciales, por varias causas, pero una principal es que nuestras provincias, como pasa en otras del resto de Espa\u00f1a, se sienten desamparadas y marginadas. El movimiento est\u00e1 en ascenso y si esto progresa en cada provincia podr\u00edamos encontrarnos casi con una coalici\u00f3n regional.<\/p>\n\n\n\n<p>\u00bfY ahora qu\u00e9? Los castellanos y leoneses hemos cumplido nuestra parte del contrato, yendo a votar. Ahora, los elegidos tienen la obligaci\u00f3n de llegar a los acuerdos precisos para consolidar un gobierno estable y sensato, que encauce a la Comunidad Aut\u00f3noma en un momento muy importante para reactivar nuestra econom\u00eda y nuestra sociedad, tan necesitada de poblaci\u00f3n joven. Como habitante de esta tierra y como presidente de ASAJA, me parecer\u00eda imperdonable que vengan de Madrid a decirnos c\u00f3mo tenemos que conformar nuestro gobierno, atendiendo a intereses de partido y c\u00e1balas y t\u00e1cticas sobre futuras elecciones nacionales, en lugar de a lo que aqu\u00ed necesitamos. Ser\u00eda una afrenta muy grave a nuestra tierra, esta tierra de nadie que, en medio de luchas pol\u00edticas, sigue perdiendo poblaci\u00f3n y recursos. No podemos soportar ni un desprecio m\u00e1s, y menos con el campo.<\/p>\n","protected":false},"excerpt":{"rendered":"<p>Donaciano Dujo. Presidente de ASAJA Castilla y Le\u00f3n El pasado 13 de febrero se celebraron elecciones auton\u00f3micas en Castilla y Le\u00f3n, casi dos a\u00f1os antes del plazo debido, puesto que cuando en mayor\u2026 el mandato que reciben de las urnas es que ejerzan su responsabilidad durante cuatro a\u00f1os. Cuando no se cumple ese periodo, de [&hellip;]<\/p>\n","protected":false},"author":9,"featured_media":5369,"comment_status":"open","ping_status":"open","sticky":false,"template":"","format":"standard","meta":{"footnotes":""},"categories":[9,29,28],"tags":[],"yoast_head":"<!-- This site is optimized with the Yoast SEO plugin v24.5 - https:\/\/yoast.com\/wordpress\/plugins\/seo\/ -->\n<title>Con nuestra tierra no se juega, se\u00f1ores de Madrid - ASAJA Palencia<\/title>\n<meta name=\"description\" content=\"Donaciano Dujo. Presidente de ASAJA Castilla y Le\u00f3n El pasado 13 de febrero se celebraron elecciones auton\u00f3micas en Castilla y Le\u00f3n, casi dos a\u00f1os antes\" \/>\n<meta name=\"robots\" content=\"index, follow, max-snippet:-1, max-image-preview:large, max-video-preview:-1\" \/>\n<link rel=\"canonical\" href=\"https:\/\/www.asajacyl.com\/palencia\/asaja-palencia-informa\/con-nuestra-tierra-no-se-juega-senores-de-madrid\" \/>\n<meta property=\"og:locale\" content=\"es_ES\" \/>\n<meta property=\"og:type\" content=\"article\" \/>\n<meta property=\"og:title\" content=\"Con nuestra tierra no se juega, se\u00f1ores de Madrid - ASAJA Palencia\" \/>\n<meta property=\"og:description\" content=\"Donaciano Dujo. Presidente de ASAJA Castilla y Le\u00f3n El pasado 13 de febrero se celebraron elecciones auton\u00f3micas en Castilla y Le\u00f3n, casi dos a\u00f1os antes\" \/>\n<meta property=\"og:url\" content=\"https:\/\/www.asajacyl.com\/palencia\/asaja-palencia-informa\/con-nuestra-tierra-no-se-juega-senores-de-madrid\" \/>\n<meta property=\"og:site_name\" content=\"ASAJA Palencia\" \/>\n<meta property=\"article:published_time\" content=\"2022-02-23T00:16:00+00:00\" \/>\n<meta property=\"og:image\" content=\"https:\/\/www.asajacyl.com\/palencia\/wp-content\/uploads\/sites\/3\/2018\/09\/donaciano-dujo-opini\u00f3n.jpg\" \/>\n\t<meta property=\"og:image:width\" content=\"394\" \/>\n\t<meta property=\"og:image:height\" content=\"320\" \/>\n\t<meta property=\"og:image:type\" content=\"image\/jpeg\" \/>\n<meta name=\"author\" content=\"Administrador\" \/>\n<meta name=\"twitter:card\" content=\"summary_large_image\" \/>\n<meta name=\"twitter:label1\" content=\"Escrito por\" \/>\n\t<meta name=\"twitter:data1\" content=\"Administrador\" \/>\n\t<meta name=\"twitter:label2\" content=\"Tiempo de lectura\" \/>\n\t<meta name=\"twitter:data2\" content=\"3 minutos\" \/>\n<script type=\"application\/ld+json\" class=\"yoast-schema-graph\">{\"@context\":\"https:\/\/schema.org\",\"@graph\":[{\"@type\":\"WebPage\",\"@id\":\"https:\/\/www.asajacyl.com\/palencia\/asaja-palencia-informa\/con-nuestra-tierra-no-se-juega-senores-de-madrid\",\"url\":\"https:\/\/www.asajacyl.com\/palencia\/asaja-palencia-informa\/con-nuestra-tierra-no-se-juega-senores-de-madrid\",\"name\":\"Con nuestra tierra no se juega, se\u00f1ores de Madrid - ASAJA Palencia\",\"isPartOf\":{\"@id\":\"https:\/\/www.asajacyl.com\/palencia\/#website\"},\"primaryImageOfPage\":{\"@id\":\"https:\/\/www.asajacyl.com\/palencia\/asaja-palencia-informa\/con-nuestra-tierra-no-se-juega-senores-de-madrid#primaryimage\"},\"image\":{\"@id\":\"https:\/\/www.asajacyl.com\/palencia\/asaja-palencia-informa\/con-nuestra-tierra-no-se-juega-senores-de-madrid#primaryimage\"},\"thumbnailUrl\":\"https:\/\/www.asajacyl.com\/palencia\/wp-content\/uploads\/sites\/3\/2018\/09\/donaciano-dujo-opini\u00f3n.jpg\",\"datePublished\":\"2022-02-23T00:16:00+00:00\",\"author\":{\"@id\":\"https:\/\/www.asajacyl.com\/palencia\/#\/schema\/person\/3ab17aeb03527485c317557fae64aab1\"},\"description\":\"Donaciano Dujo. Presidente de ASAJA Castilla y Le\u00f3n El pasado 13 de febrero se celebraron elecciones auton\u00f3micas en Castilla y Le\u00f3n, casi dos a\u00f1os antes\",\"breadcrumb\":{\"@id\":\"https:\/\/www.asajacyl.com\/palencia\/asaja-palencia-informa\/con-nuestra-tierra-no-se-juega-senores-de-madrid#breadcrumb\"},\"inLanguage\":\"es\",\"potentialAction\":[{\"@type\":\"ReadAction\",\"target\":[\"https:\/\/www.asajacyl.com\/palencia\/asaja-palencia-informa\/con-nuestra-tierra-no-se-juega-senores-de-madrid\"]}]},{\"@type\":\"ImageObject\",\"inLanguage\":\"es\",\"@id\":\"https:\/\/www.asajacyl.com\/palencia\/asaja-palencia-informa\/con-nuestra-tierra-no-se-juega-senores-de-madrid#primaryimage\",\"url\":\"https:\/\/www.asajacyl.com\/palencia\/wp-content\/uploads\/sites\/3\/2018\/09\/donaciano-dujo-opini\u00f3n.jpg\",\"contentUrl\":\"https:\/\/www.asajacyl.com\/palencia\/wp-content\/uploads\/sites\/3\/2018\/09\/donaciano-dujo-opini\u00f3n.jpg\",\"width\":394,\"height\":320},{\"@type\":\"BreadcrumbList\",\"@id\":\"https:\/\/www.asajacyl.com\/palencia\/asaja-palencia-informa\/con-nuestra-tierra-no-se-juega-senores-de-madrid#breadcrumb\",\"itemListElement\":[{\"@type\":\"ListItem\",\"position\":1,\"name\":\"Portada\",\"item\":\"https:\/\/www.asajacyl.com\/palencia\/\"},{\"@type\":\"ListItem\",\"position\":2,\"name\":\"Con nuestra tierra no se juega, se\u00f1ores de Madrid\"}]},{\"@type\":\"WebSite\",\"@id\":\"https:\/\/www.asajacyl.com\/palencia\/#website\",\"url\":\"https:\/\/www.asajacyl.com\/palencia\/\",\"name\":\"ASAJA Palencia\",\"description\":\"Otro sitio m\u00e1s de Provincias ASAJA Castilla y Le\u00f3n\",\"potentialAction\":[{\"@type\":\"SearchAction\",\"target\":{\"@type\":\"EntryPoint\",\"urlTemplate\":\"https:\/\/www.asajacyl.com\/palencia\/?s={search_term_string}\"},\"query-input\":{\"@type\":\"PropertyValueSpecification\",\"valueRequired\":true,\"valueName\":\"search_term_string\"}}],\"inLanguage\":\"es\"},{\"@type\":\"Person\",\"@id\":\"https:\/\/www.asajacyl.com\/palencia\/#\/schema\/person\/3ab17aeb03527485c317557fae64aab1\",\"name\":\"Administrador\",\"image\":{\"@type\":\"ImageObject\",\"inLanguage\":\"es\",\"@id\":\"https:\/\/www.asajacyl.com\/palencia\/#\/schema\/person\/image\/\",\"url\":\"https:\/\/secure.gravatar.com\/avatar\/517384810d242ca9e38c180f3c9fb973?s=96&d=mm&r=g\",\"contentUrl\":\"https:\/\/secure.gravatar.com\/avatar\/517384810d242ca9e38c180f3c9fb973?s=96&d=mm&r=g\",\"caption\":\"Administrador\"},\"url\":\"https:\/\/www.asajacyl.com\/palencia\/author\/carlosrm\"}]}<\/script>\n<!-- \/ Yoast SEO plugin. -->","yoast_head_json":{"title":"Con nuestra tierra no se juega, se\u00f1ores de Madrid - ASAJA Palencia","description":"Donaciano Dujo. Presidente de ASAJA Castilla y Le\u00f3n El pasado 13 de febrero se celebraron elecciones auton\u00f3micas en Castilla y Le\u00f3n, casi dos a\u00f1os antes","robots":{"index":"index","follow":"follow","max-snippet":"max-snippet:-1","max-image-preview":"max-image-preview:large","max-video-preview":"max-video-preview:-1"},"canonical":"https:\/\/www.asajacyl.com\/palencia\/asaja-palencia-informa\/con-nuestra-tierra-no-se-juega-senores-de-madrid","og_locale":"es_ES","og_type":"article","og_title":"Con nuestra tierra no se juega, se\u00f1ores de Madrid - ASAJA Palencia","og_description":"Donaciano Dujo. Presidente de ASAJA Castilla y Le\u00f3n El pasado 13 de febrero se celebraron elecciones auton\u00f3micas en Castilla y Le\u00f3n, casi dos a\u00f1os antes","og_url":"https:\/\/www.asajacyl.com\/palencia\/asaja-palencia-informa\/con-nuestra-tierra-no-se-juega-senores-de-madrid","og_site_name":"ASAJA Palencia","article_published_time":"2022-02-23T00:16:00+00:00","og_image":[{"width":394,"height":320,"url":"https:\/\/www.asajacyl.com\/palencia\/wp-content\/uploads\/sites\/3\/2018\/09\/donaciano-dujo-opini\u00f3n.jpg","type":"image\/jpeg"}],"author":"Administrador","twitter_card":"summary_large_image","twitter_misc":{"Escrito por":"Administrador","Tiempo de lectura":"3 minutos"},"schema":{"@context":"https:\/\/schema.org","@graph":[{"@type":"WebPage","@id":"https:\/\/www.asajacyl.com\/palencia\/asaja-palencia-informa\/con-nuestra-tierra-no-se-juega-senores-de-madrid","url":"https:\/\/www.asajacyl.com\/palencia\/asaja-palencia-informa\/con-nuestra-tierra-no-se-juega-senores-de-madrid","name":"Con nuestra tierra no se juega, se\u00f1ores de Madrid - ASAJA Palencia","isPartOf":{"@id":"https:\/\/www.asajacyl.com\/palencia\/#website"},"primaryImageOfPage":{"@id":"https:\/\/www.asajacyl.com\/palencia\/asaja-palencia-informa\/con-nuestra-tierra-no-se-juega-senores-de-madrid#primaryimage"},"image":{"@id":"https:\/\/www.asajacyl.com\/palencia\/asaja-palencia-informa\/con-nuestra-tierra-no-se-juega-senores-de-madrid#primaryimage"},"thumbnailUrl":"https:\/\/www.asajacyl.com\/palencia\/wp-content\/uploads\/sites\/3\/2018\/09\/donaciano-dujo-opini\u00f3n.jpg","datePublished":"2022-02-23T00:16:00+00:00","author":{"@id":"https:\/\/www.asajacyl.com\/palencia\/#\/schema\/person\/3ab17aeb03527485c317557fae64aab1"},"description":"Donaciano Dujo. Presidente de ASAJA Castilla y Le\u00f3n El pasado 13 de febrero se celebraron elecciones auton\u00f3micas en Castilla y Le\u00f3n, casi dos a\u00f1os antes","breadcrumb":{"@id":"https:\/\/www.asajacyl.com\/palencia\/asaja-palencia-informa\/con-nuestra-tierra-no-se-juega-senores-de-madrid#breadcrumb"},"inLanguage":"es","potentialAction":[{"@type":"ReadAction","target":["https:\/\/www.asajacyl.com\/palencia\/asaja-palencia-informa\/con-nuestra-tierra-no-se-juega-senores-de-madrid"]}]},{"@type":"ImageObject","inLanguage":"es","@id":"https:\/\/www.asajacyl.com\/palencia\/asaja-palencia-informa\/con-nuestra-tierra-no-se-juega-senores-de-madrid#primaryimage","url":"https:\/\/www.asajacyl.com\/palencia\/wp-content\/uploads\/sites\/3\/2018\/09\/donaciano-dujo-opini\u00f3n.jpg","contentUrl":"https:\/\/www.asajacyl.com\/palencia\/wp-content\/uploads\/sites\/3\/2018\/09\/donaciano-dujo-opini\u00f3n.jpg","width":394,"height":320},{"@type":"BreadcrumbList","@id":"https:\/\/www.asajacyl.com\/palencia\/asaja-palencia-informa\/con-nuestra-tierra-no-se-juega-senores-de-madrid#breadcrumb","itemListElement":[{"@type":"ListItem","position":1,"name":"Portada","item":"https:\/\/www.asajacyl.com\/palencia\/"},{"@type":"ListItem","position":2,"name":"Con nuestra tierra no se juega, se\u00f1ores de Madrid"}]},{"@type":"WebSite","@id":"https:\/\/www.asajacyl.com\/palencia\/#website","url":"https:\/\/www.asajacyl.com\/palencia\/","name":"ASAJA Palencia","description":"Otro sitio m\u00e1s de Provincias ASAJA Castilla y Le\u00f3n","potentialAction":[{"@type":"SearchAction","target":{"@type":"EntryPoint","urlTemplate":"https:\/\/www.asajacyl.com\/palencia\/?s={search_term_string}"},"query-input":{"@type":"PropertyValueSpecification","valueRequired":true,"valueName":"search_term_string"}}],"inLanguage":"es"},{"@type":"Person","@id":"https:\/\/www.asajacyl.com\/palencia\/#\/schema\/person\/3ab17aeb03527485c317557fae64aab1","name":"Administrador","image":{"@type":"ImageObject","inLanguage":"es","@id":"https:\/\/www.asajacyl.com\/palencia\/#\/schema\/person\/image\/","url":"https:\/\/secure.gravatar.com\/avatar\/517384810d242ca9e38c180f3c9fb973?s=96&d=mm&r=g","contentUrl":"https:\/\/secure.gravatar.com\/avatar\/517384810d242ca9e38c180f3c9fb973?s=96&d=mm&r=g","caption":"Administrador"},"url":"https:\/\/www.asajacyl.com\/palencia\/author\/carlosrm"}]}},"_links":{"self":[{"href":"https:\/\/www.asajacyl.com\/palencia\/wp-json\/wp\/v2\/posts\/9914"}],"collection":[{"href":"https:\/\/www.asajacyl.com\/palencia\/wp-json\/wp\/v2\/posts"}],"about":[{"href":"https:\/\/www.asajacyl.com\/palencia\/wp-json\/wp\/v2\/types\/post"}],"author":[{"embeddable":true,"href":"https:\/\/www.asajacyl.com\/palencia\/wp-json\/wp\/v2\/users\/9"}],"replies":[{"embeddable":true,"href":"https:\/\/www.asajacyl.com\/palencia\/wp-json\/wp\/v2\/comments?post=9914"}],"version-history":[{"count":1,"href":"https:\/\/www.asajacyl.com\/palencia\/wp-json\/wp\/v2\/posts\/9914\/revisions"}],"predecessor-version":[{"id":9915,"href":"https:\/\/www.asajacyl.com\/palencia\/wp-json\/wp\/v2\/posts\/9914\/revisions\/9915"}],"wp:featuredmedia":[{"embeddable":true,"href":"https:\/\/www.asajacyl.com\/palencia\/wp-json\/wp\/v2\/media\/5369"}],"wp:attachment":[{"href":"https:\/\/www.asajacyl.com\/palencia\/wp-json\/wp\/v2\/media?parent=9914"}],"wp:term":[{"taxonomy":"category","embeddable":true,"href":"https:\/\/www.asajacyl.com\/palencia\/wp-json\/wp\/v2\/categories?post=9914"},{"taxonomy":"post_tag","embeddable":true,"href":"https:\/\/www.asajacyl.com\/palencia\/wp-json\/wp\/v2\/tags?post=9914"}],"curies":[{"name":"wp","href":"https:\/\/api.w.org\/{rel}","templated":true}]}}