{"id":9916,"date":"2022-02-24T07:31:00","date_gmt":"2022-02-24T06:31:00","guid":{"rendered":"https:\/\/www.asajacyl.com\/palencia\/?p=9916"},"modified":"2022-02-22T08:37:04","modified_gmt":"2022-02-22T07:37:04","slug":"la-ue-declara-a-espana-indemne-de-brucelosis-bovina","status":"publish","type":"post","link":"https:\/\/www.asajacyl.com\/palencia\/asaja-palencia-informa\/la-ue-declara-a-espana-indemne-de-brucelosis-bovina","title":{"rendered":"La UE declara a Espa\u00f1a indemne de brucelosis bovina"},"content":{"rendered":"\n<p>La Comisi\u00f3n Europea ha publicado en el Diario Oficial de la Uni\u00f3n Europea (DOUE) el reglamento que declara el estatuto libre de brucelosis bovina de la provincia de C\u00e1ceres y, por lo tanto, de todo el territorio nacional como libre de infecci\u00f3n por esta enfermedad. En nuestro caso, Palencia ya era indemne a brucelosis, habiendo tenido el \u00faltimo brote en 2017, ya que en abril de 2021 toda la Comunidad de Castilla Y Le\u00f3n pas\u00f3 a ser declarada \u201cOficialmente Indemne\u201d frente a la brucelosis bovina.<\/p>\n\n\n\n<p>Asimismo, el citado reglamento tambi\u00e9n incluye la declaraci\u00f3n del Pa\u00eds Vasco como regi\u00f3n libre de tuberculosis bovina. En este caso, con datos de 2020, Palencia manten\u00eda una prevalencia del 0% en todas las Unidades Veterinarias, excepto en la de Cervera de Pisuerga, y a partir de ahora se encuentra, junto con Cantabria, rodeada de provincias que ser\u00e1n declaradas libres (Asturias, Le\u00f3n, Valladolid, Burgos, \u00c1lava y Vizcaya).<\/p>\n\n\n\n<p><\/p>\n","protected":false},"excerpt":{"rendered":"<p>La Comisi\u00f3n Europea ha publicado en el Diario Oficial de la Uni\u00f3n Europea (DOUE) el reglamento que declara el estatuto libre de brucelosis bovina de la provincia de C\u00e1ceres y, por lo tanto, de todo el territorio nacional como libre de infecci\u00f3n por esta enfermedad. En nuestro caso, Palencia ya era indemne a brucelosis, habiendo [&hellip;]<\/p>\n","protected":false},"author":9,"featured_media":5694,"comment_status":"open","ping_status":"open","sticky":false,"template":"","format":"standard","meta":{"footnotes":""},"categories":[9,29,28],"tags":[],"yoast_head":"<!-- This site is optimized with the Yoast SEO plugin v24.5 - https:\/\/yoast.com\/wordpress\/plugins\/seo\/ -->\n<title>La UE declara a Espa\u00f1a indemne de brucelosis bovina - ASAJA Palencia<\/title>\n<meta name=\"description\" content=\"La Comisi\u00f3n Europea ha publicado en el Diario Oficial de la Uni\u00f3n Europea (DOUE) el reglamento que declara el estatuto libre de brucelosis bovina de la\" \/>\n<meta name=\"robots\" content=\"index, follow, max-snippet:-1, max-image-preview:large, max-video-preview:-1\" \/>\n<link rel=\"canonical\" href=\"https:\/\/www.asajacyl.com\/palencia\/asaja-palencia-informa\/la-ue-declara-a-espana-indemne-de-brucelosis-bovina\" \/>\n<meta property=\"og:locale\" content=\"es_ES\" \/>\n<meta property=\"og:type\" content=\"article\" \/>\n<meta property=\"og:title\" content=\"La UE declara a Espa\u00f1a indemne de brucelosis bovina - ASAJA Palencia\" \/>\n<meta property=\"og:description\" content=\"La Comisi\u00f3n Europea ha publicado en el Diario Oficial de la Uni\u00f3n Europea (DOUE) el reglamento que declara el estatuto libre de brucelosis bovina de la\" \/>\n<meta property=\"og:url\" content=\"https:\/\/www.asajacyl.com\/palencia\/asaja-palencia-informa\/la-ue-declara-a-espana-indemne-de-brucelosis-bovina\" \/>\n<meta property=\"og:site_name\" content=\"ASAJA Palencia\" \/>\n<meta property=\"article:published_time\" content=\"2022-02-24T06:31:00+00:00\" \/>\n<meta property=\"og:image\" content=\"https:\/\/www.asajacyl.com\/palencia\/wp-content\/uploads\/sites\/3\/2018\/12\/foto-vacas-de-carne-en-Cervera.jpg\" \/>\n\t<meta property=\"og:image:width\" content=\"1080\" \/>\n\t<meta property=\"og:image:height\" content=\"720\" \/>\n\t<meta property=\"og:image:type\" content=\"image\/jpeg\" \/>\n<meta name=\"author\" content=\"Administrador\" \/>\n<meta name=\"twitter:card\" content=\"summary_large_image\" \/>\n<meta name=\"twitter:label1\" content=\"Escrito por\" \/>\n\t<meta name=\"twitter:data1\" content=\"Administrador\" \/>\n\t<meta name=\"twitter:label2\" content=\"Tiempo de lectura\" \/>\n\t<meta name=\"twitter:data2\" content=\"1 minuto\" \/>\n<script type=\"application\/ld+json\" class=\"yoast-schema-graph\">{\"@context\":\"https:\/\/schema.org\",\"@graph\":[{\"@type\":\"WebPage\",\"@id\":\"https:\/\/www.asajacyl.com\/palencia\/asaja-palencia-informa\/la-ue-declara-a-espana-indemne-de-brucelosis-bovina\",\"url\":\"https:\/\/www.asajacyl.com\/palencia\/asaja-palencia-informa\/la-ue-declara-a-espana-indemne-de-brucelosis-bovina\",\"name\":\"La UE declara a Espa\u00f1a indemne de brucelosis bovina - ASAJA Palencia\",\"isPartOf\":{\"@id\":\"https:\/\/www.asajacyl.com\/palencia\/#website\"},\"primaryImageOfPage\":{\"@id\":\"https:\/\/www.asajacyl.com\/palencia\/asaja-palencia-informa\/la-ue-declara-a-espana-indemne-de-brucelosis-bovina#primaryimage\"},\"image\":{\"@id\":\"https:\/\/www.asajacyl.com\/palencia\/asaja-palencia-informa\/la-ue-declara-a-espana-indemne-de-brucelosis-bovina#primaryimage\"},\"thumbnailUrl\":\"https:\/\/www.asajacyl.com\/palencia\/wp-content\/uploads\/sites\/3\/2018\/12\/foto-vacas-de-carne-en-Cervera.jpg\",\"datePublished\":\"2022-02-24T06:31:00+00:00\",\"author\":{\"@id\":\"https:\/\/www.asajacyl.com\/palencia\/#\/schema\/person\/3ab17aeb03527485c317557fae64aab1\"},\"description\":\"La Comisi\u00f3n Europea ha publicado en el Diario Oficial de la Uni\u00f3n Europea (DOUE) el reglamento que declara el estatuto libre de brucelosis bovina de la\",\"breadcrumb\":{\"@id\":\"https:\/\/www.asajacyl.com\/palencia\/asaja-palencia-informa\/la-ue-declara-a-espana-indemne-de-brucelosis-bovina#breadcrumb\"},\"inLanguage\":\"es\",\"potentialAction\":[{\"@type\":\"ReadAction\",\"target\":[\"https:\/\/www.asajacyl.com\/palencia\/asaja-palencia-informa\/la-ue-declara-a-espana-indemne-de-brucelosis-bovina\"]}]},{\"@type\":\"ImageObject\",\"inLanguage\":\"es\",\"@id\":\"https:\/\/www.asajacyl.com\/palencia\/asaja-palencia-informa\/la-ue-declara-a-espana-indemne-de-brucelosis-bovina#primaryimage\",\"url\":\"https:\/\/www.asajacyl.com\/palencia\/wp-content\/uploads\/sites\/3\/2018\/12\/foto-vacas-de-carne-en-Cervera.jpg\",\"contentUrl\":\"https:\/\/www.asajacyl.com\/palencia\/wp-content\/uploads\/sites\/3\/2018\/12\/foto-vacas-de-carne-en-Cervera.jpg\",\"width\":1080,\"height\":720},{\"@type\":\"BreadcrumbList\",\"@id\":\"https:\/\/www.asajacyl.com\/palencia\/asaja-palencia-informa\/la-ue-declara-a-espana-indemne-de-brucelosis-bovina#breadcrumb\",\"itemListElement\":[{\"@type\":\"ListItem\",\"position\":1,\"name\":\"Portada\",\"item\":\"https:\/\/www.asajacyl.com\/palencia\/\"},{\"@type\":\"ListItem\",\"position\":2,\"name\":\"La UE declara a Espa\u00f1a indemne de brucelosis bovina\"}]},{\"@type\":\"WebSite\",\"@id\":\"https:\/\/www.asajacyl.com\/palencia\/#website\",\"url\":\"https:\/\/www.asajacyl.com\/palencia\/\",\"name\":\"ASAJA Palencia\",\"description\":\"Otro sitio m\u00e1s de Provincias ASAJA Castilla y Le\u00f3n\",\"potentialAction\":[{\"@type\":\"SearchAction\",\"target\":{\"@type\":\"EntryPoint\",\"urlTemplate\":\"https:\/\/www.asajacyl.com\/palencia\/?s={search_term_string}\"},\"query-input\":{\"@type\":\"PropertyValueSpecification\",\"valueRequired\":true,\"valueName\":\"search_term_string\"}}],\"inLanguage\":\"es\"},{\"@type\":\"Person\",\"@id\":\"https:\/\/www.asajacyl.com\/palencia\/#\/schema\/person\/3ab17aeb03527485c317557fae64aab1\",\"name\":\"Administrador\",\"image\":{\"@type\":\"ImageObject\",\"inLanguage\":\"es\",\"@id\":\"https:\/\/www.asajacyl.com\/palencia\/#\/schema\/person\/image\/\",\"url\":\"https:\/\/secure.gravatar.com\/avatar\/517384810d242ca9e38c180f3c9fb973?s=96&d=mm&r=g\",\"contentUrl\":\"https:\/\/secure.gravatar.com\/avatar\/517384810d242ca9e38c180f3c9fb973?s=96&d=mm&r=g\",\"caption\":\"Administrador\"},\"url\":\"https:\/\/www.asajacyl.com\/palencia\/author\/carlosrm\"}]}<\/script>\n<!-- \/ Yoast SEO plugin. -->","yoast_head_json":{"title":"La UE declara a Espa\u00f1a indemne de brucelosis bovina - ASAJA Palencia","description":"La Comisi\u00f3n Europea ha publicado en el Diario Oficial de la Uni\u00f3n Europea (DOUE) el reglamento que declara el estatuto libre de brucelosis bovina de la","robots":{"index":"index","follow":"follow","max-snippet":"max-snippet:-1","max-image-preview":"max-image-preview:large","max-video-preview":"max-video-preview:-1"},"canonical":"https:\/\/www.asajacyl.com\/palencia\/asaja-palencia-informa\/la-ue-declara-a-espana-indemne-de-brucelosis-bovina","og_locale":"es_ES","og_type":"article","og_title":"La UE declara a Espa\u00f1a indemne de brucelosis bovina - ASAJA Palencia","og_description":"La Comisi\u00f3n Europea ha publicado en el Diario Oficial de la Uni\u00f3n Europea (DOUE) el reglamento que declara el estatuto libre de brucelosis bovina de la","og_url":"https:\/\/www.asajacyl.com\/palencia\/asaja-palencia-informa\/la-ue-declara-a-espana-indemne-de-brucelosis-bovina","og_site_name":"ASAJA Palencia","article_published_time":"2022-02-24T06:31:00+00:00","og_image":[{"width":1080,"height":720,"url":"https:\/\/www.asajacyl.com\/palencia\/wp-content\/uploads\/sites\/3\/2018\/12\/foto-vacas-de-carne-en-Cervera.jpg","type":"image\/jpeg"}],"author":"Administrador","twitter_card":"summary_large_image","twitter_misc":{"Escrito por":"Administrador","Tiempo de lectura":"1 minuto"},"schema":{"@context":"https:\/\/schema.org","@graph":[{"@type":"WebPage","@id":"https:\/\/www.asajacyl.com\/palencia\/asaja-palencia-informa\/la-ue-declara-a-espana-indemne-de-brucelosis-bovina","url":"https:\/\/www.asajacyl.com\/palencia\/asaja-palencia-informa\/la-ue-declara-a-espana-indemne-de-brucelosis-bovina","name":"La UE declara a Espa\u00f1a indemne de brucelosis bovina - ASAJA Palencia","isPartOf":{"@id":"https:\/\/www.asajacyl.com\/palencia\/#website"},"primaryImageOfPage":{"@id":"https:\/\/www.asajacyl.com\/palencia\/asaja-palencia-informa\/la-ue-declara-a-espana-indemne-de-brucelosis-bovina#primaryimage"},"image":{"@id":"https:\/\/www.asajacyl.com\/palencia\/asaja-palencia-informa\/la-ue-declara-a-espana-indemne-de-brucelosis-bovina#primaryimage"},"thumbnailUrl":"https:\/\/www.asajacyl.com\/palencia\/wp-content\/uploads\/sites\/3\/2018\/12\/foto-vacas-de-carne-en-Cervera.jpg","datePublished":"2022-02-24T06:31:00+00:00","author":{"@id":"https:\/\/www.asajacyl.com\/palencia\/#\/schema\/person\/3ab17aeb03527485c317557fae64aab1"},"description":"La Comisi\u00f3n Europea ha publicado en el Diario Oficial de la Uni\u00f3n Europea (DOUE) el reglamento que declara el estatuto libre de brucelosis bovina de la","breadcrumb":{"@id":"https:\/\/www.asajacyl.com\/palencia\/asaja-palencia-informa\/la-ue-declara-a-espana-indemne-de-brucelosis-bovina#breadcrumb"},"inLanguage":"es","potentialAction":[{"@type":"ReadAction","target":["https:\/\/www.asajacyl.com\/palencia\/asaja-palencia-informa\/la-ue-declara-a-espana-indemne-de-brucelosis-bovina"]}]},{"@type":"ImageObject","inLanguage":"es","@id":"https:\/\/www.asajacyl.com\/palencia\/asaja-palencia-informa\/la-ue-declara-a-espana-indemne-de-brucelosis-bovina#primaryimage","url":"https:\/\/www.asajacyl.com\/palencia\/wp-content\/uploads\/sites\/3\/2018\/12\/foto-vacas-de-carne-en-Cervera.jpg","contentUrl":"https:\/\/www.asajacyl.com\/palencia\/wp-content\/uploads\/sites\/3\/2018\/12\/foto-vacas-de-carne-en-Cervera.jpg","width":1080,"height":720},{"@type":"BreadcrumbList","@id":"https:\/\/www.asajacyl.com\/palencia\/asaja-palencia-informa\/la-ue-declara-a-espana-indemne-de-brucelosis-bovina#breadcrumb","itemListElement":[{"@type":"ListItem","position":1,"name":"Portada","item":"https:\/\/www.asajacyl.com\/palencia\/"},{"@type":"ListItem","position":2,"name":"La UE declara a Espa\u00f1a indemne de brucelosis bovina"}]},{"@type":"WebSite","@id":"https:\/\/www.asajacyl.com\/palencia\/#website","url":"https:\/\/www.asajacyl.com\/palencia\/","name":"ASAJA Palencia","description":"Otro sitio m\u00e1s de Provincias ASAJA Castilla y Le\u00f3n","potentialAction":[{"@type":"SearchAction","target":{"@type":"EntryPoint","urlTemplate":"https:\/\/www.asajacyl.com\/palencia\/?s={search_term_string}"},"query-input":{"@type":"PropertyValueSpecification","valueRequired":true,"valueName":"search_term_string"}}],"inLanguage":"es"},{"@type":"Person","@id":"https:\/\/www.asajacyl.com\/palencia\/#\/schema\/person\/3ab17aeb03527485c317557fae64aab1","name":"Administrador","image":{"@type":"ImageObject","inLanguage":"es","@id":"https:\/\/www.asajacyl.com\/palencia\/#\/schema\/person\/image\/","url":"https:\/\/secure.gravatar.com\/avatar\/517384810d242ca9e38c180f3c9fb973?s=96&d=mm&r=g","contentUrl":"https:\/\/secure.gravatar.com\/avatar\/517384810d242ca9e38c180f3c9fb973?s=96&d=mm&r=g","caption":"Administrador"},"url":"https:\/\/www.asajacyl.com\/palencia\/author\/carlosrm"}]}},"_links":{"self":[{"href":"https:\/\/www.asajacyl.com\/palencia\/wp-json\/wp\/v2\/posts\/9916"}],"collection":[{"href":"https:\/\/www.asajacyl.com\/palencia\/wp-json\/wp\/v2\/posts"}],"about":[{"href":"https:\/\/www.asajacyl.com\/palencia\/wp-json\/wp\/v2\/types\/post"}],"author":[{"embeddable":true,"href":"https:\/\/www.asajacyl.com\/palencia\/wp-json\/wp\/v2\/users\/9"}],"replies":[{"embeddable":true,"href":"https:\/\/www.asajacyl.com\/palencia\/wp-json\/wp\/v2\/comments?post=9916"}],"version-history":[{"count":3,"href":"https:\/\/www.asajacyl.com\/palencia\/wp-json\/wp\/v2\/posts\/9916\/revisions"}],"predecessor-version":[{"id":9920,"href":"https:\/\/www.asajacyl.com\/palencia\/wp-json\/wp\/v2\/posts\/9916\/revisions\/9920"}],"wp:featuredmedia":[{"embeddable":true,"href":"https:\/\/www.asajacyl.com\/palencia\/wp-json\/wp\/v2\/media\/5694"}],"wp:attachment":[{"href":"https:\/\/www.asajacyl.com\/palencia\/wp-json\/wp\/v2\/media?parent=9916"}],"wp:term":[{"taxonomy":"category","embeddable":true,"href":"https:\/\/www.asajacyl.com\/palencia\/wp-json\/wp\/v2\/categories?post=9916"},{"taxonomy":"post_tag","embeddable":true,"href":"https:\/\/www.asajacyl.com\/palencia\/wp-json\/wp\/v2\/tags?post=9916"}],"curies":[{"name":"wp","href":"https:\/\/api.w.org\/{rel}","templated":true}]}}