{"id":9923,"date":"2022-02-26T08:22:00","date_gmt":"2022-02-26T07:22:00","guid":{"rendered":"https:\/\/www.asajacyl.com\/palencia\/?p=9923"},"modified":"2022-02-24T08:34:11","modified_gmt":"2022-02-24T07:34:11","slug":"la-manifestacion-del-20-de-marzo-defendera-medidas-para-mitigar-los-efectos-de-la-sequia-en-el-mundo-rural","status":"publish","type":"post","link":"https:\/\/www.asajacyl.com\/palencia\/asaja-palencia-informa\/la-manifestacion-del-20-de-marzo-defendera-medidas-para-mitigar-los-efectos-de-la-sequia-en-el-mundo-rural","title":{"rendered":"La manifestaci\u00f3n del 20 de marzo defender\u00e1 medidas para mitigar los efectos de la sequ\u00eda en el mundo rural"},"content":{"rendered":"\n<p>Los convocantes, que estiman p\u00e9rdidas de cientos de millones de euros a causa de la sequ\u00eda, respaldan un Plan de choque integral y retomar el pulso inversor en obras de regulaci\u00f3n para socorrer al sector agrario y evitar un aumento de la despoblaci\u00f3n.<br>Durante la manifestaci\u00f3n en defensa del mundo rural que se celebrar\u00e1 el pr\u00f3ximo 20 de marzo en Madrid se plantear\u00e1n soluciones para mitigar los efectos de la sequ\u00eda, que provocar\u00e1 unas p\u00e9rdidas de cientos de millones de euros tanto en los cultivos de secano como en los de regad\u00edo, lo que podr\u00eda ser la puntilla para un sector ya de por s\u00ed asfixiado por la brecha existente entre los costes de producci\u00f3n y los precios de venta.<\/p>\n\n\n\n<p>En concreto, los convocantes defienden un Plan de choque integral y la aplicaci\u00f3n de la Ley de la Cadena Alimentaria, as\u00ed como una PAC y un Plan Estrat\u00e9gico m\u00e1s justos para abordar la p\u00e9rdida de renta de las explotaciones agr\u00edcolas y ganaderas.<\/p>\n\n\n\n<p>De igual modo, piden retomar el pulso inversor en obras de regulaci\u00f3n para socorrer al sector agrario, alegando que estas infraestructuras permiten embalsar agua en las \u00e9pocas de lluvia para distribuirla y usarla cuando se necesite, lo que en estos momentos resultar\u00eda especialmente relevante para cuencas en las que el uso del agua para el riego agr\u00edcola podr\u00eda sufrir restricciones.<\/p>\n\n\n\n<p>En el corto plazo, el sector agrario explica que todos los cultivos de invierno como los cereales sufrir\u00e1n los efectos de la sequ\u00eda, pero tambi\u00e9n otros como los frutales, el olivar, la vid\u2026. En el caso de los cultivos de primavera-verano (patata, remolacha, ma\u00edz\u2026), podr\u00edan no poderse sembrar, lo que redundar\u00e1 en menos ingresos para los agricultores, que finalmente se trasladan en p\u00e9rdidas en sus cuentas de explotaci\u00f3n.<\/p>\n\n\n\n<p>De igual modo, lamentan el perjuicio econ\u00f3mico y social que se causar\u00e1 en todo el complejo agroalimentario asociado a los cultivos de riego, como son la mano de obra asalariada en la industria agroalimentaria y el cese total de su funcionamiento (empresas de transporte, fabricantes de maquinaria y productos fitosanitarios\u2026).<\/p>\n\n\n\n<p>Y en este marco, los manifestantes tambi\u00e9n reivindicar\u00e1n el desarrollo de planes educativos, formativos y de empleo para mantener la Espa\u00f1a rural; advirtiendo de que fen\u00f3menos meteorol\u00f3gicos como el de las sequ\u00edas da\u00f1ar\u00e1n alarmantemente el tejido empresarial y agravar\u00e1n la despoblaci\u00f3n de las zonas rurales.<\/p>\n\n\n\n<p>A la espera de la confirmaci\u00f3n definitiva del recorrido por parte de la Delegaci\u00f3n del Gobierno, esta movilizaci\u00f3n tiene previsto partir desde la Puerta de Alcal\u00e1 a las 11 de la ma\u00f1ana para continuar por el Paseo de la Castellana y finalizar en la fuente de San Juan de la Cruz, a la altura del Ministerio para la Transici\u00f3n Ecol\u00f3gica y Reto Demogr\u00e1fico (MITECO), donde se llevar\u00e1 a cabo la lectura del manifiesto que recoge las reivindicaciones de todos los convocantes: Cooperativas Agro-alimentarias de Espa\u00f1a, Federaci\u00f3n Nacional de Comunidades de Regantes de Espa\u00f1a (FENACORE), ASAJA, COAG, UPA, Oficina Nacional de la Caza (ONC), Real Federaci\u00f3n Espa\u00f1ola de Caza (RFEC), Uni\u00f3n de Criadores de Toros de Lidia (UCTL), Alianza Rural y todas las entidades que las conforman; que se movilizar\u00e1n bajo el lema \u201cJuntos por el Campo\u201d.<\/p>\n","protected":false},"excerpt":{"rendered":"<p>Los convocantes, que estiman p\u00e9rdidas de cientos de millones de euros a causa de la sequ\u00eda, respaldan un Plan de choque integral y retomar el pulso inversor en obras de regulaci\u00f3n para socorrer al sector agrario y evitar un aumento de la despoblaci\u00f3n.Durante la manifestaci\u00f3n en defensa del mundo rural que se celebrar\u00e1 el pr\u00f3ximo [&hellip;]<\/p>\n","protected":false},"author":9,"featured_media":9902,"comment_status":"open","ping_status":"open","sticky":false,"template":"","format":"standard","meta":{"footnotes":""},"categories":[9,29,28],"tags":[],"yoast_head":"<!-- This site is optimized with the Yoast SEO plugin v24.5 - https:\/\/yoast.com\/wordpress\/plugins\/seo\/ -->\n<title>La manifestaci\u00f3n del 20 de marzo defender\u00e1 medidas para mitigar los efectos de la sequ\u00eda en el mundo rural - ASAJA Palencia<\/title>\n<meta name=\"description\" content=\"Los convocantes, que estiman p\u00e9rdidas de cientos de millones de euros a causa de la sequ\u00eda, respaldan un Plan de choque integral y retomar el pulso\" \/>\n<meta name=\"robots\" content=\"index, follow, max-snippet:-1, max-image-preview:large, max-video-preview:-1\" \/>\n<link rel=\"canonical\" href=\"https:\/\/www.asajacyl.com\/palencia\/asaja-palencia-informa\/la-manifestacion-del-20-de-marzo-defendera-medidas-para-mitigar-los-efectos-de-la-sequia-en-el-mundo-rural\" \/>\n<meta property=\"og:locale\" content=\"es_ES\" \/>\n<meta property=\"og:type\" content=\"article\" \/>\n<meta property=\"og:title\" content=\"La manifestaci\u00f3n del 20 de marzo defender\u00e1 medidas para mitigar los efectos de la sequ\u00eda en el mundo rural - ASAJA Palencia\" \/>\n<meta property=\"og:description\" content=\"Los convocantes, que estiman p\u00e9rdidas de cientos de millones de euros a causa de la sequ\u00eda, respaldan un Plan de choque integral y retomar el pulso\" \/>\n<meta property=\"og:url\" content=\"https:\/\/www.asajacyl.com\/palencia\/asaja-palencia-informa\/la-manifestacion-del-20-de-marzo-defendera-medidas-para-mitigar-los-efectos-de-la-sequia-en-el-mundo-rural\" \/>\n<meta property=\"og:site_name\" content=\"ASAJA Palencia\" \/>\n<meta property=\"article:published_time\" content=\"2022-02-26T07:22:00+00:00\" \/>\n<meta property=\"og:image\" content=\"https:\/\/www.asajacyl.com\/palencia\/wp-content\/uploads\/sites\/3\/2022\/02\/image-2.jpg\" \/>\n\t<meta property=\"og:image:width\" content=\"883\" \/>\n\t<meta property=\"og:image:height\" content=\"1240\" \/>\n\t<meta property=\"og:image:type\" content=\"image\/jpeg\" \/>\n<meta name=\"author\" content=\"Administrador\" \/>\n<meta name=\"twitter:card\" content=\"summary_large_image\" \/>\n<meta name=\"twitter:label1\" content=\"Escrito por\" \/>\n\t<meta name=\"twitter:data1\" content=\"Administrador\" \/>\n\t<meta name=\"twitter:label2\" content=\"Tiempo de lectura\" \/>\n\t<meta name=\"twitter:data2\" content=\"3 minutos\" \/>\n<script type=\"application\/ld+json\" class=\"yoast-schema-graph\">{\"@context\":\"https:\/\/schema.org\",\"@graph\":[{\"@type\":\"WebPage\",\"@id\":\"https:\/\/www.asajacyl.com\/palencia\/asaja-palencia-informa\/la-manifestacion-del-20-de-marzo-defendera-medidas-para-mitigar-los-efectos-de-la-sequia-en-el-mundo-rural\",\"url\":\"https:\/\/www.asajacyl.com\/palencia\/asaja-palencia-informa\/la-manifestacion-del-20-de-marzo-defendera-medidas-para-mitigar-los-efectos-de-la-sequia-en-el-mundo-rural\",\"name\":\"La manifestaci\u00f3n del 20 de marzo defender\u00e1 medidas para mitigar los efectos de la sequ\u00eda en el mundo rural - ASAJA Palencia\",\"isPartOf\":{\"@id\":\"https:\/\/www.asajacyl.com\/palencia\/#website\"},\"primaryImageOfPage\":{\"@id\":\"https:\/\/www.asajacyl.com\/palencia\/asaja-palencia-informa\/la-manifestacion-del-20-de-marzo-defendera-medidas-para-mitigar-los-efectos-de-la-sequia-en-el-mundo-rural#primaryimage\"},\"image\":{\"@id\":\"https:\/\/www.asajacyl.com\/palencia\/asaja-palencia-informa\/la-manifestacion-del-20-de-marzo-defendera-medidas-para-mitigar-los-efectos-de-la-sequia-en-el-mundo-rural#primaryimage\"},\"thumbnailUrl\":\"https:\/\/www.asajacyl.com\/palencia\/wp-content\/uploads\/sites\/3\/2022\/02\/image-2.jpg\",\"datePublished\":\"2022-02-26T07:22:00+00:00\",\"author\":{\"@id\":\"https:\/\/www.asajacyl.com\/palencia\/#\/schema\/person\/3ab17aeb03527485c317557fae64aab1\"},\"description\":\"Los convocantes, que estiman p\u00e9rdidas de cientos de millones de euros a causa de la sequ\u00eda, respaldan un Plan de choque integral y retomar el pulso\",\"breadcrumb\":{\"@id\":\"https:\/\/www.asajacyl.com\/palencia\/asaja-palencia-informa\/la-manifestacion-del-20-de-marzo-defendera-medidas-para-mitigar-los-efectos-de-la-sequia-en-el-mundo-rural#breadcrumb\"},\"inLanguage\":\"es\",\"potentialAction\":[{\"@type\":\"ReadAction\",\"target\":[\"https:\/\/www.asajacyl.com\/palencia\/asaja-palencia-informa\/la-manifestacion-del-20-de-marzo-defendera-medidas-para-mitigar-los-efectos-de-la-sequia-en-el-mundo-rural\"]}]},{\"@type\":\"ImageObject\",\"inLanguage\":\"es\",\"@id\":\"https:\/\/www.asajacyl.com\/palencia\/asaja-palencia-informa\/la-manifestacion-del-20-de-marzo-defendera-medidas-para-mitigar-los-efectos-de-la-sequia-en-el-mundo-rural#primaryimage\",\"url\":\"https:\/\/www.asajacyl.com\/palencia\/wp-content\/uploads\/sites\/3\/2022\/02\/image-2.jpg\",\"contentUrl\":\"https:\/\/www.asajacyl.com\/palencia\/wp-content\/uploads\/sites\/3\/2022\/02\/image-2.jpg\",\"width\":883,\"height\":1240},{\"@type\":\"BreadcrumbList\",\"@id\":\"https:\/\/www.asajacyl.com\/palencia\/asaja-palencia-informa\/la-manifestacion-del-20-de-marzo-defendera-medidas-para-mitigar-los-efectos-de-la-sequia-en-el-mundo-rural#breadcrumb\",\"itemListElement\":[{\"@type\":\"ListItem\",\"position\":1,\"name\":\"Portada\",\"item\":\"https:\/\/www.asajacyl.com\/palencia\/\"},{\"@type\":\"ListItem\",\"position\":2,\"name\":\"La manifestaci\u00f3n del 20 de marzo defender\u00e1 medidas para mitigar los efectos de la sequ\u00eda en el mundo rural\"}]},{\"@type\":\"WebSite\",\"@id\":\"https:\/\/www.asajacyl.com\/palencia\/#website\",\"url\":\"https:\/\/www.asajacyl.com\/palencia\/\",\"name\":\"ASAJA Palencia\",\"description\":\"Otro sitio m\u00e1s de Provincias ASAJA Castilla y Le\u00f3n\",\"potentialAction\":[{\"@type\":\"SearchAction\",\"target\":{\"@type\":\"EntryPoint\",\"urlTemplate\":\"https:\/\/www.asajacyl.com\/palencia\/?s={search_term_string}\"},\"query-input\":{\"@type\":\"PropertyValueSpecification\",\"valueRequired\":true,\"valueName\":\"search_term_string\"}}],\"inLanguage\":\"es\"},{\"@type\":\"Person\",\"@id\":\"https:\/\/www.asajacyl.com\/palencia\/#\/schema\/person\/3ab17aeb03527485c317557fae64aab1\",\"name\":\"Administrador\",\"image\":{\"@type\":\"ImageObject\",\"inLanguage\":\"es\",\"@id\":\"https:\/\/www.asajacyl.com\/palencia\/#\/schema\/person\/image\/\",\"url\":\"https:\/\/secure.gravatar.com\/avatar\/517384810d242ca9e38c180f3c9fb973?s=96&d=mm&r=g\",\"contentUrl\":\"https:\/\/secure.gravatar.com\/avatar\/517384810d242ca9e38c180f3c9fb973?s=96&d=mm&r=g\",\"caption\":\"Administrador\"},\"url\":\"https:\/\/www.asajacyl.com\/palencia\/author\/carlosrm\"}]}<\/script>\n<!-- \/ Yoast SEO plugin. -->","yoast_head_json":{"title":"La manifestaci\u00f3n del 20 de marzo defender\u00e1 medidas para mitigar los efectos de la sequ\u00eda en el mundo rural - ASAJA Palencia","description":"Los convocantes, que estiman p\u00e9rdidas de cientos de millones de euros a causa de la sequ\u00eda, respaldan un Plan de choque integral y retomar el pulso","robots":{"index":"index","follow":"follow","max-snippet":"max-snippet:-1","max-image-preview":"max-image-preview:large","max-video-preview":"max-video-preview:-1"},"canonical":"https:\/\/www.asajacyl.com\/palencia\/asaja-palencia-informa\/la-manifestacion-del-20-de-marzo-defendera-medidas-para-mitigar-los-efectos-de-la-sequia-en-el-mundo-rural","og_locale":"es_ES","og_type":"article","og_title":"La manifestaci\u00f3n del 20 de marzo defender\u00e1 medidas para mitigar los efectos de la sequ\u00eda en el mundo rural - ASAJA Palencia","og_description":"Los convocantes, que estiman p\u00e9rdidas de cientos de millones de euros a causa de la sequ\u00eda, respaldan un Plan de choque integral y retomar el pulso","og_url":"https:\/\/www.asajacyl.com\/palencia\/asaja-palencia-informa\/la-manifestacion-del-20-de-marzo-defendera-medidas-para-mitigar-los-efectos-de-la-sequia-en-el-mundo-rural","og_site_name":"ASAJA Palencia","article_published_time":"2022-02-26T07:22:00+00:00","og_image":[{"width":883,"height":1240,"url":"https:\/\/www.asajacyl.com\/palencia\/wp-content\/uploads\/sites\/3\/2022\/02\/image-2.jpg","type":"image\/jpeg"}],"author":"Administrador","twitter_card":"summary_large_image","twitter_misc":{"Escrito por":"Administrador","Tiempo de lectura":"3 minutos"},"schema":{"@context":"https:\/\/schema.org","@graph":[{"@type":"WebPage","@id":"https:\/\/www.asajacyl.com\/palencia\/asaja-palencia-informa\/la-manifestacion-del-20-de-marzo-defendera-medidas-para-mitigar-los-efectos-de-la-sequia-en-el-mundo-rural","url":"https:\/\/www.asajacyl.com\/palencia\/asaja-palencia-informa\/la-manifestacion-del-20-de-marzo-defendera-medidas-para-mitigar-los-efectos-de-la-sequia-en-el-mundo-rural","name":"La manifestaci\u00f3n del 20 de marzo defender\u00e1 medidas para mitigar los efectos de la sequ\u00eda en el mundo rural - ASAJA Palencia","isPartOf":{"@id":"https:\/\/www.asajacyl.com\/palencia\/#website"},"primaryImageOfPage":{"@id":"https:\/\/www.asajacyl.com\/palencia\/asaja-palencia-informa\/la-manifestacion-del-20-de-marzo-defendera-medidas-para-mitigar-los-efectos-de-la-sequia-en-el-mundo-rural#primaryimage"},"image":{"@id":"https:\/\/www.asajacyl.com\/palencia\/asaja-palencia-informa\/la-manifestacion-del-20-de-marzo-defendera-medidas-para-mitigar-los-efectos-de-la-sequia-en-el-mundo-rural#primaryimage"},"thumbnailUrl":"https:\/\/www.asajacyl.com\/palencia\/wp-content\/uploads\/sites\/3\/2022\/02\/image-2.jpg","datePublished":"2022-02-26T07:22:00+00:00","author":{"@id":"https:\/\/www.asajacyl.com\/palencia\/#\/schema\/person\/3ab17aeb03527485c317557fae64aab1"},"description":"Los convocantes, que estiman p\u00e9rdidas de cientos de millones de euros a causa de la sequ\u00eda, respaldan un Plan de choque integral y retomar el pulso","breadcrumb":{"@id":"https:\/\/www.asajacyl.com\/palencia\/asaja-palencia-informa\/la-manifestacion-del-20-de-marzo-defendera-medidas-para-mitigar-los-efectos-de-la-sequia-en-el-mundo-rural#breadcrumb"},"inLanguage":"es","potentialAction":[{"@type":"ReadAction","target":["https:\/\/www.asajacyl.com\/palencia\/asaja-palencia-informa\/la-manifestacion-del-20-de-marzo-defendera-medidas-para-mitigar-los-efectos-de-la-sequia-en-el-mundo-rural"]}]},{"@type":"ImageObject","inLanguage":"es","@id":"https:\/\/www.asajacyl.com\/palencia\/asaja-palencia-informa\/la-manifestacion-del-20-de-marzo-defendera-medidas-para-mitigar-los-efectos-de-la-sequia-en-el-mundo-rural#primaryimage","url":"https:\/\/www.asajacyl.com\/palencia\/wp-content\/uploads\/sites\/3\/2022\/02\/image-2.jpg","contentUrl":"https:\/\/www.asajacyl.com\/palencia\/wp-content\/uploads\/sites\/3\/2022\/02\/image-2.jpg","width":883,"height":1240},{"@type":"BreadcrumbList","@id":"https:\/\/www.asajacyl.com\/palencia\/asaja-palencia-informa\/la-manifestacion-del-20-de-marzo-defendera-medidas-para-mitigar-los-efectos-de-la-sequia-en-el-mundo-rural#breadcrumb","itemListElement":[{"@type":"ListItem","position":1,"name":"Portada","item":"https:\/\/www.asajacyl.com\/palencia\/"},{"@type":"ListItem","position":2,"name":"La manifestaci\u00f3n del 20 de marzo defender\u00e1 medidas para mitigar los efectos de la sequ\u00eda en el mundo rural"}]},{"@type":"WebSite","@id":"https:\/\/www.asajacyl.com\/palencia\/#website","url":"https:\/\/www.asajacyl.com\/palencia\/","name":"ASAJA Palencia","description":"Otro sitio m\u00e1s de Provincias ASAJA Castilla y Le\u00f3n","potentialAction":[{"@type":"SearchAction","target":{"@type":"EntryPoint","urlTemplate":"https:\/\/www.asajacyl.com\/palencia\/?s={search_term_string}"},"query-input":{"@type":"PropertyValueSpecification","valueRequired":true,"valueName":"search_term_string"}}],"inLanguage":"es"},{"@type":"Person","@id":"https:\/\/www.asajacyl.com\/palencia\/#\/schema\/person\/3ab17aeb03527485c317557fae64aab1","name":"Administrador","image":{"@type":"ImageObject","inLanguage":"es","@id":"https:\/\/www.asajacyl.com\/palencia\/#\/schema\/person\/image\/","url":"https:\/\/secure.gravatar.com\/avatar\/517384810d242ca9e38c180f3c9fb973?s=96&d=mm&r=g","contentUrl":"https:\/\/secure.gravatar.com\/avatar\/517384810d242ca9e38c180f3c9fb973?s=96&d=mm&r=g","caption":"Administrador"},"url":"https:\/\/www.asajacyl.com\/palencia\/author\/carlosrm"}]}},"_links":{"self":[{"href":"https:\/\/www.asajacyl.com\/palencia\/wp-json\/wp\/v2\/posts\/9923"}],"collection":[{"href":"https:\/\/www.asajacyl.com\/palencia\/wp-json\/wp\/v2\/posts"}],"about":[{"href":"https:\/\/www.asajacyl.com\/palencia\/wp-json\/wp\/v2\/types\/post"}],"author":[{"embeddable":true,"href":"https:\/\/www.asajacyl.com\/palencia\/wp-json\/wp\/v2\/users\/9"}],"replies":[{"embeddable":true,"href":"https:\/\/www.asajacyl.com\/palencia\/wp-json\/wp\/v2\/comments?post=9923"}],"version-history":[{"count":1,"href":"https:\/\/www.asajacyl.com\/palencia\/wp-json\/wp\/v2\/posts\/9923\/revisions"}],"predecessor-version":[{"id":9924,"href":"https:\/\/www.asajacyl.com\/palencia\/wp-json\/wp\/v2\/posts\/9923\/revisions\/9924"}],"wp:featuredmedia":[{"embeddable":true,"href":"https:\/\/www.asajacyl.com\/palencia\/wp-json\/wp\/v2\/media\/9902"}],"wp:attachment":[{"href":"https:\/\/www.asajacyl.com\/palencia\/wp-json\/wp\/v2\/media?parent=9923"}],"wp:term":[{"taxonomy":"category","embeddable":true,"href":"https:\/\/www.asajacyl.com\/palencia\/wp-json\/wp\/v2\/categories?post=9923"},{"taxonomy":"post_tag","embeddable":true,"href":"https:\/\/www.asajacyl.com\/palencia\/wp-json\/wp\/v2\/tags?post=9923"}],"curies":[{"name":"wp","href":"https:\/\/api.w.org\/{rel}","templated":true}]}}