{"id":9928,"date":"2022-02-24T13:21:34","date_gmt":"2022-02-24T12:21:34","guid":{"rendered":"https:\/\/www.asajacyl.com\/palencia\/?p=9928"},"modified":"2022-02-24T13:21:36","modified_gmt":"2022-02-24T12:21:36","slug":"el-sector-lacteo-se-manifiesta-en-toro","status":"publish","type":"post","link":"https:\/\/www.asajacyl.com\/palencia\/asaja-palencia-informa\/el-sector-lacteo-se-manifiesta-en-toro","title":{"rendered":"El sector l\u00e1cteo se manifiesta en Toro"},"content":{"rendered":"\n<p>El sector ganadero ha demandado nuevamente, en este caso a las puertas de Garc\u00eda Baquero, en Toro, la firma inmediata de contratos de ovino y caprino que recojan las subidas elevad\u00edsimas de los costes de producci\u00f3n. Aunque en estos meses de protestas promovidas por ASAJA y la ALIANZA UPA-COAG se han logrado algunos avances en vacuno, los precios que ofrece la industria a\u00fan no cumplen los m\u00ednimos que reclamamos ambas organizaciones.<\/p>\n\n\n\n<p>Garc\u00eda Baquero, es un referente en el sector l\u00e1cteo de Castilla y Le\u00f3n y del resto de Espa\u00f1a, y forma parte del colectivo industrial l\u00e1cteo que sigue poniendo contra las cuerdas a los ganaderos de esta regi\u00f3n, echando un pulso a las propias cooperativas en las negociaciones.<\/p>\n\n\n\n<p>ASAJA, COAG Y UPA, vigilar\u00e1n, que cooperativas e industrias firmen cuanto antes contratos que reflejen la subida de los costes de producci\u00f3n, y que cumplan a rajatabla la nueva Ley de Cadena Alimentaria, que proh\u00edbe rotundamente los abusos hacia los productores, en un contexto actual de inputs desorbitados con precios muy altos en piensos, energ\u00eda, etc. Si no se atienden estas justas reivindicaciones ya anunciamos que emprenderemos medidas legales, con denuncias ante la AICA e incluso ante los juzgados.<\/p>\n","protected":false},"excerpt":{"rendered":"<p>El sector ganadero ha demandado nuevamente, en este caso a las puertas de Garc\u00eda Baquero, en Toro, la firma inmediata de contratos de ovino y caprino que recojan las subidas elevad\u00edsimas de los costes de producci\u00f3n. Aunque en estos meses de protestas promovidas por ASAJA y la ALIANZA UPA-COAG se han logrado algunos avances en [&hellip;]<\/p>\n","protected":false},"author":9,"featured_media":9929,"comment_status":"open","ping_status":"open","sticky":false,"template":"","format":"standard","meta":{"footnotes":""},"categories":[9,29,28],"tags":[],"yoast_head":"<!-- This site is optimized with the Yoast SEO plugin v24.5 - https:\/\/yoast.com\/wordpress\/plugins\/seo\/ -->\n<title>El sector l\u00e1cteo se manifiesta en Toro - ASAJA Palencia<\/title>\n<meta name=\"description\" content=\"El sector ganadero ha demandado nuevamente, en este caso a las puertas de Garc\u00eda Baquero, en Toro, la firma inmediata de contratos de ovino y caprino que\" \/>\n<meta name=\"robots\" content=\"index, follow, max-snippet:-1, max-image-preview:large, max-video-preview:-1\" \/>\n<link rel=\"canonical\" href=\"https:\/\/www.asajacyl.com\/palencia\/asaja-palencia-informa\/el-sector-lacteo-se-manifiesta-en-toro\" \/>\n<meta property=\"og:locale\" content=\"es_ES\" \/>\n<meta property=\"og:type\" content=\"article\" \/>\n<meta property=\"og:title\" content=\"El sector l\u00e1cteo se manifiesta en Toro - ASAJA Palencia\" \/>\n<meta property=\"og:description\" content=\"El sector ganadero ha demandado nuevamente, en este caso a las puertas de Garc\u00eda Baquero, en Toro, la firma inmediata de contratos de ovino y caprino que\" \/>\n<meta property=\"og:url\" content=\"https:\/\/www.asajacyl.com\/palencia\/asaja-palencia-informa\/el-sector-lacteo-se-manifiesta-en-toro\" \/>\n<meta property=\"og:site_name\" content=\"ASAJA Palencia\" \/>\n<meta property=\"article:published_time\" content=\"2022-02-24T12:21:34+00:00\" \/>\n<meta property=\"article:modified_time\" content=\"2022-02-24T12:21:36+00:00\" \/>\n<meta property=\"og:image\" content=\"https:\/\/www.asajacyl.com\/palencia\/wp-content\/uploads\/sites\/3\/2022\/02\/TORO.jpg\" \/>\n\t<meta property=\"og:image:width\" content=\"1024\" \/>\n\t<meta property=\"og:image:height\" content=\"576\" \/>\n\t<meta property=\"og:image:type\" content=\"image\/jpeg\" \/>\n<meta name=\"author\" content=\"Administrador\" \/>\n<meta name=\"twitter:card\" content=\"summary_large_image\" \/>\n<meta name=\"twitter:label1\" content=\"Escrito por\" \/>\n\t<meta name=\"twitter:data1\" content=\"Administrador\" \/>\n\t<meta name=\"twitter:label2\" content=\"Tiempo de lectura\" \/>\n\t<meta name=\"twitter:data2\" content=\"1 minuto\" \/>\n<script type=\"application\/ld+json\" class=\"yoast-schema-graph\">{\"@context\":\"https:\/\/schema.org\",\"@graph\":[{\"@type\":\"WebPage\",\"@id\":\"https:\/\/www.asajacyl.com\/palencia\/asaja-palencia-informa\/el-sector-lacteo-se-manifiesta-en-toro\",\"url\":\"https:\/\/www.asajacyl.com\/palencia\/asaja-palencia-informa\/el-sector-lacteo-se-manifiesta-en-toro\",\"name\":\"El sector l\u00e1cteo se manifiesta en Toro - ASAJA Palencia\",\"isPartOf\":{\"@id\":\"https:\/\/www.asajacyl.com\/palencia\/#website\"},\"primaryImageOfPage\":{\"@id\":\"https:\/\/www.asajacyl.com\/palencia\/asaja-palencia-informa\/el-sector-lacteo-se-manifiesta-en-toro#primaryimage\"},\"image\":{\"@id\":\"https:\/\/www.asajacyl.com\/palencia\/asaja-palencia-informa\/el-sector-lacteo-se-manifiesta-en-toro#primaryimage\"},\"thumbnailUrl\":\"https:\/\/www.asajacyl.com\/palencia\/wp-content\/uploads\/sites\/3\/2022\/02\/TORO.jpg\",\"datePublished\":\"2022-02-24T12:21:34+00:00\",\"dateModified\":\"2022-02-24T12:21:36+00:00\",\"author\":{\"@id\":\"https:\/\/www.asajacyl.com\/palencia\/#\/schema\/person\/3ab17aeb03527485c317557fae64aab1\"},\"description\":\"El sector ganadero ha demandado nuevamente, en este caso a las puertas de Garc\u00eda Baquero, en Toro, la firma inmediata de contratos de ovino y caprino que\",\"breadcrumb\":{\"@id\":\"https:\/\/www.asajacyl.com\/palencia\/asaja-palencia-informa\/el-sector-lacteo-se-manifiesta-en-toro#breadcrumb\"},\"inLanguage\":\"es\",\"potentialAction\":[{\"@type\":\"ReadAction\",\"target\":[\"https:\/\/www.asajacyl.com\/palencia\/asaja-palencia-informa\/el-sector-lacteo-se-manifiesta-en-toro\"]}]},{\"@type\":\"ImageObject\",\"inLanguage\":\"es\",\"@id\":\"https:\/\/www.asajacyl.com\/palencia\/asaja-palencia-informa\/el-sector-lacteo-se-manifiesta-en-toro#primaryimage\",\"url\":\"https:\/\/www.asajacyl.com\/palencia\/wp-content\/uploads\/sites\/3\/2022\/02\/TORO.jpg\",\"contentUrl\":\"https:\/\/www.asajacyl.com\/palencia\/wp-content\/uploads\/sites\/3\/2022\/02\/TORO.jpg\",\"width\":1024,\"height\":576},{\"@type\":\"BreadcrumbList\",\"@id\":\"https:\/\/www.asajacyl.com\/palencia\/asaja-palencia-informa\/el-sector-lacteo-se-manifiesta-en-toro#breadcrumb\",\"itemListElement\":[{\"@type\":\"ListItem\",\"position\":1,\"name\":\"Portada\",\"item\":\"https:\/\/www.asajacyl.com\/palencia\/\"},{\"@type\":\"ListItem\",\"position\":2,\"name\":\"El sector l\u00e1cteo se manifiesta en Toro\"}]},{\"@type\":\"WebSite\",\"@id\":\"https:\/\/www.asajacyl.com\/palencia\/#website\",\"url\":\"https:\/\/www.asajacyl.com\/palencia\/\",\"name\":\"ASAJA Palencia\",\"description\":\"Otro sitio m\u00e1s de Provincias ASAJA Castilla y Le\u00f3n\",\"potentialAction\":[{\"@type\":\"SearchAction\",\"target\":{\"@type\":\"EntryPoint\",\"urlTemplate\":\"https:\/\/www.asajacyl.com\/palencia\/?s={search_term_string}\"},\"query-input\":{\"@type\":\"PropertyValueSpecification\",\"valueRequired\":true,\"valueName\":\"search_term_string\"}}],\"inLanguage\":\"es\"},{\"@type\":\"Person\",\"@id\":\"https:\/\/www.asajacyl.com\/palencia\/#\/schema\/person\/3ab17aeb03527485c317557fae64aab1\",\"name\":\"Administrador\",\"image\":{\"@type\":\"ImageObject\",\"inLanguage\":\"es\",\"@id\":\"https:\/\/www.asajacyl.com\/palencia\/#\/schema\/person\/image\/\",\"url\":\"https:\/\/secure.gravatar.com\/avatar\/517384810d242ca9e38c180f3c9fb973?s=96&d=mm&r=g\",\"contentUrl\":\"https:\/\/secure.gravatar.com\/avatar\/517384810d242ca9e38c180f3c9fb973?s=96&d=mm&r=g\",\"caption\":\"Administrador\"},\"url\":\"https:\/\/www.asajacyl.com\/palencia\/author\/carlosrm\"}]}<\/script>\n<!-- \/ Yoast SEO plugin. -->","yoast_head_json":{"title":"El sector l\u00e1cteo se manifiesta en Toro - ASAJA Palencia","description":"El sector ganadero ha demandado nuevamente, en este caso a las puertas de Garc\u00eda Baquero, en Toro, la firma inmediata de contratos de ovino y caprino que","robots":{"index":"index","follow":"follow","max-snippet":"max-snippet:-1","max-image-preview":"max-image-preview:large","max-video-preview":"max-video-preview:-1"},"canonical":"https:\/\/www.asajacyl.com\/palencia\/asaja-palencia-informa\/el-sector-lacteo-se-manifiesta-en-toro","og_locale":"es_ES","og_type":"article","og_title":"El sector l\u00e1cteo se manifiesta en Toro - ASAJA Palencia","og_description":"El sector ganadero ha demandado nuevamente, en este caso a las puertas de Garc\u00eda Baquero, en Toro, la firma inmediata de contratos de ovino y caprino que","og_url":"https:\/\/www.asajacyl.com\/palencia\/asaja-palencia-informa\/el-sector-lacteo-se-manifiesta-en-toro","og_site_name":"ASAJA Palencia","article_published_time":"2022-02-24T12:21:34+00:00","article_modified_time":"2022-02-24T12:21:36+00:00","og_image":[{"width":1024,"height":576,"url":"https:\/\/www.asajacyl.com\/palencia\/wp-content\/uploads\/sites\/3\/2022\/02\/TORO.jpg","type":"image\/jpeg"}],"author":"Administrador","twitter_card":"summary_large_image","twitter_misc":{"Escrito por":"Administrador","Tiempo de lectura":"1 minuto"},"schema":{"@context":"https:\/\/schema.org","@graph":[{"@type":"WebPage","@id":"https:\/\/www.asajacyl.com\/palencia\/asaja-palencia-informa\/el-sector-lacteo-se-manifiesta-en-toro","url":"https:\/\/www.asajacyl.com\/palencia\/asaja-palencia-informa\/el-sector-lacteo-se-manifiesta-en-toro","name":"El sector l\u00e1cteo se manifiesta en Toro - ASAJA Palencia","isPartOf":{"@id":"https:\/\/www.asajacyl.com\/palencia\/#website"},"primaryImageOfPage":{"@id":"https:\/\/www.asajacyl.com\/palencia\/asaja-palencia-informa\/el-sector-lacteo-se-manifiesta-en-toro#primaryimage"},"image":{"@id":"https:\/\/www.asajacyl.com\/palencia\/asaja-palencia-informa\/el-sector-lacteo-se-manifiesta-en-toro#primaryimage"},"thumbnailUrl":"https:\/\/www.asajacyl.com\/palencia\/wp-content\/uploads\/sites\/3\/2022\/02\/TORO.jpg","datePublished":"2022-02-24T12:21:34+00:00","dateModified":"2022-02-24T12:21:36+00:00","author":{"@id":"https:\/\/www.asajacyl.com\/palencia\/#\/schema\/person\/3ab17aeb03527485c317557fae64aab1"},"description":"El sector ganadero ha demandado nuevamente, en este caso a las puertas de Garc\u00eda Baquero, en Toro, la firma inmediata de contratos de ovino y caprino que","breadcrumb":{"@id":"https:\/\/www.asajacyl.com\/palencia\/asaja-palencia-informa\/el-sector-lacteo-se-manifiesta-en-toro#breadcrumb"},"inLanguage":"es","potentialAction":[{"@type":"ReadAction","target":["https:\/\/www.asajacyl.com\/palencia\/asaja-palencia-informa\/el-sector-lacteo-se-manifiesta-en-toro"]}]},{"@type":"ImageObject","inLanguage":"es","@id":"https:\/\/www.asajacyl.com\/palencia\/asaja-palencia-informa\/el-sector-lacteo-se-manifiesta-en-toro#primaryimage","url":"https:\/\/www.asajacyl.com\/palencia\/wp-content\/uploads\/sites\/3\/2022\/02\/TORO.jpg","contentUrl":"https:\/\/www.asajacyl.com\/palencia\/wp-content\/uploads\/sites\/3\/2022\/02\/TORO.jpg","width":1024,"height":576},{"@type":"BreadcrumbList","@id":"https:\/\/www.asajacyl.com\/palencia\/asaja-palencia-informa\/el-sector-lacteo-se-manifiesta-en-toro#breadcrumb","itemListElement":[{"@type":"ListItem","position":1,"name":"Portada","item":"https:\/\/www.asajacyl.com\/palencia\/"},{"@type":"ListItem","position":2,"name":"El sector l\u00e1cteo se manifiesta en Toro"}]},{"@type":"WebSite","@id":"https:\/\/www.asajacyl.com\/palencia\/#website","url":"https:\/\/www.asajacyl.com\/palencia\/","name":"ASAJA Palencia","description":"Otro sitio m\u00e1s de Provincias ASAJA Castilla y Le\u00f3n","potentialAction":[{"@type":"SearchAction","target":{"@type":"EntryPoint","urlTemplate":"https:\/\/www.asajacyl.com\/palencia\/?s={search_term_string}"},"query-input":{"@type":"PropertyValueSpecification","valueRequired":true,"valueName":"search_term_string"}}],"inLanguage":"es"},{"@type":"Person","@id":"https:\/\/www.asajacyl.com\/palencia\/#\/schema\/person\/3ab17aeb03527485c317557fae64aab1","name":"Administrador","image":{"@type":"ImageObject","inLanguage":"es","@id":"https:\/\/www.asajacyl.com\/palencia\/#\/schema\/person\/image\/","url":"https:\/\/secure.gravatar.com\/avatar\/517384810d242ca9e38c180f3c9fb973?s=96&d=mm&r=g","contentUrl":"https:\/\/secure.gravatar.com\/avatar\/517384810d242ca9e38c180f3c9fb973?s=96&d=mm&r=g","caption":"Administrador"},"url":"https:\/\/www.asajacyl.com\/palencia\/author\/carlosrm"}]}},"_links":{"self":[{"href":"https:\/\/www.asajacyl.com\/palencia\/wp-json\/wp\/v2\/posts\/9928"}],"collection":[{"href":"https:\/\/www.asajacyl.com\/palencia\/wp-json\/wp\/v2\/posts"}],"about":[{"href":"https:\/\/www.asajacyl.com\/palencia\/wp-json\/wp\/v2\/types\/post"}],"author":[{"embeddable":true,"href":"https:\/\/www.asajacyl.com\/palencia\/wp-json\/wp\/v2\/users\/9"}],"replies":[{"embeddable":true,"href":"https:\/\/www.asajacyl.com\/palencia\/wp-json\/wp\/v2\/comments?post=9928"}],"version-history":[{"count":1,"href":"https:\/\/www.asajacyl.com\/palencia\/wp-json\/wp\/v2\/posts\/9928\/revisions"}],"predecessor-version":[{"id":9930,"href":"https:\/\/www.asajacyl.com\/palencia\/wp-json\/wp\/v2\/posts\/9928\/revisions\/9930"}],"wp:featuredmedia":[{"embeddable":true,"href":"https:\/\/www.asajacyl.com\/palencia\/wp-json\/wp\/v2\/media\/9929"}],"wp:attachment":[{"href":"https:\/\/www.asajacyl.com\/palencia\/wp-json\/wp\/v2\/media?parent=9928"}],"wp:term":[{"taxonomy":"category","embeddable":true,"href":"https:\/\/www.asajacyl.com\/palencia\/wp-json\/wp\/v2\/categories?post=9928"},{"taxonomy":"post_tag","embeddable":true,"href":"https:\/\/www.asajacyl.com\/palencia\/wp-json\/wp\/v2\/tags?post=9928"}],"curies":[{"name":"wp","href":"https:\/\/api.w.org\/{rel}","templated":true}]}}