{"id":9935,"date":"2022-02-24T13:35:20","date_gmt":"2022-02-24T12:35:20","guid":{"rendered":"https:\/\/www.asajacyl.com\/palencia\/?p=9935"},"modified":"2022-02-28T09:50:32","modified_gmt":"2022-02-28T08:50:32","slug":"asaja-muestra-su-preocupacion-por-las-graves-repercusiones-del-conflicto-belico-rusia-ucrania-para-el-sector-agrario-espanol","status":"publish","type":"post","link":"https:\/\/www.asajacyl.com\/palencia\/asaja-palencia-informa\/asaja-muestra-su-preocupacion-por-las-graves-repercusiones-del-conflicto-belico-rusia-ucrania-para-el-sector-agrario-espanol","title":{"rendered":"ASAJA muestra su preocupaci\u00f3n por las graves repercusiones del conflicto b\u00e9lico Rusia-Ucrania para el sector agrario espa\u00f1ol"},"content":{"rendered":"\n<p>\u2022 El encarecimiento de abonos, fertilizantes y piensos, principales consecuencias<\/p>\n\n\n\n<p>\u2022 Cerca del 30% de las importaciones espa\u00f1olas de ma\u00edz proceden de Ucrania. Tambi\u00e9n importamos trigo (17%) y torta y aceite de girasol (30%).<\/p>\n\n\n\n<p>\u2022 El par\u00f3n en las importaciones junto con la sequ\u00eda que padecemos extreman a\u00fan m\u00e1s las dificultades por las que pasa el sector productor.<\/p>\n\n\n\n<p>ASAJA lamenta profundamente que las amenazas de conflicto armado entre Rusia y Ucrania se hayan hecho realidad y la diplomacia internacional no haya sido capaz de evitarlo. A las graves consecuencias de p\u00e9rdidas en vidas humanas en Ucrania, habr\u00e1 que a\u00f1adir los efectos que para la econom\u00eda europea y mundial tendr\u00e1 este conflicto. El sector agrario espa\u00f1ol ser\u00e1, sin duda, uno de los damnificados. Nuestras importaciones de cereales y girasol, as\u00ed como de medios de producci\u00f3n b\u00e1sicos como abonos y fertilizantes, se resentir\u00e1n gravemente, lo que implicar\u00e1 un nuevo encarecimiento de los costes de producci\u00f3n para el sector.<\/p>\n\n\n\n<p>Ucrania es, hoy por hoy, el granero de Europa en lo que a cereales se refiere y el primer productor mundial de semillas, harinas y aceites de girasol. De igual manera, el gas y el petr\u00f3leo ucranianos son la base para la producci\u00f3n de abonos y fertilizantes para toda Europa y el conflicto armado tendr\u00e1 consecuencias de peso para el comercio comunitario, con un importante incremento de precios, y desde luego para el sector agrario espa\u00f1ol aquejado de una importante crisis de rentabilidad.<\/p>\n\n\n\n<p>Hay que recordar que Espa\u00f1a, deficitaria en cereales, importa anualmente casi el 30% del ma\u00edz que necesita de Ucrania. En 2018 las importaciones de ma\u00edz alcanzaron los 2,8 millones de toneladas, por un valor de 460 millones de euros (Espa\u00f1a fue el segundo destino de las exportaciones ucranianas de ma\u00edz). Adem\u00e1s, el 60% de nuestras compras en el exterior de aceite de girasol tambi\u00e9n proceden de Ucrania, as\u00ed como el 17% del trigo, el 31% de las tortas de aceites vegetales y el 15,4% de leguminosas grano.<\/p>\n\n\n\n<p>El destino de todas estas importaciones es, fundamentalmente, la elaboraci\u00f3n de piensos para nuestra ganader\u00eda y una falta de suministro derivar\u00e1 en el encarecimiento de estas materias primas, algo que para los ganaderos espa\u00f1oles ser\u00eda de fatales consecuencias en estos momentos que nos vemos afectados por la sequ\u00eda que padece Espa\u00f1a.<\/p>\n\n\n\n<p>Otros factores de producci\u00f3n agr\u00edcola como abonos y fertilizantes tambi\u00e9n se pueden ver seriamente afectados por el comercio con Ucrania, y eso provocar\u00e1 nuevas subidas de precios. En suma, un nuevo varapalo m\u00e1s para las explotaciones agr\u00edcolas y ganaderas espa\u00f1olas que se encuentran asfixiadas por unos costes de producci\u00f3n nunca vistos y unos precios de venta en origen que no permiten que la actividad agraria resulte rentable para el productor.<\/p>\n\n\n\n<p>Por todo ello, hacemos un nuevo llamamiento al Gobierno de Pedro S\u00e1nchez para que ponga en marcha, de forma urgente, un Plan de Choque para el sector agrario que le permita salir a flote de la comprometida situaci\u00f3n en la que se encuentra.<\/p>\n","protected":false},"excerpt":{"rendered":"<p>\u2022 El encarecimiento de abonos, fertilizantes y piensos, principales consecuencias \u2022 Cerca del 30% de las importaciones espa\u00f1olas de ma\u00edz proceden de Ucrania. Tambi\u00e9n importamos trigo (17%) y torta y aceite de girasol (30%). \u2022 El par\u00f3n en las importaciones junto con la sequ\u00eda que padecemos extreman a\u00fan m\u00e1s las dificultades por las que pasa [&hellip;]<\/p>\n","protected":false},"author":9,"featured_media":9936,"comment_status":"open","ping_status":"open","sticky":false,"template":"","format":"standard","meta":{"footnotes":""},"categories":[9,29,28],"tags":[],"yoast_head":"<!-- This site is optimized with the Yoast SEO plugin v24.5 - https:\/\/yoast.com\/wordpress\/plugins\/seo\/ -->\n<title>ASAJA muestra su preocupaci\u00f3n por las graves repercusiones del conflicto b\u00e9lico Rusia-Ucrania para el sector agrario espa\u00f1ol - ASAJA Palencia<\/title>\n<meta name=\"description\" content=\"\u2022 El encarecimiento de abonos, fertilizantes y piensos, principales consecuencias \u2022 Cerca del 30% de las importaciones espa\u00f1olas de ma\u00edz proceden de\" \/>\n<meta name=\"robots\" content=\"index, follow, max-snippet:-1, max-image-preview:large, max-video-preview:-1\" \/>\n<link rel=\"canonical\" href=\"https:\/\/www.asajacyl.com\/palencia\/asaja-palencia-informa\/asaja-muestra-su-preocupacion-por-las-graves-repercusiones-del-conflicto-belico-rusia-ucrania-para-el-sector-agrario-espanol\" \/>\n<meta property=\"og:locale\" content=\"es_ES\" \/>\n<meta property=\"og:type\" content=\"article\" \/>\n<meta property=\"og:title\" content=\"ASAJA muestra su preocupaci\u00f3n por las graves repercusiones del conflicto b\u00e9lico Rusia-Ucrania para el sector agrario espa\u00f1ol - ASAJA Palencia\" \/>\n<meta property=\"og:description\" content=\"\u2022 El encarecimiento de abonos, fertilizantes y piensos, principales consecuencias \u2022 Cerca del 30% de las importaciones espa\u00f1olas de ma\u00edz proceden de\" \/>\n<meta property=\"og:url\" content=\"https:\/\/www.asajacyl.com\/palencia\/asaja-palencia-informa\/asaja-muestra-su-preocupacion-por-las-graves-repercusiones-del-conflicto-belico-rusia-ucrania-para-el-sector-agrario-espanol\" \/>\n<meta property=\"og:site_name\" content=\"ASAJA Palencia\" \/>\n<meta property=\"article:published_time\" content=\"2022-02-24T12:35:20+00:00\" \/>\n<meta property=\"article:modified_time\" content=\"2022-02-28T08:50:32+00:00\" \/>\n<meta property=\"og:image\" content=\"https:\/\/www.asajacyl.com\/palencia\/wp-content\/uploads\/sites\/3\/2022\/02\/UCRANIA.jpg\" \/>\n\t<meta property=\"og:image:width\" content=\"1000\" \/>\n\t<meta property=\"og:image:height\" content=\"665\" \/>\n\t<meta property=\"og:image:type\" content=\"image\/jpeg\" \/>\n<meta name=\"author\" content=\"Administrador\" \/>\n<meta name=\"twitter:card\" content=\"summary_large_image\" \/>\n<meta name=\"twitter:label1\" content=\"Escrito por\" \/>\n\t<meta name=\"twitter:data1\" content=\"Administrador\" \/>\n\t<meta name=\"twitter:label2\" content=\"Tiempo de lectura\" \/>\n\t<meta name=\"twitter:data2\" content=\"3 minutos\" \/>\n<script type=\"application\/ld+json\" class=\"yoast-schema-graph\">{\"@context\":\"https:\/\/schema.org\",\"@graph\":[{\"@type\":\"WebPage\",\"@id\":\"https:\/\/www.asajacyl.com\/palencia\/asaja-palencia-informa\/asaja-muestra-su-preocupacion-por-las-graves-repercusiones-del-conflicto-belico-rusia-ucrania-para-el-sector-agrario-espanol\",\"url\":\"https:\/\/www.asajacyl.com\/palencia\/asaja-palencia-informa\/asaja-muestra-su-preocupacion-por-las-graves-repercusiones-del-conflicto-belico-rusia-ucrania-para-el-sector-agrario-espanol\",\"name\":\"ASAJA muestra su preocupaci\u00f3n por las graves repercusiones del conflicto b\u00e9lico Rusia-Ucrania para el sector agrario espa\u00f1ol - ASAJA Palencia\",\"isPartOf\":{\"@id\":\"https:\/\/www.asajacyl.com\/palencia\/#website\"},\"primaryImageOfPage\":{\"@id\":\"https:\/\/www.asajacyl.com\/palencia\/asaja-palencia-informa\/asaja-muestra-su-preocupacion-por-las-graves-repercusiones-del-conflicto-belico-rusia-ucrania-para-el-sector-agrario-espanol#primaryimage\"},\"image\":{\"@id\":\"https:\/\/www.asajacyl.com\/palencia\/asaja-palencia-informa\/asaja-muestra-su-preocupacion-por-las-graves-repercusiones-del-conflicto-belico-rusia-ucrania-para-el-sector-agrario-espanol#primaryimage\"},\"thumbnailUrl\":\"https:\/\/www.asajacyl.com\/palencia\/wp-content\/uploads\/sites\/3\/2022\/02\/UCRANIA.jpg\",\"datePublished\":\"2022-02-24T12:35:20+00:00\",\"dateModified\":\"2022-02-28T08:50:32+00:00\",\"author\":{\"@id\":\"https:\/\/www.asajacyl.com\/palencia\/#\/schema\/person\/3ab17aeb03527485c317557fae64aab1\"},\"description\":\"\u2022 El encarecimiento de abonos, fertilizantes y piensos, principales consecuencias \u2022 Cerca del 30% de las importaciones espa\u00f1olas de ma\u00edz proceden de\",\"breadcrumb\":{\"@id\":\"https:\/\/www.asajacyl.com\/palencia\/asaja-palencia-informa\/asaja-muestra-su-preocupacion-por-las-graves-repercusiones-del-conflicto-belico-rusia-ucrania-para-el-sector-agrario-espanol#breadcrumb\"},\"inLanguage\":\"es\",\"potentialAction\":[{\"@type\":\"ReadAction\",\"target\":[\"https:\/\/www.asajacyl.com\/palencia\/asaja-palencia-informa\/asaja-muestra-su-preocupacion-por-las-graves-repercusiones-del-conflicto-belico-rusia-ucrania-para-el-sector-agrario-espanol\"]}]},{\"@type\":\"ImageObject\",\"inLanguage\":\"es\",\"@id\":\"https:\/\/www.asajacyl.com\/palencia\/asaja-palencia-informa\/asaja-muestra-su-preocupacion-por-las-graves-repercusiones-del-conflicto-belico-rusia-ucrania-para-el-sector-agrario-espanol#primaryimage\",\"url\":\"https:\/\/www.asajacyl.com\/palencia\/wp-content\/uploads\/sites\/3\/2022\/02\/UCRANIA.jpg\",\"contentUrl\":\"https:\/\/www.asajacyl.com\/palencia\/wp-content\/uploads\/sites\/3\/2022\/02\/UCRANIA.jpg\",\"width\":1000,\"height\":665},{\"@type\":\"BreadcrumbList\",\"@id\":\"https:\/\/www.asajacyl.com\/palencia\/asaja-palencia-informa\/asaja-muestra-su-preocupacion-por-las-graves-repercusiones-del-conflicto-belico-rusia-ucrania-para-el-sector-agrario-espanol#breadcrumb\",\"itemListElement\":[{\"@type\":\"ListItem\",\"position\":1,\"name\":\"Portada\",\"item\":\"https:\/\/www.asajacyl.com\/palencia\/\"},{\"@type\":\"ListItem\",\"position\":2,\"name\":\"ASAJA muestra su preocupaci\u00f3n por las graves repercusiones del conflicto b\u00e9lico Rusia-Ucrania para el sector agrario espa\u00f1ol\"}]},{\"@type\":\"WebSite\",\"@id\":\"https:\/\/www.asajacyl.com\/palencia\/#website\",\"url\":\"https:\/\/www.asajacyl.com\/palencia\/\",\"name\":\"ASAJA Palencia\",\"description\":\"Otro sitio m\u00e1s de Provincias ASAJA Castilla y Le\u00f3n\",\"potentialAction\":[{\"@type\":\"SearchAction\",\"target\":{\"@type\":\"EntryPoint\",\"urlTemplate\":\"https:\/\/www.asajacyl.com\/palencia\/?s={search_term_string}\"},\"query-input\":{\"@type\":\"PropertyValueSpecification\",\"valueRequired\":true,\"valueName\":\"search_term_string\"}}],\"inLanguage\":\"es\"},{\"@type\":\"Person\",\"@id\":\"https:\/\/www.asajacyl.com\/palencia\/#\/schema\/person\/3ab17aeb03527485c317557fae64aab1\",\"name\":\"Administrador\",\"image\":{\"@type\":\"ImageObject\",\"inLanguage\":\"es\",\"@id\":\"https:\/\/www.asajacyl.com\/palencia\/#\/schema\/person\/image\/\",\"url\":\"https:\/\/secure.gravatar.com\/avatar\/517384810d242ca9e38c180f3c9fb973?s=96&d=mm&r=g\",\"contentUrl\":\"https:\/\/secure.gravatar.com\/avatar\/517384810d242ca9e38c180f3c9fb973?s=96&d=mm&r=g\",\"caption\":\"Administrador\"},\"url\":\"https:\/\/www.asajacyl.com\/palencia\/author\/carlosrm\"}]}<\/script>\n<!-- \/ Yoast SEO plugin. -->","yoast_head_json":{"title":"ASAJA muestra su preocupaci\u00f3n por las graves repercusiones del conflicto b\u00e9lico Rusia-Ucrania para el sector agrario espa\u00f1ol - ASAJA Palencia","description":"\u2022 El encarecimiento de abonos, fertilizantes y piensos, principales consecuencias \u2022 Cerca del 30% de las importaciones espa\u00f1olas de ma\u00edz proceden de","robots":{"index":"index","follow":"follow","max-snippet":"max-snippet:-1","max-image-preview":"max-image-preview:large","max-video-preview":"max-video-preview:-1"},"canonical":"https:\/\/www.asajacyl.com\/palencia\/asaja-palencia-informa\/asaja-muestra-su-preocupacion-por-las-graves-repercusiones-del-conflicto-belico-rusia-ucrania-para-el-sector-agrario-espanol","og_locale":"es_ES","og_type":"article","og_title":"ASAJA muestra su preocupaci\u00f3n por las graves repercusiones del conflicto b\u00e9lico Rusia-Ucrania para el sector agrario espa\u00f1ol - ASAJA Palencia","og_description":"\u2022 El encarecimiento de abonos, fertilizantes y piensos, principales consecuencias \u2022 Cerca del 30% de las importaciones espa\u00f1olas de ma\u00edz proceden de","og_url":"https:\/\/www.asajacyl.com\/palencia\/asaja-palencia-informa\/asaja-muestra-su-preocupacion-por-las-graves-repercusiones-del-conflicto-belico-rusia-ucrania-para-el-sector-agrario-espanol","og_site_name":"ASAJA Palencia","article_published_time":"2022-02-24T12:35:20+00:00","article_modified_time":"2022-02-28T08:50:32+00:00","og_image":[{"width":1000,"height":665,"url":"https:\/\/www.asajacyl.com\/palencia\/wp-content\/uploads\/sites\/3\/2022\/02\/UCRANIA.jpg","type":"image\/jpeg"}],"author":"Administrador","twitter_card":"summary_large_image","twitter_misc":{"Escrito por":"Administrador","Tiempo de lectura":"3 minutos"},"schema":{"@context":"https:\/\/schema.org","@graph":[{"@type":"WebPage","@id":"https:\/\/www.asajacyl.com\/palencia\/asaja-palencia-informa\/asaja-muestra-su-preocupacion-por-las-graves-repercusiones-del-conflicto-belico-rusia-ucrania-para-el-sector-agrario-espanol","url":"https:\/\/www.asajacyl.com\/palencia\/asaja-palencia-informa\/asaja-muestra-su-preocupacion-por-las-graves-repercusiones-del-conflicto-belico-rusia-ucrania-para-el-sector-agrario-espanol","name":"ASAJA muestra su preocupaci\u00f3n por las graves repercusiones del conflicto b\u00e9lico Rusia-Ucrania para el sector agrario espa\u00f1ol - ASAJA Palencia","isPartOf":{"@id":"https:\/\/www.asajacyl.com\/palencia\/#website"},"primaryImageOfPage":{"@id":"https:\/\/www.asajacyl.com\/palencia\/asaja-palencia-informa\/asaja-muestra-su-preocupacion-por-las-graves-repercusiones-del-conflicto-belico-rusia-ucrania-para-el-sector-agrario-espanol#primaryimage"},"image":{"@id":"https:\/\/www.asajacyl.com\/palencia\/asaja-palencia-informa\/asaja-muestra-su-preocupacion-por-las-graves-repercusiones-del-conflicto-belico-rusia-ucrania-para-el-sector-agrario-espanol#primaryimage"},"thumbnailUrl":"https:\/\/www.asajacyl.com\/palencia\/wp-content\/uploads\/sites\/3\/2022\/02\/UCRANIA.jpg","datePublished":"2022-02-24T12:35:20+00:00","dateModified":"2022-02-28T08:50:32+00:00","author":{"@id":"https:\/\/www.asajacyl.com\/palencia\/#\/schema\/person\/3ab17aeb03527485c317557fae64aab1"},"description":"\u2022 El encarecimiento de abonos, fertilizantes y piensos, principales consecuencias \u2022 Cerca del 30% de las importaciones espa\u00f1olas de ma\u00edz proceden de","breadcrumb":{"@id":"https:\/\/www.asajacyl.com\/palencia\/asaja-palencia-informa\/asaja-muestra-su-preocupacion-por-las-graves-repercusiones-del-conflicto-belico-rusia-ucrania-para-el-sector-agrario-espanol#breadcrumb"},"inLanguage":"es","potentialAction":[{"@type":"ReadAction","target":["https:\/\/www.asajacyl.com\/palencia\/asaja-palencia-informa\/asaja-muestra-su-preocupacion-por-las-graves-repercusiones-del-conflicto-belico-rusia-ucrania-para-el-sector-agrario-espanol"]}]},{"@type":"ImageObject","inLanguage":"es","@id":"https:\/\/www.asajacyl.com\/palencia\/asaja-palencia-informa\/asaja-muestra-su-preocupacion-por-las-graves-repercusiones-del-conflicto-belico-rusia-ucrania-para-el-sector-agrario-espanol#primaryimage","url":"https:\/\/www.asajacyl.com\/palencia\/wp-content\/uploads\/sites\/3\/2022\/02\/UCRANIA.jpg","contentUrl":"https:\/\/www.asajacyl.com\/palencia\/wp-content\/uploads\/sites\/3\/2022\/02\/UCRANIA.jpg","width":1000,"height":665},{"@type":"BreadcrumbList","@id":"https:\/\/www.asajacyl.com\/palencia\/asaja-palencia-informa\/asaja-muestra-su-preocupacion-por-las-graves-repercusiones-del-conflicto-belico-rusia-ucrania-para-el-sector-agrario-espanol#breadcrumb","itemListElement":[{"@type":"ListItem","position":1,"name":"Portada","item":"https:\/\/www.asajacyl.com\/palencia\/"},{"@type":"ListItem","position":2,"name":"ASAJA muestra su preocupaci\u00f3n por las graves repercusiones del conflicto b\u00e9lico Rusia-Ucrania para el sector agrario espa\u00f1ol"}]},{"@type":"WebSite","@id":"https:\/\/www.asajacyl.com\/palencia\/#website","url":"https:\/\/www.asajacyl.com\/palencia\/","name":"ASAJA Palencia","description":"Otro sitio m\u00e1s de Provincias ASAJA Castilla y Le\u00f3n","potentialAction":[{"@type":"SearchAction","target":{"@type":"EntryPoint","urlTemplate":"https:\/\/www.asajacyl.com\/palencia\/?s={search_term_string}"},"query-input":{"@type":"PropertyValueSpecification","valueRequired":true,"valueName":"search_term_string"}}],"inLanguage":"es"},{"@type":"Person","@id":"https:\/\/www.asajacyl.com\/palencia\/#\/schema\/person\/3ab17aeb03527485c317557fae64aab1","name":"Administrador","image":{"@type":"ImageObject","inLanguage":"es","@id":"https:\/\/www.asajacyl.com\/palencia\/#\/schema\/person\/image\/","url":"https:\/\/secure.gravatar.com\/avatar\/517384810d242ca9e38c180f3c9fb973?s=96&d=mm&r=g","contentUrl":"https:\/\/secure.gravatar.com\/avatar\/517384810d242ca9e38c180f3c9fb973?s=96&d=mm&r=g","caption":"Administrador"},"url":"https:\/\/www.asajacyl.com\/palencia\/author\/carlosrm"}]}},"_links":{"self":[{"href":"https:\/\/www.asajacyl.com\/palencia\/wp-json\/wp\/v2\/posts\/9935"}],"collection":[{"href":"https:\/\/www.asajacyl.com\/palencia\/wp-json\/wp\/v2\/posts"}],"about":[{"href":"https:\/\/www.asajacyl.com\/palencia\/wp-json\/wp\/v2\/types\/post"}],"author":[{"embeddable":true,"href":"https:\/\/www.asajacyl.com\/palencia\/wp-json\/wp\/v2\/users\/9"}],"replies":[{"embeddable":true,"href":"https:\/\/www.asajacyl.com\/palencia\/wp-json\/wp\/v2\/comments?post=9935"}],"version-history":[{"count":2,"href":"https:\/\/www.asajacyl.com\/palencia\/wp-json\/wp\/v2\/posts\/9935\/revisions"}],"predecessor-version":[{"id":9947,"href":"https:\/\/www.asajacyl.com\/palencia\/wp-json\/wp\/v2\/posts\/9935\/revisions\/9947"}],"wp:featuredmedia":[{"embeddable":true,"href":"https:\/\/www.asajacyl.com\/palencia\/wp-json\/wp\/v2\/media\/9936"}],"wp:attachment":[{"href":"https:\/\/www.asajacyl.com\/palencia\/wp-json\/wp\/v2\/media?parent=9935"}],"wp:term":[{"taxonomy":"category","embeddable":true,"href":"https:\/\/www.asajacyl.com\/palencia\/wp-json\/wp\/v2\/categories?post=9935"},{"taxonomy":"post_tag","embeddable":true,"href":"https:\/\/www.asajacyl.com\/palencia\/wp-json\/wp\/v2\/tags?post=9935"}],"curies":[{"name":"wp","href":"https:\/\/api.w.org\/{rel}","templated":true}]}}