{"id":9938,"date":"2022-03-01T13:50:00","date_gmt":"2022-03-01T12:50:00","guid":{"rendered":"https:\/\/www.asajacyl.com\/palencia\/?p=9938"},"modified":"2022-02-28T08:44:57","modified_gmt":"2022-02-28T07:44:57","slug":"apoyo-decidido-de-la-diputacion-de-palencia-al-vacuno-de-leche","status":"publish","type":"post","link":"https:\/\/www.asajacyl.com\/palencia\/asaja-palencia-informa\/apoyo-decidido-de-la-diputacion-de-palencia-al-vacuno-de-leche","title":{"rendered":"Apoyo decidido de la Diputaci\u00f3n de Palencia al vacuno de leche"},"content":{"rendered":"\n<p>La Diputaci\u00f3n de Palencia ha renovado su colaboraci\u00f3n con la Federaci\u00f3n de Frisona de Castilla y Le\u00f3n (FEFRICALE), mediante una subvenci\u00f3n de 15.000 euros, con intenci\u00f3n de favorecer la actividad econ\u00f3mica del sector vacuno l\u00e1cteo, en un momento muy delicado para los productores de leche, por los bajos precios que perciben y las fuertes subidas en la alimentaci\u00f3n del ganado. La presencia de las ganader\u00edas es claves para luchar contra la despoblaci\u00f3n en el medio rural y el apoyo a los sectores ganaderos se traduce en fijaci\u00f3n de poblaci\u00f3n en zonas fuertemente deprimidas y con d\u00e9ficit de poblaci\u00f3n desde hace decenios.<\/p>\n\n\n\n<p>FEFRICALE, por su parte, se compromete durante la vigencia de este convenio a mantener los servicios del libro geneal\u00f3gico, los del Control Lechero as\u00ed como el genotipado de novillas.<\/p>\n","protected":false},"excerpt":{"rendered":"<p>La Diputaci\u00f3n de Palencia ha renovado su colaboraci\u00f3n con la Federaci\u00f3n de Frisona de Castilla y Le\u00f3n (FEFRICALE), mediante una subvenci\u00f3n de 15.000 euros, con intenci\u00f3n de favorecer la actividad econ\u00f3mica del sector vacuno l\u00e1cteo, en un momento muy delicado para los productores de leche, por los bajos precios que perciben y las fuertes subidas [&hellip;]<\/p>\n","protected":false},"author":9,"featured_media":1060,"comment_status":"open","ping_status":"open","sticky":false,"template":"","format":"standard","meta":{"footnotes":""},"categories":[9,29,28],"tags":[],"yoast_head":"<!-- This site is optimized with the Yoast SEO plugin v24.5 - https:\/\/yoast.com\/wordpress\/plugins\/seo\/ -->\n<title>Apoyo decidido de la Diputaci\u00f3n de Palencia al vacuno de leche - ASAJA Palencia<\/title>\n<meta name=\"description\" content=\"La Diputaci\u00f3n de Palencia ha renovado su colaboraci\u00f3n con la Federaci\u00f3n de Frisona de Castilla y Le\u00f3n (FEFRICALE), mediante una subvenci\u00f3n de 15.000\" \/>\n<meta name=\"robots\" content=\"index, follow, max-snippet:-1, max-image-preview:large, max-video-preview:-1\" \/>\n<link rel=\"canonical\" href=\"https:\/\/www.asajacyl.com\/palencia\/asaja-palencia-informa\/apoyo-decidido-de-la-diputacion-de-palencia-al-vacuno-de-leche\" \/>\n<meta property=\"og:locale\" content=\"es_ES\" \/>\n<meta property=\"og:type\" content=\"article\" \/>\n<meta property=\"og:title\" content=\"Apoyo decidido de la Diputaci\u00f3n de Palencia al vacuno de leche - ASAJA Palencia\" \/>\n<meta property=\"og:description\" content=\"La Diputaci\u00f3n de Palencia ha renovado su colaboraci\u00f3n con la Federaci\u00f3n de Frisona de Castilla y Le\u00f3n (FEFRICALE), mediante una subvenci\u00f3n de 15.000\" \/>\n<meta property=\"og:url\" content=\"https:\/\/www.asajacyl.com\/palencia\/asaja-palencia-informa\/apoyo-decidido-de-la-diputacion-de-palencia-al-vacuno-de-leche\" \/>\n<meta property=\"og:site_name\" content=\"ASAJA Palencia\" \/>\n<meta property=\"article:published_time\" content=\"2022-03-01T12:50:00+00:00\" \/>\n<meta property=\"og:image\" content=\"https:\/\/www.asajacyl.com\/palencia\/wp-content\/uploads\/sites\/3\/2017\/11\/recurso-vacuno-leche.jpg\" \/>\n\t<meta property=\"og:image:width\" content=\"1920\" \/>\n\t<meta property=\"og:image:height\" content=\"1080\" \/>\n\t<meta property=\"og:image:type\" content=\"image\/jpeg\" \/>\n<meta name=\"author\" content=\"Administrador\" \/>\n<meta name=\"twitter:card\" content=\"summary_large_image\" \/>\n<meta name=\"twitter:label1\" content=\"Escrito por\" \/>\n\t<meta name=\"twitter:data1\" content=\"Administrador\" \/>\n\t<meta name=\"twitter:label2\" content=\"Tiempo de lectura\" \/>\n\t<meta name=\"twitter:data2\" content=\"1 minuto\" \/>\n<script type=\"application\/ld+json\" class=\"yoast-schema-graph\">{\"@context\":\"https:\/\/schema.org\",\"@graph\":[{\"@type\":\"WebPage\",\"@id\":\"https:\/\/www.asajacyl.com\/palencia\/asaja-palencia-informa\/apoyo-decidido-de-la-diputacion-de-palencia-al-vacuno-de-leche\",\"url\":\"https:\/\/www.asajacyl.com\/palencia\/asaja-palencia-informa\/apoyo-decidido-de-la-diputacion-de-palencia-al-vacuno-de-leche\",\"name\":\"Apoyo decidido de la Diputaci\u00f3n de Palencia al vacuno de leche - ASAJA Palencia\",\"isPartOf\":{\"@id\":\"https:\/\/www.asajacyl.com\/palencia\/#website\"},\"primaryImageOfPage\":{\"@id\":\"https:\/\/www.asajacyl.com\/palencia\/asaja-palencia-informa\/apoyo-decidido-de-la-diputacion-de-palencia-al-vacuno-de-leche#primaryimage\"},\"image\":{\"@id\":\"https:\/\/www.asajacyl.com\/palencia\/asaja-palencia-informa\/apoyo-decidido-de-la-diputacion-de-palencia-al-vacuno-de-leche#primaryimage\"},\"thumbnailUrl\":\"https:\/\/www.asajacyl.com\/palencia\/wp-content\/uploads\/sites\/3\/2017\/11\/recurso-vacuno-leche.jpg\",\"datePublished\":\"2022-03-01T12:50:00+00:00\",\"author\":{\"@id\":\"https:\/\/www.asajacyl.com\/palencia\/#\/schema\/person\/3ab17aeb03527485c317557fae64aab1\"},\"description\":\"La Diputaci\u00f3n de Palencia ha renovado su colaboraci\u00f3n con la Federaci\u00f3n de Frisona de Castilla y Le\u00f3n (FEFRICALE), mediante una subvenci\u00f3n de 15.000\",\"breadcrumb\":{\"@id\":\"https:\/\/www.asajacyl.com\/palencia\/asaja-palencia-informa\/apoyo-decidido-de-la-diputacion-de-palencia-al-vacuno-de-leche#breadcrumb\"},\"inLanguage\":\"es\",\"potentialAction\":[{\"@type\":\"ReadAction\",\"target\":[\"https:\/\/www.asajacyl.com\/palencia\/asaja-palencia-informa\/apoyo-decidido-de-la-diputacion-de-palencia-al-vacuno-de-leche\"]}]},{\"@type\":\"ImageObject\",\"inLanguage\":\"es\",\"@id\":\"https:\/\/www.asajacyl.com\/palencia\/asaja-palencia-informa\/apoyo-decidido-de-la-diputacion-de-palencia-al-vacuno-de-leche#primaryimage\",\"url\":\"https:\/\/www.asajacyl.com\/palencia\/wp-content\/uploads\/sites\/3\/2017\/11\/recurso-vacuno-leche.jpg\",\"contentUrl\":\"https:\/\/www.asajacyl.com\/palencia\/wp-content\/uploads\/sites\/3\/2017\/11\/recurso-vacuno-leche.jpg\",\"width\":1920,\"height\":1080,\"caption\":\"Vacuno leche\"},{\"@type\":\"BreadcrumbList\",\"@id\":\"https:\/\/www.asajacyl.com\/palencia\/asaja-palencia-informa\/apoyo-decidido-de-la-diputacion-de-palencia-al-vacuno-de-leche#breadcrumb\",\"itemListElement\":[{\"@type\":\"ListItem\",\"position\":1,\"name\":\"Portada\",\"item\":\"https:\/\/www.asajacyl.com\/palencia\/\"},{\"@type\":\"ListItem\",\"position\":2,\"name\":\"Apoyo decidido de la Diputaci\u00f3n de Palencia al vacuno de leche\"}]},{\"@type\":\"WebSite\",\"@id\":\"https:\/\/www.asajacyl.com\/palencia\/#website\",\"url\":\"https:\/\/www.asajacyl.com\/palencia\/\",\"name\":\"ASAJA Palencia\",\"description\":\"Otro sitio m\u00e1s de Provincias ASAJA Castilla y Le\u00f3n\",\"potentialAction\":[{\"@type\":\"SearchAction\",\"target\":{\"@type\":\"EntryPoint\",\"urlTemplate\":\"https:\/\/www.asajacyl.com\/palencia\/?s={search_term_string}\"},\"query-input\":{\"@type\":\"PropertyValueSpecification\",\"valueRequired\":true,\"valueName\":\"search_term_string\"}}],\"inLanguage\":\"es\"},{\"@type\":\"Person\",\"@id\":\"https:\/\/www.asajacyl.com\/palencia\/#\/schema\/person\/3ab17aeb03527485c317557fae64aab1\",\"name\":\"Administrador\",\"image\":{\"@type\":\"ImageObject\",\"inLanguage\":\"es\",\"@id\":\"https:\/\/www.asajacyl.com\/palencia\/#\/schema\/person\/image\/\",\"url\":\"https:\/\/secure.gravatar.com\/avatar\/517384810d242ca9e38c180f3c9fb973?s=96&d=mm&r=g\",\"contentUrl\":\"https:\/\/secure.gravatar.com\/avatar\/517384810d242ca9e38c180f3c9fb973?s=96&d=mm&r=g\",\"caption\":\"Administrador\"},\"url\":\"https:\/\/www.asajacyl.com\/palencia\/author\/carlosrm\"}]}<\/script>\n<!-- \/ Yoast SEO plugin. -->","yoast_head_json":{"title":"Apoyo decidido de la Diputaci\u00f3n de Palencia al vacuno de leche - ASAJA Palencia","description":"La Diputaci\u00f3n de Palencia ha renovado su colaboraci\u00f3n con la Federaci\u00f3n de Frisona de Castilla y Le\u00f3n (FEFRICALE), mediante una subvenci\u00f3n de 15.000","robots":{"index":"index","follow":"follow","max-snippet":"max-snippet:-1","max-image-preview":"max-image-preview:large","max-video-preview":"max-video-preview:-1"},"canonical":"https:\/\/www.asajacyl.com\/palencia\/asaja-palencia-informa\/apoyo-decidido-de-la-diputacion-de-palencia-al-vacuno-de-leche","og_locale":"es_ES","og_type":"article","og_title":"Apoyo decidido de la Diputaci\u00f3n de Palencia al vacuno de leche - ASAJA Palencia","og_description":"La Diputaci\u00f3n de Palencia ha renovado su colaboraci\u00f3n con la Federaci\u00f3n de Frisona de Castilla y Le\u00f3n (FEFRICALE), mediante una subvenci\u00f3n de 15.000","og_url":"https:\/\/www.asajacyl.com\/palencia\/asaja-palencia-informa\/apoyo-decidido-de-la-diputacion-de-palencia-al-vacuno-de-leche","og_site_name":"ASAJA Palencia","article_published_time":"2022-03-01T12:50:00+00:00","og_image":[{"width":1920,"height":1080,"url":"https:\/\/www.asajacyl.com\/palencia\/wp-content\/uploads\/sites\/3\/2017\/11\/recurso-vacuno-leche.jpg","type":"image\/jpeg"}],"author":"Administrador","twitter_card":"summary_large_image","twitter_misc":{"Escrito por":"Administrador","Tiempo de lectura":"1 minuto"},"schema":{"@context":"https:\/\/schema.org","@graph":[{"@type":"WebPage","@id":"https:\/\/www.asajacyl.com\/palencia\/asaja-palencia-informa\/apoyo-decidido-de-la-diputacion-de-palencia-al-vacuno-de-leche","url":"https:\/\/www.asajacyl.com\/palencia\/asaja-palencia-informa\/apoyo-decidido-de-la-diputacion-de-palencia-al-vacuno-de-leche","name":"Apoyo decidido de la Diputaci\u00f3n de Palencia al vacuno de leche - ASAJA Palencia","isPartOf":{"@id":"https:\/\/www.asajacyl.com\/palencia\/#website"},"primaryImageOfPage":{"@id":"https:\/\/www.asajacyl.com\/palencia\/asaja-palencia-informa\/apoyo-decidido-de-la-diputacion-de-palencia-al-vacuno-de-leche#primaryimage"},"image":{"@id":"https:\/\/www.asajacyl.com\/palencia\/asaja-palencia-informa\/apoyo-decidido-de-la-diputacion-de-palencia-al-vacuno-de-leche#primaryimage"},"thumbnailUrl":"https:\/\/www.asajacyl.com\/palencia\/wp-content\/uploads\/sites\/3\/2017\/11\/recurso-vacuno-leche.jpg","datePublished":"2022-03-01T12:50:00+00:00","author":{"@id":"https:\/\/www.asajacyl.com\/palencia\/#\/schema\/person\/3ab17aeb03527485c317557fae64aab1"},"description":"La Diputaci\u00f3n de Palencia ha renovado su colaboraci\u00f3n con la Federaci\u00f3n de Frisona de Castilla y Le\u00f3n (FEFRICALE), mediante una subvenci\u00f3n de 15.000","breadcrumb":{"@id":"https:\/\/www.asajacyl.com\/palencia\/asaja-palencia-informa\/apoyo-decidido-de-la-diputacion-de-palencia-al-vacuno-de-leche#breadcrumb"},"inLanguage":"es","potentialAction":[{"@type":"ReadAction","target":["https:\/\/www.asajacyl.com\/palencia\/asaja-palencia-informa\/apoyo-decidido-de-la-diputacion-de-palencia-al-vacuno-de-leche"]}]},{"@type":"ImageObject","inLanguage":"es","@id":"https:\/\/www.asajacyl.com\/palencia\/asaja-palencia-informa\/apoyo-decidido-de-la-diputacion-de-palencia-al-vacuno-de-leche#primaryimage","url":"https:\/\/www.asajacyl.com\/palencia\/wp-content\/uploads\/sites\/3\/2017\/11\/recurso-vacuno-leche.jpg","contentUrl":"https:\/\/www.asajacyl.com\/palencia\/wp-content\/uploads\/sites\/3\/2017\/11\/recurso-vacuno-leche.jpg","width":1920,"height":1080,"caption":"Vacuno leche"},{"@type":"BreadcrumbList","@id":"https:\/\/www.asajacyl.com\/palencia\/asaja-palencia-informa\/apoyo-decidido-de-la-diputacion-de-palencia-al-vacuno-de-leche#breadcrumb","itemListElement":[{"@type":"ListItem","position":1,"name":"Portada","item":"https:\/\/www.asajacyl.com\/palencia\/"},{"@type":"ListItem","position":2,"name":"Apoyo decidido de la Diputaci\u00f3n de Palencia al vacuno de leche"}]},{"@type":"WebSite","@id":"https:\/\/www.asajacyl.com\/palencia\/#website","url":"https:\/\/www.asajacyl.com\/palencia\/","name":"ASAJA Palencia","description":"Otro sitio m\u00e1s de Provincias ASAJA Castilla y Le\u00f3n","potentialAction":[{"@type":"SearchAction","target":{"@type":"EntryPoint","urlTemplate":"https:\/\/www.asajacyl.com\/palencia\/?s={search_term_string}"},"query-input":{"@type":"PropertyValueSpecification","valueRequired":true,"valueName":"search_term_string"}}],"inLanguage":"es"},{"@type":"Person","@id":"https:\/\/www.asajacyl.com\/palencia\/#\/schema\/person\/3ab17aeb03527485c317557fae64aab1","name":"Administrador","image":{"@type":"ImageObject","inLanguage":"es","@id":"https:\/\/www.asajacyl.com\/palencia\/#\/schema\/person\/image\/","url":"https:\/\/secure.gravatar.com\/avatar\/517384810d242ca9e38c180f3c9fb973?s=96&d=mm&r=g","contentUrl":"https:\/\/secure.gravatar.com\/avatar\/517384810d242ca9e38c180f3c9fb973?s=96&d=mm&r=g","caption":"Administrador"},"url":"https:\/\/www.asajacyl.com\/palencia\/author\/carlosrm"}]}},"_links":{"self":[{"href":"https:\/\/www.asajacyl.com\/palencia\/wp-json\/wp\/v2\/posts\/9938"}],"collection":[{"href":"https:\/\/www.asajacyl.com\/palencia\/wp-json\/wp\/v2\/posts"}],"about":[{"href":"https:\/\/www.asajacyl.com\/palencia\/wp-json\/wp\/v2\/types\/post"}],"author":[{"embeddable":true,"href":"https:\/\/www.asajacyl.com\/palencia\/wp-json\/wp\/v2\/users\/9"}],"replies":[{"embeddable":true,"href":"https:\/\/www.asajacyl.com\/palencia\/wp-json\/wp\/v2\/comments?post=9938"}],"version-history":[{"count":1,"href":"https:\/\/www.asajacyl.com\/palencia\/wp-json\/wp\/v2\/posts\/9938\/revisions"}],"predecessor-version":[{"id":9939,"href":"https:\/\/www.asajacyl.com\/palencia\/wp-json\/wp\/v2\/posts\/9938\/revisions\/9939"}],"wp:featuredmedia":[{"embeddable":true,"href":"https:\/\/www.asajacyl.com\/palencia\/wp-json\/wp\/v2\/media\/1060"}],"wp:attachment":[{"href":"https:\/\/www.asajacyl.com\/palencia\/wp-json\/wp\/v2\/media?parent=9938"}],"wp:term":[{"taxonomy":"category","embeddable":true,"href":"https:\/\/www.asajacyl.com\/palencia\/wp-json\/wp\/v2\/categories?post=9938"},{"taxonomy":"post_tag","embeddable":true,"href":"https:\/\/www.asajacyl.com\/palencia\/wp-json\/wp\/v2\/tags?post=9938"}],"curies":[{"name":"wp","href":"https:\/\/api.w.org\/{rel}","templated":true}]}}