{"id":9952,"date":"2022-03-07T12:37:00","date_gmt":"2022-03-07T11:37:00","guid":{"rendered":"https:\/\/www.asajacyl.com\/palencia\/?p=9952"},"modified":"2022-02-28T12:40:04","modified_gmt":"2022-02-28T11:40:04","slug":"veintinueve-anos-y-seguimos-igual","status":"publish","type":"post","link":"https:\/\/www.asajacyl.com\/palencia\/asaja-palencia-informa\/veintinueve-anos-y-seguimos-igual","title":{"rendered":"Veintinueve a\u00f1os y seguimos igual"},"content":{"rendered":"\n<p>Pasan los d\u00edas y pr\u00e1cticamente sigue sin llover, el clima es caprichoso y tiene esas cosas con las que los agricultores tenemos que lidiar. Si estos desmanes del clima tienen un origen externo al funcionamiento normal del planeta, todos, o casi todos, sabemos que el origen es humano y no animal, como se nos quiere hacer ver. Cuando se pararon los veh\u00edculos, durante el confinamiento del a\u00f1o pasado, la contaminaci\u00f3n se redujo a la par que el consumo de carburantes pero desde las altas instancias pol\u00edticas contin\u00faan contaminando a la opini\u00f3n p\u00fablica y ensuciando el buen nombre de la ganader\u00eda espa\u00f1ola.<\/p>\n\n\n\n<p>Sea como fuere, el caso es que no llueve. La palabra secano implica que los cultivos s\u00f3lo reciben el agua de la lluvia por lo que la situaci\u00f3n es complicada. Es tal el raquitismo generalizado que tenemos en los cultivos que la fauna est\u00e1 haciendo un da\u00f1o inconmensurable, los animales comen lo mismo pero necesitan mucha m\u00e1s superficie para ver sus necesidades alimentarias satisfechas. La Administraci\u00f3n mira el tema desde la barrera pero no hace nada y as\u00ed nos va.<\/p>\n\n\n\n<p>Con esta situaci\u00f3n de los cultivos de secano los agricultores ya contamos, estamos acostumbrados a mirar al cielo y esperar que llueva sabiendo que San Isidro unas veces se porta y otras no. Otro tema son los cultivos de regad\u00edo, ah\u00ed podemos regar y dar al cultivo el agua que demanda pero qu\u00e9 coraje da cuando llegan estas fechas y tenemos los embalses de Palencia al 40,8% de su capacidad cuando normalmente est\u00e1n al 55,9% y el a\u00f1o pasado estaban al 75% del total almacenable \u2013no olvidemos que adem\u00e1s hay que dejar un resguardo en los embalses por lo que no todo el agua se puede utilizar-. De seguir as\u00ed la campa\u00f1a de riego en nuestros sistemas, Carri\u00f3n y Pisuerga, va a ser m\u00e1s que complicada y gran parte de la superficie te\u00f3ricamente regable deber\u00e1 ser sacrificada.<\/p>\n\n\n\n<p>La Confederaci\u00f3n Hidrogr\u00e1fica del Duero se encuentra tramitando el nuevo Plan Hidrol\u00f3gico del Duero y vemos con miedo, y por qu\u00e9 no decirlo tambi\u00e9n con pena, que no se contemplan inversiones para aumentar el almacenamiento de agua en Palencia, algo refrendado por los Presupuestos Generales del Estado un a\u00f1o tras otro. El ecologista modus operandi de la CHD est\u00e1 llegando al l\u00edmite y nos dejan a los regantes abandonados a nuestra suerte.<\/p>\n\n\n\n<p>Han pasado ya 29 a\u00f1os desde que los pol\u00edticos nos negaron el agua que el sistema Carri\u00f3n necesita, no permitiendo la construcci\u00f3n del embalse de Vidrieros. Desde entonces no s\u00f3lo no se realiza ninguna infraestructura para almacenar agua sino que la CHD opina que, dado que llueve menos, lo que hay que hacer es no invertir en almacenar agua cuando hasta un ni\u00f1o de cinco a\u00f1os sabe que si van a cortar el agua en casa lo primero que hay que hacer es llenar unos cuantos cubos y botellas.<\/p>\n\n\n\n<p>Pues aqu\u00ed ni cubos, ni botellas, ni embalses, ni nada. Una vez m\u00e1s los regantes tenemos que lidiar este toro solos, sin el apoyo de quien deber\u00eda tener como prioridad que el agua llegue a todos los usuarios en la cantidad que precisan. No es culpa nuestra que el sistema Carri\u00f3n sea deficitario desde tiempos inmemoriales y s\u00ed es culpa de la CHD que tengamos que hablar de esto de forma recurrente porque no hacen nada al respecto. Ojo al parche, 29 a\u00f1os, suma y sigue.<\/p>\n","protected":false},"excerpt":{"rendered":"<p>Pasan los d\u00edas y pr\u00e1cticamente sigue sin llover, el clima es caprichoso y tiene esas cosas con las que los agricultores tenemos que lidiar. Si estos desmanes del clima tienen un origen externo al funcionamiento normal del planeta, todos, o casi todos, sabemos que el origen es humano y no animal, como se nos quiere [&hellip;]<\/p>\n","protected":false},"author":9,"featured_media":7886,"comment_status":"open","ping_status":"open","sticky":false,"template":"","format":"standard","meta":{"footnotes":""},"categories":[9,30],"tags":[],"yoast_head":"<!-- This site is optimized with the Yoast SEO plugin v24.5 - https:\/\/yoast.com\/wordpress\/plugins\/seo\/ -->\n<title>Veintinueve a\u00f1os y seguimos igual - ASAJA Palencia<\/title>\n<meta name=\"description\" content=\"Pasan los d\u00edas y pr\u00e1cticamente sigue sin llover, el clima es caprichoso y tiene esas cosas con las que los agricultores tenemos que lidiar. Si estos\" \/>\n<meta name=\"robots\" content=\"index, follow, max-snippet:-1, max-image-preview:large, max-video-preview:-1\" \/>\n<link rel=\"canonical\" href=\"https:\/\/www.asajacyl.com\/palencia\/asaja-palencia-informa\/veintinueve-anos-y-seguimos-igual\" \/>\n<meta property=\"og:locale\" content=\"es_ES\" \/>\n<meta property=\"og:type\" content=\"article\" \/>\n<meta property=\"og:title\" content=\"Veintinueve a\u00f1os y seguimos igual - ASAJA Palencia\" \/>\n<meta property=\"og:description\" content=\"Pasan los d\u00edas y pr\u00e1cticamente sigue sin llover, el clima es caprichoso y tiene esas cosas con las que los agricultores tenemos que lidiar. Si estos\" \/>\n<meta property=\"og:url\" content=\"https:\/\/www.asajacyl.com\/palencia\/asaja-palencia-informa\/veintinueve-anos-y-seguimos-igual\" \/>\n<meta property=\"og:site_name\" content=\"ASAJA Palencia\" \/>\n<meta property=\"article:published_time\" content=\"2022-03-07T11:37:00+00:00\" \/>\n<meta property=\"og:image\" content=\"https:\/\/www.asajacyl.com\/palencia\/wp-content\/uploads\/sites\/3\/2020\/12\/foto-2-Nato-careto.jpg\" \/>\n\t<meta property=\"og:image:width\" content=\"1667\" \/>\n\t<meta property=\"og:image:height\" content=\"2500\" \/>\n\t<meta property=\"og:image:type\" content=\"image\/jpeg\" \/>\n<meta name=\"author\" content=\"Administrador\" \/>\n<meta name=\"twitter:card\" content=\"summary_large_image\" \/>\n<meta name=\"twitter:label1\" content=\"Escrito por\" \/>\n\t<meta name=\"twitter:data1\" content=\"Administrador\" \/>\n\t<meta name=\"twitter:label2\" content=\"Tiempo de lectura\" \/>\n\t<meta name=\"twitter:data2\" content=\"3 minutos\" \/>\n<script type=\"application\/ld+json\" class=\"yoast-schema-graph\">{\"@context\":\"https:\/\/schema.org\",\"@graph\":[{\"@type\":\"WebPage\",\"@id\":\"https:\/\/www.asajacyl.com\/palencia\/asaja-palencia-informa\/veintinueve-anos-y-seguimos-igual\",\"url\":\"https:\/\/www.asajacyl.com\/palencia\/asaja-palencia-informa\/veintinueve-anos-y-seguimos-igual\",\"name\":\"Veintinueve a\u00f1os y seguimos igual - ASAJA Palencia\",\"isPartOf\":{\"@id\":\"https:\/\/www.asajacyl.com\/palencia\/#website\"},\"primaryImageOfPage\":{\"@id\":\"https:\/\/www.asajacyl.com\/palencia\/asaja-palencia-informa\/veintinueve-anos-y-seguimos-igual#primaryimage\"},\"image\":{\"@id\":\"https:\/\/www.asajacyl.com\/palencia\/asaja-palencia-informa\/veintinueve-anos-y-seguimos-igual#primaryimage\"},\"thumbnailUrl\":\"https:\/\/www.asajacyl.com\/palencia\/wp-content\/uploads\/sites\/3\/2020\/12\/foto-2-Nato-careto.jpg\",\"datePublished\":\"2022-03-07T11:37:00+00:00\",\"author\":{\"@id\":\"https:\/\/www.asajacyl.com\/palencia\/#\/schema\/person\/3ab17aeb03527485c317557fae64aab1\"},\"description\":\"Pasan los d\u00edas y pr\u00e1cticamente sigue sin llover, el clima es caprichoso y tiene esas cosas con las que los agricultores tenemos que lidiar. Si estos\",\"breadcrumb\":{\"@id\":\"https:\/\/www.asajacyl.com\/palencia\/asaja-palencia-informa\/veintinueve-anos-y-seguimos-igual#breadcrumb\"},\"inLanguage\":\"es\",\"potentialAction\":[{\"@type\":\"ReadAction\",\"target\":[\"https:\/\/www.asajacyl.com\/palencia\/asaja-palencia-informa\/veintinueve-anos-y-seguimos-igual\"]}]},{\"@type\":\"ImageObject\",\"inLanguage\":\"es\",\"@id\":\"https:\/\/www.asajacyl.com\/palencia\/asaja-palencia-informa\/veintinueve-anos-y-seguimos-igual#primaryimage\",\"url\":\"https:\/\/www.asajacyl.com\/palencia\/wp-content\/uploads\/sites\/3\/2020\/12\/foto-2-Nato-careto.jpg\",\"contentUrl\":\"https:\/\/www.asajacyl.com\/palencia\/wp-content\/uploads\/sites\/3\/2020\/12\/foto-2-Nato-careto.jpg\",\"width\":1667,\"height\":2500,\"caption\":\"honorato meneses\"},{\"@type\":\"BreadcrumbList\",\"@id\":\"https:\/\/www.asajacyl.com\/palencia\/asaja-palencia-informa\/veintinueve-anos-y-seguimos-igual#breadcrumb\",\"itemListElement\":[{\"@type\":\"ListItem\",\"position\":1,\"name\":\"Portada\",\"item\":\"https:\/\/www.asajacyl.com\/palencia\/\"},{\"@type\":\"ListItem\",\"position\":2,\"name\":\"Veintinueve a\u00f1os y seguimos igual\"}]},{\"@type\":\"WebSite\",\"@id\":\"https:\/\/www.asajacyl.com\/palencia\/#website\",\"url\":\"https:\/\/www.asajacyl.com\/palencia\/\",\"name\":\"ASAJA Palencia\",\"description\":\"Otro sitio m\u00e1s de Provincias ASAJA Castilla y Le\u00f3n\",\"potentialAction\":[{\"@type\":\"SearchAction\",\"target\":{\"@type\":\"EntryPoint\",\"urlTemplate\":\"https:\/\/www.asajacyl.com\/palencia\/?s={search_term_string}\"},\"query-input\":{\"@type\":\"PropertyValueSpecification\",\"valueRequired\":true,\"valueName\":\"search_term_string\"}}],\"inLanguage\":\"es\"},{\"@type\":\"Person\",\"@id\":\"https:\/\/www.asajacyl.com\/palencia\/#\/schema\/person\/3ab17aeb03527485c317557fae64aab1\",\"name\":\"Administrador\",\"image\":{\"@type\":\"ImageObject\",\"inLanguage\":\"es\",\"@id\":\"https:\/\/www.asajacyl.com\/palencia\/#\/schema\/person\/image\/\",\"url\":\"https:\/\/secure.gravatar.com\/avatar\/517384810d242ca9e38c180f3c9fb973?s=96&d=mm&r=g\",\"contentUrl\":\"https:\/\/secure.gravatar.com\/avatar\/517384810d242ca9e38c180f3c9fb973?s=96&d=mm&r=g\",\"caption\":\"Administrador\"},\"url\":\"https:\/\/www.asajacyl.com\/palencia\/author\/carlosrm\"}]}<\/script>\n<!-- \/ Yoast SEO plugin. -->","yoast_head_json":{"title":"Veintinueve a\u00f1os y seguimos igual - ASAJA Palencia","description":"Pasan los d\u00edas y pr\u00e1cticamente sigue sin llover, el clima es caprichoso y tiene esas cosas con las que los agricultores tenemos que lidiar. Si estos","robots":{"index":"index","follow":"follow","max-snippet":"max-snippet:-1","max-image-preview":"max-image-preview:large","max-video-preview":"max-video-preview:-1"},"canonical":"https:\/\/www.asajacyl.com\/palencia\/asaja-palencia-informa\/veintinueve-anos-y-seguimos-igual","og_locale":"es_ES","og_type":"article","og_title":"Veintinueve a\u00f1os y seguimos igual - ASAJA Palencia","og_description":"Pasan los d\u00edas y pr\u00e1cticamente sigue sin llover, el clima es caprichoso y tiene esas cosas con las que los agricultores tenemos que lidiar. Si estos","og_url":"https:\/\/www.asajacyl.com\/palencia\/asaja-palencia-informa\/veintinueve-anos-y-seguimos-igual","og_site_name":"ASAJA Palencia","article_published_time":"2022-03-07T11:37:00+00:00","og_image":[{"width":1667,"height":2500,"url":"https:\/\/www.asajacyl.com\/palencia\/wp-content\/uploads\/sites\/3\/2020\/12\/foto-2-Nato-careto.jpg","type":"image\/jpeg"}],"author":"Administrador","twitter_card":"summary_large_image","twitter_misc":{"Escrito por":"Administrador","Tiempo de lectura":"3 minutos"},"schema":{"@context":"https:\/\/schema.org","@graph":[{"@type":"WebPage","@id":"https:\/\/www.asajacyl.com\/palencia\/asaja-palencia-informa\/veintinueve-anos-y-seguimos-igual","url":"https:\/\/www.asajacyl.com\/palencia\/asaja-palencia-informa\/veintinueve-anos-y-seguimos-igual","name":"Veintinueve a\u00f1os y seguimos igual - ASAJA Palencia","isPartOf":{"@id":"https:\/\/www.asajacyl.com\/palencia\/#website"},"primaryImageOfPage":{"@id":"https:\/\/www.asajacyl.com\/palencia\/asaja-palencia-informa\/veintinueve-anos-y-seguimos-igual#primaryimage"},"image":{"@id":"https:\/\/www.asajacyl.com\/palencia\/asaja-palencia-informa\/veintinueve-anos-y-seguimos-igual#primaryimage"},"thumbnailUrl":"https:\/\/www.asajacyl.com\/palencia\/wp-content\/uploads\/sites\/3\/2020\/12\/foto-2-Nato-careto.jpg","datePublished":"2022-03-07T11:37:00+00:00","author":{"@id":"https:\/\/www.asajacyl.com\/palencia\/#\/schema\/person\/3ab17aeb03527485c317557fae64aab1"},"description":"Pasan los d\u00edas y pr\u00e1cticamente sigue sin llover, el clima es caprichoso y tiene esas cosas con las que los agricultores tenemos que lidiar. Si estos","breadcrumb":{"@id":"https:\/\/www.asajacyl.com\/palencia\/asaja-palencia-informa\/veintinueve-anos-y-seguimos-igual#breadcrumb"},"inLanguage":"es","potentialAction":[{"@type":"ReadAction","target":["https:\/\/www.asajacyl.com\/palencia\/asaja-palencia-informa\/veintinueve-anos-y-seguimos-igual"]}]},{"@type":"ImageObject","inLanguage":"es","@id":"https:\/\/www.asajacyl.com\/palencia\/asaja-palencia-informa\/veintinueve-anos-y-seguimos-igual#primaryimage","url":"https:\/\/www.asajacyl.com\/palencia\/wp-content\/uploads\/sites\/3\/2020\/12\/foto-2-Nato-careto.jpg","contentUrl":"https:\/\/www.asajacyl.com\/palencia\/wp-content\/uploads\/sites\/3\/2020\/12\/foto-2-Nato-careto.jpg","width":1667,"height":2500,"caption":"honorato meneses"},{"@type":"BreadcrumbList","@id":"https:\/\/www.asajacyl.com\/palencia\/asaja-palencia-informa\/veintinueve-anos-y-seguimos-igual#breadcrumb","itemListElement":[{"@type":"ListItem","position":1,"name":"Portada","item":"https:\/\/www.asajacyl.com\/palencia\/"},{"@type":"ListItem","position":2,"name":"Veintinueve a\u00f1os y seguimos igual"}]},{"@type":"WebSite","@id":"https:\/\/www.asajacyl.com\/palencia\/#website","url":"https:\/\/www.asajacyl.com\/palencia\/","name":"ASAJA Palencia","description":"Otro sitio m\u00e1s de Provincias ASAJA Castilla y Le\u00f3n","potentialAction":[{"@type":"SearchAction","target":{"@type":"EntryPoint","urlTemplate":"https:\/\/www.asajacyl.com\/palencia\/?s={search_term_string}"},"query-input":{"@type":"PropertyValueSpecification","valueRequired":true,"valueName":"search_term_string"}}],"inLanguage":"es"},{"@type":"Person","@id":"https:\/\/www.asajacyl.com\/palencia\/#\/schema\/person\/3ab17aeb03527485c317557fae64aab1","name":"Administrador","image":{"@type":"ImageObject","inLanguage":"es","@id":"https:\/\/www.asajacyl.com\/palencia\/#\/schema\/person\/image\/","url":"https:\/\/secure.gravatar.com\/avatar\/517384810d242ca9e38c180f3c9fb973?s=96&d=mm&r=g","contentUrl":"https:\/\/secure.gravatar.com\/avatar\/517384810d242ca9e38c180f3c9fb973?s=96&d=mm&r=g","caption":"Administrador"},"url":"https:\/\/www.asajacyl.com\/palencia\/author\/carlosrm"}]}},"_links":{"self":[{"href":"https:\/\/www.asajacyl.com\/palencia\/wp-json\/wp\/v2\/posts\/9952"}],"collection":[{"href":"https:\/\/www.asajacyl.com\/palencia\/wp-json\/wp\/v2\/posts"}],"about":[{"href":"https:\/\/www.asajacyl.com\/palencia\/wp-json\/wp\/v2\/types\/post"}],"author":[{"embeddable":true,"href":"https:\/\/www.asajacyl.com\/palencia\/wp-json\/wp\/v2\/users\/9"}],"replies":[{"embeddable":true,"href":"https:\/\/www.asajacyl.com\/palencia\/wp-json\/wp\/v2\/comments?post=9952"}],"version-history":[{"count":1,"href":"https:\/\/www.asajacyl.com\/palencia\/wp-json\/wp\/v2\/posts\/9952\/revisions"}],"predecessor-version":[{"id":9953,"href":"https:\/\/www.asajacyl.com\/palencia\/wp-json\/wp\/v2\/posts\/9952\/revisions\/9953"}],"wp:featuredmedia":[{"embeddable":true,"href":"https:\/\/www.asajacyl.com\/palencia\/wp-json\/wp\/v2\/media\/7886"}],"wp:attachment":[{"href":"https:\/\/www.asajacyl.com\/palencia\/wp-json\/wp\/v2\/media?parent=9952"}],"wp:term":[{"taxonomy":"category","embeddable":true,"href":"https:\/\/www.asajacyl.com\/palencia\/wp-json\/wp\/v2\/categories?post=9952"},{"taxonomy":"post_tag","embeddable":true,"href":"https:\/\/www.asajacyl.com\/palencia\/wp-json\/wp\/v2\/tags?post=9952"}],"curies":[{"name":"wp","href":"https:\/\/api.w.org\/{rel}","templated":true}]}}