{"id":9955,"date":"2022-03-06T14:18:00","date_gmt":"2022-03-06T13:18:00","guid":{"rendered":"https:\/\/www.asajacyl.com\/palencia\/?p=9955"},"modified":"2022-03-11T08:18:14","modified_gmt":"2022-03-11T07:18:14","slug":"convocatoria-de-asamblea-general-ordinaria","status":"publish","type":"post","link":"https:\/\/www.asajacyl.com\/palencia\/asaja-palencia-informa\/convocatoria-de-asamblea-general-ordinaria","title":{"rendered":"Convocatoria de Asamblea General Ordinaria"},"content":{"rendered":"\n<p>ASAJA celebrar\u00e1 su Asamblea General el pr\u00f3ximo martes d\u00eda 8 de marzo a las 12:00 horas en el Auditorio de Caja Espa\u00f1a, situado en la calle Mayor n\u00famero 54 de la capital palentina.<\/p>\n\n\n\n<p>En la asamblea se presentar\u00e1 el ejercicio econ\u00f3mico del a\u00f1o 2021 as\u00ed como el presupuesto para 2022. Tras estos dos puntos del orden del d\u00eda se pasar\u00e1 al Informe del Presidente, Honorato Meneses, el cual estar\u00e1 acompa\u00f1ado del presidente regional de ASAJA, Donaciano Dujo.<\/p>\n\n\n\n<p>Al t\u00e9rmino de la Asamblea se sortear\u00e1n cinco viajes entre aquellos socios que hayan tramitado la PAC en la asociaci\u00f3n y otros cinco que entre los que hayan tramitado los seguros agrarios en ASAJA.<\/p>\n\n\n\n<p>Se recuerda que no es necesario estar en la sala para ser beneficiario del sorteo.<\/p>\n\n\n\n<figure class=\"wp-block-image size-large is-resized\"><img loading=\"lazy\" decoding=\"async\" src=\"https:\/\/www.asajacyl.com\/palencia\/wp-content\/uploads\/sites\/3\/2022\/02\/image-2-1024x413.png\" alt=\"\" class=\"wp-image-9956\" width=\"1065\" height=\"430\" srcset=\"https:\/\/www.asajacyl.com\/palencia\/wp-content\/uploads\/sites\/3\/2022\/02\/image-2-1024x413.png 1024w, https:\/\/www.asajacyl.com\/palencia\/wp-content\/uploads\/sites\/3\/2022\/02\/image-2-300x121.png 300w, https:\/\/www.asajacyl.com\/palencia\/wp-content\/uploads\/sites\/3\/2022\/02\/image-2-768x310.png 768w, https:\/\/www.asajacyl.com\/palencia\/wp-content\/uploads\/sites\/3\/2022\/02\/image-2-1536x620.png 1536w, https:\/\/www.asajacyl.com\/palencia\/wp-content\/uploads\/sites\/3\/2022\/02\/image-2-2048x826.png 2048w, https:\/\/www.asajacyl.com\/palencia\/wp-content\/uploads\/sites\/3\/2022\/02\/image-2-696x281.png 696w, https:\/\/www.asajacyl.com\/palencia\/wp-content\/uploads\/sites\/3\/2022\/02\/image-2-1068x431.png 1068w, https:\/\/www.asajacyl.com\/palencia\/wp-content\/uploads\/sites\/3\/2022\/02\/image-2-1920x775.png 1920w, https:\/\/www.asajacyl.com\/palencia\/wp-content\/uploads\/sites\/3\/2022\/02\/image-2-1041x420.png 1041w\" sizes=\"(max-width: 1065px) 100vw, 1065px\" \/><\/figure>\n","protected":false},"excerpt":{"rendered":"<p>ASAJA celebrar\u00e1 su Asamblea General el pr\u00f3ximo martes d\u00eda 8 de marzo a las 12:00 horas en el Auditorio de Caja Espa\u00f1a, situado en la calle Mayor n\u00famero 54 de la capital palentina. En la asamblea se presentar\u00e1 el ejercicio econ\u00f3mico del a\u00f1o 2021 as\u00ed como el presupuesto para 2022. Tras estos dos puntos del [&hellip;]<\/p>\n","protected":false},"author":9,"featured_media":9956,"comment_status":"open","ping_status":"open","sticky":false,"template":"","format":"standard","meta":{"footnotes":""},"categories":[9,29,28],"tags":[],"yoast_head":"<!-- This site is optimized with the Yoast SEO plugin v24.5 - https:\/\/yoast.com\/wordpress\/plugins\/seo\/ -->\n<title>Convocatoria de Asamblea General Ordinaria - ASAJA Palencia<\/title>\n<meta name=\"description\" content=\"ASAJA celebrar\u00e1 su Asamblea General el pr\u00f3ximo martes d\u00eda 8 de marzo a las 12:00 horas en el Auditorio de Caja Espa\u00f1a, situado en la calle Mayor n\u00famero 54\" \/>\n<meta name=\"robots\" content=\"index, follow, max-snippet:-1, max-image-preview:large, max-video-preview:-1\" \/>\n<link rel=\"canonical\" href=\"https:\/\/www.asajacyl.com\/palencia\/asaja-palencia-informa\/convocatoria-de-asamblea-general-ordinaria\" \/>\n<meta property=\"og:locale\" content=\"es_ES\" \/>\n<meta property=\"og:type\" content=\"article\" \/>\n<meta property=\"og:title\" content=\"Convocatoria de Asamblea General Ordinaria - ASAJA Palencia\" \/>\n<meta property=\"og:description\" content=\"ASAJA celebrar\u00e1 su Asamblea General el pr\u00f3ximo martes d\u00eda 8 de marzo a las 12:00 horas en el Auditorio de Caja Espa\u00f1a, situado en la calle Mayor n\u00famero 54\" \/>\n<meta property=\"og:url\" content=\"https:\/\/www.asajacyl.com\/palencia\/asaja-palencia-informa\/convocatoria-de-asamblea-general-ordinaria\" \/>\n<meta property=\"og:site_name\" content=\"ASAJA Palencia\" \/>\n<meta property=\"article:published_time\" content=\"2022-03-06T13:18:00+00:00\" \/>\n<meta property=\"article:modified_time\" content=\"2022-03-11T07:18:14+00:00\" \/>\n<meta property=\"og:image\" content=\"https:\/\/www.asajacyl.com\/palencia\/wp-content\/uploads\/sites\/3\/2022\/02\/image-2.png\" \/>\n\t<meta property=\"og:image:width\" content=\"2228\" \/>\n\t<meta property=\"og:image:height\" content=\"899\" \/>\n\t<meta property=\"og:image:type\" content=\"image\/png\" \/>\n<meta name=\"author\" content=\"Administrador\" \/>\n<meta name=\"twitter:card\" content=\"summary_large_image\" \/>\n<meta name=\"twitter:label1\" content=\"Escrito por\" \/>\n\t<meta name=\"twitter:data1\" content=\"Administrador\" \/>\n\t<meta name=\"twitter:label2\" content=\"Tiempo de lectura\" \/>\n\t<meta name=\"twitter:data2\" content=\"1 minuto\" \/>\n<script type=\"application\/ld+json\" class=\"yoast-schema-graph\">{\"@context\":\"https:\/\/schema.org\",\"@graph\":[{\"@type\":\"WebPage\",\"@id\":\"https:\/\/www.asajacyl.com\/palencia\/asaja-palencia-informa\/convocatoria-de-asamblea-general-ordinaria\",\"url\":\"https:\/\/www.asajacyl.com\/palencia\/asaja-palencia-informa\/convocatoria-de-asamblea-general-ordinaria\",\"name\":\"Convocatoria de Asamblea General Ordinaria - ASAJA Palencia\",\"isPartOf\":{\"@id\":\"https:\/\/www.asajacyl.com\/palencia\/#website\"},\"primaryImageOfPage\":{\"@id\":\"https:\/\/www.asajacyl.com\/palencia\/asaja-palencia-informa\/convocatoria-de-asamblea-general-ordinaria#primaryimage\"},\"image\":{\"@id\":\"https:\/\/www.asajacyl.com\/palencia\/asaja-palencia-informa\/convocatoria-de-asamblea-general-ordinaria#primaryimage\"},\"thumbnailUrl\":\"https:\/\/www.asajacyl.com\/palencia\/wp-content\/uploads\/sites\/3\/2022\/02\/image-2.png\",\"datePublished\":\"2022-03-06T13:18:00+00:00\",\"dateModified\":\"2022-03-11T07:18:14+00:00\",\"author\":{\"@id\":\"https:\/\/www.asajacyl.com\/palencia\/#\/schema\/person\/3ab17aeb03527485c317557fae64aab1\"},\"description\":\"ASAJA celebrar\u00e1 su Asamblea General el pr\u00f3ximo martes d\u00eda 8 de marzo a las 12:00 horas en el Auditorio de Caja Espa\u00f1a, situado en la calle Mayor n\u00famero 54\",\"breadcrumb\":{\"@id\":\"https:\/\/www.asajacyl.com\/palencia\/asaja-palencia-informa\/convocatoria-de-asamblea-general-ordinaria#breadcrumb\"},\"inLanguage\":\"es\",\"potentialAction\":[{\"@type\":\"ReadAction\",\"target\":[\"https:\/\/www.asajacyl.com\/palencia\/asaja-palencia-informa\/convocatoria-de-asamblea-general-ordinaria\"]}]},{\"@type\":\"ImageObject\",\"inLanguage\":\"es\",\"@id\":\"https:\/\/www.asajacyl.com\/palencia\/asaja-palencia-informa\/convocatoria-de-asamblea-general-ordinaria#primaryimage\",\"url\":\"https:\/\/www.asajacyl.com\/palencia\/wp-content\/uploads\/sites\/3\/2022\/02\/image-2.png\",\"contentUrl\":\"https:\/\/www.asajacyl.com\/palencia\/wp-content\/uploads\/sites\/3\/2022\/02\/image-2.png\",\"width\":2228,\"height\":899},{\"@type\":\"BreadcrumbList\",\"@id\":\"https:\/\/www.asajacyl.com\/palencia\/asaja-palencia-informa\/convocatoria-de-asamblea-general-ordinaria#breadcrumb\",\"itemListElement\":[{\"@type\":\"ListItem\",\"position\":1,\"name\":\"Portada\",\"item\":\"https:\/\/www.asajacyl.com\/palencia\/\"},{\"@type\":\"ListItem\",\"position\":2,\"name\":\"Convocatoria de Asamblea General Ordinaria\"}]},{\"@type\":\"WebSite\",\"@id\":\"https:\/\/www.asajacyl.com\/palencia\/#website\",\"url\":\"https:\/\/www.asajacyl.com\/palencia\/\",\"name\":\"ASAJA Palencia\",\"description\":\"Otro sitio m\u00e1s de Provincias ASAJA Castilla y Le\u00f3n\",\"potentialAction\":[{\"@type\":\"SearchAction\",\"target\":{\"@type\":\"EntryPoint\",\"urlTemplate\":\"https:\/\/www.asajacyl.com\/palencia\/?s={search_term_string}\"},\"query-input\":{\"@type\":\"PropertyValueSpecification\",\"valueRequired\":true,\"valueName\":\"search_term_string\"}}],\"inLanguage\":\"es\"},{\"@type\":\"Person\",\"@id\":\"https:\/\/www.asajacyl.com\/palencia\/#\/schema\/person\/3ab17aeb03527485c317557fae64aab1\",\"name\":\"Administrador\",\"image\":{\"@type\":\"ImageObject\",\"inLanguage\":\"es\",\"@id\":\"https:\/\/www.asajacyl.com\/palencia\/#\/schema\/person\/image\/\",\"url\":\"https:\/\/secure.gravatar.com\/avatar\/517384810d242ca9e38c180f3c9fb973?s=96&d=mm&r=g\",\"contentUrl\":\"https:\/\/secure.gravatar.com\/avatar\/517384810d242ca9e38c180f3c9fb973?s=96&d=mm&r=g\",\"caption\":\"Administrador\"},\"url\":\"https:\/\/www.asajacyl.com\/palencia\/author\/carlosrm\"}]}<\/script>\n<!-- \/ Yoast SEO plugin. -->","yoast_head_json":{"title":"Convocatoria de Asamblea General Ordinaria - ASAJA Palencia","description":"ASAJA celebrar\u00e1 su Asamblea General el pr\u00f3ximo martes d\u00eda 8 de marzo a las 12:00 horas en el Auditorio de Caja Espa\u00f1a, situado en la calle Mayor n\u00famero 54","robots":{"index":"index","follow":"follow","max-snippet":"max-snippet:-1","max-image-preview":"max-image-preview:large","max-video-preview":"max-video-preview:-1"},"canonical":"https:\/\/www.asajacyl.com\/palencia\/asaja-palencia-informa\/convocatoria-de-asamblea-general-ordinaria","og_locale":"es_ES","og_type":"article","og_title":"Convocatoria de Asamblea General Ordinaria - ASAJA Palencia","og_description":"ASAJA celebrar\u00e1 su Asamblea General el pr\u00f3ximo martes d\u00eda 8 de marzo a las 12:00 horas en el Auditorio de Caja Espa\u00f1a, situado en la calle Mayor n\u00famero 54","og_url":"https:\/\/www.asajacyl.com\/palencia\/asaja-palencia-informa\/convocatoria-de-asamblea-general-ordinaria","og_site_name":"ASAJA Palencia","article_published_time":"2022-03-06T13:18:00+00:00","article_modified_time":"2022-03-11T07:18:14+00:00","og_image":[{"width":2228,"height":899,"url":"https:\/\/www.asajacyl.com\/palencia\/wp-content\/uploads\/sites\/3\/2022\/02\/image-2.png","type":"image\/png"}],"author":"Administrador","twitter_card":"summary_large_image","twitter_misc":{"Escrito por":"Administrador","Tiempo de lectura":"1 minuto"},"schema":{"@context":"https:\/\/schema.org","@graph":[{"@type":"WebPage","@id":"https:\/\/www.asajacyl.com\/palencia\/asaja-palencia-informa\/convocatoria-de-asamblea-general-ordinaria","url":"https:\/\/www.asajacyl.com\/palencia\/asaja-palencia-informa\/convocatoria-de-asamblea-general-ordinaria","name":"Convocatoria de Asamblea General Ordinaria - ASAJA Palencia","isPartOf":{"@id":"https:\/\/www.asajacyl.com\/palencia\/#website"},"primaryImageOfPage":{"@id":"https:\/\/www.asajacyl.com\/palencia\/asaja-palencia-informa\/convocatoria-de-asamblea-general-ordinaria#primaryimage"},"image":{"@id":"https:\/\/www.asajacyl.com\/palencia\/asaja-palencia-informa\/convocatoria-de-asamblea-general-ordinaria#primaryimage"},"thumbnailUrl":"https:\/\/www.asajacyl.com\/palencia\/wp-content\/uploads\/sites\/3\/2022\/02\/image-2.png","datePublished":"2022-03-06T13:18:00+00:00","dateModified":"2022-03-11T07:18:14+00:00","author":{"@id":"https:\/\/www.asajacyl.com\/palencia\/#\/schema\/person\/3ab17aeb03527485c317557fae64aab1"},"description":"ASAJA celebrar\u00e1 su Asamblea General el pr\u00f3ximo martes d\u00eda 8 de marzo a las 12:00 horas en el Auditorio de Caja Espa\u00f1a, situado en la calle Mayor n\u00famero 54","breadcrumb":{"@id":"https:\/\/www.asajacyl.com\/palencia\/asaja-palencia-informa\/convocatoria-de-asamblea-general-ordinaria#breadcrumb"},"inLanguage":"es","potentialAction":[{"@type":"ReadAction","target":["https:\/\/www.asajacyl.com\/palencia\/asaja-palencia-informa\/convocatoria-de-asamblea-general-ordinaria"]}]},{"@type":"ImageObject","inLanguage":"es","@id":"https:\/\/www.asajacyl.com\/palencia\/asaja-palencia-informa\/convocatoria-de-asamblea-general-ordinaria#primaryimage","url":"https:\/\/www.asajacyl.com\/palencia\/wp-content\/uploads\/sites\/3\/2022\/02\/image-2.png","contentUrl":"https:\/\/www.asajacyl.com\/palencia\/wp-content\/uploads\/sites\/3\/2022\/02\/image-2.png","width":2228,"height":899},{"@type":"BreadcrumbList","@id":"https:\/\/www.asajacyl.com\/palencia\/asaja-palencia-informa\/convocatoria-de-asamblea-general-ordinaria#breadcrumb","itemListElement":[{"@type":"ListItem","position":1,"name":"Portada","item":"https:\/\/www.asajacyl.com\/palencia\/"},{"@type":"ListItem","position":2,"name":"Convocatoria de Asamblea General Ordinaria"}]},{"@type":"WebSite","@id":"https:\/\/www.asajacyl.com\/palencia\/#website","url":"https:\/\/www.asajacyl.com\/palencia\/","name":"ASAJA Palencia","description":"Otro sitio m\u00e1s de Provincias ASAJA Castilla y Le\u00f3n","potentialAction":[{"@type":"SearchAction","target":{"@type":"EntryPoint","urlTemplate":"https:\/\/www.asajacyl.com\/palencia\/?s={search_term_string}"},"query-input":{"@type":"PropertyValueSpecification","valueRequired":true,"valueName":"search_term_string"}}],"inLanguage":"es"},{"@type":"Person","@id":"https:\/\/www.asajacyl.com\/palencia\/#\/schema\/person\/3ab17aeb03527485c317557fae64aab1","name":"Administrador","image":{"@type":"ImageObject","inLanguage":"es","@id":"https:\/\/www.asajacyl.com\/palencia\/#\/schema\/person\/image\/","url":"https:\/\/secure.gravatar.com\/avatar\/517384810d242ca9e38c180f3c9fb973?s=96&d=mm&r=g","contentUrl":"https:\/\/secure.gravatar.com\/avatar\/517384810d242ca9e38c180f3c9fb973?s=96&d=mm&r=g","caption":"Administrador"},"url":"https:\/\/www.asajacyl.com\/palencia\/author\/carlosrm"}]}},"_links":{"self":[{"href":"https:\/\/www.asajacyl.com\/palencia\/wp-json\/wp\/v2\/posts\/9955"}],"collection":[{"href":"https:\/\/www.asajacyl.com\/palencia\/wp-json\/wp\/v2\/posts"}],"about":[{"href":"https:\/\/www.asajacyl.com\/palencia\/wp-json\/wp\/v2\/types\/post"}],"author":[{"embeddable":true,"href":"https:\/\/www.asajacyl.com\/palencia\/wp-json\/wp\/v2\/users\/9"}],"replies":[{"embeddable":true,"href":"https:\/\/www.asajacyl.com\/palencia\/wp-json\/wp\/v2\/comments?post=9955"}],"version-history":[{"count":1,"href":"https:\/\/www.asajacyl.com\/palencia\/wp-json\/wp\/v2\/posts\/9955\/revisions"}],"predecessor-version":[{"id":9957,"href":"https:\/\/www.asajacyl.com\/palencia\/wp-json\/wp\/v2\/posts\/9955\/revisions\/9957"}],"wp:featuredmedia":[{"embeddable":true,"href":"https:\/\/www.asajacyl.com\/palencia\/wp-json\/wp\/v2\/media\/9956"}],"wp:attachment":[{"href":"https:\/\/www.asajacyl.com\/palencia\/wp-json\/wp\/v2\/media?parent=9955"}],"wp:term":[{"taxonomy":"category","embeddable":true,"href":"https:\/\/www.asajacyl.com\/palencia\/wp-json\/wp\/v2\/categories?post=9955"},{"taxonomy":"post_tag","embeddable":true,"href":"https:\/\/www.asajacyl.com\/palencia\/wp-json\/wp\/v2\/tags?post=9955"}],"curies":[{"name":"wp","href":"https:\/\/api.w.org\/{rel}","templated":true}]}}