{"id":9960,"date":"2022-03-01T07:33:04","date_gmt":"2022-03-01T06:33:04","guid":{"rendered":"https:\/\/www.asajacyl.com\/palencia\/?p=9960"},"modified":"2022-03-01T07:33:06","modified_gmt":"2022-03-01T06:33:06","slug":"implicaciones-de-la-invasion-rusa-para-el-sector-agrario-de-la-ue","status":"publish","type":"post","link":"https:\/\/www.asajacyl.com\/palencia\/asaja-palencia-informa\/implicaciones-de-la-invasion-rusa-para-el-sector-agrario-de-la-ue","title":{"rendered":"Implicaciones de la invasi\u00f3n rusa para el sector agrario de la UE"},"content":{"rendered":"\n<p>Toda la comunidad agraria europea est\u00e1 siguiendo el desarrollo del conflicto en Ucrania con profunda tristeza. En las reuniones de Copa y Cogeca de la semana pasada, todos los miembros expresaron su solidaridad con el pueblo ucraniano, con pensamientos especiales para nuestros compa\u00f1eros agricultores y colegas de las cooperativas agr\u00edcolas en estos tiempos dif\u00edciles. Nuestra solidaridad no se queda en las palabras, el Copa y la Cogeca pondr\u00e1n en marcha acciones concretas en los pr\u00f3ximos d\u00edas y semanas siguiendo la evoluci\u00f3n del conflicto.<\/p>\n\n\n\n<p>En tiempos de guerra, el enfoque en la seguridad alimentaria adquiere una importancia cr\u00edtica y es esencial tomar las medidas necesarias desde el principio para garantizar que los suministros de alimentos contin\u00faen llegando a los m\u00e1s afectados, en Ucrania y en todo el mundo. \u00c9ste es el momento de fortalecer a\u00fan m\u00e1s una cooperaci\u00f3n europea e internacional unida.<\/p>\n\n\n\n<p>La desestabilizaci\u00f3n de Ucrania por la invasi\u00f3n rusa ya ha desencadenado importantes consecuencias globales. Los rusos y los ucranianos son exportadores agr\u00edcolas internacionales clave. Ucrania es el cuarto mayor proveedor externo de alimentos de la UE y proporciona a la UE una cuarta parte de sus importaciones de cereales y aceites vegetales, incluida casi la mitad de su ma\u00edz.<\/p>\n\n\n\n<p>Por lo tanto, mientras que el tema del suministro de energ\u00eda est\u00e1 ahora claramente en la mente y en boca de todos, la agricultura y la ganader\u00eda tambi\u00e9n son estrat\u00e9gicamente importantes. Para la comunidad agraria de la UE, que ha demostrado un papel clave y resiliente durante la pandemia, esta crisis se suma a la del Covid y a los fuertes aumentos de precios de todos los principales insumos agr\u00edcolas (es decir, energ\u00eda, piensos, fertilizantes, &#8230;) en los \u00faltimos meses.<\/p>\n\n\n\n<p>Para mantener una Europa fuerte y pac\u00edfica, es fundamental salvaguardar la seguridad alimentaria y las cadenas de suministro. Esta es una lecci\u00f3n que hemos aprendido de los padres fundadores de Europa. En los pr\u00f3ximos d\u00edas y semanas, mientras se centran principalmente en la resoluci\u00f3n del conflicto en curso, los que toman las decisiones en la UE tambi\u00e9n deben considerar su impacto en sectores econ\u00f3micos clave. La agricultura europea es un pilar central de nuestra autonom\u00eda estrat\u00e9gica y deben actuar con decisi\u00f3n y rapidez para preservarlo.<\/p>\n\n\n\n<figure class=\"wp-block-image size-large\"><img loading=\"lazy\" decoding=\"async\" width=\"1024\" height=\"554\" src=\"https:\/\/www.asajacyl.com\/palencia\/wp-content\/uploads\/sites\/3\/2021\/04\/COPACOGECA-1024x554.jpg\" alt=\"\" class=\"wp-image-8194\" srcset=\"https:\/\/www.asajacyl.com\/palencia\/wp-content\/uploads\/sites\/3\/2021\/04\/COPACOGECA-1024x554.jpg 1024w, https:\/\/www.asajacyl.com\/palencia\/wp-content\/uploads\/sites\/3\/2021\/04\/COPACOGECA-300x162.jpg 300w, https:\/\/www.asajacyl.com\/palencia\/wp-content\/uploads\/sites\/3\/2021\/04\/COPACOGECA-768x416.jpg 768w, https:\/\/www.asajacyl.com\/palencia\/wp-content\/uploads\/sites\/3\/2021\/04\/COPACOGECA-696x377.jpg 696w, https:\/\/www.asajacyl.com\/palencia\/wp-content\/uploads\/sites\/3\/2021\/04\/COPACOGECA-1068x578.jpg 1068w, https:\/\/www.asajacyl.com\/palencia\/wp-content\/uploads\/sites\/3\/2021\/04\/COPACOGECA-776x420.jpg 776w, https:\/\/www.asajacyl.com\/palencia\/wp-content\/uploads\/sites\/3\/2021\/04\/COPACOGECA.jpg 1280w\" sizes=\"(max-width: 1024px) 100vw, 1024px\" \/><\/figure>\n","protected":false},"excerpt":{"rendered":"<p>Toda la comunidad agraria europea est\u00e1 siguiendo el desarrollo del conflicto en Ucrania con profunda tristeza. En las reuniones de Copa y Cogeca de la semana pasada, todos los miembros expresaron su solidaridad con el pueblo ucraniano, con pensamientos especiales para nuestros compa\u00f1eros agricultores y colegas de las cooperativas agr\u00edcolas en estos tiempos dif\u00edciles. Nuestra [&hellip;]<\/p>\n","protected":false},"author":9,"featured_media":9936,"comment_status":"open","ping_status":"open","sticky":false,"template":"","format":"standard","meta":{"footnotes":""},"categories":[9,29,28],"tags":[],"yoast_head":"<!-- This site is optimized with the Yoast SEO plugin v24.5 - https:\/\/yoast.com\/wordpress\/plugins\/seo\/ -->\n<title>Implicaciones de la invasi\u00f3n rusa para el sector agrario de la UE - ASAJA Palencia<\/title>\n<meta name=\"description\" content=\"Toda la comunidad agraria europea est\u00e1 siguiendo el desarrollo del conflicto en Ucrania con profunda tristeza. En las reuniones de Copa y Cogeca de la\" \/>\n<meta name=\"robots\" content=\"index, follow, max-snippet:-1, max-image-preview:large, max-video-preview:-1\" \/>\n<link rel=\"canonical\" href=\"https:\/\/www.asajacyl.com\/palencia\/asaja-palencia-informa\/implicaciones-de-la-invasion-rusa-para-el-sector-agrario-de-la-ue\" \/>\n<meta property=\"og:locale\" content=\"es_ES\" \/>\n<meta property=\"og:type\" content=\"article\" \/>\n<meta property=\"og:title\" content=\"Implicaciones de la invasi\u00f3n rusa para el sector agrario de la UE - ASAJA Palencia\" \/>\n<meta property=\"og:description\" content=\"Toda la comunidad agraria europea est\u00e1 siguiendo el desarrollo del conflicto en Ucrania con profunda tristeza. En las reuniones de Copa y Cogeca de la\" \/>\n<meta property=\"og:url\" content=\"https:\/\/www.asajacyl.com\/palencia\/asaja-palencia-informa\/implicaciones-de-la-invasion-rusa-para-el-sector-agrario-de-la-ue\" \/>\n<meta property=\"og:site_name\" content=\"ASAJA Palencia\" \/>\n<meta property=\"article:published_time\" content=\"2022-03-01T06:33:04+00:00\" \/>\n<meta property=\"article:modified_time\" content=\"2022-03-01T06:33:06+00:00\" \/>\n<meta property=\"og:image\" content=\"https:\/\/www.asajacyl.com\/palencia\/wp-content\/uploads\/sites\/3\/2022\/02\/UCRANIA.jpg\" \/>\n\t<meta property=\"og:image:width\" content=\"1000\" \/>\n\t<meta property=\"og:image:height\" content=\"665\" \/>\n\t<meta property=\"og:image:type\" content=\"image\/jpeg\" \/>\n<meta name=\"author\" content=\"Administrador\" \/>\n<meta name=\"twitter:card\" content=\"summary_large_image\" \/>\n<meta name=\"twitter:label1\" content=\"Escrito por\" \/>\n\t<meta name=\"twitter:data1\" content=\"Administrador\" \/>\n\t<meta name=\"twitter:label2\" content=\"Tiempo de lectura\" \/>\n\t<meta name=\"twitter:data2\" content=\"2 minutos\" \/>\n<script type=\"application\/ld+json\" class=\"yoast-schema-graph\">{\"@context\":\"https:\/\/schema.org\",\"@graph\":[{\"@type\":\"WebPage\",\"@id\":\"https:\/\/www.asajacyl.com\/palencia\/asaja-palencia-informa\/implicaciones-de-la-invasion-rusa-para-el-sector-agrario-de-la-ue\",\"url\":\"https:\/\/www.asajacyl.com\/palencia\/asaja-palencia-informa\/implicaciones-de-la-invasion-rusa-para-el-sector-agrario-de-la-ue\",\"name\":\"Implicaciones de la invasi\u00f3n rusa para el sector agrario de la UE - ASAJA Palencia\",\"isPartOf\":{\"@id\":\"https:\/\/www.asajacyl.com\/palencia\/#website\"},\"primaryImageOfPage\":{\"@id\":\"https:\/\/www.asajacyl.com\/palencia\/asaja-palencia-informa\/implicaciones-de-la-invasion-rusa-para-el-sector-agrario-de-la-ue#primaryimage\"},\"image\":{\"@id\":\"https:\/\/www.asajacyl.com\/palencia\/asaja-palencia-informa\/implicaciones-de-la-invasion-rusa-para-el-sector-agrario-de-la-ue#primaryimage\"},\"thumbnailUrl\":\"https:\/\/www.asajacyl.com\/palencia\/wp-content\/uploads\/sites\/3\/2022\/02\/UCRANIA.jpg\",\"datePublished\":\"2022-03-01T06:33:04+00:00\",\"dateModified\":\"2022-03-01T06:33:06+00:00\",\"author\":{\"@id\":\"https:\/\/www.asajacyl.com\/palencia\/#\/schema\/person\/3ab17aeb03527485c317557fae64aab1\"},\"description\":\"Toda la comunidad agraria europea est\u00e1 siguiendo el desarrollo del conflicto en Ucrania con profunda tristeza. En las reuniones de Copa y Cogeca de la\",\"breadcrumb\":{\"@id\":\"https:\/\/www.asajacyl.com\/palencia\/asaja-palencia-informa\/implicaciones-de-la-invasion-rusa-para-el-sector-agrario-de-la-ue#breadcrumb\"},\"inLanguage\":\"es\",\"potentialAction\":[{\"@type\":\"ReadAction\",\"target\":[\"https:\/\/www.asajacyl.com\/palencia\/asaja-palencia-informa\/implicaciones-de-la-invasion-rusa-para-el-sector-agrario-de-la-ue\"]}]},{\"@type\":\"ImageObject\",\"inLanguage\":\"es\",\"@id\":\"https:\/\/www.asajacyl.com\/palencia\/asaja-palencia-informa\/implicaciones-de-la-invasion-rusa-para-el-sector-agrario-de-la-ue#primaryimage\",\"url\":\"https:\/\/www.asajacyl.com\/palencia\/wp-content\/uploads\/sites\/3\/2022\/02\/UCRANIA.jpg\",\"contentUrl\":\"https:\/\/www.asajacyl.com\/palencia\/wp-content\/uploads\/sites\/3\/2022\/02\/UCRANIA.jpg\",\"width\":1000,\"height\":665},{\"@type\":\"BreadcrumbList\",\"@id\":\"https:\/\/www.asajacyl.com\/palencia\/asaja-palencia-informa\/implicaciones-de-la-invasion-rusa-para-el-sector-agrario-de-la-ue#breadcrumb\",\"itemListElement\":[{\"@type\":\"ListItem\",\"position\":1,\"name\":\"Portada\",\"item\":\"https:\/\/www.asajacyl.com\/palencia\/\"},{\"@type\":\"ListItem\",\"position\":2,\"name\":\"Implicaciones de la invasi\u00f3n rusa para el sector agrario de la UE\"}]},{\"@type\":\"WebSite\",\"@id\":\"https:\/\/www.asajacyl.com\/palencia\/#website\",\"url\":\"https:\/\/www.asajacyl.com\/palencia\/\",\"name\":\"ASAJA Palencia\",\"description\":\"Otro sitio m\u00e1s de Provincias ASAJA Castilla y Le\u00f3n\",\"potentialAction\":[{\"@type\":\"SearchAction\",\"target\":{\"@type\":\"EntryPoint\",\"urlTemplate\":\"https:\/\/www.asajacyl.com\/palencia\/?s={search_term_string}\"},\"query-input\":{\"@type\":\"PropertyValueSpecification\",\"valueRequired\":true,\"valueName\":\"search_term_string\"}}],\"inLanguage\":\"es\"},{\"@type\":\"Person\",\"@id\":\"https:\/\/www.asajacyl.com\/palencia\/#\/schema\/person\/3ab17aeb03527485c317557fae64aab1\",\"name\":\"Administrador\",\"image\":{\"@type\":\"ImageObject\",\"inLanguage\":\"es\",\"@id\":\"https:\/\/www.asajacyl.com\/palencia\/#\/schema\/person\/image\/\",\"url\":\"https:\/\/secure.gravatar.com\/avatar\/517384810d242ca9e38c180f3c9fb973?s=96&d=mm&r=g\",\"contentUrl\":\"https:\/\/secure.gravatar.com\/avatar\/517384810d242ca9e38c180f3c9fb973?s=96&d=mm&r=g\",\"caption\":\"Administrador\"},\"url\":\"https:\/\/www.asajacyl.com\/palencia\/author\/carlosrm\"}]}<\/script>\n<!-- \/ Yoast SEO plugin. -->","yoast_head_json":{"title":"Implicaciones de la invasi\u00f3n rusa para el sector agrario de la UE - ASAJA Palencia","description":"Toda la comunidad agraria europea est\u00e1 siguiendo el desarrollo del conflicto en Ucrania con profunda tristeza. En las reuniones de Copa y Cogeca de la","robots":{"index":"index","follow":"follow","max-snippet":"max-snippet:-1","max-image-preview":"max-image-preview:large","max-video-preview":"max-video-preview:-1"},"canonical":"https:\/\/www.asajacyl.com\/palencia\/asaja-palencia-informa\/implicaciones-de-la-invasion-rusa-para-el-sector-agrario-de-la-ue","og_locale":"es_ES","og_type":"article","og_title":"Implicaciones de la invasi\u00f3n rusa para el sector agrario de la UE - ASAJA Palencia","og_description":"Toda la comunidad agraria europea est\u00e1 siguiendo el desarrollo del conflicto en Ucrania con profunda tristeza. En las reuniones de Copa y Cogeca de la","og_url":"https:\/\/www.asajacyl.com\/palencia\/asaja-palencia-informa\/implicaciones-de-la-invasion-rusa-para-el-sector-agrario-de-la-ue","og_site_name":"ASAJA Palencia","article_published_time":"2022-03-01T06:33:04+00:00","article_modified_time":"2022-03-01T06:33:06+00:00","og_image":[{"width":1000,"height":665,"url":"https:\/\/www.asajacyl.com\/palencia\/wp-content\/uploads\/sites\/3\/2022\/02\/UCRANIA.jpg","type":"image\/jpeg"}],"author":"Administrador","twitter_card":"summary_large_image","twitter_misc":{"Escrito por":"Administrador","Tiempo de lectura":"2 minutos"},"schema":{"@context":"https:\/\/schema.org","@graph":[{"@type":"WebPage","@id":"https:\/\/www.asajacyl.com\/palencia\/asaja-palencia-informa\/implicaciones-de-la-invasion-rusa-para-el-sector-agrario-de-la-ue","url":"https:\/\/www.asajacyl.com\/palencia\/asaja-palencia-informa\/implicaciones-de-la-invasion-rusa-para-el-sector-agrario-de-la-ue","name":"Implicaciones de la invasi\u00f3n rusa para el sector agrario de la UE - ASAJA Palencia","isPartOf":{"@id":"https:\/\/www.asajacyl.com\/palencia\/#website"},"primaryImageOfPage":{"@id":"https:\/\/www.asajacyl.com\/palencia\/asaja-palencia-informa\/implicaciones-de-la-invasion-rusa-para-el-sector-agrario-de-la-ue#primaryimage"},"image":{"@id":"https:\/\/www.asajacyl.com\/palencia\/asaja-palencia-informa\/implicaciones-de-la-invasion-rusa-para-el-sector-agrario-de-la-ue#primaryimage"},"thumbnailUrl":"https:\/\/www.asajacyl.com\/palencia\/wp-content\/uploads\/sites\/3\/2022\/02\/UCRANIA.jpg","datePublished":"2022-03-01T06:33:04+00:00","dateModified":"2022-03-01T06:33:06+00:00","author":{"@id":"https:\/\/www.asajacyl.com\/palencia\/#\/schema\/person\/3ab17aeb03527485c317557fae64aab1"},"description":"Toda la comunidad agraria europea est\u00e1 siguiendo el desarrollo del conflicto en Ucrania con profunda tristeza. En las reuniones de Copa y Cogeca de la","breadcrumb":{"@id":"https:\/\/www.asajacyl.com\/palencia\/asaja-palencia-informa\/implicaciones-de-la-invasion-rusa-para-el-sector-agrario-de-la-ue#breadcrumb"},"inLanguage":"es","potentialAction":[{"@type":"ReadAction","target":["https:\/\/www.asajacyl.com\/palencia\/asaja-palencia-informa\/implicaciones-de-la-invasion-rusa-para-el-sector-agrario-de-la-ue"]}]},{"@type":"ImageObject","inLanguage":"es","@id":"https:\/\/www.asajacyl.com\/palencia\/asaja-palencia-informa\/implicaciones-de-la-invasion-rusa-para-el-sector-agrario-de-la-ue#primaryimage","url":"https:\/\/www.asajacyl.com\/palencia\/wp-content\/uploads\/sites\/3\/2022\/02\/UCRANIA.jpg","contentUrl":"https:\/\/www.asajacyl.com\/palencia\/wp-content\/uploads\/sites\/3\/2022\/02\/UCRANIA.jpg","width":1000,"height":665},{"@type":"BreadcrumbList","@id":"https:\/\/www.asajacyl.com\/palencia\/asaja-palencia-informa\/implicaciones-de-la-invasion-rusa-para-el-sector-agrario-de-la-ue#breadcrumb","itemListElement":[{"@type":"ListItem","position":1,"name":"Portada","item":"https:\/\/www.asajacyl.com\/palencia\/"},{"@type":"ListItem","position":2,"name":"Implicaciones de la invasi\u00f3n rusa para el sector agrario de la UE"}]},{"@type":"WebSite","@id":"https:\/\/www.asajacyl.com\/palencia\/#website","url":"https:\/\/www.asajacyl.com\/palencia\/","name":"ASAJA Palencia","description":"Otro sitio m\u00e1s de Provincias ASAJA Castilla y Le\u00f3n","potentialAction":[{"@type":"SearchAction","target":{"@type":"EntryPoint","urlTemplate":"https:\/\/www.asajacyl.com\/palencia\/?s={search_term_string}"},"query-input":{"@type":"PropertyValueSpecification","valueRequired":true,"valueName":"search_term_string"}}],"inLanguage":"es"},{"@type":"Person","@id":"https:\/\/www.asajacyl.com\/palencia\/#\/schema\/person\/3ab17aeb03527485c317557fae64aab1","name":"Administrador","image":{"@type":"ImageObject","inLanguage":"es","@id":"https:\/\/www.asajacyl.com\/palencia\/#\/schema\/person\/image\/","url":"https:\/\/secure.gravatar.com\/avatar\/517384810d242ca9e38c180f3c9fb973?s=96&d=mm&r=g","contentUrl":"https:\/\/secure.gravatar.com\/avatar\/517384810d242ca9e38c180f3c9fb973?s=96&d=mm&r=g","caption":"Administrador"},"url":"https:\/\/www.asajacyl.com\/palencia\/author\/carlosrm"}]}},"_links":{"self":[{"href":"https:\/\/www.asajacyl.com\/palencia\/wp-json\/wp\/v2\/posts\/9960"}],"collection":[{"href":"https:\/\/www.asajacyl.com\/palencia\/wp-json\/wp\/v2\/posts"}],"about":[{"href":"https:\/\/www.asajacyl.com\/palencia\/wp-json\/wp\/v2\/types\/post"}],"author":[{"embeddable":true,"href":"https:\/\/www.asajacyl.com\/palencia\/wp-json\/wp\/v2\/users\/9"}],"replies":[{"embeddable":true,"href":"https:\/\/www.asajacyl.com\/palencia\/wp-json\/wp\/v2\/comments?post=9960"}],"version-history":[{"count":1,"href":"https:\/\/www.asajacyl.com\/palencia\/wp-json\/wp\/v2\/posts\/9960\/revisions"}],"predecessor-version":[{"id":9961,"href":"https:\/\/www.asajacyl.com\/palencia\/wp-json\/wp\/v2\/posts\/9960\/revisions\/9961"}],"wp:featuredmedia":[{"embeddable":true,"href":"https:\/\/www.asajacyl.com\/palencia\/wp-json\/wp\/v2\/media\/9936"}],"wp:attachment":[{"href":"https:\/\/www.asajacyl.com\/palencia\/wp-json\/wp\/v2\/media?parent=9960"}],"wp:term":[{"taxonomy":"category","embeddable":true,"href":"https:\/\/www.asajacyl.com\/palencia\/wp-json\/wp\/v2\/categories?post=9960"},{"taxonomy":"post_tag","embeddable":true,"href":"https:\/\/www.asajacyl.com\/palencia\/wp-json\/wp\/v2\/tags?post=9960"}],"curies":[{"name":"wp","href":"https:\/\/api.w.org\/{rel}","templated":true}]}}