{"id":9962,"date":"2022-03-01T08:54:55","date_gmt":"2022-03-01T07:54:55","guid":{"rendered":"https:\/\/www.asajacyl.com\/palencia\/?p=9962"},"modified":"2022-03-01T13:06:07","modified_gmt":"2022-03-01T12:06:07","slug":"pedimos-a-la-administracion-que-actue-para-frenar-la-plaga-de-conejos","status":"publish","type":"post","link":"https:\/\/www.asajacyl.com\/palencia\/asaja-palencia-informa\/pedimos-a-la-administracion-que-actue-para-frenar-la-plaga-de-conejos","title":{"rendered":"Pedimos a la administraci\u00f3n que act\u00fae para frenar la plaga de conejos"},"content":{"rendered":"\n<p>El n\u00famero de conejos est\u00e1 desbordando todos los l\u00edmites, y todo apunta a que nos encontramos en una explosi\u00f3n demogr\u00e1fica similar a la padecida en 2018. Por ello, desde ASAJA de Castilla y Le\u00f3n hemos solicitado a la delegada del Gobierno, Virginia Barcones, una reuni\u00f3n urgente para buscar soluciones a la plaga de conejos que se est\u00e1 extendiendo en los \u00faltimos meses en amplias zonas de nuestra comunidad, y que est\u00e1n causando da\u00f1os devastadores, en un momento especialmente delicado para el avance de los cultivos.<\/p>\n\n\n\n<p>La eclosi\u00f3n de conejos es especialmente intensa en aquellas fincas colindantes con importantes infraestructuras viales e hidr\u00e1ulicas, terrenos propiedad de la administraci\u00f3n general del Estado que no est\u00e1n en buenas condiciones de mantenimientos, y estos animales aprovechan para su refugio y proliferaci\u00f3n.<\/p>\n\n\n\n<p>Como destaca ASAJA, este problema no es nuevo, ya en 2018 hubo una explosi\u00f3n demogr\u00e1fica similar a la que parece que vamos encaminados en pr\u00f3ximas fechas y que gener\u00f3 graves da\u00f1os a nuestro sector. Ya entonces ya hubo compromisos de poner los medios para evitar que se repitiera la situaci\u00f3n, aunque ahora se comprueba que no se llevaron a t\u00e9rmino. Hay que recordar que, hace cuatro a\u00f1os, se celebraron encuentros del sector con las administraciones titulares (ADIF, CHD, entre otras) de estos terrenos, desde autov\u00edas y carreteras, a v\u00edas f\u00e9rreas, o bordes de los r\u00edos. \u201cSe tomaron algunas medidas, pero ahora comprobamos que es necesario repetirlas e intensificarlas para frenar el avance de masivo de la plaga\u201d, apunta la OPA.<\/p>\n\n\n\n<p>Los agricultores ven c\u00f3mo estos voraces roedores devastan la producci\u00f3n de sus tierras cercanas y no pueden hacer nada para evitarlo. \u201cLos conejos se resguardan esos terrenos de las administraciones, que son por tanto responsables tanto de poner freno a su propagaci\u00f3n, como de hacerse cargo de los da\u00f1os causados\u201d, apunta ASAJA.<\/p>\n\n\n\n<p>Es por ello que, como m\u00e1xima representante del Gobierno de Espa\u00f1a en Castilla y Le\u00f3n, ASAJA solicit\u00f3 este encuentro con la delegada del Gobierno, para analizar la situaci\u00f3n actual del problema y buscar soluciones.<\/p>\n","protected":false},"excerpt":{"rendered":"<p>El n\u00famero de conejos est\u00e1 desbordando todos los l\u00edmites, y todo apunta a que nos encontramos en una explosi\u00f3n demogr\u00e1fica similar a la padecida en 2018. Por ello, desde ASAJA de Castilla y Le\u00f3n hemos solicitado a la delegada del Gobierno, Virginia Barcones, una reuni\u00f3n urgente para buscar soluciones a la plaga de conejos que [&hellip;]<\/p>\n","protected":false},"author":9,"featured_media":5157,"comment_status":"open","ping_status":"open","sticky":false,"template":"","format":"standard","meta":{"footnotes":""},"categories":[9,29,28],"tags":[],"yoast_head":"<!-- This site is optimized with the Yoast SEO plugin v24.5 - https:\/\/yoast.com\/wordpress\/plugins\/seo\/ -->\n<title>Pedimos a la administraci\u00f3n que act\u00fae para frenar la plaga de conejos - ASAJA Palencia<\/title>\n<meta name=\"description\" content=\"El n\u00famero de conejos est\u00e1 desbordando todos los l\u00edmites, y todo apunta a que nos encontramos en una explosi\u00f3n demogr\u00e1fica similar a la padecida en 2018.\" \/>\n<meta name=\"robots\" content=\"index, follow, max-snippet:-1, max-image-preview:large, max-video-preview:-1\" \/>\n<link rel=\"canonical\" href=\"https:\/\/www.asajacyl.com\/palencia\/asaja-palencia-informa\/pedimos-a-la-administracion-que-actue-para-frenar-la-plaga-de-conejos\" \/>\n<meta property=\"og:locale\" content=\"es_ES\" \/>\n<meta property=\"og:type\" content=\"article\" \/>\n<meta property=\"og:title\" content=\"Pedimos a la administraci\u00f3n que act\u00fae para frenar la plaga de conejos - ASAJA Palencia\" \/>\n<meta property=\"og:description\" content=\"El n\u00famero de conejos est\u00e1 desbordando todos los l\u00edmites, y todo apunta a que nos encontramos en una explosi\u00f3n demogr\u00e1fica similar a la padecida en 2018.\" \/>\n<meta property=\"og:url\" content=\"https:\/\/www.asajacyl.com\/palencia\/asaja-palencia-informa\/pedimos-a-la-administracion-que-actue-para-frenar-la-plaga-de-conejos\" \/>\n<meta property=\"og:site_name\" content=\"ASAJA Palencia\" \/>\n<meta property=\"article:published_time\" content=\"2022-03-01T07:54:55+00:00\" \/>\n<meta property=\"article:modified_time\" content=\"2022-03-01T12:06:07+00:00\" \/>\n<meta property=\"og:image\" content=\"https:\/\/www.asajacyl.com\/palencia\/wp-content\/uploads\/sites\/3\/2018\/05\/da\u00f1os-conejos-en-autov\u00eda.jpg\" \/>\n\t<meta property=\"og:image:width\" content=\"2500\" \/>\n\t<meta property=\"og:image:height\" content=\"1100\" \/>\n\t<meta property=\"og:image:type\" content=\"image\/jpeg\" \/>\n<meta name=\"author\" content=\"Administrador\" \/>\n<meta name=\"twitter:card\" content=\"summary_large_image\" \/>\n<meta name=\"twitter:label1\" content=\"Escrito por\" \/>\n\t<meta name=\"twitter:data1\" content=\"Administrador\" \/>\n\t<meta name=\"twitter:label2\" content=\"Tiempo de lectura\" \/>\n\t<meta name=\"twitter:data2\" content=\"2 minutos\" \/>\n<script type=\"application\/ld+json\" class=\"yoast-schema-graph\">{\"@context\":\"https:\/\/schema.org\",\"@graph\":[{\"@type\":\"WebPage\",\"@id\":\"https:\/\/www.asajacyl.com\/palencia\/asaja-palencia-informa\/pedimos-a-la-administracion-que-actue-para-frenar-la-plaga-de-conejos\",\"url\":\"https:\/\/www.asajacyl.com\/palencia\/asaja-palencia-informa\/pedimos-a-la-administracion-que-actue-para-frenar-la-plaga-de-conejos\",\"name\":\"Pedimos a la administraci\u00f3n que act\u00fae para frenar la plaga de conejos - ASAJA Palencia\",\"isPartOf\":{\"@id\":\"https:\/\/www.asajacyl.com\/palencia\/#website\"},\"primaryImageOfPage\":{\"@id\":\"https:\/\/www.asajacyl.com\/palencia\/asaja-palencia-informa\/pedimos-a-la-administracion-que-actue-para-frenar-la-plaga-de-conejos#primaryimage\"},\"image\":{\"@id\":\"https:\/\/www.asajacyl.com\/palencia\/asaja-palencia-informa\/pedimos-a-la-administracion-que-actue-para-frenar-la-plaga-de-conejos#primaryimage\"},\"thumbnailUrl\":\"https:\/\/www.asajacyl.com\/palencia\/wp-content\/uploads\/sites\/3\/2018\/05\/da\u00f1os-conejos-en-autov\u00eda.jpg\",\"datePublished\":\"2022-03-01T07:54:55+00:00\",\"dateModified\":\"2022-03-01T12:06:07+00:00\",\"author\":{\"@id\":\"https:\/\/www.asajacyl.com\/palencia\/#\/schema\/person\/3ab17aeb03527485c317557fae64aab1\"},\"description\":\"El n\u00famero de conejos est\u00e1 desbordando todos los l\u00edmites, y todo apunta a que nos encontramos en una explosi\u00f3n demogr\u00e1fica similar a la padecida en 2018.\",\"breadcrumb\":{\"@id\":\"https:\/\/www.asajacyl.com\/palencia\/asaja-palencia-informa\/pedimos-a-la-administracion-que-actue-para-frenar-la-plaga-de-conejos#breadcrumb\"},\"inLanguage\":\"es\",\"potentialAction\":[{\"@type\":\"ReadAction\",\"target\":[\"https:\/\/www.asajacyl.com\/palencia\/asaja-palencia-informa\/pedimos-a-la-administracion-que-actue-para-frenar-la-plaga-de-conejos\"]}]},{\"@type\":\"ImageObject\",\"inLanguage\":\"es\",\"@id\":\"https:\/\/www.asajacyl.com\/palencia\/asaja-palencia-informa\/pedimos-a-la-administracion-que-actue-para-frenar-la-plaga-de-conejos#primaryimage\",\"url\":\"https:\/\/www.asajacyl.com\/palencia\/wp-content\/uploads\/sites\/3\/2018\/05\/da\u00f1os-conejos-en-autov\u00eda.jpg\",\"contentUrl\":\"https:\/\/www.asajacyl.com\/palencia\/wp-content\/uploads\/sites\/3\/2018\/05\/da\u00f1os-conejos-en-autov\u00eda.jpg\",\"width\":2500,\"height\":1100},{\"@type\":\"BreadcrumbList\",\"@id\":\"https:\/\/www.asajacyl.com\/palencia\/asaja-palencia-informa\/pedimos-a-la-administracion-que-actue-para-frenar-la-plaga-de-conejos#breadcrumb\",\"itemListElement\":[{\"@type\":\"ListItem\",\"position\":1,\"name\":\"Portada\",\"item\":\"https:\/\/www.asajacyl.com\/palencia\/\"},{\"@type\":\"ListItem\",\"position\":2,\"name\":\"Pedimos a la administraci\u00f3n que act\u00fae para frenar la plaga de conejos\"}]},{\"@type\":\"WebSite\",\"@id\":\"https:\/\/www.asajacyl.com\/palencia\/#website\",\"url\":\"https:\/\/www.asajacyl.com\/palencia\/\",\"name\":\"ASAJA Palencia\",\"description\":\"Otro sitio m\u00e1s de Provincias ASAJA Castilla y Le\u00f3n\",\"potentialAction\":[{\"@type\":\"SearchAction\",\"target\":{\"@type\":\"EntryPoint\",\"urlTemplate\":\"https:\/\/www.asajacyl.com\/palencia\/?s={search_term_string}\"},\"query-input\":{\"@type\":\"PropertyValueSpecification\",\"valueRequired\":true,\"valueName\":\"search_term_string\"}}],\"inLanguage\":\"es\"},{\"@type\":\"Person\",\"@id\":\"https:\/\/www.asajacyl.com\/palencia\/#\/schema\/person\/3ab17aeb03527485c317557fae64aab1\",\"name\":\"Administrador\",\"image\":{\"@type\":\"ImageObject\",\"inLanguage\":\"es\",\"@id\":\"https:\/\/www.asajacyl.com\/palencia\/#\/schema\/person\/image\/\",\"url\":\"https:\/\/secure.gravatar.com\/avatar\/517384810d242ca9e38c180f3c9fb973?s=96&d=mm&r=g\",\"contentUrl\":\"https:\/\/secure.gravatar.com\/avatar\/517384810d242ca9e38c180f3c9fb973?s=96&d=mm&r=g\",\"caption\":\"Administrador\"},\"url\":\"https:\/\/www.asajacyl.com\/palencia\/author\/carlosrm\"}]}<\/script>\n<!-- \/ Yoast SEO plugin. -->","yoast_head_json":{"title":"Pedimos a la administraci\u00f3n que act\u00fae para frenar la plaga de conejos - ASAJA Palencia","description":"El n\u00famero de conejos est\u00e1 desbordando todos los l\u00edmites, y todo apunta a que nos encontramos en una explosi\u00f3n demogr\u00e1fica similar a la padecida en 2018.","robots":{"index":"index","follow":"follow","max-snippet":"max-snippet:-1","max-image-preview":"max-image-preview:large","max-video-preview":"max-video-preview:-1"},"canonical":"https:\/\/www.asajacyl.com\/palencia\/asaja-palencia-informa\/pedimos-a-la-administracion-que-actue-para-frenar-la-plaga-de-conejos","og_locale":"es_ES","og_type":"article","og_title":"Pedimos a la administraci\u00f3n que act\u00fae para frenar la plaga de conejos - ASAJA Palencia","og_description":"El n\u00famero de conejos est\u00e1 desbordando todos los l\u00edmites, y todo apunta a que nos encontramos en una explosi\u00f3n demogr\u00e1fica similar a la padecida en 2018.","og_url":"https:\/\/www.asajacyl.com\/palencia\/asaja-palencia-informa\/pedimos-a-la-administracion-que-actue-para-frenar-la-plaga-de-conejos","og_site_name":"ASAJA Palencia","article_published_time":"2022-03-01T07:54:55+00:00","article_modified_time":"2022-03-01T12:06:07+00:00","og_image":[{"width":2500,"height":1100,"url":"https:\/\/www.asajacyl.com\/palencia\/wp-content\/uploads\/sites\/3\/2018\/05\/da\u00f1os-conejos-en-autov\u00eda.jpg","type":"image\/jpeg"}],"author":"Administrador","twitter_card":"summary_large_image","twitter_misc":{"Escrito por":"Administrador","Tiempo de lectura":"2 minutos"},"schema":{"@context":"https:\/\/schema.org","@graph":[{"@type":"WebPage","@id":"https:\/\/www.asajacyl.com\/palencia\/asaja-palencia-informa\/pedimos-a-la-administracion-que-actue-para-frenar-la-plaga-de-conejos","url":"https:\/\/www.asajacyl.com\/palencia\/asaja-palencia-informa\/pedimos-a-la-administracion-que-actue-para-frenar-la-plaga-de-conejos","name":"Pedimos a la administraci\u00f3n que act\u00fae para frenar la plaga de conejos - ASAJA Palencia","isPartOf":{"@id":"https:\/\/www.asajacyl.com\/palencia\/#website"},"primaryImageOfPage":{"@id":"https:\/\/www.asajacyl.com\/palencia\/asaja-palencia-informa\/pedimos-a-la-administracion-que-actue-para-frenar-la-plaga-de-conejos#primaryimage"},"image":{"@id":"https:\/\/www.asajacyl.com\/palencia\/asaja-palencia-informa\/pedimos-a-la-administracion-que-actue-para-frenar-la-plaga-de-conejos#primaryimage"},"thumbnailUrl":"https:\/\/www.asajacyl.com\/palencia\/wp-content\/uploads\/sites\/3\/2018\/05\/da\u00f1os-conejos-en-autov\u00eda.jpg","datePublished":"2022-03-01T07:54:55+00:00","dateModified":"2022-03-01T12:06:07+00:00","author":{"@id":"https:\/\/www.asajacyl.com\/palencia\/#\/schema\/person\/3ab17aeb03527485c317557fae64aab1"},"description":"El n\u00famero de conejos est\u00e1 desbordando todos los l\u00edmites, y todo apunta a que nos encontramos en una explosi\u00f3n demogr\u00e1fica similar a la padecida en 2018.","breadcrumb":{"@id":"https:\/\/www.asajacyl.com\/palencia\/asaja-palencia-informa\/pedimos-a-la-administracion-que-actue-para-frenar-la-plaga-de-conejos#breadcrumb"},"inLanguage":"es","potentialAction":[{"@type":"ReadAction","target":["https:\/\/www.asajacyl.com\/palencia\/asaja-palencia-informa\/pedimos-a-la-administracion-que-actue-para-frenar-la-plaga-de-conejos"]}]},{"@type":"ImageObject","inLanguage":"es","@id":"https:\/\/www.asajacyl.com\/palencia\/asaja-palencia-informa\/pedimos-a-la-administracion-que-actue-para-frenar-la-plaga-de-conejos#primaryimage","url":"https:\/\/www.asajacyl.com\/palencia\/wp-content\/uploads\/sites\/3\/2018\/05\/da\u00f1os-conejos-en-autov\u00eda.jpg","contentUrl":"https:\/\/www.asajacyl.com\/palencia\/wp-content\/uploads\/sites\/3\/2018\/05\/da\u00f1os-conejos-en-autov\u00eda.jpg","width":2500,"height":1100},{"@type":"BreadcrumbList","@id":"https:\/\/www.asajacyl.com\/palencia\/asaja-palencia-informa\/pedimos-a-la-administracion-que-actue-para-frenar-la-plaga-de-conejos#breadcrumb","itemListElement":[{"@type":"ListItem","position":1,"name":"Portada","item":"https:\/\/www.asajacyl.com\/palencia\/"},{"@type":"ListItem","position":2,"name":"Pedimos a la administraci\u00f3n que act\u00fae para frenar la plaga de conejos"}]},{"@type":"WebSite","@id":"https:\/\/www.asajacyl.com\/palencia\/#website","url":"https:\/\/www.asajacyl.com\/palencia\/","name":"ASAJA Palencia","description":"Otro sitio m\u00e1s de Provincias ASAJA Castilla y Le\u00f3n","potentialAction":[{"@type":"SearchAction","target":{"@type":"EntryPoint","urlTemplate":"https:\/\/www.asajacyl.com\/palencia\/?s={search_term_string}"},"query-input":{"@type":"PropertyValueSpecification","valueRequired":true,"valueName":"search_term_string"}}],"inLanguage":"es"},{"@type":"Person","@id":"https:\/\/www.asajacyl.com\/palencia\/#\/schema\/person\/3ab17aeb03527485c317557fae64aab1","name":"Administrador","image":{"@type":"ImageObject","inLanguage":"es","@id":"https:\/\/www.asajacyl.com\/palencia\/#\/schema\/person\/image\/","url":"https:\/\/secure.gravatar.com\/avatar\/517384810d242ca9e38c180f3c9fb973?s=96&d=mm&r=g","contentUrl":"https:\/\/secure.gravatar.com\/avatar\/517384810d242ca9e38c180f3c9fb973?s=96&d=mm&r=g","caption":"Administrador"},"url":"https:\/\/www.asajacyl.com\/palencia\/author\/carlosrm"}]}},"_links":{"self":[{"href":"https:\/\/www.asajacyl.com\/palencia\/wp-json\/wp\/v2\/posts\/9962"}],"collection":[{"href":"https:\/\/www.asajacyl.com\/palencia\/wp-json\/wp\/v2\/posts"}],"about":[{"href":"https:\/\/www.asajacyl.com\/palencia\/wp-json\/wp\/v2\/types\/post"}],"author":[{"embeddable":true,"href":"https:\/\/www.asajacyl.com\/palencia\/wp-json\/wp\/v2\/users\/9"}],"replies":[{"embeddable":true,"href":"https:\/\/www.asajacyl.com\/palencia\/wp-json\/wp\/v2\/comments?post=9962"}],"version-history":[{"count":1,"href":"https:\/\/www.asajacyl.com\/palencia\/wp-json\/wp\/v2\/posts\/9962\/revisions"}],"predecessor-version":[{"id":9963,"href":"https:\/\/www.asajacyl.com\/palencia\/wp-json\/wp\/v2\/posts\/9962\/revisions\/9963"}],"wp:featuredmedia":[{"embeddable":true,"href":"https:\/\/www.asajacyl.com\/palencia\/wp-json\/wp\/v2\/media\/5157"}],"wp:attachment":[{"href":"https:\/\/www.asajacyl.com\/palencia\/wp-json\/wp\/v2\/media?parent=9962"}],"wp:term":[{"taxonomy":"category","embeddable":true,"href":"https:\/\/www.asajacyl.com\/palencia\/wp-json\/wp\/v2\/categories?post=9962"},{"taxonomy":"post_tag","embeddable":true,"href":"https:\/\/www.asajacyl.com\/palencia\/wp-json\/wp\/v2\/tags?post=9962"}],"curies":[{"name":"wp","href":"https:\/\/api.w.org\/{rel}","templated":true}]}}