{"id":9966,"date":"2022-03-01T13:25:51","date_gmt":"2022-03-01T12:25:51","guid":{"rendered":"https:\/\/www.asajacyl.com\/palencia\/?p=9966"},"modified":"2022-03-01T13:25:53","modified_gmt":"2022-03-01T12:25:53","slug":"asaja-denuncia-la-situacion-desesperada-de-los-ganaderos-en-integracion-especialmente-de-los-jovenes-amenazados-por-la-quiebra","status":"publish","type":"post","link":"https:\/\/www.asajacyl.com\/palencia\/asaja-palencia-informa\/asaja-denuncia-la-situacion-desesperada-de-los-ganaderos-en-integracion-especialmente-de-los-jovenes-amenazados-por-la-quiebra","title":{"rendered":"ASAJA denuncia la situaci\u00f3n desesperada de los ganaderos en integraci\u00f3n, especialmente de los j\u00f3venes, amenazados por la quiebra"},"content":{"rendered":"\n<p><strong><em>La OPA pide a las administraciones que apoyen al sector y a las empresas integraci\u00f3n que repercutan los mayores costes de producci\u00f3n en los precios que pagan al ganadero<\/em><\/strong><\/p>\n\n\n\n<p>Con una espiral de costes energ\u00e9ticos y de alimentaci\u00f3n al alza, ya arrastrada desde hace meses y completamente desbocada desde el ataque de Rusia a Ucrania, la incertidumbre es ya miedo en varios sectores agrarios, y muy especialmente en la ganader\u00eda intensiva de integraci\u00f3n, seg\u00fan denuncia ASAJA, que ha solicitado una reuni\u00f3n urgente con el consejero de Agricultura y Ganader\u00eda, Jes\u00fas Julio Carnero, para estudiar posibles medidas de apoyo a este colectivo.<\/p>\n\n\n\n<p>Estas medidas implicar\u00edan tanto a las administraciones, a trav\u00e9s de mecanismos que mitiguen la descapitalizaci\u00f3n de estos ganaderos, como a las entidades bancarias, que deber\u00edan implicarse para refinanciar los cr\u00e9ditos pendientes. Pero, sobre todo, ASAJA pide que se involucren las propias empresas integradoras, que deben aceptar un repunte de los precios marcados porque las condiciones del mercado han cambiado de forma tan abrupta que es totalmente insostenible seguir funcionando como si nada hubiera ocurrido.<\/p>\n\n\n\n<p>Hay que tener en cuenta que los ganaderos integrados no tienen capacidad de negociaci\u00f3n para repercutir estos costes adicionales en su contrato con las integradoras, \u201cy dado que ya se trabajaba con m\u00e1rgenes muy ajustados, actualmente est\u00e1n produciendo a p\u00e9rdidas y abocados a una situaci\u00f3n de quiebra. La situaci\u00f3n m\u00e1s dram\u00e1tica es la de los j\u00f3venes que llevan pocos a\u00f1os en el sector y soportan un elevado endeudamiento\u201d, denuncia ASAJA.<\/p>\n\n\n\n<p>Este sistema de integraci\u00f3n se ha extendido en los \u00faltimos a\u00f1os en el campo y concretamente en Castilla y Le\u00f3n, especialmente entre los j\u00f3venes, atra\u00eddos en parte por la demanda de empresas integradoras y tambi\u00e9n por no necesitar para incorporarse una base tierra, que tanto escasea. El sector de la avicultura de engorde ha sido uno de ellos, pero tambi\u00e9n el porcino, el vacuno o la producci\u00f3n de carne de conejo.<\/p>\n\n\n\n<p>La inversi\u00f3n en este tipo de explotaciones es muy elevada, por poner el ejemplo de la avicultura, la media es de 450.000 euros, seg\u00fan nuestras estimaciones, y por lo general se recurre a porcentajes muy altos de financiaci\u00f3n externa con la banca privada. Los m\u00e1rgenes de beneficio, hasta que no se amortizan las instalaciones o al menos hasta que no se cancela el pr\u00e9stamo bancario, son muy escasos y apenas permiten un peque\u00f1o salario para el ganadero que trabaja en su propia explotaci\u00f3n.<\/p>\n\n\n\n<p>Aunque todas las explotaciones tienen que afrontar un gasto energ\u00e9tico, en el caso de estas granjas esta partida es muy grande, puesto que precisan de condiciones estables de temperatura, tanto en invierno como en verano, para mantener en condiciones \u00f3ptimas a sus animales. Ya antes del conflicto en Ucrania, desde hace meses estas explotaciones est\u00e1n afrontando subidas desmedidas de los costes energ\u00e9ticos, principalmente la electricidad y el gas natural, o en su caso el producto que se utilice para generar la fuente de calor, como puede ser la biomasa. La electricidad ha multiplicado su coste por tres y el gas natural por dos, lo que supone una factura adicional, para una granja tipo de 2.000 metros cuadrados, de 25.000 euros.<\/p>\n\n\n\n<p>Por todo ello, pedimos al consejero que convoque a una reuni\u00f3n a las partes afectadas, se haga un an\u00e1lisis de la situaci\u00f3n del sector, y se planteen medidas para poder salir de esta crisis, medidas que han de consistir en poder repercutir los mayores costes, pero tambi\u00e9n otros apoyos que se puedan prestar desde las administraciones p\u00fablicas, as\u00ed como una mayor flexibilidad de las entidades financieras para renegociar los pr\u00e9stamos.<\/p>\n","protected":false},"excerpt":{"rendered":"<p>La OPA pide a las administraciones que apoyen al sector y a las empresas integraci\u00f3n que repercutan los mayores costes de producci\u00f3n en los precios que pagan al ganadero Con una espiral de costes energ\u00e9ticos y de alimentaci\u00f3n al alza, ya arrastrada desde hace meses y completamente desbocada desde el ataque de Rusia a Ucrania, [&hellip;]<\/p>\n","protected":false},"author":9,"featured_media":1044,"comment_status":"open","ping_status":"open","sticky":false,"template":"","format":"standard","meta":{"footnotes":""},"categories":[9,29,28],"tags":[],"yoast_head":"<!-- This site is optimized with the Yoast SEO plugin v24.5 - https:\/\/yoast.com\/wordpress\/plugins\/seo\/ -->\n<title>ASAJA denuncia la situaci\u00f3n desesperada de los ganaderos en integraci\u00f3n, especialmente de los j\u00f3venes, amenazados por la quiebra - ASAJA Palencia<\/title>\n<meta name=\"description\" content=\"La OPA pide a las administraciones que apoyen al sector y a las empresas integraci\u00f3n que repercutan los mayores costes de producci\u00f3n en los precios que\" \/>\n<meta name=\"robots\" content=\"index, follow, max-snippet:-1, max-image-preview:large, max-video-preview:-1\" \/>\n<link rel=\"canonical\" href=\"https:\/\/www.asajacyl.com\/palencia\/asaja-palencia-informa\/asaja-denuncia-la-situacion-desesperada-de-los-ganaderos-en-integracion-especialmente-de-los-jovenes-amenazados-por-la-quiebra\" \/>\n<meta property=\"og:locale\" content=\"es_ES\" \/>\n<meta property=\"og:type\" content=\"article\" \/>\n<meta property=\"og:title\" content=\"ASAJA denuncia la situaci\u00f3n desesperada de los ganaderos en integraci\u00f3n, especialmente de los j\u00f3venes, amenazados por la quiebra - ASAJA Palencia\" \/>\n<meta property=\"og:description\" content=\"La OPA pide a las administraciones que apoyen al sector y a las empresas integraci\u00f3n que repercutan los mayores costes de producci\u00f3n en los precios que\" \/>\n<meta property=\"og:url\" content=\"https:\/\/www.asajacyl.com\/palencia\/asaja-palencia-informa\/asaja-denuncia-la-situacion-desesperada-de-los-ganaderos-en-integracion-especialmente-de-los-jovenes-amenazados-por-la-quiebra\" \/>\n<meta property=\"og:site_name\" content=\"ASAJA Palencia\" \/>\n<meta property=\"article:published_time\" content=\"2022-03-01T12:25:51+00:00\" \/>\n<meta property=\"article:modified_time\" content=\"2022-03-01T12:25:53+00:00\" \/>\n<meta property=\"og:image\" content=\"https:\/\/www.asajacyl.com\/palencia\/wp-content\/uploads\/sites\/3\/2017\/11\/recurso-cerdos.jpg\" \/>\n\t<meta property=\"og:image:width\" content=\"1920\" \/>\n\t<meta property=\"og:image:height\" content=\"1080\" \/>\n\t<meta property=\"og:image:type\" content=\"image\/jpeg\" \/>\n<meta name=\"author\" content=\"Administrador\" \/>\n<meta name=\"twitter:card\" content=\"summary_large_image\" \/>\n<meta name=\"twitter:label1\" content=\"Escrito por\" \/>\n\t<meta name=\"twitter:data1\" content=\"Administrador\" \/>\n\t<meta name=\"twitter:label2\" content=\"Tiempo de lectura\" \/>\n\t<meta name=\"twitter:data2\" content=\"3 minutos\" \/>\n<script type=\"application\/ld+json\" class=\"yoast-schema-graph\">{\"@context\":\"https:\/\/schema.org\",\"@graph\":[{\"@type\":\"WebPage\",\"@id\":\"https:\/\/www.asajacyl.com\/palencia\/asaja-palencia-informa\/asaja-denuncia-la-situacion-desesperada-de-los-ganaderos-en-integracion-especialmente-de-los-jovenes-amenazados-por-la-quiebra\",\"url\":\"https:\/\/www.asajacyl.com\/palencia\/asaja-palencia-informa\/asaja-denuncia-la-situacion-desesperada-de-los-ganaderos-en-integracion-especialmente-de-los-jovenes-amenazados-por-la-quiebra\",\"name\":\"ASAJA denuncia la situaci\u00f3n desesperada de los ganaderos en integraci\u00f3n, especialmente de los j\u00f3venes, amenazados por la quiebra - ASAJA Palencia\",\"isPartOf\":{\"@id\":\"https:\/\/www.asajacyl.com\/palencia\/#website\"},\"primaryImageOfPage\":{\"@id\":\"https:\/\/www.asajacyl.com\/palencia\/asaja-palencia-informa\/asaja-denuncia-la-situacion-desesperada-de-los-ganaderos-en-integracion-especialmente-de-los-jovenes-amenazados-por-la-quiebra#primaryimage\"},\"image\":{\"@id\":\"https:\/\/www.asajacyl.com\/palencia\/asaja-palencia-informa\/asaja-denuncia-la-situacion-desesperada-de-los-ganaderos-en-integracion-especialmente-de-los-jovenes-amenazados-por-la-quiebra#primaryimage\"},\"thumbnailUrl\":\"https:\/\/www.asajacyl.com\/palencia\/wp-content\/uploads\/sites\/3\/2017\/11\/recurso-cerdos.jpg\",\"datePublished\":\"2022-03-01T12:25:51+00:00\",\"dateModified\":\"2022-03-01T12:25:53+00:00\",\"author\":{\"@id\":\"https:\/\/www.asajacyl.com\/palencia\/#\/schema\/person\/3ab17aeb03527485c317557fae64aab1\"},\"description\":\"La OPA pide a las administraciones que apoyen al sector y a las empresas integraci\u00f3n que repercutan los mayores costes de producci\u00f3n en los precios que\",\"breadcrumb\":{\"@id\":\"https:\/\/www.asajacyl.com\/palencia\/asaja-palencia-informa\/asaja-denuncia-la-situacion-desesperada-de-los-ganaderos-en-integracion-especialmente-de-los-jovenes-amenazados-por-la-quiebra#breadcrumb\"},\"inLanguage\":\"es\",\"potentialAction\":[{\"@type\":\"ReadAction\",\"target\":[\"https:\/\/www.asajacyl.com\/palencia\/asaja-palencia-informa\/asaja-denuncia-la-situacion-desesperada-de-los-ganaderos-en-integracion-especialmente-de-los-jovenes-amenazados-por-la-quiebra\"]}]},{\"@type\":\"ImageObject\",\"inLanguage\":\"es\",\"@id\":\"https:\/\/www.asajacyl.com\/palencia\/asaja-palencia-informa\/asaja-denuncia-la-situacion-desesperada-de-los-ganaderos-en-integracion-especialmente-de-los-jovenes-amenazados-por-la-quiebra#primaryimage\",\"url\":\"https:\/\/www.asajacyl.com\/palencia\/wp-content\/uploads\/sites\/3\/2017\/11\/recurso-cerdos.jpg\",\"contentUrl\":\"https:\/\/www.asajacyl.com\/palencia\/wp-content\/uploads\/sites\/3\/2017\/11\/recurso-cerdos.jpg\",\"width\":1920,\"height\":1080,\"caption\":\"Cerdos\"},{\"@type\":\"BreadcrumbList\",\"@id\":\"https:\/\/www.asajacyl.com\/palencia\/asaja-palencia-informa\/asaja-denuncia-la-situacion-desesperada-de-los-ganaderos-en-integracion-especialmente-de-los-jovenes-amenazados-por-la-quiebra#breadcrumb\",\"itemListElement\":[{\"@type\":\"ListItem\",\"position\":1,\"name\":\"Portada\",\"item\":\"https:\/\/www.asajacyl.com\/palencia\/\"},{\"@type\":\"ListItem\",\"position\":2,\"name\":\"ASAJA denuncia la situaci\u00f3n desesperada de los ganaderos en integraci\u00f3n, especialmente de los j\u00f3venes, amenazados por la quiebra\"}]},{\"@type\":\"WebSite\",\"@id\":\"https:\/\/www.asajacyl.com\/palencia\/#website\",\"url\":\"https:\/\/www.asajacyl.com\/palencia\/\",\"name\":\"ASAJA Palencia\",\"description\":\"Otro sitio m\u00e1s de Provincias ASAJA Castilla y Le\u00f3n\",\"potentialAction\":[{\"@type\":\"SearchAction\",\"target\":{\"@type\":\"EntryPoint\",\"urlTemplate\":\"https:\/\/www.asajacyl.com\/palencia\/?s={search_term_string}\"},\"query-input\":{\"@type\":\"PropertyValueSpecification\",\"valueRequired\":true,\"valueName\":\"search_term_string\"}}],\"inLanguage\":\"es\"},{\"@type\":\"Person\",\"@id\":\"https:\/\/www.asajacyl.com\/palencia\/#\/schema\/person\/3ab17aeb03527485c317557fae64aab1\",\"name\":\"Administrador\",\"image\":{\"@type\":\"ImageObject\",\"inLanguage\":\"es\",\"@id\":\"https:\/\/www.asajacyl.com\/palencia\/#\/schema\/person\/image\/\",\"url\":\"https:\/\/secure.gravatar.com\/avatar\/517384810d242ca9e38c180f3c9fb973?s=96&d=mm&r=g\",\"contentUrl\":\"https:\/\/secure.gravatar.com\/avatar\/517384810d242ca9e38c180f3c9fb973?s=96&d=mm&r=g\",\"caption\":\"Administrador\"},\"url\":\"https:\/\/www.asajacyl.com\/palencia\/author\/carlosrm\"}]}<\/script>\n<!-- \/ Yoast SEO plugin. -->","yoast_head_json":{"title":"ASAJA denuncia la situaci\u00f3n desesperada de los ganaderos en integraci\u00f3n, especialmente de los j\u00f3venes, amenazados por la quiebra - ASAJA Palencia","description":"La OPA pide a las administraciones que apoyen al sector y a las empresas integraci\u00f3n que repercutan los mayores costes de producci\u00f3n en los precios que","robots":{"index":"index","follow":"follow","max-snippet":"max-snippet:-1","max-image-preview":"max-image-preview:large","max-video-preview":"max-video-preview:-1"},"canonical":"https:\/\/www.asajacyl.com\/palencia\/asaja-palencia-informa\/asaja-denuncia-la-situacion-desesperada-de-los-ganaderos-en-integracion-especialmente-de-los-jovenes-amenazados-por-la-quiebra","og_locale":"es_ES","og_type":"article","og_title":"ASAJA denuncia la situaci\u00f3n desesperada de los ganaderos en integraci\u00f3n, especialmente de los j\u00f3venes, amenazados por la quiebra - ASAJA Palencia","og_description":"La OPA pide a las administraciones que apoyen al sector y a las empresas integraci\u00f3n que repercutan los mayores costes de producci\u00f3n en los precios que","og_url":"https:\/\/www.asajacyl.com\/palencia\/asaja-palencia-informa\/asaja-denuncia-la-situacion-desesperada-de-los-ganaderos-en-integracion-especialmente-de-los-jovenes-amenazados-por-la-quiebra","og_site_name":"ASAJA Palencia","article_published_time":"2022-03-01T12:25:51+00:00","article_modified_time":"2022-03-01T12:25:53+00:00","og_image":[{"width":1920,"height":1080,"url":"https:\/\/www.asajacyl.com\/palencia\/wp-content\/uploads\/sites\/3\/2017\/11\/recurso-cerdos.jpg","type":"image\/jpeg"}],"author":"Administrador","twitter_card":"summary_large_image","twitter_misc":{"Escrito por":"Administrador","Tiempo de lectura":"3 minutos"},"schema":{"@context":"https:\/\/schema.org","@graph":[{"@type":"WebPage","@id":"https:\/\/www.asajacyl.com\/palencia\/asaja-palencia-informa\/asaja-denuncia-la-situacion-desesperada-de-los-ganaderos-en-integracion-especialmente-de-los-jovenes-amenazados-por-la-quiebra","url":"https:\/\/www.asajacyl.com\/palencia\/asaja-palencia-informa\/asaja-denuncia-la-situacion-desesperada-de-los-ganaderos-en-integracion-especialmente-de-los-jovenes-amenazados-por-la-quiebra","name":"ASAJA denuncia la situaci\u00f3n desesperada de los ganaderos en integraci\u00f3n, especialmente de los j\u00f3venes, amenazados por la quiebra - ASAJA Palencia","isPartOf":{"@id":"https:\/\/www.asajacyl.com\/palencia\/#website"},"primaryImageOfPage":{"@id":"https:\/\/www.asajacyl.com\/palencia\/asaja-palencia-informa\/asaja-denuncia-la-situacion-desesperada-de-los-ganaderos-en-integracion-especialmente-de-los-jovenes-amenazados-por-la-quiebra#primaryimage"},"image":{"@id":"https:\/\/www.asajacyl.com\/palencia\/asaja-palencia-informa\/asaja-denuncia-la-situacion-desesperada-de-los-ganaderos-en-integracion-especialmente-de-los-jovenes-amenazados-por-la-quiebra#primaryimage"},"thumbnailUrl":"https:\/\/www.asajacyl.com\/palencia\/wp-content\/uploads\/sites\/3\/2017\/11\/recurso-cerdos.jpg","datePublished":"2022-03-01T12:25:51+00:00","dateModified":"2022-03-01T12:25:53+00:00","author":{"@id":"https:\/\/www.asajacyl.com\/palencia\/#\/schema\/person\/3ab17aeb03527485c317557fae64aab1"},"description":"La OPA pide a las administraciones que apoyen al sector y a las empresas integraci\u00f3n que repercutan los mayores costes de producci\u00f3n en los precios que","breadcrumb":{"@id":"https:\/\/www.asajacyl.com\/palencia\/asaja-palencia-informa\/asaja-denuncia-la-situacion-desesperada-de-los-ganaderos-en-integracion-especialmente-de-los-jovenes-amenazados-por-la-quiebra#breadcrumb"},"inLanguage":"es","potentialAction":[{"@type":"ReadAction","target":["https:\/\/www.asajacyl.com\/palencia\/asaja-palencia-informa\/asaja-denuncia-la-situacion-desesperada-de-los-ganaderos-en-integracion-especialmente-de-los-jovenes-amenazados-por-la-quiebra"]}]},{"@type":"ImageObject","inLanguage":"es","@id":"https:\/\/www.asajacyl.com\/palencia\/asaja-palencia-informa\/asaja-denuncia-la-situacion-desesperada-de-los-ganaderos-en-integracion-especialmente-de-los-jovenes-amenazados-por-la-quiebra#primaryimage","url":"https:\/\/www.asajacyl.com\/palencia\/wp-content\/uploads\/sites\/3\/2017\/11\/recurso-cerdos.jpg","contentUrl":"https:\/\/www.asajacyl.com\/palencia\/wp-content\/uploads\/sites\/3\/2017\/11\/recurso-cerdos.jpg","width":1920,"height":1080,"caption":"Cerdos"},{"@type":"BreadcrumbList","@id":"https:\/\/www.asajacyl.com\/palencia\/asaja-palencia-informa\/asaja-denuncia-la-situacion-desesperada-de-los-ganaderos-en-integracion-especialmente-de-los-jovenes-amenazados-por-la-quiebra#breadcrumb","itemListElement":[{"@type":"ListItem","position":1,"name":"Portada","item":"https:\/\/www.asajacyl.com\/palencia\/"},{"@type":"ListItem","position":2,"name":"ASAJA denuncia la situaci\u00f3n desesperada de los ganaderos en integraci\u00f3n, especialmente de los j\u00f3venes, amenazados por la quiebra"}]},{"@type":"WebSite","@id":"https:\/\/www.asajacyl.com\/palencia\/#website","url":"https:\/\/www.asajacyl.com\/palencia\/","name":"ASAJA Palencia","description":"Otro sitio m\u00e1s de Provincias ASAJA Castilla y Le\u00f3n","potentialAction":[{"@type":"SearchAction","target":{"@type":"EntryPoint","urlTemplate":"https:\/\/www.asajacyl.com\/palencia\/?s={search_term_string}"},"query-input":{"@type":"PropertyValueSpecification","valueRequired":true,"valueName":"search_term_string"}}],"inLanguage":"es"},{"@type":"Person","@id":"https:\/\/www.asajacyl.com\/palencia\/#\/schema\/person\/3ab17aeb03527485c317557fae64aab1","name":"Administrador","image":{"@type":"ImageObject","inLanguage":"es","@id":"https:\/\/www.asajacyl.com\/palencia\/#\/schema\/person\/image\/","url":"https:\/\/secure.gravatar.com\/avatar\/517384810d242ca9e38c180f3c9fb973?s=96&d=mm&r=g","contentUrl":"https:\/\/secure.gravatar.com\/avatar\/517384810d242ca9e38c180f3c9fb973?s=96&d=mm&r=g","caption":"Administrador"},"url":"https:\/\/www.asajacyl.com\/palencia\/author\/carlosrm"}]}},"_links":{"self":[{"href":"https:\/\/www.asajacyl.com\/palencia\/wp-json\/wp\/v2\/posts\/9966"}],"collection":[{"href":"https:\/\/www.asajacyl.com\/palencia\/wp-json\/wp\/v2\/posts"}],"about":[{"href":"https:\/\/www.asajacyl.com\/palencia\/wp-json\/wp\/v2\/types\/post"}],"author":[{"embeddable":true,"href":"https:\/\/www.asajacyl.com\/palencia\/wp-json\/wp\/v2\/users\/9"}],"replies":[{"embeddable":true,"href":"https:\/\/www.asajacyl.com\/palencia\/wp-json\/wp\/v2\/comments?post=9966"}],"version-history":[{"count":1,"href":"https:\/\/www.asajacyl.com\/palencia\/wp-json\/wp\/v2\/posts\/9966\/revisions"}],"predecessor-version":[{"id":9967,"href":"https:\/\/www.asajacyl.com\/palencia\/wp-json\/wp\/v2\/posts\/9966\/revisions\/9967"}],"wp:featuredmedia":[{"embeddable":true,"href":"https:\/\/www.asajacyl.com\/palencia\/wp-json\/wp\/v2\/media\/1044"}],"wp:attachment":[{"href":"https:\/\/www.asajacyl.com\/palencia\/wp-json\/wp\/v2\/media?parent=9966"}],"wp:term":[{"taxonomy":"category","embeddable":true,"href":"https:\/\/www.asajacyl.com\/palencia\/wp-json\/wp\/v2\/categories?post=9966"},{"taxonomy":"post_tag","embeddable":true,"href":"https:\/\/www.asajacyl.com\/palencia\/wp-json\/wp\/v2\/tags?post=9966"}],"curies":[{"name":"wp","href":"https:\/\/api.w.org\/{rel}","templated":true}]}}