{"id":9968,"date":"2022-03-05T08:01:00","date_gmt":"2022-03-05T07:01:00","guid":{"rendered":"https:\/\/www.asajacyl.com\/palencia\/?p=9968"},"modified":"2022-03-02T08:08:14","modified_gmt":"2022-03-02T07:08:14","slug":"el-parlamento-europeo-vota-a-favor-de-la-produccion-de-foie-gras","status":"publish","type":"post","link":"https:\/\/www.asajacyl.com\/palencia\/asaja-palencia-informa\/el-parlamento-europeo-vota-a-favor-de-la-produccion-de-foie-gras","title":{"rendered":"El Parlamento Europeo vota a favor de la producci\u00f3n de foie gras"},"content":{"rendered":"\n<p>La organizaci\u00f3n Euro Foie Gras y el Copa-Cogeca se congratulan del voto positivo del Parlamento Europeo sobre el \u00abInforme de ejecuci\u00f3n sobre el bienestar de los animales de granja\u00bb de J\u00e9r\u00e9my Decerle. Es as\u00ed que los eurodiputados reconocen que \u00abla producci\u00f3n de foie gras se basa en procedimientos de cr\u00eda que respetan los criterios de bienestar animal\u00bb y rechazan la petici\u00f3n de prohibir la alimentaci\u00f3n asistida de patos y gansos.<\/p>\n\n\n\n<p>Recientemente, la mayor\u00eda de los eurodiputados vot\u00f3 en contra de dos enmiendas que ped\u00edan la prohibici\u00f3n de la alimentaci\u00f3n asistida para la producci\u00f3n de foie gras. El texto aprobado afirma que \u00abla fase de engorde, que dura entre diez y doce d\u00edas de media con dos comidas al d\u00eda, respeta los par\u00e1metros biol\u00f3gicos de los animales\u00bb. Asimismo, el mismo reconoce que la producci\u00f3n de foie gras es de car\u00e1cter extensivo y que se realiza mayoritariamente en explotaciones familiares, y que las aves pasan tiempo al aire libre. Los \u00abpalm\u00edpedos grasos\u00bb pasan el 90% de su vida en espacios al aire libre, donde pueden crecer libremente, rodeados de sus cong\u00e9neres. Este informe se sumar\u00e1 al proceso de revisi\u00f3n que lleva a cabo la Comisi\u00f3n de la legislaci\u00f3n comunitaria sobre bienestar animal.<\/p>\n\n\n\n<p>\u00abAcogemos con gran satisfacci\u00f3n el respaldo que manifiesta el Parlamento en pro de nuestro sector\u00bb, declar\u00f3 Christophe Barrailh, presidente de Euro Foie Gras, a lo que a\u00f1adi\u00f3: \u00abSe han tenido en cuenta nuestros esfuerzos constantes por mantener nuestras caracter\u00edsticas propias as\u00ed como las rigurosas normas de bienestar animal\u00bb.<\/p>\n\n\n\n<p>La producci\u00f3n de foie gras cumple efectivamente todas las normas de bienestar animal de la UE y m\u00e1s, ya que se acoge a la <a href=\"https:\/\/www.eurofoiegras.com\/wp-content\/uploads\/2019\/05\/Charter-for-fattened-palmiped-production.pdf\">propia carta del sector aprobada en 2013<\/a>, y desarrolla indicadores de bienestar animal.<\/p>\n\n\n\n<p>Tambi\u00e9n es esencial se\u00f1alar que, seg\u00fan el estado actual de los conocimientos y las t\u00e9cnicas disponibles, y a diferencia de lo que se afirma de ciertos productos, no es posible producir foie gras sin alimentaci\u00f3n asistida.<\/p>\n\n\n\n<p>La organizaci\u00f3n Euro Foie Gras y el Copa-Cogeca siempre se han dedicado a esta cuesti\u00f3n y seguir\u00e1n velando por que los \u00abpalm\u00edpedos grasos\u00bb se cr\u00eden en condiciones \u00f3ptimas, garantizando plenamente su bienestar y cumpliendo los requisitos relacionados con los aspectos sanitarios y ofreciendo condiciones de trabajo satisfactorias a los criadores.<\/p>\n\n\n\n<div class=\"wp-block-image\"><figure class=\"aligncenter size-large is-resized\"><a href=\"https:\/\/www.eurofoiegras.com\/wp-content\/uploads\/2019\/05\/Charter-for-fattened-palmiped-production.pdf\"><img loading=\"lazy\" decoding=\"async\" src=\"https:\/\/www.asajacyl.com\/palencia\/wp-content\/uploads\/sites\/3\/2022\/03\/image-679x1024.png\" alt=\"\" class=\"wp-image-9969\" width=\"708\" height=\"1066\" srcset=\"https:\/\/www.asajacyl.com\/palencia\/wp-content\/uploads\/sites\/3\/2022\/03\/image-199x300.png 199w, https:\/\/www.asajacyl.com\/palencia\/wp-content\/uploads\/sites\/3\/2022\/03\/image-278x420.png 278w\" sizes=\"(max-width: 708px) 100vw, 708px\" \/><\/a><\/figure><\/div>\n","protected":false},"excerpt":{"rendered":"<p>La organizaci\u00f3n Euro Foie Gras y el Copa-Cogeca se congratulan del voto positivo del Parlamento Europeo sobre el \u00abInforme de ejecuci\u00f3n sobre el bienestar de los animales de granja\u00bb de J\u00e9r\u00e9my Decerle. Es as\u00ed que los eurodiputados reconocen que \u00abla producci\u00f3n de foie gras se basa en procedimientos de cr\u00eda que respetan los criterios de [&hellip;]<\/p>\n","protected":false},"author":9,"featured_media":9970,"comment_status":"open","ping_status":"open","sticky":false,"template":"","format":"standard","meta":{"footnotes":""},"categories":[9,29,28],"tags":[],"yoast_head":"<!-- This site is optimized with the Yoast SEO plugin v24.5 - https:\/\/yoast.com\/wordpress\/plugins\/seo\/ -->\n<title>El Parlamento Europeo vota a favor de la producci\u00f3n de foie gras - ASAJA Palencia<\/title>\n<meta name=\"description\" content=\"La organizaci\u00f3n Euro Foie Gras y el Copa-Cogeca se congratulan del voto positivo del Parlamento Europeo sobre el \u00abInforme de ejecuci\u00f3n sobre el bienestar\" \/>\n<meta name=\"robots\" content=\"index, follow, max-snippet:-1, max-image-preview:large, max-video-preview:-1\" \/>\n<link rel=\"canonical\" href=\"https:\/\/www.asajacyl.com\/palencia\/asaja-palencia-informa\/el-parlamento-europeo-vota-a-favor-de-la-produccion-de-foie-gras\" \/>\n<meta property=\"og:locale\" content=\"es_ES\" \/>\n<meta property=\"og:type\" content=\"article\" \/>\n<meta property=\"og:title\" content=\"El Parlamento Europeo vota a favor de la producci\u00f3n de foie gras - ASAJA Palencia\" \/>\n<meta property=\"og:description\" content=\"La organizaci\u00f3n Euro Foie Gras y el Copa-Cogeca se congratulan del voto positivo del Parlamento Europeo sobre el \u00abInforme de ejecuci\u00f3n sobre el bienestar\" \/>\n<meta property=\"og:url\" content=\"https:\/\/www.asajacyl.com\/palencia\/asaja-palencia-informa\/el-parlamento-europeo-vota-a-favor-de-la-produccion-de-foie-gras\" \/>\n<meta property=\"og:site_name\" content=\"ASAJA Palencia\" \/>\n<meta property=\"article:published_time\" content=\"2022-03-05T07:01:00+00:00\" \/>\n<meta property=\"og:image\" content=\"https:\/\/www.asajacyl.com\/palencia\/wp-content\/uploads\/sites\/3\/2022\/03\/FOIE.jpg\" \/>\n\t<meta property=\"og:image:width\" content=\"1159\" \/>\n\t<meta property=\"og:image:height\" content=\"269\" \/>\n\t<meta property=\"og:image:type\" content=\"image\/jpeg\" \/>\n<meta name=\"author\" content=\"Administrador\" \/>\n<meta name=\"twitter:card\" content=\"summary_large_image\" \/>\n<meta name=\"twitter:label1\" content=\"Escrito por\" \/>\n\t<meta name=\"twitter:data1\" content=\"Administrador\" \/>\n\t<meta name=\"twitter:label2\" content=\"Tiempo de lectura\" \/>\n\t<meta name=\"twitter:data2\" content=\"2 minutos\" \/>\n<script type=\"application\/ld+json\" class=\"yoast-schema-graph\">{\"@context\":\"https:\/\/schema.org\",\"@graph\":[{\"@type\":\"WebPage\",\"@id\":\"https:\/\/www.asajacyl.com\/palencia\/asaja-palencia-informa\/el-parlamento-europeo-vota-a-favor-de-la-produccion-de-foie-gras\",\"url\":\"https:\/\/www.asajacyl.com\/palencia\/asaja-palencia-informa\/el-parlamento-europeo-vota-a-favor-de-la-produccion-de-foie-gras\",\"name\":\"El Parlamento Europeo vota a favor de la producci\u00f3n de foie gras - ASAJA Palencia\",\"isPartOf\":{\"@id\":\"https:\/\/www.asajacyl.com\/palencia\/#website\"},\"primaryImageOfPage\":{\"@id\":\"https:\/\/www.asajacyl.com\/palencia\/asaja-palencia-informa\/el-parlamento-europeo-vota-a-favor-de-la-produccion-de-foie-gras#primaryimage\"},\"image\":{\"@id\":\"https:\/\/www.asajacyl.com\/palencia\/asaja-palencia-informa\/el-parlamento-europeo-vota-a-favor-de-la-produccion-de-foie-gras#primaryimage\"},\"thumbnailUrl\":\"https:\/\/www.asajacyl.com\/palencia\/wp-content\/uploads\/sites\/3\/2022\/03\/FOIE.jpg\",\"datePublished\":\"2022-03-05T07:01:00+00:00\",\"author\":{\"@id\":\"https:\/\/www.asajacyl.com\/palencia\/#\/schema\/person\/3ab17aeb03527485c317557fae64aab1\"},\"description\":\"La organizaci\u00f3n Euro Foie Gras y el Copa-Cogeca se congratulan del voto positivo del Parlamento Europeo sobre el \u00abInforme de ejecuci\u00f3n sobre el bienestar\",\"breadcrumb\":{\"@id\":\"https:\/\/www.asajacyl.com\/palencia\/asaja-palencia-informa\/el-parlamento-europeo-vota-a-favor-de-la-produccion-de-foie-gras#breadcrumb\"},\"inLanguage\":\"es\",\"potentialAction\":[{\"@type\":\"ReadAction\",\"target\":[\"https:\/\/www.asajacyl.com\/palencia\/asaja-palencia-informa\/el-parlamento-europeo-vota-a-favor-de-la-produccion-de-foie-gras\"]}]},{\"@type\":\"ImageObject\",\"inLanguage\":\"es\",\"@id\":\"https:\/\/www.asajacyl.com\/palencia\/asaja-palencia-informa\/el-parlamento-europeo-vota-a-favor-de-la-produccion-de-foie-gras#primaryimage\",\"url\":\"https:\/\/www.asajacyl.com\/palencia\/wp-content\/uploads\/sites\/3\/2022\/03\/FOIE.jpg\",\"contentUrl\":\"https:\/\/www.asajacyl.com\/palencia\/wp-content\/uploads\/sites\/3\/2022\/03\/FOIE.jpg\",\"width\":1159,\"height\":269},{\"@type\":\"BreadcrumbList\",\"@id\":\"https:\/\/www.asajacyl.com\/palencia\/asaja-palencia-informa\/el-parlamento-europeo-vota-a-favor-de-la-produccion-de-foie-gras#breadcrumb\",\"itemListElement\":[{\"@type\":\"ListItem\",\"position\":1,\"name\":\"Portada\",\"item\":\"https:\/\/www.asajacyl.com\/palencia\/\"},{\"@type\":\"ListItem\",\"position\":2,\"name\":\"El Parlamento Europeo vota a favor de la producci\u00f3n de foie gras\"}]},{\"@type\":\"WebSite\",\"@id\":\"https:\/\/www.asajacyl.com\/palencia\/#website\",\"url\":\"https:\/\/www.asajacyl.com\/palencia\/\",\"name\":\"ASAJA Palencia\",\"description\":\"Otro sitio m\u00e1s de Provincias ASAJA Castilla y Le\u00f3n\",\"potentialAction\":[{\"@type\":\"SearchAction\",\"target\":{\"@type\":\"EntryPoint\",\"urlTemplate\":\"https:\/\/www.asajacyl.com\/palencia\/?s={search_term_string}\"},\"query-input\":{\"@type\":\"PropertyValueSpecification\",\"valueRequired\":true,\"valueName\":\"search_term_string\"}}],\"inLanguage\":\"es\"},{\"@type\":\"Person\",\"@id\":\"https:\/\/www.asajacyl.com\/palencia\/#\/schema\/person\/3ab17aeb03527485c317557fae64aab1\",\"name\":\"Administrador\",\"image\":{\"@type\":\"ImageObject\",\"inLanguage\":\"es\",\"@id\":\"https:\/\/www.asajacyl.com\/palencia\/#\/schema\/person\/image\/\",\"url\":\"https:\/\/secure.gravatar.com\/avatar\/517384810d242ca9e38c180f3c9fb973?s=96&d=mm&r=g\",\"contentUrl\":\"https:\/\/secure.gravatar.com\/avatar\/517384810d242ca9e38c180f3c9fb973?s=96&d=mm&r=g\",\"caption\":\"Administrador\"},\"url\":\"https:\/\/www.asajacyl.com\/palencia\/author\/carlosrm\"}]}<\/script>\n<!-- \/ Yoast SEO plugin. -->","yoast_head_json":{"title":"El Parlamento Europeo vota a favor de la producci\u00f3n de foie gras - ASAJA Palencia","description":"La organizaci\u00f3n Euro Foie Gras y el Copa-Cogeca se congratulan del voto positivo del Parlamento Europeo sobre el \u00abInforme de ejecuci\u00f3n sobre el bienestar","robots":{"index":"index","follow":"follow","max-snippet":"max-snippet:-1","max-image-preview":"max-image-preview:large","max-video-preview":"max-video-preview:-1"},"canonical":"https:\/\/www.asajacyl.com\/palencia\/asaja-palencia-informa\/el-parlamento-europeo-vota-a-favor-de-la-produccion-de-foie-gras","og_locale":"es_ES","og_type":"article","og_title":"El Parlamento Europeo vota a favor de la producci\u00f3n de foie gras - ASAJA Palencia","og_description":"La organizaci\u00f3n Euro Foie Gras y el Copa-Cogeca se congratulan del voto positivo del Parlamento Europeo sobre el \u00abInforme de ejecuci\u00f3n sobre el bienestar","og_url":"https:\/\/www.asajacyl.com\/palencia\/asaja-palencia-informa\/el-parlamento-europeo-vota-a-favor-de-la-produccion-de-foie-gras","og_site_name":"ASAJA Palencia","article_published_time":"2022-03-05T07:01:00+00:00","og_image":[{"width":1159,"height":269,"url":"https:\/\/www.asajacyl.com\/palencia\/wp-content\/uploads\/sites\/3\/2022\/03\/FOIE.jpg","type":"image\/jpeg"}],"author":"Administrador","twitter_card":"summary_large_image","twitter_misc":{"Escrito por":"Administrador","Tiempo de lectura":"2 minutos"},"schema":{"@context":"https:\/\/schema.org","@graph":[{"@type":"WebPage","@id":"https:\/\/www.asajacyl.com\/palencia\/asaja-palencia-informa\/el-parlamento-europeo-vota-a-favor-de-la-produccion-de-foie-gras","url":"https:\/\/www.asajacyl.com\/palencia\/asaja-palencia-informa\/el-parlamento-europeo-vota-a-favor-de-la-produccion-de-foie-gras","name":"El Parlamento Europeo vota a favor de la producci\u00f3n de foie gras - ASAJA Palencia","isPartOf":{"@id":"https:\/\/www.asajacyl.com\/palencia\/#website"},"primaryImageOfPage":{"@id":"https:\/\/www.asajacyl.com\/palencia\/asaja-palencia-informa\/el-parlamento-europeo-vota-a-favor-de-la-produccion-de-foie-gras#primaryimage"},"image":{"@id":"https:\/\/www.asajacyl.com\/palencia\/asaja-palencia-informa\/el-parlamento-europeo-vota-a-favor-de-la-produccion-de-foie-gras#primaryimage"},"thumbnailUrl":"https:\/\/www.asajacyl.com\/palencia\/wp-content\/uploads\/sites\/3\/2022\/03\/FOIE.jpg","datePublished":"2022-03-05T07:01:00+00:00","author":{"@id":"https:\/\/www.asajacyl.com\/palencia\/#\/schema\/person\/3ab17aeb03527485c317557fae64aab1"},"description":"La organizaci\u00f3n Euro Foie Gras y el Copa-Cogeca se congratulan del voto positivo del Parlamento Europeo sobre el \u00abInforme de ejecuci\u00f3n sobre el bienestar","breadcrumb":{"@id":"https:\/\/www.asajacyl.com\/palencia\/asaja-palencia-informa\/el-parlamento-europeo-vota-a-favor-de-la-produccion-de-foie-gras#breadcrumb"},"inLanguage":"es","potentialAction":[{"@type":"ReadAction","target":["https:\/\/www.asajacyl.com\/palencia\/asaja-palencia-informa\/el-parlamento-europeo-vota-a-favor-de-la-produccion-de-foie-gras"]}]},{"@type":"ImageObject","inLanguage":"es","@id":"https:\/\/www.asajacyl.com\/palencia\/asaja-palencia-informa\/el-parlamento-europeo-vota-a-favor-de-la-produccion-de-foie-gras#primaryimage","url":"https:\/\/www.asajacyl.com\/palencia\/wp-content\/uploads\/sites\/3\/2022\/03\/FOIE.jpg","contentUrl":"https:\/\/www.asajacyl.com\/palencia\/wp-content\/uploads\/sites\/3\/2022\/03\/FOIE.jpg","width":1159,"height":269},{"@type":"BreadcrumbList","@id":"https:\/\/www.asajacyl.com\/palencia\/asaja-palencia-informa\/el-parlamento-europeo-vota-a-favor-de-la-produccion-de-foie-gras#breadcrumb","itemListElement":[{"@type":"ListItem","position":1,"name":"Portada","item":"https:\/\/www.asajacyl.com\/palencia\/"},{"@type":"ListItem","position":2,"name":"El Parlamento Europeo vota a favor de la producci\u00f3n de foie gras"}]},{"@type":"WebSite","@id":"https:\/\/www.asajacyl.com\/palencia\/#website","url":"https:\/\/www.asajacyl.com\/palencia\/","name":"ASAJA Palencia","description":"Otro sitio m\u00e1s de Provincias ASAJA Castilla y Le\u00f3n","potentialAction":[{"@type":"SearchAction","target":{"@type":"EntryPoint","urlTemplate":"https:\/\/www.asajacyl.com\/palencia\/?s={search_term_string}"},"query-input":{"@type":"PropertyValueSpecification","valueRequired":true,"valueName":"search_term_string"}}],"inLanguage":"es"},{"@type":"Person","@id":"https:\/\/www.asajacyl.com\/palencia\/#\/schema\/person\/3ab17aeb03527485c317557fae64aab1","name":"Administrador","image":{"@type":"ImageObject","inLanguage":"es","@id":"https:\/\/www.asajacyl.com\/palencia\/#\/schema\/person\/image\/","url":"https:\/\/secure.gravatar.com\/avatar\/517384810d242ca9e38c180f3c9fb973?s=96&d=mm&r=g","contentUrl":"https:\/\/secure.gravatar.com\/avatar\/517384810d242ca9e38c180f3c9fb973?s=96&d=mm&r=g","caption":"Administrador"},"url":"https:\/\/www.asajacyl.com\/palencia\/author\/carlosrm"}]}},"_links":{"self":[{"href":"https:\/\/www.asajacyl.com\/palencia\/wp-json\/wp\/v2\/posts\/9968"}],"collection":[{"href":"https:\/\/www.asajacyl.com\/palencia\/wp-json\/wp\/v2\/posts"}],"about":[{"href":"https:\/\/www.asajacyl.com\/palencia\/wp-json\/wp\/v2\/types\/post"}],"author":[{"embeddable":true,"href":"https:\/\/www.asajacyl.com\/palencia\/wp-json\/wp\/v2\/users\/9"}],"replies":[{"embeddable":true,"href":"https:\/\/www.asajacyl.com\/palencia\/wp-json\/wp\/v2\/comments?post=9968"}],"version-history":[{"count":1,"href":"https:\/\/www.asajacyl.com\/palencia\/wp-json\/wp\/v2\/posts\/9968\/revisions"}],"predecessor-version":[{"id":9971,"href":"https:\/\/www.asajacyl.com\/palencia\/wp-json\/wp\/v2\/posts\/9968\/revisions\/9971"}],"wp:featuredmedia":[{"embeddable":true,"href":"https:\/\/www.asajacyl.com\/palencia\/wp-json\/wp\/v2\/media\/9970"}],"wp:attachment":[{"href":"https:\/\/www.asajacyl.com\/palencia\/wp-json\/wp\/v2\/media?parent=9968"}],"wp:term":[{"taxonomy":"category","embeddable":true,"href":"https:\/\/www.asajacyl.com\/palencia\/wp-json\/wp\/v2\/categories?post=9968"},{"taxonomy":"post_tag","embeddable":true,"href":"https:\/\/www.asajacyl.com\/palencia\/wp-json\/wp\/v2\/tags?post=9968"}],"curies":[{"name":"wp","href":"https:\/\/api.w.org\/{rel}","templated":true}]}}