{"id":9972,"date":"2022-03-02T18:44:56","date_gmt":"2022-03-02T17:44:56","guid":{"rendered":"https:\/\/www.asajacyl.com\/palencia\/?p=9972"},"modified":"2022-03-02T18:44:58","modified_gmt":"2022-03-02T17:44:58","slug":"el-aumento-de-los-costes-de-produccion-provoca-una-crisis-sin-precedentes-en-el-sector-cunicola-condenado-a-producir-a-perdidas","status":"publish","type":"post","link":"https:\/\/www.asajacyl.com\/palencia\/asaja-palencia-informa\/el-aumento-de-los-costes-de-produccion-provoca-una-crisis-sin-precedentes-en-el-sector-cunicola-condenado-a-producir-a-perdidas","title":{"rendered":"El aumento de los costes de producci\u00f3n provoca una crisis sin precedentes en el sector cun\u00edcola, condenado a producir a p\u00e9rdidas"},"content":{"rendered":"\n<p><em><strong>\u00abEs demencial que la cadena de valor del sector cun\u00edcola se fundamente en una producci\u00f3n a p\u00e9rdidas para los ganaderos. Un aumento los costes de piensos (+35%) y energ\u00eda (+150%) ha hundido a\u00fan m\u00e1s los m\u00e1rgenes de rentabilidad en el que se mueven normalmente las peque\u00f1as y medianas explotaciones cun\u00edcolas\u201d denuncian ASAJA, COAG, UPA, CUNIBER, CONACUN y Cooperativas agro-alimentarias. Los cunicultores piden al Ministerio de Agricultura que garantice el cumplimiento de la Ley de la Cadena para abordar esta delicada situaci\u00f3n que podr\u00eda abocar al cierre a centenares de explotaciones cun\u00edcolas en nuestro pa\u00eds.<\/strong><\/em><\/p>\n\n\n\n<p>El dato clave que permite hablar de una grave crisis en el sector cun\u00edcola espa\u00f1ol es, que los costes de producci\u00f3n son cada vez m\u00e1s elevados, mientras que el precio de venta que perciben los ganaderos no sube al mismo ritmo, lo que se traduce en p\u00e9rdidas de rentabilidad cada vez m\u00e1s acusadas para los productores de conejo.<\/p>\n\n\n\n<p>Las Organizaciones de productores UPA, ASAJA, COAG, CUNIBER, CONACUN y Cooperativas agro-alimentarias denuncian la cr\u00edtica situaci\u00f3n por la que atraviesa el sector cun\u00edcola en Espa\u00f1a ante el brutal incremento de los costes de producci\u00f3n, disparados por el vertiginoso aumento de los precios de gas\u00f3leo (+40-60%), energ\u00eda (luz y gas +150%), agua (+30%) y piensos (+35%) durante los \u00faltimos meses.<\/p>\n\n\n\n<p>Como resultado, los cunicultores piden al Ministerio de Agricultura que garantice el cumplimiento de la Ley de la Cadena para abordar esta delicada situaci\u00f3n que podr\u00eda abocar al cierre a centenares de explotaciones cun\u00edcolas en nuestro pa\u00eds, y que se adopten medidas de forma urgente mediante un plan de choque que alivie la falta de liquidez y rentabilidad estructural en las explotaciones.<\/p>\n\n\n\n<p>Los precios pagados a los ganaderos tienen que reflejar el aumento de costes, tanto en los contratos de los ganaderos que trabajan con integradoras como en los de aquellos que operan de forma independiente. Es una de las condiciones a las que obliga la Ley de Cadena Alimentaria.<\/p>\n\n\n\n<p>Los productores advierten que, si no se corrigen estos desequilibrios el sector no estar\u00e1 en disposici\u00f3n de abordar los objetivos que se pretende alcanzar en las pr\u00f3ximas d\u00e9cadas con las nuevas estrategias \u201cDe la Granja a la Mesa\u201d y de Biodiversidad 2030, as\u00ed como la iniciativa del fin de las jaulas, elementos esenciales del Pacto Verde Europeo; y cientos de granjas se ver\u00e1n obligadas a echar el cierre.<\/p>\n","protected":false},"excerpt":{"rendered":"<p>\u00abEs demencial que la cadena de valor del sector cun\u00edcola se fundamente en una producci\u00f3n a p\u00e9rdidas para los ganaderos. Un aumento los costes de piensos (+35%) y energ\u00eda (+150%) ha hundido a\u00fan m\u00e1s los m\u00e1rgenes de rentabilidad en el que se mueven normalmente las peque\u00f1as y medianas explotaciones cun\u00edcolas\u201d denuncian ASAJA, COAG, UPA, CUNIBER, [&hellip;]<\/p>\n","protected":false},"author":9,"featured_media":9973,"comment_status":"open","ping_status":"open","sticky":false,"template":"","format":"standard","meta":{"footnotes":""},"categories":[9,29,28],"tags":[],"yoast_head":"<!-- This site is optimized with the Yoast SEO plugin v24.5 - https:\/\/yoast.com\/wordpress\/plugins\/seo\/ -->\n<title>El aumento de los costes de producci\u00f3n provoca una crisis sin precedentes en el sector cun\u00edcola, condenado a producir a p\u00e9rdidas - ASAJA Palencia<\/title>\n<meta name=\"description\" content=\"&quot;Es demencial que la cadena de valor del sector cun\u00edcola se fundamente en una producci\u00f3n a p\u00e9rdidas para los ganaderos. Un aumento los costes de piensos\" \/>\n<meta name=\"robots\" content=\"index, follow, max-snippet:-1, max-image-preview:large, max-video-preview:-1\" \/>\n<link rel=\"canonical\" href=\"https:\/\/www.asajacyl.com\/palencia\/asaja-palencia-informa\/el-aumento-de-los-costes-de-produccion-provoca-una-crisis-sin-precedentes-en-el-sector-cunicola-condenado-a-producir-a-perdidas\" \/>\n<meta property=\"og:locale\" content=\"es_ES\" \/>\n<meta property=\"og:type\" content=\"article\" \/>\n<meta property=\"og:title\" content=\"El aumento de los costes de producci\u00f3n provoca una crisis sin precedentes en el sector cun\u00edcola, condenado a producir a p\u00e9rdidas - ASAJA Palencia\" \/>\n<meta property=\"og:description\" content=\"&quot;Es demencial que la cadena de valor del sector cun\u00edcola se fundamente en una producci\u00f3n a p\u00e9rdidas para los ganaderos. Un aumento los costes de piensos\" \/>\n<meta property=\"og:url\" content=\"https:\/\/www.asajacyl.com\/palencia\/asaja-palencia-informa\/el-aumento-de-los-costes-de-produccion-provoca-una-crisis-sin-precedentes-en-el-sector-cunicola-condenado-a-producir-a-perdidas\" \/>\n<meta property=\"og:site_name\" content=\"ASAJA Palencia\" \/>\n<meta property=\"article:published_time\" content=\"2022-03-02T17:44:56+00:00\" \/>\n<meta property=\"article:modified_time\" content=\"2022-03-02T17:44:58+00:00\" \/>\n<meta property=\"og:image\" content=\"https:\/\/www.asajacyl.com\/palencia\/wp-content\/uploads\/sites\/3\/2022\/03\/CONEJO.jpg\" \/>\n\t<meta property=\"og:image:width\" content=\"668\" \/>\n\t<meta property=\"og:image:height\" content=\"400\" \/>\n\t<meta property=\"og:image:type\" content=\"image\/jpeg\" \/>\n<meta name=\"author\" content=\"Administrador\" \/>\n<meta name=\"twitter:card\" content=\"summary_large_image\" \/>\n<meta name=\"twitter:label1\" content=\"Escrito por\" \/>\n\t<meta name=\"twitter:data1\" content=\"Administrador\" \/>\n\t<meta name=\"twitter:label2\" content=\"Tiempo de lectura\" \/>\n\t<meta name=\"twitter:data2\" content=\"2 minutos\" \/>\n<script type=\"application\/ld+json\" class=\"yoast-schema-graph\">{\"@context\":\"https:\/\/schema.org\",\"@graph\":[{\"@type\":\"WebPage\",\"@id\":\"https:\/\/www.asajacyl.com\/palencia\/asaja-palencia-informa\/el-aumento-de-los-costes-de-produccion-provoca-una-crisis-sin-precedentes-en-el-sector-cunicola-condenado-a-producir-a-perdidas\",\"url\":\"https:\/\/www.asajacyl.com\/palencia\/asaja-palencia-informa\/el-aumento-de-los-costes-de-produccion-provoca-una-crisis-sin-precedentes-en-el-sector-cunicola-condenado-a-producir-a-perdidas\",\"name\":\"El aumento de los costes de producci\u00f3n provoca una crisis sin precedentes en el sector cun\u00edcola, condenado a producir a p\u00e9rdidas - ASAJA Palencia\",\"isPartOf\":{\"@id\":\"https:\/\/www.asajacyl.com\/palencia\/#website\"},\"primaryImageOfPage\":{\"@id\":\"https:\/\/www.asajacyl.com\/palencia\/asaja-palencia-informa\/el-aumento-de-los-costes-de-produccion-provoca-una-crisis-sin-precedentes-en-el-sector-cunicola-condenado-a-producir-a-perdidas#primaryimage\"},\"image\":{\"@id\":\"https:\/\/www.asajacyl.com\/palencia\/asaja-palencia-informa\/el-aumento-de-los-costes-de-produccion-provoca-una-crisis-sin-precedentes-en-el-sector-cunicola-condenado-a-producir-a-perdidas#primaryimage\"},\"thumbnailUrl\":\"https:\/\/www.asajacyl.com\/palencia\/wp-content\/uploads\/sites\/3\/2022\/03\/CONEJO.jpg\",\"datePublished\":\"2022-03-02T17:44:56+00:00\",\"dateModified\":\"2022-03-02T17:44:58+00:00\",\"author\":{\"@id\":\"https:\/\/www.asajacyl.com\/palencia\/#\/schema\/person\/3ab17aeb03527485c317557fae64aab1\"},\"description\":\"\\\"Es demencial que la cadena de valor del sector cun\u00edcola se fundamente en una producci\u00f3n a p\u00e9rdidas para los ganaderos. Un aumento los costes de piensos\",\"breadcrumb\":{\"@id\":\"https:\/\/www.asajacyl.com\/palencia\/asaja-palencia-informa\/el-aumento-de-los-costes-de-produccion-provoca-una-crisis-sin-precedentes-en-el-sector-cunicola-condenado-a-producir-a-perdidas#breadcrumb\"},\"inLanguage\":\"es\",\"potentialAction\":[{\"@type\":\"ReadAction\",\"target\":[\"https:\/\/www.asajacyl.com\/palencia\/asaja-palencia-informa\/el-aumento-de-los-costes-de-produccion-provoca-una-crisis-sin-precedentes-en-el-sector-cunicola-condenado-a-producir-a-perdidas\"]}]},{\"@type\":\"ImageObject\",\"inLanguage\":\"es\",\"@id\":\"https:\/\/www.asajacyl.com\/palencia\/asaja-palencia-informa\/el-aumento-de-los-costes-de-produccion-provoca-una-crisis-sin-precedentes-en-el-sector-cunicola-condenado-a-producir-a-perdidas#primaryimage\",\"url\":\"https:\/\/www.asajacyl.com\/palencia\/wp-content\/uploads\/sites\/3\/2022\/03\/CONEJO.jpg\",\"contentUrl\":\"https:\/\/www.asajacyl.com\/palencia\/wp-content\/uploads\/sites\/3\/2022\/03\/CONEJO.jpg\",\"width\":668,\"height\":400},{\"@type\":\"BreadcrumbList\",\"@id\":\"https:\/\/www.asajacyl.com\/palencia\/asaja-palencia-informa\/el-aumento-de-los-costes-de-produccion-provoca-una-crisis-sin-precedentes-en-el-sector-cunicola-condenado-a-producir-a-perdidas#breadcrumb\",\"itemListElement\":[{\"@type\":\"ListItem\",\"position\":1,\"name\":\"Portada\",\"item\":\"https:\/\/www.asajacyl.com\/palencia\/\"},{\"@type\":\"ListItem\",\"position\":2,\"name\":\"El aumento de los costes de producci\u00f3n provoca una crisis sin precedentes en el sector cun\u00edcola, condenado a producir a p\u00e9rdidas\"}]},{\"@type\":\"WebSite\",\"@id\":\"https:\/\/www.asajacyl.com\/palencia\/#website\",\"url\":\"https:\/\/www.asajacyl.com\/palencia\/\",\"name\":\"ASAJA Palencia\",\"description\":\"Otro sitio m\u00e1s de Provincias ASAJA Castilla y Le\u00f3n\",\"potentialAction\":[{\"@type\":\"SearchAction\",\"target\":{\"@type\":\"EntryPoint\",\"urlTemplate\":\"https:\/\/www.asajacyl.com\/palencia\/?s={search_term_string}\"},\"query-input\":{\"@type\":\"PropertyValueSpecification\",\"valueRequired\":true,\"valueName\":\"search_term_string\"}}],\"inLanguage\":\"es\"},{\"@type\":\"Person\",\"@id\":\"https:\/\/www.asajacyl.com\/palencia\/#\/schema\/person\/3ab17aeb03527485c317557fae64aab1\",\"name\":\"Administrador\",\"image\":{\"@type\":\"ImageObject\",\"inLanguage\":\"es\",\"@id\":\"https:\/\/www.asajacyl.com\/palencia\/#\/schema\/person\/image\/\",\"url\":\"https:\/\/secure.gravatar.com\/avatar\/517384810d242ca9e38c180f3c9fb973?s=96&d=mm&r=g\",\"contentUrl\":\"https:\/\/secure.gravatar.com\/avatar\/517384810d242ca9e38c180f3c9fb973?s=96&d=mm&r=g\",\"caption\":\"Administrador\"},\"url\":\"https:\/\/www.asajacyl.com\/palencia\/author\/carlosrm\"}]}<\/script>\n<!-- \/ Yoast SEO plugin. -->","yoast_head_json":{"title":"El aumento de los costes de producci\u00f3n provoca una crisis sin precedentes en el sector cun\u00edcola, condenado a producir a p\u00e9rdidas - ASAJA Palencia","description":"\"Es demencial que la cadena de valor del sector cun\u00edcola se fundamente en una producci\u00f3n a p\u00e9rdidas para los ganaderos. Un aumento los costes de piensos","robots":{"index":"index","follow":"follow","max-snippet":"max-snippet:-1","max-image-preview":"max-image-preview:large","max-video-preview":"max-video-preview:-1"},"canonical":"https:\/\/www.asajacyl.com\/palencia\/asaja-palencia-informa\/el-aumento-de-los-costes-de-produccion-provoca-una-crisis-sin-precedentes-en-el-sector-cunicola-condenado-a-producir-a-perdidas","og_locale":"es_ES","og_type":"article","og_title":"El aumento de los costes de producci\u00f3n provoca una crisis sin precedentes en el sector cun\u00edcola, condenado a producir a p\u00e9rdidas - ASAJA Palencia","og_description":"\"Es demencial que la cadena de valor del sector cun\u00edcola se fundamente en una producci\u00f3n a p\u00e9rdidas para los ganaderos. Un aumento los costes de piensos","og_url":"https:\/\/www.asajacyl.com\/palencia\/asaja-palencia-informa\/el-aumento-de-los-costes-de-produccion-provoca-una-crisis-sin-precedentes-en-el-sector-cunicola-condenado-a-producir-a-perdidas","og_site_name":"ASAJA Palencia","article_published_time":"2022-03-02T17:44:56+00:00","article_modified_time":"2022-03-02T17:44:58+00:00","og_image":[{"width":668,"height":400,"url":"https:\/\/www.asajacyl.com\/palencia\/wp-content\/uploads\/sites\/3\/2022\/03\/CONEJO.jpg","type":"image\/jpeg"}],"author":"Administrador","twitter_card":"summary_large_image","twitter_misc":{"Escrito por":"Administrador","Tiempo de lectura":"2 minutos"},"schema":{"@context":"https:\/\/schema.org","@graph":[{"@type":"WebPage","@id":"https:\/\/www.asajacyl.com\/palencia\/asaja-palencia-informa\/el-aumento-de-los-costes-de-produccion-provoca-una-crisis-sin-precedentes-en-el-sector-cunicola-condenado-a-producir-a-perdidas","url":"https:\/\/www.asajacyl.com\/palencia\/asaja-palencia-informa\/el-aumento-de-los-costes-de-produccion-provoca-una-crisis-sin-precedentes-en-el-sector-cunicola-condenado-a-producir-a-perdidas","name":"El aumento de los costes de producci\u00f3n provoca una crisis sin precedentes en el sector cun\u00edcola, condenado a producir a p\u00e9rdidas - ASAJA Palencia","isPartOf":{"@id":"https:\/\/www.asajacyl.com\/palencia\/#website"},"primaryImageOfPage":{"@id":"https:\/\/www.asajacyl.com\/palencia\/asaja-palencia-informa\/el-aumento-de-los-costes-de-produccion-provoca-una-crisis-sin-precedentes-en-el-sector-cunicola-condenado-a-producir-a-perdidas#primaryimage"},"image":{"@id":"https:\/\/www.asajacyl.com\/palencia\/asaja-palencia-informa\/el-aumento-de-los-costes-de-produccion-provoca-una-crisis-sin-precedentes-en-el-sector-cunicola-condenado-a-producir-a-perdidas#primaryimage"},"thumbnailUrl":"https:\/\/www.asajacyl.com\/palencia\/wp-content\/uploads\/sites\/3\/2022\/03\/CONEJO.jpg","datePublished":"2022-03-02T17:44:56+00:00","dateModified":"2022-03-02T17:44:58+00:00","author":{"@id":"https:\/\/www.asajacyl.com\/palencia\/#\/schema\/person\/3ab17aeb03527485c317557fae64aab1"},"description":"\"Es demencial que la cadena de valor del sector cun\u00edcola se fundamente en una producci\u00f3n a p\u00e9rdidas para los ganaderos. Un aumento los costes de piensos","breadcrumb":{"@id":"https:\/\/www.asajacyl.com\/palencia\/asaja-palencia-informa\/el-aumento-de-los-costes-de-produccion-provoca-una-crisis-sin-precedentes-en-el-sector-cunicola-condenado-a-producir-a-perdidas#breadcrumb"},"inLanguage":"es","potentialAction":[{"@type":"ReadAction","target":["https:\/\/www.asajacyl.com\/palencia\/asaja-palencia-informa\/el-aumento-de-los-costes-de-produccion-provoca-una-crisis-sin-precedentes-en-el-sector-cunicola-condenado-a-producir-a-perdidas"]}]},{"@type":"ImageObject","inLanguage":"es","@id":"https:\/\/www.asajacyl.com\/palencia\/asaja-palencia-informa\/el-aumento-de-los-costes-de-produccion-provoca-una-crisis-sin-precedentes-en-el-sector-cunicola-condenado-a-producir-a-perdidas#primaryimage","url":"https:\/\/www.asajacyl.com\/palencia\/wp-content\/uploads\/sites\/3\/2022\/03\/CONEJO.jpg","contentUrl":"https:\/\/www.asajacyl.com\/palencia\/wp-content\/uploads\/sites\/3\/2022\/03\/CONEJO.jpg","width":668,"height":400},{"@type":"BreadcrumbList","@id":"https:\/\/www.asajacyl.com\/palencia\/asaja-palencia-informa\/el-aumento-de-los-costes-de-produccion-provoca-una-crisis-sin-precedentes-en-el-sector-cunicola-condenado-a-producir-a-perdidas#breadcrumb","itemListElement":[{"@type":"ListItem","position":1,"name":"Portada","item":"https:\/\/www.asajacyl.com\/palencia\/"},{"@type":"ListItem","position":2,"name":"El aumento de los costes de producci\u00f3n provoca una crisis sin precedentes en el sector cun\u00edcola, condenado a producir a p\u00e9rdidas"}]},{"@type":"WebSite","@id":"https:\/\/www.asajacyl.com\/palencia\/#website","url":"https:\/\/www.asajacyl.com\/palencia\/","name":"ASAJA Palencia","description":"Otro sitio m\u00e1s de Provincias ASAJA Castilla y Le\u00f3n","potentialAction":[{"@type":"SearchAction","target":{"@type":"EntryPoint","urlTemplate":"https:\/\/www.asajacyl.com\/palencia\/?s={search_term_string}"},"query-input":{"@type":"PropertyValueSpecification","valueRequired":true,"valueName":"search_term_string"}}],"inLanguage":"es"},{"@type":"Person","@id":"https:\/\/www.asajacyl.com\/palencia\/#\/schema\/person\/3ab17aeb03527485c317557fae64aab1","name":"Administrador","image":{"@type":"ImageObject","inLanguage":"es","@id":"https:\/\/www.asajacyl.com\/palencia\/#\/schema\/person\/image\/","url":"https:\/\/secure.gravatar.com\/avatar\/517384810d242ca9e38c180f3c9fb973?s=96&d=mm&r=g","contentUrl":"https:\/\/secure.gravatar.com\/avatar\/517384810d242ca9e38c180f3c9fb973?s=96&d=mm&r=g","caption":"Administrador"},"url":"https:\/\/www.asajacyl.com\/palencia\/author\/carlosrm"}]}},"_links":{"self":[{"href":"https:\/\/www.asajacyl.com\/palencia\/wp-json\/wp\/v2\/posts\/9972"}],"collection":[{"href":"https:\/\/www.asajacyl.com\/palencia\/wp-json\/wp\/v2\/posts"}],"about":[{"href":"https:\/\/www.asajacyl.com\/palencia\/wp-json\/wp\/v2\/types\/post"}],"author":[{"embeddable":true,"href":"https:\/\/www.asajacyl.com\/palencia\/wp-json\/wp\/v2\/users\/9"}],"replies":[{"embeddable":true,"href":"https:\/\/www.asajacyl.com\/palencia\/wp-json\/wp\/v2\/comments?post=9972"}],"version-history":[{"count":1,"href":"https:\/\/www.asajacyl.com\/palencia\/wp-json\/wp\/v2\/posts\/9972\/revisions"}],"predecessor-version":[{"id":9974,"href":"https:\/\/www.asajacyl.com\/palencia\/wp-json\/wp\/v2\/posts\/9972\/revisions\/9974"}],"wp:featuredmedia":[{"embeddable":true,"href":"https:\/\/www.asajacyl.com\/palencia\/wp-json\/wp\/v2\/media\/9973"}],"wp:attachment":[{"href":"https:\/\/www.asajacyl.com\/palencia\/wp-json\/wp\/v2\/media?parent=9972"}],"wp:term":[{"taxonomy":"category","embeddable":true,"href":"https:\/\/www.asajacyl.com\/palencia\/wp-json\/wp\/v2\/categories?post=9972"},{"taxonomy":"post_tag","embeddable":true,"href":"https:\/\/www.asajacyl.com\/palencia\/wp-json\/wp\/v2\/tags?post=9972"}],"curies":[{"name":"wp","href":"https:\/\/api.w.org\/{rel}","templated":true}]}}