{"id":9982,"date":"2022-03-08T00:36:00","date_gmt":"2022-03-07T23:36:00","guid":{"rendered":"https:\/\/www.asajacyl.com\/palencia\/?p=9982"},"modified":"2022-03-03T11:23:30","modified_gmt":"2022-03-03T10:23:30","slug":"reduccion-de-los-tractores-comprados-por-el-sector-agrario-de-palencia","status":"publish","type":"post","link":"https:\/\/www.asajacyl.com\/palencia\/asaja-palencia-informa\/reduccion-de-los-tractores-comprados-por-el-sector-agrario-de-palencia","title":{"rendered":"Reducci\u00f3n de los tractores comprados por el sector agrario de Palencia"},"content":{"rendered":"\n<p>Seg\u00fan los datos de inscripciones de nueva maquinaria en el Registro Oficial de Maquinaria Agr\u00edcola (R.O.M.A.) de Palencia, la venta de tractores ha disminuido en Palencia un 13% en el a\u00f1o 2021 frente a las realizadas en 2020. En el a\u00f1o 2020 fueron 111 tractores los que adquirieron los agricultores y ganaderos palentinos mientras que en el pasado 2021 esa cifra ha ascendido a 97 unidades.<\/p>\n\n\n\n<p>En cuanto a marcas, se han comprado 23 Fendt en Palencia en 2021, frente a los 20 que se compraron en 2020. Esta cifra hace que Fendt sea la marca m\u00e1s comprada por el sector agrario palentino, por delante de John Deere, que tras una compra de 33 unidades en el a\u00f1o 2020, ha reducido notoriamente su mercado en 2021 a 22 unidades. Estas dos marcas representan un 46% del mercado, dato similar al 48% que ten\u00edan el a\u00f1o anterior. Tambi\u00e9n cabe destacar que han sido diez las marcas que han comprado los palentinos cuando el a\u00f1o anterior hab\u00edan sido doce, desaparecen de las compras de 2021 las marcas Kubota y Landini, y el ascenso de Massey Ferguson, que aumenta su cuota de mercado de un 10% a un 14%.<\/p>\n\n\n\n<p>En cuanto a cosechadoras se ha producido un vuelco notorio en las preferencias del sector agrario palentino ya que, manteni\u00e9ndose el n\u00famero de cosechadoras de cereales inscritas en el R.O.M.A. el a\u00f1o pasado -diez unidades- la marca Claas s\u00f3lo ha sido elegida en una unidad, frente a las ocho del a\u00f1o 2020. En cambio New Holland ha sido comprada en cinco ocasiones frente a las dos del a\u00f1o anterior. Fendt, John Deere y Deutz-Fahr aparecen entre las marcas vendidas cuando el a\u00f1o pasado coparon todo el mercado Claas y New Holland, alto tambi\u00e9n destacable.<\/p>\n\n\n\n<p>Aunque todav\u00eda no es muy representativo, contin\u00faa siendo destacable el progresivo aumento de tractores usados importados con pocas horas de funcionamiento.<\/p>\n\n\n\n<p>Finalmente, otras m\u00e1quinas de obligada inscripci\u00f3n en el R.O.M.A. son los pulverizadores, con 71 unidades inscritas frente a las 62 unidades del pasado a\u00f1o, y las abonadoras, que llegan a 60 unidades cuando el a\u00f1o pasado se hab\u00edan inscrito 44. Este tipo de maquinaria ha sido muy demandado en las ayudas del Plan Renove para maquinaria agr\u00edcola, no as\u00ed los tractores por no adaptarse la normativa a la realidad del campo, algo que ya ha transmitido ASAJA al Ministerio de Agricultura.<\/p>\n\n\n\n<div class=\"wp-block-image\"><figure class=\"aligncenter size-large\"><img loading=\"lazy\" decoding=\"async\" width=\"1024\" height=\"718\" src=\"https:\/\/www.asajacyl.com\/palencia\/wp-content\/uploads\/sites\/3\/2022\/03\/image-1-1024x718.png\" alt=\"\" class=\"wp-image-9983\" srcset=\"https:\/\/www.asajacyl.com\/palencia\/wp-content\/uploads\/sites\/3\/2022\/03\/image-1-1024x718.png 1024w, https:\/\/www.asajacyl.com\/palencia\/wp-content\/uploads\/sites\/3\/2022\/03\/image-1-300x210.png 300w, https:\/\/www.asajacyl.com\/palencia\/wp-content\/uploads\/sites\/3\/2022\/03\/image-1-768x539.png 768w, https:\/\/www.asajacyl.com\/palencia\/wp-content\/uploads\/sites\/3\/2022\/03\/image-1-696x488.png 696w, https:\/\/www.asajacyl.com\/palencia\/wp-content\/uploads\/sites\/3\/2022\/03\/image-1-1068x749.png 1068w, https:\/\/www.asajacyl.com\/palencia\/wp-content\/uploads\/sites\/3\/2022\/03\/image-1-599x420.png 599w, https:\/\/www.asajacyl.com\/palencia\/wp-content\/uploads\/sites\/3\/2022\/03\/image-1.png 1195w\" sizes=\"(max-width: 1024px) 100vw, 1024px\" \/><\/figure><\/div>\n\n\n\n<div class=\"wp-block-image\"><figure class=\"aligncenter size-full\"><img loading=\"lazy\" decoding=\"async\" width=\"961\" height=\"776\" src=\"https:\/\/www.asajacyl.com\/palencia\/wp-content\/uploads\/sites\/3\/2022\/03\/image-2.png\" alt=\"\" class=\"wp-image-9984\" srcset=\"https:\/\/www.asajacyl.com\/palencia\/wp-content\/uploads\/sites\/3\/2022\/03\/image-2.png 961w, https:\/\/www.asajacyl.com\/palencia\/wp-content\/uploads\/sites\/3\/2022\/03\/image-2-300x242.png 300w, https:\/\/www.asajacyl.com\/palencia\/wp-content\/uploads\/sites\/3\/2022\/03\/image-2-768x620.png 768w, https:\/\/www.asajacyl.com\/palencia\/wp-content\/uploads\/sites\/3\/2022\/03\/image-2-696x562.png 696w, https:\/\/www.asajacyl.com\/palencia\/wp-content\/uploads\/sites\/3\/2022\/03\/image-2-520x420.png 520w\" sizes=\"(max-width: 961px) 100vw, 961px\" \/><\/figure><\/div>\n\n\n\n<div class=\"wp-block-image\"><figure class=\"aligncenter size-large\"><img loading=\"lazy\" decoding=\"async\" width=\"1024\" height=\"648\" src=\"https:\/\/www.asajacyl.com\/palencia\/wp-content\/uploads\/sites\/3\/2022\/03\/image-3-1024x648.png\" alt=\"\" class=\"wp-image-9985\" srcset=\"https:\/\/www.asajacyl.com\/palencia\/wp-content\/uploads\/sites\/3\/2022\/03\/image-3-1024x648.png 1024w, https:\/\/www.asajacyl.com\/palencia\/wp-content\/uploads\/sites\/3\/2022\/03\/image-3-300x190.png 300w, https:\/\/www.asajacyl.com\/palencia\/wp-content\/uploads\/sites\/3\/2022\/03\/image-3-768x486.png 768w, https:\/\/www.asajacyl.com\/palencia\/wp-content\/uploads\/sites\/3\/2022\/03\/image-3-696x440.png 696w, https:\/\/www.asajacyl.com\/palencia\/wp-content\/uploads\/sites\/3\/2022\/03\/image-3-1068x675.png 1068w, https:\/\/www.asajacyl.com\/palencia\/wp-content\/uploads\/sites\/3\/2022\/03\/image-3-664x420.png 664w, https:\/\/www.asajacyl.com\/palencia\/wp-content\/uploads\/sites\/3\/2022\/03\/image-3.png 1227w\" sizes=\"(max-width: 1024px) 100vw, 1024px\" \/><\/figure><\/div>\n","protected":false},"excerpt":{"rendered":"<p>Seg\u00fan los datos de inscripciones de nueva maquinaria en el Registro Oficial de Maquinaria Agr\u00edcola (R.O.M.A.) de Palencia, la venta de tractores ha disminuido en Palencia un 13% en el a\u00f1o 2021 frente a las realizadas en 2020. En el a\u00f1o 2020 fueron 111 tractores los que adquirieron los agricultores y ganaderos palentinos mientras que [&hellip;]<\/p>\n","protected":false},"author":9,"featured_media":6312,"comment_status":"open","ping_status":"open","sticky":false,"template":"","format":"standard","meta":{"footnotes":""},"categories":[9,29,28],"tags":[],"yoast_head":"<!-- This site is optimized with the Yoast SEO plugin v24.5 - https:\/\/yoast.com\/wordpress\/plugins\/seo\/ -->\n<title>Reducci\u00f3n de los tractores comprados por el sector agrario de Palencia - ASAJA Palencia<\/title>\n<meta name=\"description\" content=\"Seg\u00fan los datos de inscripciones de nueva maquinaria en el Registro Oficial de Maquinaria Agr\u00edcola (R.O.M.A.) de Palencia, la venta de tractores ha\" \/>\n<meta name=\"robots\" content=\"index, follow, max-snippet:-1, max-image-preview:large, max-video-preview:-1\" \/>\n<link rel=\"canonical\" href=\"https:\/\/www.asajacyl.com\/palencia\/asaja-palencia-informa\/reduccion-de-los-tractores-comprados-por-el-sector-agrario-de-palencia\" \/>\n<meta property=\"og:locale\" content=\"es_ES\" \/>\n<meta property=\"og:type\" content=\"article\" \/>\n<meta property=\"og:title\" content=\"Reducci\u00f3n de los tractores comprados por el sector agrario de Palencia - ASAJA Palencia\" \/>\n<meta property=\"og:description\" content=\"Seg\u00fan los datos de inscripciones de nueva maquinaria en el Registro Oficial de Maquinaria Agr\u00edcola (R.O.M.A.) de Palencia, la venta de tractores ha\" \/>\n<meta property=\"og:url\" content=\"https:\/\/www.asajacyl.com\/palencia\/asaja-palencia-informa\/reduccion-de-los-tractores-comprados-por-el-sector-agrario-de-palencia\" \/>\n<meta property=\"og:site_name\" content=\"ASAJA Palencia\" \/>\n<meta property=\"article:published_time\" content=\"2022-03-07T23:36:00+00:00\" \/>\n<meta property=\"og:image\" content=\"https:\/\/www.asajacyl.com\/palencia\/wp-content\/uploads\/sites\/3\/2019\/06\/TRACTORES-2.jpg\" \/>\n\t<meta property=\"og:image:width\" content=\"2500\" \/>\n\t<meta property=\"og:image:height\" content=\"1875\" \/>\n\t<meta property=\"og:image:type\" content=\"image\/jpeg\" \/>\n<meta name=\"author\" content=\"Administrador\" \/>\n<meta name=\"twitter:card\" content=\"summary_large_image\" \/>\n<meta name=\"twitter:label1\" content=\"Escrito por\" \/>\n\t<meta name=\"twitter:data1\" content=\"Administrador\" \/>\n\t<meta name=\"twitter:label2\" content=\"Tiempo de lectura\" \/>\n\t<meta name=\"twitter:data2\" content=\"3 minutos\" \/>\n<script type=\"application\/ld+json\" class=\"yoast-schema-graph\">{\"@context\":\"https:\/\/schema.org\",\"@graph\":[{\"@type\":\"WebPage\",\"@id\":\"https:\/\/www.asajacyl.com\/palencia\/asaja-palencia-informa\/reduccion-de-los-tractores-comprados-por-el-sector-agrario-de-palencia\",\"url\":\"https:\/\/www.asajacyl.com\/palencia\/asaja-palencia-informa\/reduccion-de-los-tractores-comprados-por-el-sector-agrario-de-palencia\",\"name\":\"Reducci\u00f3n de los tractores comprados por el sector agrario de Palencia - ASAJA Palencia\",\"isPartOf\":{\"@id\":\"https:\/\/www.asajacyl.com\/palencia\/#website\"},\"primaryImageOfPage\":{\"@id\":\"https:\/\/www.asajacyl.com\/palencia\/asaja-palencia-informa\/reduccion-de-los-tractores-comprados-por-el-sector-agrario-de-palencia#primaryimage\"},\"image\":{\"@id\":\"https:\/\/www.asajacyl.com\/palencia\/asaja-palencia-informa\/reduccion-de-los-tractores-comprados-por-el-sector-agrario-de-palencia#primaryimage\"},\"thumbnailUrl\":\"https:\/\/www.asajacyl.com\/palencia\/wp-content\/uploads\/sites\/3\/2019\/06\/TRACTORES-2.jpg\",\"datePublished\":\"2022-03-07T23:36:00+00:00\",\"author\":{\"@id\":\"https:\/\/www.asajacyl.com\/palencia\/#\/schema\/person\/3ab17aeb03527485c317557fae64aab1\"},\"description\":\"Seg\u00fan los datos de inscripciones de nueva maquinaria en el Registro Oficial de Maquinaria Agr\u00edcola (R.O.M.A.) de Palencia, la venta de tractores ha\",\"breadcrumb\":{\"@id\":\"https:\/\/www.asajacyl.com\/palencia\/asaja-palencia-informa\/reduccion-de-los-tractores-comprados-por-el-sector-agrario-de-palencia#breadcrumb\"},\"inLanguage\":\"es\",\"potentialAction\":[{\"@type\":\"ReadAction\",\"target\":[\"https:\/\/www.asajacyl.com\/palencia\/asaja-palencia-informa\/reduccion-de-los-tractores-comprados-por-el-sector-agrario-de-palencia\"]}]},{\"@type\":\"ImageObject\",\"inLanguage\":\"es\",\"@id\":\"https:\/\/www.asajacyl.com\/palencia\/asaja-palencia-informa\/reduccion-de-los-tractores-comprados-por-el-sector-agrario-de-palencia#primaryimage\",\"url\":\"https:\/\/www.asajacyl.com\/palencia\/wp-content\/uploads\/sites\/3\/2019\/06\/TRACTORES-2.jpg\",\"contentUrl\":\"https:\/\/www.asajacyl.com\/palencia\/wp-content\/uploads\/sites\/3\/2019\/06\/TRACTORES-2.jpg\",\"width\":2500,\"height\":1875,\"caption\":\"dav\"},{\"@type\":\"BreadcrumbList\",\"@id\":\"https:\/\/www.asajacyl.com\/palencia\/asaja-palencia-informa\/reduccion-de-los-tractores-comprados-por-el-sector-agrario-de-palencia#breadcrumb\",\"itemListElement\":[{\"@type\":\"ListItem\",\"position\":1,\"name\":\"Portada\",\"item\":\"https:\/\/www.asajacyl.com\/palencia\/\"},{\"@type\":\"ListItem\",\"position\":2,\"name\":\"Reducci\u00f3n de los tractores comprados por el sector agrario de Palencia\"}]},{\"@type\":\"WebSite\",\"@id\":\"https:\/\/www.asajacyl.com\/palencia\/#website\",\"url\":\"https:\/\/www.asajacyl.com\/palencia\/\",\"name\":\"ASAJA Palencia\",\"description\":\"Otro sitio m\u00e1s de Provincias ASAJA Castilla y Le\u00f3n\",\"potentialAction\":[{\"@type\":\"SearchAction\",\"target\":{\"@type\":\"EntryPoint\",\"urlTemplate\":\"https:\/\/www.asajacyl.com\/palencia\/?s={search_term_string}\"},\"query-input\":{\"@type\":\"PropertyValueSpecification\",\"valueRequired\":true,\"valueName\":\"search_term_string\"}}],\"inLanguage\":\"es\"},{\"@type\":\"Person\",\"@id\":\"https:\/\/www.asajacyl.com\/palencia\/#\/schema\/person\/3ab17aeb03527485c317557fae64aab1\",\"name\":\"Administrador\",\"image\":{\"@type\":\"ImageObject\",\"inLanguage\":\"es\",\"@id\":\"https:\/\/www.asajacyl.com\/palencia\/#\/schema\/person\/image\/\",\"url\":\"https:\/\/secure.gravatar.com\/avatar\/517384810d242ca9e38c180f3c9fb973?s=96&d=mm&r=g\",\"contentUrl\":\"https:\/\/secure.gravatar.com\/avatar\/517384810d242ca9e38c180f3c9fb973?s=96&d=mm&r=g\",\"caption\":\"Administrador\"},\"url\":\"https:\/\/www.asajacyl.com\/palencia\/author\/carlosrm\"}]}<\/script>\n<!-- \/ Yoast SEO plugin. -->","yoast_head_json":{"title":"Reducci\u00f3n de los tractores comprados por el sector agrario de Palencia - ASAJA Palencia","description":"Seg\u00fan los datos de inscripciones de nueva maquinaria en el Registro Oficial de Maquinaria Agr\u00edcola (R.O.M.A.) de Palencia, la venta de tractores ha","robots":{"index":"index","follow":"follow","max-snippet":"max-snippet:-1","max-image-preview":"max-image-preview:large","max-video-preview":"max-video-preview:-1"},"canonical":"https:\/\/www.asajacyl.com\/palencia\/asaja-palencia-informa\/reduccion-de-los-tractores-comprados-por-el-sector-agrario-de-palencia","og_locale":"es_ES","og_type":"article","og_title":"Reducci\u00f3n de los tractores comprados por el sector agrario de Palencia - ASAJA Palencia","og_description":"Seg\u00fan los datos de inscripciones de nueva maquinaria en el Registro Oficial de Maquinaria Agr\u00edcola (R.O.M.A.) de Palencia, la venta de tractores ha","og_url":"https:\/\/www.asajacyl.com\/palencia\/asaja-palencia-informa\/reduccion-de-los-tractores-comprados-por-el-sector-agrario-de-palencia","og_site_name":"ASAJA Palencia","article_published_time":"2022-03-07T23:36:00+00:00","og_image":[{"width":2500,"height":1875,"url":"https:\/\/www.asajacyl.com\/palencia\/wp-content\/uploads\/sites\/3\/2019\/06\/TRACTORES-2.jpg","type":"image\/jpeg"}],"author":"Administrador","twitter_card":"summary_large_image","twitter_misc":{"Escrito por":"Administrador","Tiempo de lectura":"3 minutos"},"schema":{"@context":"https:\/\/schema.org","@graph":[{"@type":"WebPage","@id":"https:\/\/www.asajacyl.com\/palencia\/asaja-palencia-informa\/reduccion-de-los-tractores-comprados-por-el-sector-agrario-de-palencia","url":"https:\/\/www.asajacyl.com\/palencia\/asaja-palencia-informa\/reduccion-de-los-tractores-comprados-por-el-sector-agrario-de-palencia","name":"Reducci\u00f3n de los tractores comprados por el sector agrario de Palencia - ASAJA Palencia","isPartOf":{"@id":"https:\/\/www.asajacyl.com\/palencia\/#website"},"primaryImageOfPage":{"@id":"https:\/\/www.asajacyl.com\/palencia\/asaja-palencia-informa\/reduccion-de-los-tractores-comprados-por-el-sector-agrario-de-palencia#primaryimage"},"image":{"@id":"https:\/\/www.asajacyl.com\/palencia\/asaja-palencia-informa\/reduccion-de-los-tractores-comprados-por-el-sector-agrario-de-palencia#primaryimage"},"thumbnailUrl":"https:\/\/www.asajacyl.com\/palencia\/wp-content\/uploads\/sites\/3\/2019\/06\/TRACTORES-2.jpg","datePublished":"2022-03-07T23:36:00+00:00","author":{"@id":"https:\/\/www.asajacyl.com\/palencia\/#\/schema\/person\/3ab17aeb03527485c317557fae64aab1"},"description":"Seg\u00fan los datos de inscripciones de nueva maquinaria en el Registro Oficial de Maquinaria Agr\u00edcola (R.O.M.A.) de Palencia, la venta de tractores ha","breadcrumb":{"@id":"https:\/\/www.asajacyl.com\/palencia\/asaja-palencia-informa\/reduccion-de-los-tractores-comprados-por-el-sector-agrario-de-palencia#breadcrumb"},"inLanguage":"es","potentialAction":[{"@type":"ReadAction","target":["https:\/\/www.asajacyl.com\/palencia\/asaja-palencia-informa\/reduccion-de-los-tractores-comprados-por-el-sector-agrario-de-palencia"]}]},{"@type":"ImageObject","inLanguage":"es","@id":"https:\/\/www.asajacyl.com\/palencia\/asaja-palencia-informa\/reduccion-de-los-tractores-comprados-por-el-sector-agrario-de-palencia#primaryimage","url":"https:\/\/www.asajacyl.com\/palencia\/wp-content\/uploads\/sites\/3\/2019\/06\/TRACTORES-2.jpg","contentUrl":"https:\/\/www.asajacyl.com\/palencia\/wp-content\/uploads\/sites\/3\/2019\/06\/TRACTORES-2.jpg","width":2500,"height":1875,"caption":"dav"},{"@type":"BreadcrumbList","@id":"https:\/\/www.asajacyl.com\/palencia\/asaja-palencia-informa\/reduccion-de-los-tractores-comprados-por-el-sector-agrario-de-palencia#breadcrumb","itemListElement":[{"@type":"ListItem","position":1,"name":"Portada","item":"https:\/\/www.asajacyl.com\/palencia\/"},{"@type":"ListItem","position":2,"name":"Reducci\u00f3n de los tractores comprados por el sector agrario de Palencia"}]},{"@type":"WebSite","@id":"https:\/\/www.asajacyl.com\/palencia\/#website","url":"https:\/\/www.asajacyl.com\/palencia\/","name":"ASAJA Palencia","description":"Otro sitio m\u00e1s de Provincias ASAJA Castilla y Le\u00f3n","potentialAction":[{"@type":"SearchAction","target":{"@type":"EntryPoint","urlTemplate":"https:\/\/www.asajacyl.com\/palencia\/?s={search_term_string}"},"query-input":{"@type":"PropertyValueSpecification","valueRequired":true,"valueName":"search_term_string"}}],"inLanguage":"es"},{"@type":"Person","@id":"https:\/\/www.asajacyl.com\/palencia\/#\/schema\/person\/3ab17aeb03527485c317557fae64aab1","name":"Administrador","image":{"@type":"ImageObject","inLanguage":"es","@id":"https:\/\/www.asajacyl.com\/palencia\/#\/schema\/person\/image\/","url":"https:\/\/secure.gravatar.com\/avatar\/517384810d242ca9e38c180f3c9fb973?s=96&d=mm&r=g","contentUrl":"https:\/\/secure.gravatar.com\/avatar\/517384810d242ca9e38c180f3c9fb973?s=96&d=mm&r=g","caption":"Administrador"},"url":"https:\/\/www.asajacyl.com\/palencia\/author\/carlosrm"}]}},"_links":{"self":[{"href":"https:\/\/www.asajacyl.com\/palencia\/wp-json\/wp\/v2\/posts\/9982"}],"collection":[{"href":"https:\/\/www.asajacyl.com\/palencia\/wp-json\/wp\/v2\/posts"}],"about":[{"href":"https:\/\/www.asajacyl.com\/palencia\/wp-json\/wp\/v2\/types\/post"}],"author":[{"embeddable":true,"href":"https:\/\/www.asajacyl.com\/palencia\/wp-json\/wp\/v2\/users\/9"}],"replies":[{"embeddable":true,"href":"https:\/\/www.asajacyl.com\/palencia\/wp-json\/wp\/v2\/comments?post=9982"}],"version-history":[{"count":1,"href":"https:\/\/www.asajacyl.com\/palencia\/wp-json\/wp\/v2\/posts\/9982\/revisions"}],"predecessor-version":[{"id":9986,"href":"https:\/\/www.asajacyl.com\/palencia\/wp-json\/wp\/v2\/posts\/9982\/revisions\/9986"}],"wp:featuredmedia":[{"embeddable":true,"href":"https:\/\/www.asajacyl.com\/palencia\/wp-json\/wp\/v2\/media\/6312"}],"wp:attachment":[{"href":"https:\/\/www.asajacyl.com\/palencia\/wp-json\/wp\/v2\/media?parent=9982"}],"wp:term":[{"taxonomy":"category","embeddable":true,"href":"https:\/\/www.asajacyl.com\/palencia\/wp-json\/wp\/v2\/categories?post=9982"},{"taxonomy":"post_tag","embeddable":true,"href":"https:\/\/www.asajacyl.com\/palencia\/wp-json\/wp\/v2\/tags?post=9982"}],"curies":[{"name":"wp","href":"https:\/\/api.w.org\/{rel}","templated":true}]}}