{"id":9987,"date":"2022-03-04T07:26:00","date_gmt":"2022-03-04T06:26:00","guid":{"rendered":"https:\/\/www.asajacyl.com\/palencia\/?p=9987"},"modified":"2022-03-04T07:28:31","modified_gmt":"2022-03-04T06:28:31","slug":"asaja-pide-un-cambio-urgente-de-rumbo-de-la-pac-para-que-garantice-la-alimentacion-de-la-sociedad-europea","status":"publish","type":"post","link":"https:\/\/www.asajacyl.com\/palencia\/asaja-palencia-informa\/asaja-pide-un-cambio-urgente-de-rumbo-de-la-pac-para-que-garantice-la-alimentacion-de-la-sociedad-europea","title":{"rendered":"ASAJA pide un cambio urgente de rumbo de la PAC para que garantice la alimentaci\u00f3n de la sociedad europea"},"content":{"rendered":"\n<p>El presidente de ASAJA de Castilla y Le\u00f3n ha pedido \u201cun cambio de rumbo urgente\u201d en la Pol\u00edtica Agraria Com\u00fan 2023-27 para que Europa garantice la alimentaci\u00f3n de sus 500 millones de habitantes en un momento cr\u00edtico en el que puede peligrar el abastecimiento a consecuencia de la invasi\u00f3n de Ucrania por parte de Rusia. Para ASAJA, \u201cexiste un riesgo cierto de no poder garantizar el abastecimiento, y muy especialmente la alimentaci\u00f3n de la caba\u00f1a ganadera\u201d.<\/p>\n\n\n\n<p>Hay que tener en cuenta que cerca del 30% de las importaciones espa\u00f1olas de ma\u00edz proceden de Ucrania, y tambi\u00e9n importamos trigo (17%) y torta y aceite de girasol (30%). Esto, sumado a que tambi\u00e9n es proveedor de abonos y fertilizantes, y que el precio de la energ\u00eda est\u00e1 desbocado tras interrumpirse el suministro ruso, hace idea de la enorme persecuci\u00f3n que tiene para todos, productores y consumidores.<\/p>\n\n\n\n<p>Donaciano Dujo ha expresado el rechazo m\u00e1s contundente de ASAJA a este conflicto armado, as\u00ed como su solidaridad con las v\u00edctimas. \u201cLo que est\u00e1 ocurriendo es todo lo contrario al campo: la agricultura es vida y producci\u00f3n, mientras que la guerra es muerte y destrucci\u00f3n\u201d.<\/p>\n\n\n\n<p>\u201cEn estos d\u00edas se ha demostrado la inconsistencia de planteamientos de la PAC que arremeten contra la agricultura productiva y profesional, que es la \u00fanica que puede garantizar la alimentaci\u00f3n de la sociedad\u201d, se\u00f1al\u00f3 Donaciano Dujo, que pidi\u00f3 a las autoridades comunitarias y nacionales que \u201cse empleen a fondo para encontrar nuevos mercados de materias primas, desde el cereal al abono y la energ\u00eda, que garanticen el abastecimiento del campo espa\u00f1ol y europeo\u201d.<\/p>\n\n\n\n<p>En este sentido, y dado el momento excepcional que vivimos, \u201cdeber\u00edan plantearse los cambios necesarios en la normativa europea para poder aprovechar al m\u00e1ximo la superficie de que disponemos en Castilla y Le\u00f3n, cerca de 500.000 hect\u00e1reas que tienen restricciones para su producci\u00f3n\u201d, ha propuesto el presidente de ASAJA.<\/p>\n","protected":false},"excerpt":{"rendered":"<p>El presidente de ASAJA de Castilla y Le\u00f3n ha pedido \u201cun cambio de rumbo urgente\u201d en la Pol\u00edtica Agraria Com\u00fan 2023-27 para que Europa garantice la alimentaci\u00f3n de sus 500 millones de habitantes en un momento cr\u00edtico en el que puede peligrar el abastecimiento a consecuencia de la invasi\u00f3n de Ucrania por parte de Rusia. [&hellip;]<\/p>\n","protected":false},"author":9,"featured_media":9988,"comment_status":"open","ping_status":"open","sticky":false,"template":"","format":"standard","meta":{"footnotes":""},"categories":[9,29,28],"tags":[],"yoast_head":"<!-- This site is optimized with the Yoast SEO plugin v24.5 - https:\/\/yoast.com\/wordpress\/plugins\/seo\/ -->\n<title>ASAJA pide un cambio urgente de rumbo de la PAC para que garantice la alimentaci\u00f3n de la sociedad europea - ASAJA Palencia<\/title>\n<meta name=\"description\" content=\"El presidente de ASAJA de Castilla y Le\u00f3n ha pedido \u201cun cambio de rumbo urgente\u201d en la Pol\u00edtica Agraria Com\u00fan 2023-27 para que Europa garantice la\" \/>\n<meta name=\"robots\" content=\"index, follow, max-snippet:-1, max-image-preview:large, max-video-preview:-1\" \/>\n<link rel=\"canonical\" href=\"https:\/\/www.asajacyl.com\/palencia\/asaja-palencia-informa\/asaja-pide-un-cambio-urgente-de-rumbo-de-la-pac-para-que-garantice-la-alimentacion-de-la-sociedad-europea\" \/>\n<meta property=\"og:locale\" content=\"es_ES\" \/>\n<meta property=\"og:type\" content=\"article\" \/>\n<meta property=\"og:title\" content=\"ASAJA pide un cambio urgente de rumbo de la PAC para que garantice la alimentaci\u00f3n de la sociedad europea - ASAJA Palencia\" \/>\n<meta property=\"og:description\" content=\"El presidente de ASAJA de Castilla y Le\u00f3n ha pedido \u201cun cambio de rumbo urgente\u201d en la Pol\u00edtica Agraria Com\u00fan 2023-27 para que Europa garantice la\" \/>\n<meta property=\"og:url\" content=\"https:\/\/www.asajacyl.com\/palencia\/asaja-palencia-informa\/asaja-pide-un-cambio-urgente-de-rumbo-de-la-pac-para-que-garantice-la-alimentacion-de-la-sociedad-europea\" \/>\n<meta property=\"og:site_name\" content=\"ASAJA Palencia\" \/>\n<meta property=\"article:published_time\" content=\"2022-03-04T06:26:00+00:00\" \/>\n<meta property=\"article:modified_time\" content=\"2022-03-04T06:28:31+00:00\" \/>\n<meta property=\"og:image\" content=\"https:\/\/www.asajacyl.com\/palencia\/wp-content\/uploads\/sites\/3\/2022\/03\/RUEDA-PRENSA.jpg\" \/>\n\t<meta property=\"og:image:width\" content=\"1024\" \/>\n\t<meta property=\"og:image:height\" content=\"595\" \/>\n\t<meta property=\"og:image:type\" content=\"image\/jpeg\" \/>\n<meta name=\"author\" content=\"Administrador\" \/>\n<meta name=\"twitter:card\" content=\"summary_large_image\" \/>\n<meta name=\"twitter:label1\" content=\"Escrito por\" \/>\n\t<meta name=\"twitter:data1\" content=\"Administrador\" \/>\n\t<meta name=\"twitter:label2\" content=\"Tiempo de lectura\" \/>\n\t<meta name=\"twitter:data2\" content=\"2 minutos\" \/>\n<script type=\"application\/ld+json\" class=\"yoast-schema-graph\">{\"@context\":\"https:\/\/schema.org\",\"@graph\":[{\"@type\":\"WebPage\",\"@id\":\"https:\/\/www.asajacyl.com\/palencia\/asaja-palencia-informa\/asaja-pide-un-cambio-urgente-de-rumbo-de-la-pac-para-que-garantice-la-alimentacion-de-la-sociedad-europea\",\"url\":\"https:\/\/www.asajacyl.com\/palencia\/asaja-palencia-informa\/asaja-pide-un-cambio-urgente-de-rumbo-de-la-pac-para-que-garantice-la-alimentacion-de-la-sociedad-europea\",\"name\":\"ASAJA pide un cambio urgente de rumbo de la PAC para que garantice la alimentaci\u00f3n de la sociedad europea - ASAJA Palencia\",\"isPartOf\":{\"@id\":\"https:\/\/www.asajacyl.com\/palencia\/#website\"},\"primaryImageOfPage\":{\"@id\":\"https:\/\/www.asajacyl.com\/palencia\/asaja-palencia-informa\/asaja-pide-un-cambio-urgente-de-rumbo-de-la-pac-para-que-garantice-la-alimentacion-de-la-sociedad-europea#primaryimage\"},\"image\":{\"@id\":\"https:\/\/www.asajacyl.com\/palencia\/asaja-palencia-informa\/asaja-pide-un-cambio-urgente-de-rumbo-de-la-pac-para-que-garantice-la-alimentacion-de-la-sociedad-europea#primaryimage\"},\"thumbnailUrl\":\"https:\/\/www.asajacyl.com\/palencia\/wp-content\/uploads\/sites\/3\/2022\/03\/RUEDA-PRENSA.jpg\",\"datePublished\":\"2022-03-04T06:26:00+00:00\",\"dateModified\":\"2022-03-04T06:28:31+00:00\",\"author\":{\"@id\":\"https:\/\/www.asajacyl.com\/palencia\/#\/schema\/person\/3ab17aeb03527485c317557fae64aab1\"},\"description\":\"El presidente de ASAJA de Castilla y Le\u00f3n ha pedido \u201cun cambio de rumbo urgente\u201d en la Pol\u00edtica Agraria Com\u00fan 2023-27 para que Europa garantice la\",\"breadcrumb\":{\"@id\":\"https:\/\/www.asajacyl.com\/palencia\/asaja-palencia-informa\/asaja-pide-un-cambio-urgente-de-rumbo-de-la-pac-para-que-garantice-la-alimentacion-de-la-sociedad-europea#breadcrumb\"},\"inLanguage\":\"es\",\"potentialAction\":[{\"@type\":\"ReadAction\",\"target\":[\"https:\/\/www.asajacyl.com\/palencia\/asaja-palencia-informa\/asaja-pide-un-cambio-urgente-de-rumbo-de-la-pac-para-que-garantice-la-alimentacion-de-la-sociedad-europea\"]}]},{\"@type\":\"ImageObject\",\"inLanguage\":\"es\",\"@id\":\"https:\/\/www.asajacyl.com\/palencia\/asaja-palencia-informa\/asaja-pide-un-cambio-urgente-de-rumbo-de-la-pac-para-que-garantice-la-alimentacion-de-la-sociedad-europea#primaryimage\",\"url\":\"https:\/\/www.asajacyl.com\/palencia\/wp-content\/uploads\/sites\/3\/2022\/03\/RUEDA-PRENSA.jpg\",\"contentUrl\":\"https:\/\/www.asajacyl.com\/palencia\/wp-content\/uploads\/sites\/3\/2022\/03\/RUEDA-PRENSA.jpg\",\"width\":1024,\"height\":595},{\"@type\":\"BreadcrumbList\",\"@id\":\"https:\/\/www.asajacyl.com\/palencia\/asaja-palencia-informa\/asaja-pide-un-cambio-urgente-de-rumbo-de-la-pac-para-que-garantice-la-alimentacion-de-la-sociedad-europea#breadcrumb\",\"itemListElement\":[{\"@type\":\"ListItem\",\"position\":1,\"name\":\"Portada\",\"item\":\"https:\/\/www.asajacyl.com\/palencia\/\"},{\"@type\":\"ListItem\",\"position\":2,\"name\":\"ASAJA pide un cambio urgente de rumbo de la PAC para que garantice la alimentaci\u00f3n de la sociedad europea\"}]},{\"@type\":\"WebSite\",\"@id\":\"https:\/\/www.asajacyl.com\/palencia\/#website\",\"url\":\"https:\/\/www.asajacyl.com\/palencia\/\",\"name\":\"ASAJA Palencia\",\"description\":\"Otro sitio m\u00e1s de Provincias ASAJA Castilla y Le\u00f3n\",\"potentialAction\":[{\"@type\":\"SearchAction\",\"target\":{\"@type\":\"EntryPoint\",\"urlTemplate\":\"https:\/\/www.asajacyl.com\/palencia\/?s={search_term_string}\"},\"query-input\":{\"@type\":\"PropertyValueSpecification\",\"valueRequired\":true,\"valueName\":\"search_term_string\"}}],\"inLanguage\":\"es\"},{\"@type\":\"Person\",\"@id\":\"https:\/\/www.asajacyl.com\/palencia\/#\/schema\/person\/3ab17aeb03527485c317557fae64aab1\",\"name\":\"Administrador\",\"image\":{\"@type\":\"ImageObject\",\"inLanguage\":\"es\",\"@id\":\"https:\/\/www.asajacyl.com\/palencia\/#\/schema\/person\/image\/\",\"url\":\"https:\/\/secure.gravatar.com\/avatar\/517384810d242ca9e38c180f3c9fb973?s=96&d=mm&r=g\",\"contentUrl\":\"https:\/\/secure.gravatar.com\/avatar\/517384810d242ca9e38c180f3c9fb973?s=96&d=mm&r=g\",\"caption\":\"Administrador\"},\"url\":\"https:\/\/www.asajacyl.com\/palencia\/author\/carlosrm\"}]}<\/script>\n<!-- \/ Yoast SEO plugin. -->","yoast_head_json":{"title":"ASAJA pide un cambio urgente de rumbo de la PAC para que garantice la alimentaci\u00f3n de la sociedad europea - ASAJA Palencia","description":"El presidente de ASAJA de Castilla y Le\u00f3n ha pedido \u201cun cambio de rumbo urgente\u201d en la Pol\u00edtica Agraria Com\u00fan 2023-27 para que Europa garantice la","robots":{"index":"index","follow":"follow","max-snippet":"max-snippet:-1","max-image-preview":"max-image-preview:large","max-video-preview":"max-video-preview:-1"},"canonical":"https:\/\/www.asajacyl.com\/palencia\/asaja-palencia-informa\/asaja-pide-un-cambio-urgente-de-rumbo-de-la-pac-para-que-garantice-la-alimentacion-de-la-sociedad-europea","og_locale":"es_ES","og_type":"article","og_title":"ASAJA pide un cambio urgente de rumbo de la PAC para que garantice la alimentaci\u00f3n de la sociedad europea - ASAJA Palencia","og_description":"El presidente de ASAJA de Castilla y Le\u00f3n ha pedido \u201cun cambio de rumbo urgente\u201d en la Pol\u00edtica Agraria Com\u00fan 2023-27 para que Europa garantice la","og_url":"https:\/\/www.asajacyl.com\/palencia\/asaja-palencia-informa\/asaja-pide-un-cambio-urgente-de-rumbo-de-la-pac-para-que-garantice-la-alimentacion-de-la-sociedad-europea","og_site_name":"ASAJA Palencia","article_published_time":"2022-03-04T06:26:00+00:00","article_modified_time":"2022-03-04T06:28:31+00:00","og_image":[{"width":1024,"height":595,"url":"https:\/\/www.asajacyl.com\/palencia\/wp-content\/uploads\/sites\/3\/2022\/03\/RUEDA-PRENSA.jpg","type":"image\/jpeg"}],"author":"Administrador","twitter_card":"summary_large_image","twitter_misc":{"Escrito por":"Administrador","Tiempo de lectura":"2 minutos"},"schema":{"@context":"https:\/\/schema.org","@graph":[{"@type":"WebPage","@id":"https:\/\/www.asajacyl.com\/palencia\/asaja-palencia-informa\/asaja-pide-un-cambio-urgente-de-rumbo-de-la-pac-para-que-garantice-la-alimentacion-de-la-sociedad-europea","url":"https:\/\/www.asajacyl.com\/palencia\/asaja-palencia-informa\/asaja-pide-un-cambio-urgente-de-rumbo-de-la-pac-para-que-garantice-la-alimentacion-de-la-sociedad-europea","name":"ASAJA pide un cambio urgente de rumbo de la PAC para que garantice la alimentaci\u00f3n de la sociedad europea - ASAJA Palencia","isPartOf":{"@id":"https:\/\/www.asajacyl.com\/palencia\/#website"},"primaryImageOfPage":{"@id":"https:\/\/www.asajacyl.com\/palencia\/asaja-palencia-informa\/asaja-pide-un-cambio-urgente-de-rumbo-de-la-pac-para-que-garantice-la-alimentacion-de-la-sociedad-europea#primaryimage"},"image":{"@id":"https:\/\/www.asajacyl.com\/palencia\/asaja-palencia-informa\/asaja-pide-un-cambio-urgente-de-rumbo-de-la-pac-para-que-garantice-la-alimentacion-de-la-sociedad-europea#primaryimage"},"thumbnailUrl":"https:\/\/www.asajacyl.com\/palencia\/wp-content\/uploads\/sites\/3\/2022\/03\/RUEDA-PRENSA.jpg","datePublished":"2022-03-04T06:26:00+00:00","dateModified":"2022-03-04T06:28:31+00:00","author":{"@id":"https:\/\/www.asajacyl.com\/palencia\/#\/schema\/person\/3ab17aeb03527485c317557fae64aab1"},"description":"El presidente de ASAJA de Castilla y Le\u00f3n ha pedido \u201cun cambio de rumbo urgente\u201d en la Pol\u00edtica Agraria Com\u00fan 2023-27 para que Europa garantice la","breadcrumb":{"@id":"https:\/\/www.asajacyl.com\/palencia\/asaja-palencia-informa\/asaja-pide-un-cambio-urgente-de-rumbo-de-la-pac-para-que-garantice-la-alimentacion-de-la-sociedad-europea#breadcrumb"},"inLanguage":"es","potentialAction":[{"@type":"ReadAction","target":["https:\/\/www.asajacyl.com\/palencia\/asaja-palencia-informa\/asaja-pide-un-cambio-urgente-de-rumbo-de-la-pac-para-que-garantice-la-alimentacion-de-la-sociedad-europea"]}]},{"@type":"ImageObject","inLanguage":"es","@id":"https:\/\/www.asajacyl.com\/palencia\/asaja-palencia-informa\/asaja-pide-un-cambio-urgente-de-rumbo-de-la-pac-para-que-garantice-la-alimentacion-de-la-sociedad-europea#primaryimage","url":"https:\/\/www.asajacyl.com\/palencia\/wp-content\/uploads\/sites\/3\/2022\/03\/RUEDA-PRENSA.jpg","contentUrl":"https:\/\/www.asajacyl.com\/palencia\/wp-content\/uploads\/sites\/3\/2022\/03\/RUEDA-PRENSA.jpg","width":1024,"height":595},{"@type":"BreadcrumbList","@id":"https:\/\/www.asajacyl.com\/palencia\/asaja-palencia-informa\/asaja-pide-un-cambio-urgente-de-rumbo-de-la-pac-para-que-garantice-la-alimentacion-de-la-sociedad-europea#breadcrumb","itemListElement":[{"@type":"ListItem","position":1,"name":"Portada","item":"https:\/\/www.asajacyl.com\/palencia\/"},{"@type":"ListItem","position":2,"name":"ASAJA pide un cambio urgente de rumbo de la PAC para que garantice la alimentaci\u00f3n de la sociedad europea"}]},{"@type":"WebSite","@id":"https:\/\/www.asajacyl.com\/palencia\/#website","url":"https:\/\/www.asajacyl.com\/palencia\/","name":"ASAJA Palencia","description":"Otro sitio m\u00e1s de Provincias ASAJA Castilla y Le\u00f3n","potentialAction":[{"@type":"SearchAction","target":{"@type":"EntryPoint","urlTemplate":"https:\/\/www.asajacyl.com\/palencia\/?s={search_term_string}"},"query-input":{"@type":"PropertyValueSpecification","valueRequired":true,"valueName":"search_term_string"}}],"inLanguage":"es"},{"@type":"Person","@id":"https:\/\/www.asajacyl.com\/palencia\/#\/schema\/person\/3ab17aeb03527485c317557fae64aab1","name":"Administrador","image":{"@type":"ImageObject","inLanguage":"es","@id":"https:\/\/www.asajacyl.com\/palencia\/#\/schema\/person\/image\/","url":"https:\/\/secure.gravatar.com\/avatar\/517384810d242ca9e38c180f3c9fb973?s=96&d=mm&r=g","contentUrl":"https:\/\/secure.gravatar.com\/avatar\/517384810d242ca9e38c180f3c9fb973?s=96&d=mm&r=g","caption":"Administrador"},"url":"https:\/\/www.asajacyl.com\/palencia\/author\/carlosrm"}]}},"_links":{"self":[{"href":"https:\/\/www.asajacyl.com\/palencia\/wp-json\/wp\/v2\/posts\/9987"}],"collection":[{"href":"https:\/\/www.asajacyl.com\/palencia\/wp-json\/wp\/v2\/posts"}],"about":[{"href":"https:\/\/www.asajacyl.com\/palencia\/wp-json\/wp\/v2\/types\/post"}],"author":[{"embeddable":true,"href":"https:\/\/www.asajacyl.com\/palencia\/wp-json\/wp\/v2\/users\/9"}],"replies":[{"embeddable":true,"href":"https:\/\/www.asajacyl.com\/palencia\/wp-json\/wp\/v2\/comments?post=9987"}],"version-history":[{"count":1,"href":"https:\/\/www.asajacyl.com\/palencia\/wp-json\/wp\/v2\/posts\/9987\/revisions"}],"predecessor-version":[{"id":9989,"href":"https:\/\/www.asajacyl.com\/palencia\/wp-json\/wp\/v2\/posts\/9987\/revisions\/9989"}],"wp:featuredmedia":[{"embeddable":true,"href":"https:\/\/www.asajacyl.com\/palencia\/wp-json\/wp\/v2\/media\/9988"}],"wp:attachment":[{"href":"https:\/\/www.asajacyl.com\/palencia\/wp-json\/wp\/v2\/media?parent=9987"}],"wp:term":[{"taxonomy":"category","embeddable":true,"href":"https:\/\/www.asajacyl.com\/palencia\/wp-json\/wp\/v2\/categories?post=9987"},{"taxonomy":"post_tag","embeddable":true,"href":"https:\/\/www.asajacyl.com\/palencia\/wp-json\/wp\/v2\/tags?post=9987"}],"curies":[{"name":"wp","href":"https:\/\/api.w.org\/{rel}","templated":true}]}}