{"id":9997,"date":"2022-03-07T08:56:20","date_gmt":"2022-03-07T07:56:20","guid":{"rendered":"https:\/\/www.asajacyl.com\/palencia\/?p=9997"},"modified":"2022-03-07T08:56:22","modified_gmt":"2022-03-07T07:56:22","slug":"europa-debe-dotar-a-su-agricultura-de-un-escudo-alimentario-para-hacer-frente-a-las-consecuencias-de-dos-grandes-crisis-la-guerra-de-ucrania-y-el-cambio-climatico","status":"publish","type":"post","link":"https:\/\/www.asajacyl.com\/palencia\/asaja-palencia-informa\/europa-debe-dotar-a-su-agricultura-de-un-escudo-alimentario-para-hacer-frente-a-las-consecuencias-de-dos-grandes-crisis-la-guerra-de-ucrania-y-el-cambio-climatico","title":{"rendered":"Europa debe dotar a su agricultura de un escudo alimentario para hacer frente a las consecuencias de dos grandes crisis: la guerra de Ucrania y el cambio clim\u00e1tico"},"content":{"rendered":"\n<p>El Copa y la Cogeca mantuvieron una reuni\u00f3n de coordinaci\u00f3n con sus miembros sobre la situaci\u00f3n humanitaria derivada de la guerra de Ucrania y sobre las primeras respuestas de la reuni\u00f3n extraordinaria del Consejo AGRIFISH organizada por la Presidencia francesa.<\/p>\n\n\n\n<p>El impulso de solidaridad de la comunidad agr\u00edcola con el pueblo ucraniano es real y visible en todos los pa\u00edses miembros. Los agricultores est\u00e1n comenzando a recibir refugiados en sus granjas, los primeros convoyes organizados por agricultores est\u00e1n en camino, junto con alimentos, suministros y donaciones financieras. El Copa-Cogeca publicar\u00e1 en su web m\u00e1s informaci\u00f3n para agricultores, cooperativas y cualquier ciudadano que quiera apoyar las acciones que lleva a cabo la comunidad agraria de la UE.<\/p>\n\n\n\n<p>En los pr\u00f3ximos d\u00edas, la organizaci\u00f3n agr\u00edcola ucraniana UNAF (Foro Agrario Nacional de Ucrania) se unir\u00e1 a la comunidad agr\u00edcola europea al convertirse en socio de Copa y Cogeca. Al respecto, Ramon Armengol, presidente de la Cogeca, dijo: \u00abDar la bienvenida a nuestros colegas ucranianos al Copa y la Cogeca es la extensi\u00f3n natural de esta expresi\u00f3n de solidaridad que los agricultores y sus cooperativas est\u00e1n teniendo sobre el terreno. La comunidad agr\u00edcola europea se est\u00e1 movilizando a todos los niveles\u00bb. para brindar apoyo concreto al pueblo ucraniano y a los refugiados que llegan a todos los estados miembros \u00ab.<\/p>\n\n\n\n<p>En el frente pol\u00edtico y econ\u00f3mico, los an\u00e1lisis iniciales muestran claramente la importancia de los retos de reconstrucci\u00f3n a los que se enfrentar\u00e1 la agricultura europea a corto y medio plazo. Esta guerra que afecta a Europa tendr\u00e1 repercusiones mundiales durante varios a\u00f1os. La mayor\u00eda de las producciones se ver\u00e1n afectadas directa o indirectamente. Por tanto, es fundamental contar con una respuesta europea que est\u00e9 a la altura del desastre humanitario y econ\u00f3mico. En este sentido, el Copa y la Cogeca esperan medidas integrales, s\u00f3lidas y listas para usar por parte de la Comisi\u00f3n Europea el 8 de marzo. Situaciones excepcionales requieren medidas excepcionales. La velocidad de aplicaci\u00f3n de estas medidas es de crucial importancia. Algunos sectores ya muy afectados por los aumentos de precios resultantes de la crisis energ\u00e9tica y del Covid deben recibir apoyo sin demora, mientras que otros agricultores necesitan una orientaci\u00f3n pol\u00edtica clara a medida que comienzan a sembrar.<\/p>\n\n\n\n<p>Christiane Lambert, presidenta de la Copa, dijo: \u201cDado que el gobierno ruso est\u00e1 utilizando la seguridad alimentaria como arma, debemos contrarrestarla con un escudo alimentario. Al igual que con la energ\u00eda, en agricultura creemos firmemente que es posible fortalecer nuestra autonom\u00eda estrat\u00e9gica mientras continuamos avanzando en la sustentabilidad. Enfrentar estas dos dimensiones, como hemos escuchado en Bruselas en los \u00faltimos d\u00edas, es improductivo. Necesitamos rearmar nuestra agricultura hoy para enfrentar estas dos grandes crisis al mismo tiempo: la guerra en Ucrania y el cambio clim\u00e1tico\u201d.<\/p>\n\n\n\n<p>Como llevan a\u00f1os diciendo el Copa y la Cogeca, y como demuestran claramente los hechos hoy, la seguridad alimentaria es muy estrat\u00e9gica y sigue siendo muy relevante. Se necesita un cambio de paradigma en la forma en que Bruselas piensa sobre la agricultura, comenzando con los objetivos establecidos en Farm to Fork. Los agricultores y las cooperativas ahora esperan pautas y acciones concretas como una soluci\u00f3n a los desaf\u00edos alimentarios, energ\u00e9ticos, clim\u00e1ticos y ambientales. Como acertadamente declar\u00f3 el actual presidente del Consejo AGRIFISH, el ministro franc\u00e9s Denormandie, al final de la reuni\u00f3n excepcional del Consejo del mi\u00e9rcoles, es urgente liberar el potencial de la agricultura europea para mitigar los efectos de esta guerra. Copa y Cogeca piden poder cultivar toda la tierra disponible en 2022 para compensar el bloqueo de la producci\u00f3n rusa y ucraniana. Se debe hacer todo lo posible para evitar interrupciones en las cadenas de suministro, que inevitablemente provocar\u00e1n escasez en ciertas partes del mundo. Esta es una cuesti\u00f3n esencial de soberan\u00eda alimentaria y estabilidad democr\u00e1tica.<\/p>\n","protected":false},"excerpt":{"rendered":"<p>El Copa y la Cogeca mantuvieron una reuni\u00f3n de coordinaci\u00f3n con sus miembros sobre la situaci\u00f3n humanitaria derivada de la guerra de Ucrania y sobre las primeras respuestas de la reuni\u00f3n extraordinaria del Consejo AGRIFISH organizada por la Presidencia francesa. El impulso de solidaridad de la comunidad agr\u00edcola con el pueblo ucraniano es real y [&hellip;]<\/p>\n","protected":false},"author":9,"featured_media":9936,"comment_status":"open","ping_status":"open","sticky":false,"template":"","format":"standard","meta":{"footnotes":""},"categories":[9,29,28],"tags":[],"yoast_head":"<!-- This site is optimized with the Yoast SEO plugin v24.5 - https:\/\/yoast.com\/wordpress\/plugins\/seo\/ -->\n<title>Europa debe dotar a su agricultura de un escudo alimentario para hacer frente a las consecuencias de dos grandes crisis: la guerra de Ucrania y el cambio clim\u00e1tico - ASAJA Palencia<\/title>\n<meta name=\"description\" content=\"El Copa y la Cogeca mantuvieron una reuni\u00f3n de coordinaci\u00f3n con sus miembros sobre la situaci\u00f3n humanitaria derivada de la guerra de Ucrania y sobre las\" \/>\n<meta name=\"robots\" content=\"index, follow, max-snippet:-1, max-image-preview:large, max-video-preview:-1\" \/>\n<link rel=\"canonical\" href=\"https:\/\/www.asajacyl.com\/palencia\/asaja-palencia-informa\/europa-debe-dotar-a-su-agricultura-de-un-escudo-alimentario-para-hacer-frente-a-las-consecuencias-de-dos-grandes-crisis-la-guerra-de-ucrania-y-el-cambio-climatico\" \/>\n<meta property=\"og:locale\" content=\"es_ES\" \/>\n<meta property=\"og:type\" content=\"article\" \/>\n<meta property=\"og:title\" content=\"Europa debe dotar a su agricultura de un escudo alimentario para hacer frente a las consecuencias de dos grandes crisis: la guerra de Ucrania y el cambio clim\u00e1tico - ASAJA Palencia\" \/>\n<meta property=\"og:description\" content=\"El Copa y la Cogeca mantuvieron una reuni\u00f3n de coordinaci\u00f3n con sus miembros sobre la situaci\u00f3n humanitaria derivada de la guerra de Ucrania y sobre las\" \/>\n<meta property=\"og:url\" content=\"https:\/\/www.asajacyl.com\/palencia\/asaja-palencia-informa\/europa-debe-dotar-a-su-agricultura-de-un-escudo-alimentario-para-hacer-frente-a-las-consecuencias-de-dos-grandes-crisis-la-guerra-de-ucrania-y-el-cambio-climatico\" \/>\n<meta property=\"og:site_name\" content=\"ASAJA Palencia\" \/>\n<meta property=\"article:published_time\" content=\"2022-03-07T07:56:20+00:00\" \/>\n<meta property=\"article:modified_time\" content=\"2022-03-07T07:56:22+00:00\" \/>\n<meta property=\"og:image\" content=\"https:\/\/www.asajacyl.com\/palencia\/wp-content\/uploads\/sites\/3\/2022\/02\/UCRANIA.jpg\" \/>\n\t<meta property=\"og:image:width\" content=\"1000\" \/>\n\t<meta property=\"og:image:height\" content=\"665\" \/>\n\t<meta property=\"og:image:type\" content=\"image\/jpeg\" \/>\n<meta name=\"author\" content=\"Administrador\" \/>\n<meta name=\"twitter:card\" content=\"summary_large_image\" \/>\n<meta name=\"twitter:label1\" content=\"Escrito por\" \/>\n\t<meta name=\"twitter:data1\" content=\"Administrador\" \/>\n\t<meta name=\"twitter:label2\" content=\"Tiempo de lectura\" \/>\n\t<meta name=\"twitter:data2\" content=\"3 minutos\" \/>\n<script type=\"application\/ld+json\" class=\"yoast-schema-graph\">{\"@context\":\"https:\/\/schema.org\",\"@graph\":[{\"@type\":\"WebPage\",\"@id\":\"https:\/\/www.asajacyl.com\/palencia\/asaja-palencia-informa\/europa-debe-dotar-a-su-agricultura-de-un-escudo-alimentario-para-hacer-frente-a-las-consecuencias-de-dos-grandes-crisis-la-guerra-de-ucrania-y-el-cambio-climatico\",\"url\":\"https:\/\/www.asajacyl.com\/palencia\/asaja-palencia-informa\/europa-debe-dotar-a-su-agricultura-de-un-escudo-alimentario-para-hacer-frente-a-las-consecuencias-de-dos-grandes-crisis-la-guerra-de-ucrania-y-el-cambio-climatico\",\"name\":\"Europa debe dotar a su agricultura de un escudo alimentario para hacer frente a las consecuencias de dos grandes crisis: la guerra de Ucrania y el cambio clim\u00e1tico - ASAJA Palencia\",\"isPartOf\":{\"@id\":\"https:\/\/www.asajacyl.com\/palencia\/#website\"},\"primaryImageOfPage\":{\"@id\":\"https:\/\/www.asajacyl.com\/palencia\/asaja-palencia-informa\/europa-debe-dotar-a-su-agricultura-de-un-escudo-alimentario-para-hacer-frente-a-las-consecuencias-de-dos-grandes-crisis-la-guerra-de-ucrania-y-el-cambio-climatico#primaryimage\"},\"image\":{\"@id\":\"https:\/\/www.asajacyl.com\/palencia\/asaja-palencia-informa\/europa-debe-dotar-a-su-agricultura-de-un-escudo-alimentario-para-hacer-frente-a-las-consecuencias-de-dos-grandes-crisis-la-guerra-de-ucrania-y-el-cambio-climatico#primaryimage\"},\"thumbnailUrl\":\"https:\/\/www.asajacyl.com\/palencia\/wp-content\/uploads\/sites\/3\/2022\/02\/UCRANIA.jpg\",\"datePublished\":\"2022-03-07T07:56:20+00:00\",\"dateModified\":\"2022-03-07T07:56:22+00:00\",\"author\":{\"@id\":\"https:\/\/www.asajacyl.com\/palencia\/#\/schema\/person\/3ab17aeb03527485c317557fae64aab1\"},\"description\":\"El Copa y la Cogeca mantuvieron una reuni\u00f3n de coordinaci\u00f3n con sus miembros sobre la situaci\u00f3n humanitaria derivada de la guerra de Ucrania y sobre las\",\"breadcrumb\":{\"@id\":\"https:\/\/www.asajacyl.com\/palencia\/asaja-palencia-informa\/europa-debe-dotar-a-su-agricultura-de-un-escudo-alimentario-para-hacer-frente-a-las-consecuencias-de-dos-grandes-crisis-la-guerra-de-ucrania-y-el-cambio-climatico#breadcrumb\"},\"inLanguage\":\"es\",\"potentialAction\":[{\"@type\":\"ReadAction\",\"target\":[\"https:\/\/www.asajacyl.com\/palencia\/asaja-palencia-informa\/europa-debe-dotar-a-su-agricultura-de-un-escudo-alimentario-para-hacer-frente-a-las-consecuencias-de-dos-grandes-crisis-la-guerra-de-ucrania-y-el-cambio-climatico\"]}]},{\"@type\":\"ImageObject\",\"inLanguage\":\"es\",\"@id\":\"https:\/\/www.asajacyl.com\/palencia\/asaja-palencia-informa\/europa-debe-dotar-a-su-agricultura-de-un-escudo-alimentario-para-hacer-frente-a-las-consecuencias-de-dos-grandes-crisis-la-guerra-de-ucrania-y-el-cambio-climatico#primaryimage\",\"url\":\"https:\/\/www.asajacyl.com\/palencia\/wp-content\/uploads\/sites\/3\/2022\/02\/UCRANIA.jpg\",\"contentUrl\":\"https:\/\/www.asajacyl.com\/palencia\/wp-content\/uploads\/sites\/3\/2022\/02\/UCRANIA.jpg\",\"width\":1000,\"height\":665},{\"@type\":\"BreadcrumbList\",\"@id\":\"https:\/\/www.asajacyl.com\/palencia\/asaja-palencia-informa\/europa-debe-dotar-a-su-agricultura-de-un-escudo-alimentario-para-hacer-frente-a-las-consecuencias-de-dos-grandes-crisis-la-guerra-de-ucrania-y-el-cambio-climatico#breadcrumb\",\"itemListElement\":[{\"@type\":\"ListItem\",\"position\":1,\"name\":\"Portada\",\"item\":\"https:\/\/www.asajacyl.com\/palencia\/\"},{\"@type\":\"ListItem\",\"position\":2,\"name\":\"Europa debe dotar a su agricultura de un escudo alimentario para hacer frente a las consecuencias de dos grandes crisis: la guerra de Ucrania y el cambio clim\u00e1tico\"}]},{\"@type\":\"WebSite\",\"@id\":\"https:\/\/www.asajacyl.com\/palencia\/#website\",\"url\":\"https:\/\/www.asajacyl.com\/palencia\/\",\"name\":\"ASAJA Palencia\",\"description\":\"Otro sitio m\u00e1s de Provincias ASAJA Castilla y Le\u00f3n\",\"potentialAction\":[{\"@type\":\"SearchAction\",\"target\":{\"@type\":\"EntryPoint\",\"urlTemplate\":\"https:\/\/www.asajacyl.com\/palencia\/?s={search_term_string}\"},\"query-input\":{\"@type\":\"PropertyValueSpecification\",\"valueRequired\":true,\"valueName\":\"search_term_string\"}}],\"inLanguage\":\"es\"},{\"@type\":\"Person\",\"@id\":\"https:\/\/www.asajacyl.com\/palencia\/#\/schema\/person\/3ab17aeb03527485c317557fae64aab1\",\"name\":\"Administrador\",\"image\":{\"@type\":\"ImageObject\",\"inLanguage\":\"es\",\"@id\":\"https:\/\/www.asajacyl.com\/palencia\/#\/schema\/person\/image\/\",\"url\":\"https:\/\/secure.gravatar.com\/avatar\/517384810d242ca9e38c180f3c9fb973?s=96&d=mm&r=g\",\"contentUrl\":\"https:\/\/secure.gravatar.com\/avatar\/517384810d242ca9e38c180f3c9fb973?s=96&d=mm&r=g\",\"caption\":\"Administrador\"},\"url\":\"https:\/\/www.asajacyl.com\/palencia\/author\/carlosrm\"}]}<\/script>\n<!-- \/ Yoast SEO plugin. -->","yoast_head_json":{"title":"Europa debe dotar a su agricultura de un escudo alimentario para hacer frente a las consecuencias de dos grandes crisis: la guerra de Ucrania y el cambio clim\u00e1tico - ASAJA Palencia","description":"El Copa y la Cogeca mantuvieron una reuni\u00f3n de coordinaci\u00f3n con sus miembros sobre la situaci\u00f3n humanitaria derivada de la guerra de Ucrania y sobre las","robots":{"index":"index","follow":"follow","max-snippet":"max-snippet:-1","max-image-preview":"max-image-preview:large","max-video-preview":"max-video-preview:-1"},"canonical":"https:\/\/www.asajacyl.com\/palencia\/asaja-palencia-informa\/europa-debe-dotar-a-su-agricultura-de-un-escudo-alimentario-para-hacer-frente-a-las-consecuencias-de-dos-grandes-crisis-la-guerra-de-ucrania-y-el-cambio-climatico","og_locale":"es_ES","og_type":"article","og_title":"Europa debe dotar a su agricultura de un escudo alimentario para hacer frente a las consecuencias de dos grandes crisis: la guerra de Ucrania y el cambio clim\u00e1tico - ASAJA Palencia","og_description":"El Copa y la Cogeca mantuvieron una reuni\u00f3n de coordinaci\u00f3n con sus miembros sobre la situaci\u00f3n humanitaria derivada de la guerra de Ucrania y sobre las","og_url":"https:\/\/www.asajacyl.com\/palencia\/asaja-palencia-informa\/europa-debe-dotar-a-su-agricultura-de-un-escudo-alimentario-para-hacer-frente-a-las-consecuencias-de-dos-grandes-crisis-la-guerra-de-ucrania-y-el-cambio-climatico","og_site_name":"ASAJA Palencia","article_published_time":"2022-03-07T07:56:20+00:00","article_modified_time":"2022-03-07T07:56:22+00:00","og_image":[{"width":1000,"height":665,"url":"https:\/\/www.asajacyl.com\/palencia\/wp-content\/uploads\/sites\/3\/2022\/02\/UCRANIA.jpg","type":"image\/jpeg"}],"author":"Administrador","twitter_card":"summary_large_image","twitter_misc":{"Escrito por":"Administrador","Tiempo de lectura":"3 minutos"},"schema":{"@context":"https:\/\/schema.org","@graph":[{"@type":"WebPage","@id":"https:\/\/www.asajacyl.com\/palencia\/asaja-palencia-informa\/europa-debe-dotar-a-su-agricultura-de-un-escudo-alimentario-para-hacer-frente-a-las-consecuencias-de-dos-grandes-crisis-la-guerra-de-ucrania-y-el-cambio-climatico","url":"https:\/\/www.asajacyl.com\/palencia\/asaja-palencia-informa\/europa-debe-dotar-a-su-agricultura-de-un-escudo-alimentario-para-hacer-frente-a-las-consecuencias-de-dos-grandes-crisis-la-guerra-de-ucrania-y-el-cambio-climatico","name":"Europa debe dotar a su agricultura de un escudo alimentario para hacer frente a las consecuencias de dos grandes crisis: la guerra de Ucrania y el cambio clim\u00e1tico - ASAJA Palencia","isPartOf":{"@id":"https:\/\/www.asajacyl.com\/palencia\/#website"},"primaryImageOfPage":{"@id":"https:\/\/www.asajacyl.com\/palencia\/asaja-palencia-informa\/europa-debe-dotar-a-su-agricultura-de-un-escudo-alimentario-para-hacer-frente-a-las-consecuencias-de-dos-grandes-crisis-la-guerra-de-ucrania-y-el-cambio-climatico#primaryimage"},"image":{"@id":"https:\/\/www.asajacyl.com\/palencia\/asaja-palencia-informa\/europa-debe-dotar-a-su-agricultura-de-un-escudo-alimentario-para-hacer-frente-a-las-consecuencias-de-dos-grandes-crisis-la-guerra-de-ucrania-y-el-cambio-climatico#primaryimage"},"thumbnailUrl":"https:\/\/www.asajacyl.com\/palencia\/wp-content\/uploads\/sites\/3\/2022\/02\/UCRANIA.jpg","datePublished":"2022-03-07T07:56:20+00:00","dateModified":"2022-03-07T07:56:22+00:00","author":{"@id":"https:\/\/www.asajacyl.com\/palencia\/#\/schema\/person\/3ab17aeb03527485c317557fae64aab1"},"description":"El Copa y la Cogeca mantuvieron una reuni\u00f3n de coordinaci\u00f3n con sus miembros sobre la situaci\u00f3n humanitaria derivada de la guerra de Ucrania y sobre las","breadcrumb":{"@id":"https:\/\/www.asajacyl.com\/palencia\/asaja-palencia-informa\/europa-debe-dotar-a-su-agricultura-de-un-escudo-alimentario-para-hacer-frente-a-las-consecuencias-de-dos-grandes-crisis-la-guerra-de-ucrania-y-el-cambio-climatico#breadcrumb"},"inLanguage":"es","potentialAction":[{"@type":"ReadAction","target":["https:\/\/www.asajacyl.com\/palencia\/asaja-palencia-informa\/europa-debe-dotar-a-su-agricultura-de-un-escudo-alimentario-para-hacer-frente-a-las-consecuencias-de-dos-grandes-crisis-la-guerra-de-ucrania-y-el-cambio-climatico"]}]},{"@type":"ImageObject","inLanguage":"es","@id":"https:\/\/www.asajacyl.com\/palencia\/asaja-palencia-informa\/europa-debe-dotar-a-su-agricultura-de-un-escudo-alimentario-para-hacer-frente-a-las-consecuencias-de-dos-grandes-crisis-la-guerra-de-ucrania-y-el-cambio-climatico#primaryimage","url":"https:\/\/www.asajacyl.com\/palencia\/wp-content\/uploads\/sites\/3\/2022\/02\/UCRANIA.jpg","contentUrl":"https:\/\/www.asajacyl.com\/palencia\/wp-content\/uploads\/sites\/3\/2022\/02\/UCRANIA.jpg","width":1000,"height":665},{"@type":"BreadcrumbList","@id":"https:\/\/www.asajacyl.com\/palencia\/asaja-palencia-informa\/europa-debe-dotar-a-su-agricultura-de-un-escudo-alimentario-para-hacer-frente-a-las-consecuencias-de-dos-grandes-crisis-la-guerra-de-ucrania-y-el-cambio-climatico#breadcrumb","itemListElement":[{"@type":"ListItem","position":1,"name":"Portada","item":"https:\/\/www.asajacyl.com\/palencia\/"},{"@type":"ListItem","position":2,"name":"Europa debe dotar a su agricultura de un escudo alimentario para hacer frente a las consecuencias de dos grandes crisis: la guerra de Ucrania y el cambio clim\u00e1tico"}]},{"@type":"WebSite","@id":"https:\/\/www.asajacyl.com\/palencia\/#website","url":"https:\/\/www.asajacyl.com\/palencia\/","name":"ASAJA Palencia","description":"Otro sitio m\u00e1s de Provincias ASAJA Castilla y Le\u00f3n","potentialAction":[{"@type":"SearchAction","target":{"@type":"EntryPoint","urlTemplate":"https:\/\/www.asajacyl.com\/palencia\/?s={search_term_string}"},"query-input":{"@type":"PropertyValueSpecification","valueRequired":true,"valueName":"search_term_string"}}],"inLanguage":"es"},{"@type":"Person","@id":"https:\/\/www.asajacyl.com\/palencia\/#\/schema\/person\/3ab17aeb03527485c317557fae64aab1","name":"Administrador","image":{"@type":"ImageObject","inLanguage":"es","@id":"https:\/\/www.asajacyl.com\/palencia\/#\/schema\/person\/image\/","url":"https:\/\/secure.gravatar.com\/avatar\/517384810d242ca9e38c180f3c9fb973?s=96&d=mm&r=g","contentUrl":"https:\/\/secure.gravatar.com\/avatar\/517384810d242ca9e38c180f3c9fb973?s=96&d=mm&r=g","caption":"Administrador"},"url":"https:\/\/www.asajacyl.com\/palencia\/author\/carlosrm"}]}},"_links":{"self":[{"href":"https:\/\/www.asajacyl.com\/palencia\/wp-json\/wp\/v2\/posts\/9997"}],"collection":[{"href":"https:\/\/www.asajacyl.com\/palencia\/wp-json\/wp\/v2\/posts"}],"about":[{"href":"https:\/\/www.asajacyl.com\/palencia\/wp-json\/wp\/v2\/types\/post"}],"author":[{"embeddable":true,"href":"https:\/\/www.asajacyl.com\/palencia\/wp-json\/wp\/v2\/users\/9"}],"replies":[{"embeddable":true,"href":"https:\/\/www.asajacyl.com\/palencia\/wp-json\/wp\/v2\/comments?post=9997"}],"version-history":[{"count":1,"href":"https:\/\/www.asajacyl.com\/palencia\/wp-json\/wp\/v2\/posts\/9997\/revisions"}],"predecessor-version":[{"id":9998,"href":"https:\/\/www.asajacyl.com\/palencia\/wp-json\/wp\/v2\/posts\/9997\/revisions\/9998"}],"wp:featuredmedia":[{"embeddable":true,"href":"https:\/\/www.asajacyl.com\/palencia\/wp-json\/wp\/v2\/media\/9936"}],"wp:attachment":[{"href":"https:\/\/www.asajacyl.com\/palencia\/wp-json\/wp\/v2\/media?parent=9997"}],"wp:term":[{"taxonomy":"category","embeddable":true,"href":"https:\/\/www.asajacyl.com\/palencia\/wp-json\/wp\/v2\/categories?post=9997"},{"taxonomy":"post_tag","embeddable":true,"href":"https:\/\/www.asajacyl.com\/palencia\/wp-json\/wp\/v2\/tags?post=9997"}],"curies":[{"name":"wp","href":"https:\/\/api.w.org\/{rel}","templated":true}]}}