{"id":10012,"date":"2020-10-28T09:40:58","date_gmt":"2020-10-28T09:40:58","guid":{"rendered":"https:\/\/www.asajacyl.com\/salamanca\/?p=10012"},"modified":"2020-10-28T09:49:56","modified_gmt":"2020-10-28T09:49:56","slug":"abre-el-plazo-para-solicitar-las-subvenciones-a-la-mejora-de-infraestructuras-en-superficies-pastables","status":"publish","type":"post","link":"https:\/\/www.asajacyl.com\/salamanca\/asaja-salamanca-informa\/abre-el-plazo-para-solicitar-las-subvenciones-a-la-mejora-de-infraestructuras-en-superficies-pastables","title":{"rendered":"Abre el plazo para solicitar las subvenciones a la mejora de infraestructuras en superficies pastables"},"content":{"rendered":"\n<h2>Desde el 29 de octubre al 28 de diciembre\u00a0<\/h2>\n<p>Desde este 29 de octubre al 28 de diciembre, las entidades locales, que sean titulares o gestores de pastos de aprovechamiento com\u00fan en el \u00e1mbito territorial de Castilla y Le\u00f3n podr\u00e1n solicitar las ayudas para las inversiones de creaci\u00f3n, mejora o ampliaci\u00f3n a peque\u00f1a escala de infraestructuras en superficies pastables. El objetivo es mejorar la bioseguridad de las explotaciones ganaderas y se enmarca dentro del Programa de Desarrollo Rural de Castilla y Le\u00f3n\u00a0 2014-2020 cofinanciado por el FEADER.<\/p>\n\n\n\n<p>El presupuesto total es de 1.496.339 euros con cargo a los Presupuestos Generales de la Comunidad de Castilla y Le\u00f3n para el a\u00f1o 2021. Este importe est\u00e1 financiado en un 53 % por el FEADER; un 14&#8217;10% por el Ministerio de Agricultura, Pesca y Alimentaci\u00f3n; y un 32&#8217;90 % por la Junta de Castilla y Le\u00f3n.<\/p>\n\n\n\n<p>Las ayudas tienen como finalidad la implantaci\u00f3n de instalaciones ganaderas que permitan conseguir unos niveles de seguridad sanitaria suficientes para la caba\u00f1a ganadera y para los habitantes de poblaciones de las zonas rurales de la Comunidad de Castilla y Le\u00f3n, preservando tambi\u00e9n la sanidad en el medio natural y minimizando la posible influencia de la fauna silvestre como reservorio y fuente de contagio de algunas enfermedades que afectan a la fauna dom\u00e9stica.<\/p>\n","protected":false},"excerpt":{"rendered":"<p>Desde el 29 de octubre al 28 de diciembre\u00a0 Desde este 29 de octubre al 28 de diciembre, las entidades locales, que sean titulares o gestores de pastos de aprovechamiento com\u00fan en el \u00e1mbito territorial de Castilla y Le\u00f3n podr\u00e1n solicitar las ayudas para las inversiones de creaci\u00f3n, mejora o ampliaci\u00f3n a peque\u00f1a escala de [&hellip;]<\/p>\n","protected":false},"author":10,"featured_media":10014,"comment_status":"open","ping_status":"open","sticky":false,"template":"","format":"standard","meta":{"footnotes":""},"categories":[10,510,39],"tags":[],"yoast_head":"<!-- This site is optimized with the Yoast SEO plugin v24.5 - https:\/\/yoast.com\/wordpress\/plugins\/seo\/ -->\n<title>Abre el plazo para solicitar las subvenciones a la mejora de infraestructuras en superficies pastables - ASAJA Salamanca<\/title>\n<meta name=\"description\" content=\"Desde el 29 de octubre al 28 de diciembre\u00a0 Desde este 29 de octubre al 28 de diciembre, las entidades locales, que sean titulares o gestores de pastos de\" \/>\n<meta name=\"robots\" content=\"index, follow, max-snippet:-1, max-image-preview:large, max-video-preview:-1\" \/>\n<link rel=\"canonical\" href=\"https:\/\/www.asajacyl.com\/salamanca\/asaja-salamanca-informa\/abre-el-plazo-para-solicitar-las-subvenciones-a-la-mejora-de-infraestructuras-en-superficies-pastables\" \/>\n<meta property=\"og:locale\" content=\"es_ES\" \/>\n<meta property=\"og:type\" content=\"article\" \/>\n<meta property=\"og:title\" content=\"Abre el plazo para solicitar las subvenciones a la mejora de infraestructuras en superficies pastables - ASAJA Salamanca\" \/>\n<meta property=\"og:description\" content=\"Desde el 29 de octubre al 28 de diciembre\u00a0 Desde este 29 de octubre al 28 de diciembre, las entidades locales, que sean titulares o gestores de pastos de\" \/>\n<meta property=\"og:url\" content=\"https:\/\/www.asajacyl.com\/salamanca\/asaja-salamanca-informa\/abre-el-plazo-para-solicitar-las-subvenciones-a-la-mejora-de-infraestructuras-en-superficies-pastables\" \/>\n<meta property=\"og:site_name\" content=\"ASAJA Salamanca\" \/>\n<meta property=\"article:published_time\" content=\"2020-10-28T09:40:58+00:00\" \/>\n<meta property=\"article:modified_time\" content=\"2020-10-28T09:49:56+00:00\" \/>\n<meta property=\"og:image\" content=\"https:\/\/www.asajacyl.com\/salamanca\/wp-content\/uploads\/sites\/7\/2020\/10\/oveja-castellana.jpg\" \/>\n\t<meta property=\"og:image:width\" content=\"672\" \/>\n\t<meta property=\"og:image:height\" content=\"504\" \/>\n\t<meta property=\"og:image:type\" content=\"image\/jpeg\" \/>\n<meta name=\"author\" content=\"Sonia\" \/>\n<meta name=\"twitter:card\" content=\"summary_large_image\" \/>\n<meta name=\"twitter:label1\" content=\"Escrito por\" \/>\n\t<meta name=\"twitter:data1\" content=\"Sonia\" \/>\n\t<meta name=\"twitter:label2\" content=\"Tiempo de lectura\" \/>\n\t<meta name=\"twitter:data2\" content=\"1 minuto\" \/>\n<script type=\"application\/ld+json\" class=\"yoast-schema-graph\">{\"@context\":\"https:\/\/schema.org\",\"@graph\":[{\"@type\":\"WebPage\",\"@id\":\"https:\/\/www.asajacyl.com\/salamanca\/asaja-salamanca-informa\/abre-el-plazo-para-solicitar-las-subvenciones-a-la-mejora-de-infraestructuras-en-superficies-pastables\",\"url\":\"https:\/\/www.asajacyl.com\/salamanca\/asaja-salamanca-informa\/abre-el-plazo-para-solicitar-las-subvenciones-a-la-mejora-de-infraestructuras-en-superficies-pastables\",\"name\":\"Abre el plazo para solicitar las subvenciones a la mejora de infraestructuras en superficies pastables - ASAJA Salamanca\",\"isPartOf\":{\"@id\":\"https:\/\/www.asajacyl.com\/salamanca\/#website\"},\"primaryImageOfPage\":{\"@id\":\"https:\/\/www.asajacyl.com\/salamanca\/asaja-salamanca-informa\/abre-el-plazo-para-solicitar-las-subvenciones-a-la-mejora-de-infraestructuras-en-superficies-pastables#primaryimage\"},\"image\":{\"@id\":\"https:\/\/www.asajacyl.com\/salamanca\/asaja-salamanca-informa\/abre-el-plazo-para-solicitar-las-subvenciones-a-la-mejora-de-infraestructuras-en-superficies-pastables#primaryimage\"},\"thumbnailUrl\":\"https:\/\/www.asajacyl.com\/salamanca\/wp-content\/uploads\/sites\/7\/2020\/10\/oveja-castellana.jpg\",\"datePublished\":\"2020-10-28T09:40:58+00:00\",\"dateModified\":\"2020-10-28T09:49:56+00:00\",\"author\":{\"@id\":\"https:\/\/www.asajacyl.com\/salamanca\/#\/schema\/person\/2bfc7da09988e1087e6291fafe99b67f\"},\"description\":\"Desde el 29 de octubre al 28 de diciembre\u00a0 Desde este 29 de octubre al 28 de diciembre, las entidades locales, que sean titulares o gestores de pastos de\",\"breadcrumb\":{\"@id\":\"https:\/\/www.asajacyl.com\/salamanca\/asaja-salamanca-informa\/abre-el-plazo-para-solicitar-las-subvenciones-a-la-mejora-de-infraestructuras-en-superficies-pastables#breadcrumb\"},\"inLanguage\":\"es\",\"potentialAction\":[{\"@type\":\"ReadAction\",\"target\":[\"https:\/\/www.asajacyl.com\/salamanca\/asaja-salamanca-informa\/abre-el-plazo-para-solicitar-las-subvenciones-a-la-mejora-de-infraestructuras-en-superficies-pastables\"]}]},{\"@type\":\"ImageObject\",\"inLanguage\":\"es\",\"@id\":\"https:\/\/www.asajacyl.com\/salamanca\/asaja-salamanca-informa\/abre-el-plazo-para-solicitar-las-subvenciones-a-la-mejora-de-infraestructuras-en-superficies-pastables#primaryimage\",\"url\":\"https:\/\/www.asajacyl.com\/salamanca\/wp-content\/uploads\/sites\/7\/2020\/10\/oveja-castellana.jpg\",\"contentUrl\":\"https:\/\/www.asajacyl.com\/salamanca\/wp-content\/uploads\/sites\/7\/2020\/10\/oveja-castellana.jpg\",\"width\":672,\"height\":504},{\"@type\":\"BreadcrumbList\",\"@id\":\"https:\/\/www.asajacyl.com\/salamanca\/asaja-salamanca-informa\/abre-el-plazo-para-solicitar-las-subvenciones-a-la-mejora-de-infraestructuras-en-superficies-pastables#breadcrumb\",\"itemListElement\":[{\"@type\":\"ListItem\",\"position\":1,\"name\":\"Portada\",\"item\":\"https:\/\/www.asajacyl.com\/salamanca\/\"},{\"@type\":\"ListItem\",\"position\":2,\"name\":\"Abre el plazo para solicitar las subvenciones a la mejora de infraestructuras en superficies pastables\"}]},{\"@type\":\"WebSite\",\"@id\":\"https:\/\/www.asajacyl.com\/salamanca\/#website\",\"url\":\"https:\/\/www.asajacyl.com\/salamanca\/\",\"name\":\"ASAJA Salamanca\",\"description\":\"Otro sitio m\u00e1s de Provincias ASAJA Castilla y Le\u00f3n\",\"potentialAction\":[{\"@type\":\"SearchAction\",\"target\":{\"@type\":\"EntryPoint\",\"urlTemplate\":\"https:\/\/www.asajacyl.com\/salamanca\/?s={search_term_string}\"},\"query-input\":{\"@type\":\"PropertyValueSpecification\",\"valueRequired\":true,\"valueName\":\"search_term_string\"}}],\"inLanguage\":\"es\"},{\"@type\":\"Person\",\"@id\":\"https:\/\/www.asajacyl.com\/salamanca\/#\/schema\/person\/2bfc7da09988e1087e6291fafe99b67f\",\"name\":\"Sonia\",\"image\":{\"@type\":\"ImageObject\",\"inLanguage\":\"es\",\"@id\":\"https:\/\/www.asajacyl.com\/salamanca\/#\/schema\/person\/image\/\",\"url\":\"https:\/\/secure.gravatar.com\/avatar\/6b0d6eb461a1e3687cc023d59022ef0d?s=96&d=mm&r=g\",\"contentUrl\":\"https:\/\/secure.gravatar.com\/avatar\/6b0d6eb461a1e3687cc023d59022ef0d?s=96&d=mm&r=g\",\"caption\":\"Sonia\"},\"url\":\"https:\/\/www.asajacyl.com\/salamanca\/author\/juanluisde\"}]}<\/script>\n<!-- \/ Yoast SEO plugin. -->","yoast_head_json":{"title":"Abre el plazo para solicitar las subvenciones a la mejora de infraestructuras en superficies pastables - ASAJA Salamanca","description":"Desde el 29 de octubre al 28 de diciembre\u00a0 Desde este 29 de octubre al 28 de diciembre, las entidades locales, que sean titulares o gestores de pastos de","robots":{"index":"index","follow":"follow","max-snippet":"max-snippet:-1","max-image-preview":"max-image-preview:large","max-video-preview":"max-video-preview:-1"},"canonical":"https:\/\/www.asajacyl.com\/salamanca\/asaja-salamanca-informa\/abre-el-plazo-para-solicitar-las-subvenciones-a-la-mejora-de-infraestructuras-en-superficies-pastables","og_locale":"es_ES","og_type":"article","og_title":"Abre el plazo para solicitar las subvenciones a la mejora de infraestructuras en superficies pastables - ASAJA Salamanca","og_description":"Desde el 29 de octubre al 28 de diciembre\u00a0 Desde este 29 de octubre al 28 de diciembre, las entidades locales, que sean titulares o gestores de pastos de","og_url":"https:\/\/www.asajacyl.com\/salamanca\/asaja-salamanca-informa\/abre-el-plazo-para-solicitar-las-subvenciones-a-la-mejora-de-infraestructuras-en-superficies-pastables","og_site_name":"ASAJA Salamanca","article_published_time":"2020-10-28T09:40:58+00:00","article_modified_time":"2020-10-28T09:49:56+00:00","og_image":[{"width":672,"height":504,"url":"https:\/\/www.asajacyl.com\/salamanca\/wp-content\/uploads\/sites\/7\/2020\/10\/oveja-castellana.jpg","type":"image\/jpeg"}],"author":"Sonia","twitter_card":"summary_large_image","twitter_misc":{"Escrito por":"Sonia","Tiempo de lectura":"1 minuto"},"schema":{"@context":"https:\/\/schema.org","@graph":[{"@type":"WebPage","@id":"https:\/\/www.asajacyl.com\/salamanca\/asaja-salamanca-informa\/abre-el-plazo-para-solicitar-las-subvenciones-a-la-mejora-de-infraestructuras-en-superficies-pastables","url":"https:\/\/www.asajacyl.com\/salamanca\/asaja-salamanca-informa\/abre-el-plazo-para-solicitar-las-subvenciones-a-la-mejora-de-infraestructuras-en-superficies-pastables","name":"Abre el plazo para solicitar las subvenciones a la mejora de infraestructuras en superficies pastables - ASAJA Salamanca","isPartOf":{"@id":"https:\/\/www.asajacyl.com\/salamanca\/#website"},"primaryImageOfPage":{"@id":"https:\/\/www.asajacyl.com\/salamanca\/asaja-salamanca-informa\/abre-el-plazo-para-solicitar-las-subvenciones-a-la-mejora-de-infraestructuras-en-superficies-pastables#primaryimage"},"image":{"@id":"https:\/\/www.asajacyl.com\/salamanca\/asaja-salamanca-informa\/abre-el-plazo-para-solicitar-las-subvenciones-a-la-mejora-de-infraestructuras-en-superficies-pastables#primaryimage"},"thumbnailUrl":"https:\/\/www.asajacyl.com\/salamanca\/wp-content\/uploads\/sites\/7\/2020\/10\/oveja-castellana.jpg","datePublished":"2020-10-28T09:40:58+00:00","dateModified":"2020-10-28T09:49:56+00:00","author":{"@id":"https:\/\/www.asajacyl.com\/salamanca\/#\/schema\/person\/2bfc7da09988e1087e6291fafe99b67f"},"description":"Desde el 29 de octubre al 28 de diciembre\u00a0 Desde este 29 de octubre al 28 de diciembre, las entidades locales, que sean titulares o gestores de pastos de","breadcrumb":{"@id":"https:\/\/www.asajacyl.com\/salamanca\/asaja-salamanca-informa\/abre-el-plazo-para-solicitar-las-subvenciones-a-la-mejora-de-infraestructuras-en-superficies-pastables#breadcrumb"},"inLanguage":"es","potentialAction":[{"@type":"ReadAction","target":["https:\/\/www.asajacyl.com\/salamanca\/asaja-salamanca-informa\/abre-el-plazo-para-solicitar-las-subvenciones-a-la-mejora-de-infraestructuras-en-superficies-pastables"]}]},{"@type":"ImageObject","inLanguage":"es","@id":"https:\/\/www.asajacyl.com\/salamanca\/asaja-salamanca-informa\/abre-el-plazo-para-solicitar-las-subvenciones-a-la-mejora-de-infraestructuras-en-superficies-pastables#primaryimage","url":"https:\/\/www.asajacyl.com\/salamanca\/wp-content\/uploads\/sites\/7\/2020\/10\/oveja-castellana.jpg","contentUrl":"https:\/\/www.asajacyl.com\/salamanca\/wp-content\/uploads\/sites\/7\/2020\/10\/oveja-castellana.jpg","width":672,"height":504},{"@type":"BreadcrumbList","@id":"https:\/\/www.asajacyl.com\/salamanca\/asaja-salamanca-informa\/abre-el-plazo-para-solicitar-las-subvenciones-a-la-mejora-de-infraestructuras-en-superficies-pastables#breadcrumb","itemListElement":[{"@type":"ListItem","position":1,"name":"Portada","item":"https:\/\/www.asajacyl.com\/salamanca\/"},{"@type":"ListItem","position":2,"name":"Abre el plazo para solicitar las subvenciones a la mejora de infraestructuras en superficies pastables"}]},{"@type":"WebSite","@id":"https:\/\/www.asajacyl.com\/salamanca\/#website","url":"https:\/\/www.asajacyl.com\/salamanca\/","name":"ASAJA Salamanca","description":"Otro sitio m\u00e1s de Provincias ASAJA Castilla y Le\u00f3n","potentialAction":[{"@type":"SearchAction","target":{"@type":"EntryPoint","urlTemplate":"https:\/\/www.asajacyl.com\/salamanca\/?s={search_term_string}"},"query-input":{"@type":"PropertyValueSpecification","valueRequired":true,"valueName":"search_term_string"}}],"inLanguage":"es"},{"@type":"Person","@id":"https:\/\/www.asajacyl.com\/salamanca\/#\/schema\/person\/2bfc7da09988e1087e6291fafe99b67f","name":"Sonia","image":{"@type":"ImageObject","inLanguage":"es","@id":"https:\/\/www.asajacyl.com\/salamanca\/#\/schema\/person\/image\/","url":"https:\/\/secure.gravatar.com\/avatar\/6b0d6eb461a1e3687cc023d59022ef0d?s=96&d=mm&r=g","contentUrl":"https:\/\/secure.gravatar.com\/avatar\/6b0d6eb461a1e3687cc023d59022ef0d?s=96&d=mm&r=g","caption":"Sonia"},"url":"https:\/\/www.asajacyl.com\/salamanca\/author\/juanluisde"}]}},"_links":{"self":[{"href":"https:\/\/www.asajacyl.com\/salamanca\/wp-json\/wp\/v2\/posts\/10012"}],"collection":[{"href":"https:\/\/www.asajacyl.com\/salamanca\/wp-json\/wp\/v2\/posts"}],"about":[{"href":"https:\/\/www.asajacyl.com\/salamanca\/wp-json\/wp\/v2\/types\/post"}],"author":[{"embeddable":true,"href":"https:\/\/www.asajacyl.com\/salamanca\/wp-json\/wp\/v2\/users\/10"}],"replies":[{"embeddable":true,"href":"https:\/\/www.asajacyl.com\/salamanca\/wp-json\/wp\/v2\/comments?post=10012"}],"version-history":[{"count":2,"href":"https:\/\/www.asajacyl.com\/salamanca\/wp-json\/wp\/v2\/posts\/10012\/revisions"}],"predecessor-version":[{"id":10018,"href":"https:\/\/www.asajacyl.com\/salamanca\/wp-json\/wp\/v2\/posts\/10012\/revisions\/10018"}],"wp:featuredmedia":[{"embeddable":true,"href":"https:\/\/www.asajacyl.com\/salamanca\/wp-json\/wp\/v2\/media\/10014"}],"wp:attachment":[{"href":"https:\/\/www.asajacyl.com\/salamanca\/wp-json\/wp\/v2\/media?parent=10012"}],"wp:term":[{"taxonomy":"category","embeddable":true,"href":"https:\/\/www.asajacyl.com\/salamanca\/wp-json\/wp\/v2\/categories?post=10012"},{"taxonomy":"post_tag","embeddable":true,"href":"https:\/\/www.asajacyl.com\/salamanca\/wp-json\/wp\/v2\/tags?post=10012"}],"curies":[{"name":"wp","href":"https:\/\/api.w.org\/{rel}","templated":true}]}}