{"id":10394,"date":"2020-12-22T12:38:32","date_gmt":"2020-12-22T12:38:32","guid":{"rendered":"https:\/\/www.asajacyl.com\/salamanca\/?p=10394"},"modified":"2021-01-12T08:05:10","modified_gmt":"2021-01-12T08:05:10","slug":"se-formalizan-las-ayudas-a-la-inversion-en-instalaciones-de-produccion-de-energia-termica-a-partir-de-fuentes-de-energia","status":"publish","type":"post","link":"https:\/\/www.asajacyl.com\/salamanca\/asaja-salamanca-informa\/se-formalizan-las-ayudas-a-la-inversion-en-instalaciones-de-produccion-de-energia-termica-a-partir-de-fuentes-de-energia","title":{"rendered":"Ayudas a la inversi\u00f3n en instalaciones de producci\u00f3n de energ\u00eda t\u00e9rmica a partir de fuentes de energ\u00eda renovable"},"content":{"rendered":"\n<h2>Se trata de la primera convocatoria en la Comunidad Aut\u00f3noma de Castilla y Le\u00f3n cofinanciada con Fondos de la Uni\u00f3n Europea<\/h2>\n<p>El Bolet\u00edn Oficial del Estado publica el extracto de la Resoluci\u00f3n de 16 de diciembre de 2020 de la Direcci\u00f3n General del Instituto para la Diversificaci\u00f3n y Ahorro de la Energ\u00eda, por la que se formaliza la primera convocatoria de ayudas a la inversi\u00f3n en instalaciones de producci\u00f3n de energ\u00eda t\u00e9rmica a partir de fuentes de energ\u00eda renovable en la Comunidad Aut\u00f3noma de Castilla y Le\u00f3n cofinanciadas con Fondos de la Uni\u00f3n Europea.<\/p>\n<p>El objetivo no es otro que fomentar el uso de energ\u00eda procedente de fuentes renovables, mediante la puesta en marcha de instalaciones de generaci\u00f3n de energ\u00eda t\u00e9rmica con fuentes de energ\u00eda renovable.<\/p>\n<p>La dotaci\u00f3n presupuestaria para la concesi\u00f3n de las ayudas establecidas en esta convocatoria es 13.000.000 euros, del presupuesto del IDAE, con origen de fondos en la transferencia a este Instituto del importe de 300.000.000 Euros consignado en la partida presupuestaria 23.03.425A.82107: \u00abAl IDAE para el impulso de la eficiencia energ\u00e9tica y las energ\u00edas renovables\u00bb, de la Ley 6\/2018, de 3 de julio, de Presupuestos Generales del Estado para el a\u00f1o 2018, prorrogados para el a\u00f1o 2019.<\/p>\n<p>El plazo de presentaci\u00f3n de solicitudes comienza el 23 de diciembre de 2020 y finalizar\u00e1 a las 12:00<br \/>horas del 1 de febrero de 2021. No podr\u00e1n ser objeto de ayuda las solicitudes que se hayan iniciado antes de la fecha de registro de la misma por parte del beneficiario en el programa.<\/p>\n<p>Las ayudas reguladas en esta convocatoria son incompatibles con otras ayudas que se otorguen para la misma finalidad, procedentes de cualesquiera administraciones p\u00fablicas o entes p\u00fablicos o privados, nacionales, de la Uni\u00f3n Europea o de otros organismos internacionales.<\/p>\n","protected":false},"excerpt":{"rendered":"<p>Se trata de la primera convocatoria en la Comunidad Aut\u00f3noma de Castilla y Le\u00f3n cofinanciada con Fondos de la Uni\u00f3n Europea El Bolet\u00edn Oficial del Estado publica el extracto de la Resoluci\u00f3n de 16 de diciembre de 2020 de la Direcci\u00f3n General del Instituto para la Diversificaci\u00f3n y Ahorro de la Energ\u00eda, por la que [&hellip;]<\/p>\n","protected":false},"author":10,"featured_media":10395,"comment_status":"open","ping_status":"open","sticky":false,"template":"","format":"standard","meta":{"footnotes":""},"categories":[10,510,39],"tags":[],"yoast_head":"<!-- This site is optimized with the Yoast SEO plugin v24.5 - https:\/\/yoast.com\/wordpress\/plugins\/seo\/ -->\n<title>Ayudas a la inversi\u00f3n en instalaciones de producci\u00f3n de energ\u00eda t\u00e9rmica a partir de fuentes de energ\u00eda renovable - ASAJA Salamanca<\/title>\n<meta name=\"description\" content=\"Se trata de la primera convocatoria en la Comunidad Aut\u00f3noma de Castilla y Le\u00f3n cofinanciada con Fondos de la Uni\u00f3n Europea El Bolet\u00edn Oficial del Estado\" \/>\n<meta name=\"robots\" content=\"index, follow, max-snippet:-1, max-image-preview:large, max-video-preview:-1\" \/>\n<link rel=\"canonical\" href=\"https:\/\/www.asajacyl.com\/salamanca\/asaja-salamanca-informa\/se-formalizan-las-ayudas-a-la-inversion-en-instalaciones-de-produccion-de-energia-termica-a-partir-de-fuentes-de-energia\" \/>\n<meta property=\"og:locale\" content=\"es_ES\" \/>\n<meta property=\"og:type\" content=\"article\" \/>\n<meta property=\"og:title\" content=\"Ayudas a la inversi\u00f3n en instalaciones de producci\u00f3n de energ\u00eda t\u00e9rmica a partir de fuentes de energ\u00eda renovable - ASAJA Salamanca\" \/>\n<meta property=\"og:description\" content=\"Se trata de la primera convocatoria en la Comunidad Aut\u00f3noma de Castilla y Le\u00f3n cofinanciada con Fondos de la Uni\u00f3n Europea El Bolet\u00edn Oficial del Estado\" \/>\n<meta property=\"og:url\" content=\"https:\/\/www.asajacyl.com\/salamanca\/asaja-salamanca-informa\/se-formalizan-las-ayudas-a-la-inversion-en-instalaciones-de-produccion-de-energia-termica-a-partir-de-fuentes-de-energia\" \/>\n<meta property=\"og:site_name\" content=\"ASAJA Salamanca\" \/>\n<meta property=\"article:published_time\" content=\"2020-12-22T12:38:32+00:00\" \/>\n<meta property=\"article:modified_time\" content=\"2021-01-12T08:05:10+00:00\" \/>\n<meta property=\"og:image\" content=\"https:\/\/www.asajacyl.com\/salamanca\/wp-content\/uploads\/sites\/7\/2020\/12\/solar-2955323_1920.jpg\" \/>\n\t<meta property=\"og:image:width\" content=\"1920\" \/>\n\t<meta property=\"og:image:height\" content=\"1275\" \/>\n\t<meta property=\"og:image:type\" content=\"image\/jpeg\" \/>\n<meta name=\"author\" content=\"Sonia\" \/>\n<meta name=\"twitter:card\" content=\"summary_large_image\" \/>\n<meta name=\"twitter:label1\" content=\"Escrito por\" \/>\n\t<meta name=\"twitter:data1\" content=\"Sonia\" \/>\n\t<meta name=\"twitter:label2\" content=\"Tiempo de lectura\" \/>\n\t<meta name=\"twitter:data2\" content=\"2 minutos\" \/>\n<script type=\"application\/ld+json\" class=\"yoast-schema-graph\">{\"@context\":\"https:\/\/schema.org\",\"@graph\":[{\"@type\":\"WebPage\",\"@id\":\"https:\/\/www.asajacyl.com\/salamanca\/asaja-salamanca-informa\/se-formalizan-las-ayudas-a-la-inversion-en-instalaciones-de-produccion-de-energia-termica-a-partir-de-fuentes-de-energia\",\"url\":\"https:\/\/www.asajacyl.com\/salamanca\/asaja-salamanca-informa\/se-formalizan-las-ayudas-a-la-inversion-en-instalaciones-de-produccion-de-energia-termica-a-partir-de-fuentes-de-energia\",\"name\":\"Ayudas a la inversi\u00f3n en instalaciones de producci\u00f3n de energ\u00eda t\u00e9rmica a partir de fuentes de energ\u00eda renovable - ASAJA Salamanca\",\"isPartOf\":{\"@id\":\"https:\/\/www.asajacyl.com\/salamanca\/#website\"},\"primaryImageOfPage\":{\"@id\":\"https:\/\/www.asajacyl.com\/salamanca\/asaja-salamanca-informa\/se-formalizan-las-ayudas-a-la-inversion-en-instalaciones-de-produccion-de-energia-termica-a-partir-de-fuentes-de-energia#primaryimage\"},\"image\":{\"@id\":\"https:\/\/www.asajacyl.com\/salamanca\/asaja-salamanca-informa\/se-formalizan-las-ayudas-a-la-inversion-en-instalaciones-de-produccion-de-energia-termica-a-partir-de-fuentes-de-energia#primaryimage\"},\"thumbnailUrl\":\"https:\/\/www.asajacyl.com\/salamanca\/wp-content\/uploads\/sites\/7\/2020\/12\/solar-2955323_1920.jpg\",\"datePublished\":\"2020-12-22T12:38:32+00:00\",\"dateModified\":\"2021-01-12T08:05:10+00:00\",\"author\":{\"@id\":\"https:\/\/www.asajacyl.com\/salamanca\/#\/schema\/person\/2bfc7da09988e1087e6291fafe99b67f\"},\"description\":\"Se trata de la primera convocatoria en la Comunidad Aut\u00f3noma de Castilla y Le\u00f3n cofinanciada con Fondos de la Uni\u00f3n Europea El Bolet\u00edn Oficial del Estado\",\"breadcrumb\":{\"@id\":\"https:\/\/www.asajacyl.com\/salamanca\/asaja-salamanca-informa\/se-formalizan-las-ayudas-a-la-inversion-en-instalaciones-de-produccion-de-energia-termica-a-partir-de-fuentes-de-energia#breadcrumb\"},\"inLanguage\":\"es\",\"potentialAction\":[{\"@type\":\"ReadAction\",\"target\":[\"https:\/\/www.asajacyl.com\/salamanca\/asaja-salamanca-informa\/se-formalizan-las-ayudas-a-la-inversion-en-instalaciones-de-produccion-de-energia-termica-a-partir-de-fuentes-de-energia\"]}]},{\"@type\":\"ImageObject\",\"inLanguage\":\"es\",\"@id\":\"https:\/\/www.asajacyl.com\/salamanca\/asaja-salamanca-informa\/se-formalizan-las-ayudas-a-la-inversion-en-instalaciones-de-produccion-de-energia-termica-a-partir-de-fuentes-de-energia#primaryimage\",\"url\":\"https:\/\/www.asajacyl.com\/salamanca\/wp-content\/uploads\/sites\/7\/2020\/12\/solar-2955323_1920.jpg\",\"contentUrl\":\"https:\/\/www.asajacyl.com\/salamanca\/wp-content\/uploads\/sites\/7\/2020\/12\/solar-2955323_1920.jpg\",\"width\":1920,\"height\":1275},{\"@type\":\"BreadcrumbList\",\"@id\":\"https:\/\/www.asajacyl.com\/salamanca\/asaja-salamanca-informa\/se-formalizan-las-ayudas-a-la-inversion-en-instalaciones-de-produccion-de-energia-termica-a-partir-de-fuentes-de-energia#breadcrumb\",\"itemListElement\":[{\"@type\":\"ListItem\",\"position\":1,\"name\":\"Portada\",\"item\":\"https:\/\/www.asajacyl.com\/salamanca\/\"},{\"@type\":\"ListItem\",\"position\":2,\"name\":\"Ayudas a la inversi\u00f3n en instalaciones de producci\u00f3n de energ\u00eda t\u00e9rmica a partir de fuentes de energ\u00eda renovable\"}]},{\"@type\":\"WebSite\",\"@id\":\"https:\/\/www.asajacyl.com\/salamanca\/#website\",\"url\":\"https:\/\/www.asajacyl.com\/salamanca\/\",\"name\":\"ASAJA Salamanca\",\"description\":\"Otro sitio m\u00e1s de Provincias ASAJA Castilla y Le\u00f3n\",\"potentialAction\":[{\"@type\":\"SearchAction\",\"target\":{\"@type\":\"EntryPoint\",\"urlTemplate\":\"https:\/\/www.asajacyl.com\/salamanca\/?s={search_term_string}\"},\"query-input\":{\"@type\":\"PropertyValueSpecification\",\"valueRequired\":true,\"valueName\":\"search_term_string\"}}],\"inLanguage\":\"es\"},{\"@type\":\"Person\",\"@id\":\"https:\/\/www.asajacyl.com\/salamanca\/#\/schema\/person\/2bfc7da09988e1087e6291fafe99b67f\",\"name\":\"Sonia\",\"image\":{\"@type\":\"ImageObject\",\"inLanguage\":\"es\",\"@id\":\"https:\/\/www.asajacyl.com\/salamanca\/#\/schema\/person\/image\/\",\"url\":\"https:\/\/secure.gravatar.com\/avatar\/6b0d6eb461a1e3687cc023d59022ef0d?s=96&d=mm&r=g\",\"contentUrl\":\"https:\/\/secure.gravatar.com\/avatar\/6b0d6eb461a1e3687cc023d59022ef0d?s=96&d=mm&r=g\",\"caption\":\"Sonia\"},\"url\":\"https:\/\/www.asajacyl.com\/salamanca\/author\/juanluisde\"}]}<\/script>\n<!-- \/ Yoast SEO plugin. -->","yoast_head_json":{"title":"Ayudas a la inversi\u00f3n en instalaciones de producci\u00f3n de energ\u00eda t\u00e9rmica a partir de fuentes de energ\u00eda renovable - ASAJA Salamanca","description":"Se trata de la primera convocatoria en la Comunidad Aut\u00f3noma de Castilla y Le\u00f3n cofinanciada con Fondos de la Uni\u00f3n Europea El Bolet\u00edn Oficial del Estado","robots":{"index":"index","follow":"follow","max-snippet":"max-snippet:-1","max-image-preview":"max-image-preview:large","max-video-preview":"max-video-preview:-1"},"canonical":"https:\/\/www.asajacyl.com\/salamanca\/asaja-salamanca-informa\/se-formalizan-las-ayudas-a-la-inversion-en-instalaciones-de-produccion-de-energia-termica-a-partir-de-fuentes-de-energia","og_locale":"es_ES","og_type":"article","og_title":"Ayudas a la inversi\u00f3n en instalaciones de producci\u00f3n de energ\u00eda t\u00e9rmica a partir de fuentes de energ\u00eda renovable - ASAJA Salamanca","og_description":"Se trata de la primera convocatoria en la Comunidad Aut\u00f3noma de Castilla y Le\u00f3n cofinanciada con Fondos de la Uni\u00f3n Europea El Bolet\u00edn Oficial del Estado","og_url":"https:\/\/www.asajacyl.com\/salamanca\/asaja-salamanca-informa\/se-formalizan-las-ayudas-a-la-inversion-en-instalaciones-de-produccion-de-energia-termica-a-partir-de-fuentes-de-energia","og_site_name":"ASAJA Salamanca","article_published_time":"2020-12-22T12:38:32+00:00","article_modified_time":"2021-01-12T08:05:10+00:00","og_image":[{"width":1920,"height":1275,"url":"https:\/\/www.asajacyl.com\/salamanca\/wp-content\/uploads\/sites\/7\/2020\/12\/solar-2955323_1920.jpg","type":"image\/jpeg"}],"author":"Sonia","twitter_card":"summary_large_image","twitter_misc":{"Escrito por":"Sonia","Tiempo de lectura":"2 minutos"},"schema":{"@context":"https:\/\/schema.org","@graph":[{"@type":"WebPage","@id":"https:\/\/www.asajacyl.com\/salamanca\/asaja-salamanca-informa\/se-formalizan-las-ayudas-a-la-inversion-en-instalaciones-de-produccion-de-energia-termica-a-partir-de-fuentes-de-energia","url":"https:\/\/www.asajacyl.com\/salamanca\/asaja-salamanca-informa\/se-formalizan-las-ayudas-a-la-inversion-en-instalaciones-de-produccion-de-energia-termica-a-partir-de-fuentes-de-energia","name":"Ayudas a la inversi\u00f3n en instalaciones de producci\u00f3n de energ\u00eda t\u00e9rmica a partir de fuentes de energ\u00eda renovable - ASAJA Salamanca","isPartOf":{"@id":"https:\/\/www.asajacyl.com\/salamanca\/#website"},"primaryImageOfPage":{"@id":"https:\/\/www.asajacyl.com\/salamanca\/asaja-salamanca-informa\/se-formalizan-las-ayudas-a-la-inversion-en-instalaciones-de-produccion-de-energia-termica-a-partir-de-fuentes-de-energia#primaryimage"},"image":{"@id":"https:\/\/www.asajacyl.com\/salamanca\/asaja-salamanca-informa\/se-formalizan-las-ayudas-a-la-inversion-en-instalaciones-de-produccion-de-energia-termica-a-partir-de-fuentes-de-energia#primaryimage"},"thumbnailUrl":"https:\/\/www.asajacyl.com\/salamanca\/wp-content\/uploads\/sites\/7\/2020\/12\/solar-2955323_1920.jpg","datePublished":"2020-12-22T12:38:32+00:00","dateModified":"2021-01-12T08:05:10+00:00","author":{"@id":"https:\/\/www.asajacyl.com\/salamanca\/#\/schema\/person\/2bfc7da09988e1087e6291fafe99b67f"},"description":"Se trata de la primera convocatoria en la Comunidad Aut\u00f3noma de Castilla y Le\u00f3n cofinanciada con Fondos de la Uni\u00f3n Europea El Bolet\u00edn Oficial del Estado","breadcrumb":{"@id":"https:\/\/www.asajacyl.com\/salamanca\/asaja-salamanca-informa\/se-formalizan-las-ayudas-a-la-inversion-en-instalaciones-de-produccion-de-energia-termica-a-partir-de-fuentes-de-energia#breadcrumb"},"inLanguage":"es","potentialAction":[{"@type":"ReadAction","target":["https:\/\/www.asajacyl.com\/salamanca\/asaja-salamanca-informa\/se-formalizan-las-ayudas-a-la-inversion-en-instalaciones-de-produccion-de-energia-termica-a-partir-de-fuentes-de-energia"]}]},{"@type":"ImageObject","inLanguage":"es","@id":"https:\/\/www.asajacyl.com\/salamanca\/asaja-salamanca-informa\/se-formalizan-las-ayudas-a-la-inversion-en-instalaciones-de-produccion-de-energia-termica-a-partir-de-fuentes-de-energia#primaryimage","url":"https:\/\/www.asajacyl.com\/salamanca\/wp-content\/uploads\/sites\/7\/2020\/12\/solar-2955323_1920.jpg","contentUrl":"https:\/\/www.asajacyl.com\/salamanca\/wp-content\/uploads\/sites\/7\/2020\/12\/solar-2955323_1920.jpg","width":1920,"height":1275},{"@type":"BreadcrumbList","@id":"https:\/\/www.asajacyl.com\/salamanca\/asaja-salamanca-informa\/se-formalizan-las-ayudas-a-la-inversion-en-instalaciones-de-produccion-de-energia-termica-a-partir-de-fuentes-de-energia#breadcrumb","itemListElement":[{"@type":"ListItem","position":1,"name":"Portada","item":"https:\/\/www.asajacyl.com\/salamanca\/"},{"@type":"ListItem","position":2,"name":"Ayudas a la inversi\u00f3n en instalaciones de producci\u00f3n de energ\u00eda t\u00e9rmica a partir de fuentes de energ\u00eda renovable"}]},{"@type":"WebSite","@id":"https:\/\/www.asajacyl.com\/salamanca\/#website","url":"https:\/\/www.asajacyl.com\/salamanca\/","name":"ASAJA Salamanca","description":"Otro sitio m\u00e1s de Provincias ASAJA Castilla y Le\u00f3n","potentialAction":[{"@type":"SearchAction","target":{"@type":"EntryPoint","urlTemplate":"https:\/\/www.asajacyl.com\/salamanca\/?s={search_term_string}"},"query-input":{"@type":"PropertyValueSpecification","valueRequired":true,"valueName":"search_term_string"}}],"inLanguage":"es"},{"@type":"Person","@id":"https:\/\/www.asajacyl.com\/salamanca\/#\/schema\/person\/2bfc7da09988e1087e6291fafe99b67f","name":"Sonia","image":{"@type":"ImageObject","inLanguage":"es","@id":"https:\/\/www.asajacyl.com\/salamanca\/#\/schema\/person\/image\/","url":"https:\/\/secure.gravatar.com\/avatar\/6b0d6eb461a1e3687cc023d59022ef0d?s=96&d=mm&r=g","contentUrl":"https:\/\/secure.gravatar.com\/avatar\/6b0d6eb461a1e3687cc023d59022ef0d?s=96&d=mm&r=g","caption":"Sonia"},"url":"https:\/\/www.asajacyl.com\/salamanca\/author\/juanluisde"}]}},"_links":{"self":[{"href":"https:\/\/www.asajacyl.com\/salamanca\/wp-json\/wp\/v2\/posts\/10394"}],"collection":[{"href":"https:\/\/www.asajacyl.com\/salamanca\/wp-json\/wp\/v2\/posts"}],"about":[{"href":"https:\/\/www.asajacyl.com\/salamanca\/wp-json\/wp\/v2\/types\/post"}],"author":[{"embeddable":true,"href":"https:\/\/www.asajacyl.com\/salamanca\/wp-json\/wp\/v2\/users\/10"}],"replies":[{"embeddable":true,"href":"https:\/\/www.asajacyl.com\/salamanca\/wp-json\/wp\/v2\/comments?post=10394"}],"version-history":[{"count":3,"href":"https:\/\/www.asajacyl.com\/salamanca\/wp-json\/wp\/v2\/posts\/10394\/revisions"}],"predecessor-version":[{"id":10468,"href":"https:\/\/www.asajacyl.com\/salamanca\/wp-json\/wp\/v2\/posts\/10394\/revisions\/10468"}],"wp:featuredmedia":[{"embeddable":true,"href":"https:\/\/www.asajacyl.com\/salamanca\/wp-json\/wp\/v2\/media\/10395"}],"wp:attachment":[{"href":"https:\/\/www.asajacyl.com\/salamanca\/wp-json\/wp\/v2\/media?parent=10394"}],"wp:term":[{"taxonomy":"category","embeddable":true,"href":"https:\/\/www.asajacyl.com\/salamanca\/wp-json\/wp\/v2\/categories?post=10394"},{"taxonomy":"post_tag","embeddable":true,"href":"https:\/\/www.asajacyl.com\/salamanca\/wp-json\/wp\/v2\/tags?post=10394"}],"curies":[{"name":"wp","href":"https:\/\/api.w.org\/{rel}","templated":true}]}}