{"id":11206,"date":"2021-04-12T09:36:34","date_gmt":"2021-04-12T09:36:34","guid":{"rendered":"https:\/\/www.asajacyl.com\/salamanca\/?p=11206"},"modified":"2021-04-12T09:36:35","modified_gmt":"2021-04-12T09:36:35","slug":"la-direccion-general-de-la-cadena-alimentaria-y-la-interprofesional-de-la-patata-de-castilla-y-leon-analizan-las-novedades-de-la-normativa-en-materia-de-relaciones-contractuales","status":"publish","type":"post","link":"https:\/\/www.asajacyl.com\/salamanca\/asaja-salamanca-informa\/la-direccion-general-de-la-cadena-alimentaria-y-la-interprofesional-de-la-patata-de-castilla-y-leon-analizan-las-novedades-de-la-normativa-en-materia-de-relaciones-contractuales","title":{"rendered":"La Direcci\u00f3n General de la Cadena Alimentaria y la Interprofesional de la Patata de Castilla y Le\u00f3n analizan las novedades de la normativa en materia de relaciones contractuales"},"content":{"rendered":"\n<p>La Direcci\u00f3n General de la Cadena Alimentaria ha mantenido esta semana una reuni\u00f3n con los representantes de la Organizaci\u00f3n Interprofesional de la Patata de Castilla y Le\u00f3n para dar a conocer y exponer al sector las \u00faltimas modificaciones de la Ley 12\/2013, de 2 de agosto, de medidas para la mejora del funcionamiento de la cadena alimentaria. Adem\u00e1s, este a\u00f1o se incorpora un Plan nacional de controles que ejecutar\u00e1n directamente las Comunidades Aut\u00f3nomas y que permitir\u00e1 extender y mejorar la necesidad de las relaciones contractuales entre los agricultores y los compradores de patata, envasadores u otros agentes que faciliten el traslado de este producto a los canales de comercializaci\u00f3n a los que accede el consumidor.<\/p>\n<p>Gema Marcos, directora general de la Cadena Alimentaria, ha puesto a disposici\u00f3n de la Interprofesional el modelo de cl\u00e1usula de arbitraje y mediaci\u00f3n para facilitar al sector una soluci\u00f3n que evite recurrir a los tribunales ante problemas que puedan surgir en el cumplimiento de los contratos.<\/p>\n<p>La patata es un sector con gran segmentaci\u00f3n en origen, muy r\u00edgido en la demanda, y muy vol\u00e1til en la oferta, generalmente sometido a fuertes presiones especulativas en origen y excesiva estabilidad en los precios de venta y, por ello, se considera esencial la difusi\u00f3n de la obligatoriedad de firmar contratos como medida de protecci\u00f3n a los productores.<\/p>\n<p>Castilla y Le\u00f3n es la Comunidad Aut\u00f3noma con mayor superficie dedicada a este cultivo, m\u00e1s de 19.000 hect\u00e1reas y la que tiene una mayor producci\u00f3n en el conjunto de Espa\u00f1a, 930.000 toneladas en la \u00faltima campa\u00f1a. Pero adem\u00e1s de la importancia por el volumen de producci\u00f3n, la patata de Castilla y Le\u00f3n es un producto de una alt\u00edsima calidad que necesita del apoyo de todos los operadores de la cadena alimentaria para poder llegar al consumidor.<\/p>\n<p>La directora general ha aprovechado esta reuni\u00f3n para pedir un esfuerzo en la implicaci\u00f3n de todos los agentes que intervienen en la cadena alimentaria. \u201cLa Interprofesional juega un papel important\u00edsimo, pero es necesaria la implicaci\u00f3n tanto de la distribuci\u00f3n como del propio consumidor, y no hay que olvidar que este \u00faltimo es el que al final decide el producto a consumir\u201d, ha dicho Marcos.<\/p>\n<p><strong>Organizaci\u00f3n Interprofesional de la Patata de Castilla y Le\u00f3n<\/strong><\/p>\n<p>El proceso de reconocimiento de esta organizaci\u00f3n dio su primer paso el 29 de abril de 2016 con la constituci\u00f3n de la Asociaci\u00f3n Interprofesional de la Patata de Castilla y Le\u00f3n. Las asociaciones integradas por la rama de la producci\u00f3n son: Asaja, la Alianza por la Unidad del Campo UPA-COAG, la Uni\u00f3n de Campesinos de Castilla y Le\u00f3n (UCCL), la Uni\u00f3n Regional de Cooperativas de Castilla y Le\u00f3n (Urcacyl) y la Asociaci\u00f3n de Productores de Patata de Castilla y Le\u00f3n (Apacyl), y por la rama de la comercializaci\u00f3n: Urcacyl y la Asociaci\u00f3n de Operadores de Patata en Origen de Castilla y Le\u00f3n (Asopocyl). Con una importante implicaci\u00f3n por todas las partes, la Interprofesional fue reconocida por la Consejer\u00eda de Agricultura, Ganader\u00eda y Desarrollo Rural el pasado a\u00f1o.<\/p>\n<p><strong>Objetivos de la Interprofesional<\/strong><\/p>\n<p>La Interprofesional ha transmitido a la directora general de la Cadena Alimentaria que se ha fijado como primeros objetivos de trabajo los siguientes:<\/p>\n<ul>\n<li>Ofrecer informaci\u00f3n digital con contenidos actualizados sobre el sector de la patata, con importancia para los operadores de Castilla y Le\u00f3n, manteniendo, a su vez, una red de operadores que colaboren con informaci\u00f3n sobre el cultivo y comercio de patatas en la Comunidad.<\/li>\n<li>Analizar las distintas variedades de patata empleadas en Castilla y Le\u00f3n, con especial detalle de las superficies cultivadas de cada una de ellas y sus peculiaridades de cultivo.<\/li>\n<li>Elaborar y actualizar el contrato homologado de patata, tanto para uso en industria como para fresco.<\/li>\n<li>Dise\u00f1ar una campa\u00f1a de formaci\u00f3n dirigida tanto a productores como a consumidores.<\/li>\n<li>Comenzar una relaci\u00f3n de largo plazo con los agentes de la distribuci\u00f3n, para conocer qu\u00e9 actividades proponen para incrementar el consumo de patatas.<\/li>\n<\/ul>\n","protected":false},"excerpt":{"rendered":"<p>La Direcci\u00f3n General de la Cadena Alimentaria ha mantenido esta semana una reuni\u00f3n con los representantes de la Organizaci\u00f3n Interprofesional de la Patata de Castilla y Le\u00f3n para dar a conocer y exponer al sector las \u00faltimas modificaciones de la Ley 12\/2013, de 2 de agosto, de medidas para la mejora del funcionamiento de la [&hellip;]<\/p>\n","protected":false},"author":10,"featured_media":11207,"comment_status":"open","ping_status":"open","sticky":false,"template":"","format":"standard","meta":{"footnotes":""},"categories":[10,510],"tags":[],"yoast_head":"<!-- This site is optimized with the Yoast SEO plugin v24.5 - https:\/\/yoast.com\/wordpress\/plugins\/seo\/ -->\n<title>La Direcci\u00f3n General de la Cadena Alimentaria y la Interprofesional de la Patata de Castilla y Le\u00f3n analizan las novedades de la normativa en materia de relaciones contractuales - ASAJA Salamanca<\/title>\n<meta name=\"description\" content=\"La Direcci\u00f3n General de la Cadena Alimentaria ha mantenido esta semana una reuni\u00f3n con los representantes de la Organizaci\u00f3n Interprofesional de la Patata\" \/>\n<meta name=\"robots\" content=\"index, follow, max-snippet:-1, max-image-preview:large, max-video-preview:-1\" \/>\n<link rel=\"canonical\" href=\"https:\/\/www.asajacyl.com\/salamanca\/asaja-salamanca-informa\/la-direccion-general-de-la-cadena-alimentaria-y-la-interprofesional-de-la-patata-de-castilla-y-leon-analizan-las-novedades-de-la-normativa-en-materia-de-relaciones-contractuales\" \/>\n<meta property=\"og:locale\" content=\"es_ES\" \/>\n<meta property=\"og:type\" content=\"article\" \/>\n<meta property=\"og:title\" content=\"La Direcci\u00f3n General de la Cadena Alimentaria y la Interprofesional de la Patata de Castilla y Le\u00f3n analizan las novedades de la normativa en materia de relaciones contractuales - ASAJA Salamanca\" \/>\n<meta property=\"og:description\" content=\"La Direcci\u00f3n General de la Cadena Alimentaria ha mantenido esta semana una reuni\u00f3n con los representantes de la Organizaci\u00f3n Interprofesional de la Patata\" \/>\n<meta property=\"og:url\" content=\"https:\/\/www.asajacyl.com\/salamanca\/asaja-salamanca-informa\/la-direccion-general-de-la-cadena-alimentaria-y-la-interprofesional-de-la-patata-de-castilla-y-leon-analizan-las-novedades-de-la-normativa-en-materia-de-relaciones-contractuales\" \/>\n<meta property=\"og:site_name\" content=\"ASAJA Salamanca\" \/>\n<meta property=\"article:published_time\" content=\"2021-04-12T09:36:34+00:00\" \/>\n<meta property=\"article:modified_time\" content=\"2021-04-12T09:36:35+00:00\" \/>\n<meta property=\"og:image\" content=\"https:\/\/www.asajacyl.com\/salamanca\/wp-content\/uploads\/sites\/7\/2021\/04\/20210411CadenaAlimentariaInterprofesionalPatata.jpeg\" \/>\n\t<meta property=\"og:image:width\" content=\"744\" \/>\n\t<meta property=\"og:image:height\" content=\"373\" \/>\n\t<meta property=\"og:image:type\" content=\"image\/jpeg\" \/>\n<meta name=\"author\" content=\"Sonia\" \/>\n<meta name=\"twitter:card\" content=\"summary_large_image\" \/>\n<meta name=\"twitter:label1\" content=\"Escrito por\" \/>\n\t<meta name=\"twitter:data1\" content=\"Sonia\" \/>\n\t<meta name=\"twitter:label2\" content=\"Tiempo de lectura\" \/>\n\t<meta name=\"twitter:data2\" content=\"3 minutos\" \/>\n<script type=\"application\/ld+json\" class=\"yoast-schema-graph\">{\"@context\":\"https:\/\/schema.org\",\"@graph\":[{\"@type\":\"WebPage\",\"@id\":\"https:\/\/www.asajacyl.com\/salamanca\/asaja-salamanca-informa\/la-direccion-general-de-la-cadena-alimentaria-y-la-interprofesional-de-la-patata-de-castilla-y-leon-analizan-las-novedades-de-la-normativa-en-materia-de-relaciones-contractuales\",\"url\":\"https:\/\/www.asajacyl.com\/salamanca\/asaja-salamanca-informa\/la-direccion-general-de-la-cadena-alimentaria-y-la-interprofesional-de-la-patata-de-castilla-y-leon-analizan-las-novedades-de-la-normativa-en-materia-de-relaciones-contractuales\",\"name\":\"La Direcci\u00f3n General de la Cadena Alimentaria y la Interprofesional de la Patata de Castilla y Le\u00f3n analizan las novedades de la normativa en materia de relaciones contractuales - ASAJA Salamanca\",\"isPartOf\":{\"@id\":\"https:\/\/www.asajacyl.com\/salamanca\/#website\"},\"primaryImageOfPage\":{\"@id\":\"https:\/\/www.asajacyl.com\/salamanca\/asaja-salamanca-informa\/la-direccion-general-de-la-cadena-alimentaria-y-la-interprofesional-de-la-patata-de-castilla-y-leon-analizan-las-novedades-de-la-normativa-en-materia-de-relaciones-contractuales#primaryimage\"},\"image\":{\"@id\":\"https:\/\/www.asajacyl.com\/salamanca\/asaja-salamanca-informa\/la-direccion-general-de-la-cadena-alimentaria-y-la-interprofesional-de-la-patata-de-castilla-y-leon-analizan-las-novedades-de-la-normativa-en-materia-de-relaciones-contractuales#primaryimage\"},\"thumbnailUrl\":\"https:\/\/www.asajacyl.com\/salamanca\/wp-content\/uploads\/sites\/7\/2021\/04\/20210411CadenaAlimentariaInterprofesionalPatata.jpeg\",\"datePublished\":\"2021-04-12T09:36:34+00:00\",\"dateModified\":\"2021-04-12T09:36:35+00:00\",\"author\":{\"@id\":\"https:\/\/www.asajacyl.com\/salamanca\/#\/schema\/person\/2bfc7da09988e1087e6291fafe99b67f\"},\"description\":\"La Direcci\u00f3n General de la Cadena Alimentaria ha mantenido esta semana una reuni\u00f3n con los representantes de la Organizaci\u00f3n Interprofesional de la Patata\",\"breadcrumb\":{\"@id\":\"https:\/\/www.asajacyl.com\/salamanca\/asaja-salamanca-informa\/la-direccion-general-de-la-cadena-alimentaria-y-la-interprofesional-de-la-patata-de-castilla-y-leon-analizan-las-novedades-de-la-normativa-en-materia-de-relaciones-contractuales#breadcrumb\"},\"inLanguage\":\"es\",\"potentialAction\":[{\"@type\":\"ReadAction\",\"target\":[\"https:\/\/www.asajacyl.com\/salamanca\/asaja-salamanca-informa\/la-direccion-general-de-la-cadena-alimentaria-y-la-interprofesional-de-la-patata-de-castilla-y-leon-analizan-las-novedades-de-la-normativa-en-materia-de-relaciones-contractuales\"]}]},{\"@type\":\"ImageObject\",\"inLanguage\":\"es\",\"@id\":\"https:\/\/www.asajacyl.com\/salamanca\/asaja-salamanca-informa\/la-direccion-general-de-la-cadena-alimentaria-y-la-interprofesional-de-la-patata-de-castilla-y-leon-analizan-las-novedades-de-la-normativa-en-materia-de-relaciones-contractuales#primaryimage\",\"url\":\"https:\/\/www.asajacyl.com\/salamanca\/wp-content\/uploads\/sites\/7\/2021\/04\/20210411CadenaAlimentariaInterprofesionalPatata.jpeg\",\"contentUrl\":\"https:\/\/www.asajacyl.com\/salamanca\/wp-content\/uploads\/sites\/7\/2021\/04\/20210411CadenaAlimentariaInterprofesionalPatata.jpeg\",\"width\":744,\"height\":373},{\"@type\":\"BreadcrumbList\",\"@id\":\"https:\/\/www.asajacyl.com\/salamanca\/asaja-salamanca-informa\/la-direccion-general-de-la-cadena-alimentaria-y-la-interprofesional-de-la-patata-de-castilla-y-leon-analizan-las-novedades-de-la-normativa-en-materia-de-relaciones-contractuales#breadcrumb\",\"itemListElement\":[{\"@type\":\"ListItem\",\"position\":1,\"name\":\"Portada\",\"item\":\"https:\/\/www.asajacyl.com\/salamanca\/\"},{\"@type\":\"ListItem\",\"position\":2,\"name\":\"La Direcci\u00f3n General de la Cadena Alimentaria y la Interprofesional de la Patata de Castilla y Le\u00f3n analizan las novedades de la normativa en materia de relaciones contractuales\"}]},{\"@type\":\"WebSite\",\"@id\":\"https:\/\/www.asajacyl.com\/salamanca\/#website\",\"url\":\"https:\/\/www.asajacyl.com\/salamanca\/\",\"name\":\"ASAJA Salamanca\",\"description\":\"Otro sitio m\u00e1s de Provincias ASAJA Castilla y Le\u00f3n\",\"potentialAction\":[{\"@type\":\"SearchAction\",\"target\":{\"@type\":\"EntryPoint\",\"urlTemplate\":\"https:\/\/www.asajacyl.com\/salamanca\/?s={search_term_string}\"},\"query-input\":{\"@type\":\"PropertyValueSpecification\",\"valueRequired\":true,\"valueName\":\"search_term_string\"}}],\"inLanguage\":\"es\"},{\"@type\":\"Person\",\"@id\":\"https:\/\/www.asajacyl.com\/salamanca\/#\/schema\/person\/2bfc7da09988e1087e6291fafe99b67f\",\"name\":\"Sonia\",\"image\":{\"@type\":\"ImageObject\",\"inLanguage\":\"es\",\"@id\":\"https:\/\/www.asajacyl.com\/salamanca\/#\/schema\/person\/image\/\",\"url\":\"https:\/\/secure.gravatar.com\/avatar\/6b0d6eb461a1e3687cc023d59022ef0d?s=96&d=mm&r=g\",\"contentUrl\":\"https:\/\/secure.gravatar.com\/avatar\/6b0d6eb461a1e3687cc023d59022ef0d?s=96&d=mm&r=g\",\"caption\":\"Sonia\"},\"url\":\"https:\/\/www.asajacyl.com\/salamanca\/author\/juanluisde\"}]}<\/script>\n<!-- \/ Yoast SEO plugin. -->","yoast_head_json":{"title":"La Direcci\u00f3n General de la Cadena Alimentaria y la Interprofesional de la Patata de Castilla y Le\u00f3n analizan las novedades de la normativa en materia de relaciones contractuales - ASAJA Salamanca","description":"La Direcci\u00f3n General de la Cadena Alimentaria ha mantenido esta semana una reuni\u00f3n con los representantes de la Organizaci\u00f3n Interprofesional de la Patata","robots":{"index":"index","follow":"follow","max-snippet":"max-snippet:-1","max-image-preview":"max-image-preview:large","max-video-preview":"max-video-preview:-1"},"canonical":"https:\/\/www.asajacyl.com\/salamanca\/asaja-salamanca-informa\/la-direccion-general-de-la-cadena-alimentaria-y-la-interprofesional-de-la-patata-de-castilla-y-leon-analizan-las-novedades-de-la-normativa-en-materia-de-relaciones-contractuales","og_locale":"es_ES","og_type":"article","og_title":"La Direcci\u00f3n General de la Cadena Alimentaria y la Interprofesional de la Patata de Castilla y Le\u00f3n analizan las novedades de la normativa en materia de relaciones contractuales - ASAJA Salamanca","og_description":"La Direcci\u00f3n General de la Cadena Alimentaria ha mantenido esta semana una reuni\u00f3n con los representantes de la Organizaci\u00f3n Interprofesional de la Patata","og_url":"https:\/\/www.asajacyl.com\/salamanca\/asaja-salamanca-informa\/la-direccion-general-de-la-cadena-alimentaria-y-la-interprofesional-de-la-patata-de-castilla-y-leon-analizan-las-novedades-de-la-normativa-en-materia-de-relaciones-contractuales","og_site_name":"ASAJA Salamanca","article_published_time":"2021-04-12T09:36:34+00:00","article_modified_time":"2021-04-12T09:36:35+00:00","og_image":[{"width":744,"height":373,"url":"https:\/\/www.asajacyl.com\/salamanca\/wp-content\/uploads\/sites\/7\/2021\/04\/20210411CadenaAlimentariaInterprofesionalPatata.jpeg","type":"image\/jpeg"}],"author":"Sonia","twitter_card":"summary_large_image","twitter_misc":{"Escrito por":"Sonia","Tiempo de lectura":"3 minutos"},"schema":{"@context":"https:\/\/schema.org","@graph":[{"@type":"WebPage","@id":"https:\/\/www.asajacyl.com\/salamanca\/asaja-salamanca-informa\/la-direccion-general-de-la-cadena-alimentaria-y-la-interprofesional-de-la-patata-de-castilla-y-leon-analizan-las-novedades-de-la-normativa-en-materia-de-relaciones-contractuales","url":"https:\/\/www.asajacyl.com\/salamanca\/asaja-salamanca-informa\/la-direccion-general-de-la-cadena-alimentaria-y-la-interprofesional-de-la-patata-de-castilla-y-leon-analizan-las-novedades-de-la-normativa-en-materia-de-relaciones-contractuales","name":"La Direcci\u00f3n General de la Cadena Alimentaria y la Interprofesional de la Patata de Castilla y Le\u00f3n analizan las novedades de la normativa en materia de relaciones contractuales - ASAJA Salamanca","isPartOf":{"@id":"https:\/\/www.asajacyl.com\/salamanca\/#website"},"primaryImageOfPage":{"@id":"https:\/\/www.asajacyl.com\/salamanca\/asaja-salamanca-informa\/la-direccion-general-de-la-cadena-alimentaria-y-la-interprofesional-de-la-patata-de-castilla-y-leon-analizan-las-novedades-de-la-normativa-en-materia-de-relaciones-contractuales#primaryimage"},"image":{"@id":"https:\/\/www.asajacyl.com\/salamanca\/asaja-salamanca-informa\/la-direccion-general-de-la-cadena-alimentaria-y-la-interprofesional-de-la-patata-de-castilla-y-leon-analizan-las-novedades-de-la-normativa-en-materia-de-relaciones-contractuales#primaryimage"},"thumbnailUrl":"https:\/\/www.asajacyl.com\/salamanca\/wp-content\/uploads\/sites\/7\/2021\/04\/20210411CadenaAlimentariaInterprofesionalPatata.jpeg","datePublished":"2021-04-12T09:36:34+00:00","dateModified":"2021-04-12T09:36:35+00:00","author":{"@id":"https:\/\/www.asajacyl.com\/salamanca\/#\/schema\/person\/2bfc7da09988e1087e6291fafe99b67f"},"description":"La Direcci\u00f3n General de la Cadena Alimentaria ha mantenido esta semana una reuni\u00f3n con los representantes de la Organizaci\u00f3n Interprofesional de la Patata","breadcrumb":{"@id":"https:\/\/www.asajacyl.com\/salamanca\/asaja-salamanca-informa\/la-direccion-general-de-la-cadena-alimentaria-y-la-interprofesional-de-la-patata-de-castilla-y-leon-analizan-las-novedades-de-la-normativa-en-materia-de-relaciones-contractuales#breadcrumb"},"inLanguage":"es","potentialAction":[{"@type":"ReadAction","target":["https:\/\/www.asajacyl.com\/salamanca\/asaja-salamanca-informa\/la-direccion-general-de-la-cadena-alimentaria-y-la-interprofesional-de-la-patata-de-castilla-y-leon-analizan-las-novedades-de-la-normativa-en-materia-de-relaciones-contractuales"]}]},{"@type":"ImageObject","inLanguage":"es","@id":"https:\/\/www.asajacyl.com\/salamanca\/asaja-salamanca-informa\/la-direccion-general-de-la-cadena-alimentaria-y-la-interprofesional-de-la-patata-de-castilla-y-leon-analizan-las-novedades-de-la-normativa-en-materia-de-relaciones-contractuales#primaryimage","url":"https:\/\/www.asajacyl.com\/salamanca\/wp-content\/uploads\/sites\/7\/2021\/04\/20210411CadenaAlimentariaInterprofesionalPatata.jpeg","contentUrl":"https:\/\/www.asajacyl.com\/salamanca\/wp-content\/uploads\/sites\/7\/2021\/04\/20210411CadenaAlimentariaInterprofesionalPatata.jpeg","width":744,"height":373},{"@type":"BreadcrumbList","@id":"https:\/\/www.asajacyl.com\/salamanca\/asaja-salamanca-informa\/la-direccion-general-de-la-cadena-alimentaria-y-la-interprofesional-de-la-patata-de-castilla-y-leon-analizan-las-novedades-de-la-normativa-en-materia-de-relaciones-contractuales#breadcrumb","itemListElement":[{"@type":"ListItem","position":1,"name":"Portada","item":"https:\/\/www.asajacyl.com\/salamanca\/"},{"@type":"ListItem","position":2,"name":"La Direcci\u00f3n General de la Cadena Alimentaria y la Interprofesional de la Patata de Castilla y Le\u00f3n analizan las novedades de la normativa en materia de relaciones contractuales"}]},{"@type":"WebSite","@id":"https:\/\/www.asajacyl.com\/salamanca\/#website","url":"https:\/\/www.asajacyl.com\/salamanca\/","name":"ASAJA Salamanca","description":"Otro sitio m\u00e1s de Provincias ASAJA Castilla y Le\u00f3n","potentialAction":[{"@type":"SearchAction","target":{"@type":"EntryPoint","urlTemplate":"https:\/\/www.asajacyl.com\/salamanca\/?s={search_term_string}"},"query-input":{"@type":"PropertyValueSpecification","valueRequired":true,"valueName":"search_term_string"}}],"inLanguage":"es"},{"@type":"Person","@id":"https:\/\/www.asajacyl.com\/salamanca\/#\/schema\/person\/2bfc7da09988e1087e6291fafe99b67f","name":"Sonia","image":{"@type":"ImageObject","inLanguage":"es","@id":"https:\/\/www.asajacyl.com\/salamanca\/#\/schema\/person\/image\/","url":"https:\/\/secure.gravatar.com\/avatar\/6b0d6eb461a1e3687cc023d59022ef0d?s=96&d=mm&r=g","contentUrl":"https:\/\/secure.gravatar.com\/avatar\/6b0d6eb461a1e3687cc023d59022ef0d?s=96&d=mm&r=g","caption":"Sonia"},"url":"https:\/\/www.asajacyl.com\/salamanca\/author\/juanluisde"}]}},"_links":{"self":[{"href":"https:\/\/www.asajacyl.com\/salamanca\/wp-json\/wp\/v2\/posts\/11206"}],"collection":[{"href":"https:\/\/www.asajacyl.com\/salamanca\/wp-json\/wp\/v2\/posts"}],"about":[{"href":"https:\/\/www.asajacyl.com\/salamanca\/wp-json\/wp\/v2\/types\/post"}],"author":[{"embeddable":true,"href":"https:\/\/www.asajacyl.com\/salamanca\/wp-json\/wp\/v2\/users\/10"}],"replies":[{"embeddable":true,"href":"https:\/\/www.asajacyl.com\/salamanca\/wp-json\/wp\/v2\/comments?post=11206"}],"version-history":[{"count":1,"href":"https:\/\/www.asajacyl.com\/salamanca\/wp-json\/wp\/v2\/posts\/11206\/revisions"}],"predecessor-version":[{"id":11208,"href":"https:\/\/www.asajacyl.com\/salamanca\/wp-json\/wp\/v2\/posts\/11206\/revisions\/11208"}],"wp:featuredmedia":[{"embeddable":true,"href":"https:\/\/www.asajacyl.com\/salamanca\/wp-json\/wp\/v2\/media\/11207"}],"wp:attachment":[{"href":"https:\/\/www.asajacyl.com\/salamanca\/wp-json\/wp\/v2\/media?parent=11206"}],"wp:term":[{"taxonomy":"category","embeddable":true,"href":"https:\/\/www.asajacyl.com\/salamanca\/wp-json\/wp\/v2\/categories?post=11206"},{"taxonomy":"post_tag","embeddable":true,"href":"https:\/\/www.asajacyl.com\/salamanca\/wp-json\/wp\/v2\/tags?post=11206"}],"curies":[{"name":"wp","href":"https:\/\/api.w.org\/{rel}","templated":true}]}}