{"id":11233,"date":"2021-04-19T11:13:18","date_gmt":"2021-04-19T11:13:18","guid":{"rendered":"https:\/\/www.asajacyl.com\/salamanca\/?p=11233"},"modified":"2021-04-19T11:13:19","modified_gmt":"2021-04-19T11:13:19","slug":"castilla-y-leon-y-otras-diez-comunidades-solicitan-al-gobierno-que-retire-la-inclusion-del-lobo-en-el-listado-de-especies-protegidas","status":"publish","type":"post","link":"https:\/\/www.asajacyl.com\/salamanca\/asaja-salamanca-informa\/castilla-y-leon-y-otras-diez-comunidades-solicitan-al-gobierno-que-retire-la-inclusion-del-lobo-en-el-listado-de-especies-protegidas","title":{"rendered":"Castilla y Le\u00f3n y otras diez comunidades solicitan al Gobierno que retire la inclusi\u00f3n del lobo en el listado de especies protegidas"},"content":{"rendered":"\n<ul><li><\/li><\/ul>\n\n\n\n<h2>Piden la exclusi\u00f3n hasta que se modifique la vigente Estrategia Nacional de Gesti\u00f3n y Conservaci\u00f3n de esta especie buscando el consenso<\/h2>\n<p>De las 19 comunidades aut\u00f3nomas de Espa\u00f1a (incluidas las dos ciudades aut\u00f3nomas), 11 comunidades (Castilla y Le\u00f3n, Asturias, Cantabria y Galicia, con el apoyo de Andaluc\u00eda, Murcia, Madrid, Arag\u00f3n, Pa\u00eds Vasco, Navarra y la ciudad aut\u00f3noma de Ceuta) han mostrado en la reuni\u00f3n de hoy su oposici\u00f3n a la inclusi\u00f3n del lobo ib\u00e9rico en el LESPRE y tambi\u00e9n el rechazo y malestar por el procedimiento seguido por parte del Gobierno, a trav\u00e9s del Ministerio para la Transici\u00f3n Ecol\u00f3gica y el Reto Demogr\u00e1fico, al que se le hab\u00eda solicitado esta Conferencia Sectorial de Medio Ambiente extraordinaria y monogr\u00e1fica con el fin de conocer el posicionamiento de las comunidades aut\u00f3nomas ante la apertura de expediente por parte del Ministerio de incluir al lobo en el LESPRE; en cambio \u201cel Ministerio nos convoca a esta reuni\u00f3n con 8 puntos en el orden del d\u00eda, siendo el \u00faltimo a abordar el del lobo y con criterio de car\u00e1cter meramente informativo\u201d, seg\u00fan el consejero de Fomento y Medio Ambiente, \u201ccuando lo que planteamos al solicitar esta convocatoria es manifestar posici\u00f3n como pronunciamiento de cada comunidad aut\u00f3noma a la tramitaci\u00f3n de dicha catalogaci\u00f3n\u201d. Y todo ello a pesar de que las cuatro CCAA convocantes \u201cremitimos un oficio con fecha 12 de abril, el lunes pasado, pidiendo la modificaci\u00f3n de dicho orden del d\u00eda para incluir el punto del lobo, tal como se hab\u00eda pedido, y no hemos recibido respuesta\u201d.<\/p>\n<p>La Comunidad de Castilla y Le\u00f3n \u2013junto con Asturias, Cantabria y Galicia y las otras siete CCAA se\u00f1aladas anteriormente- reitera su \u201ctotal oposici\u00f3n a la inclusi\u00f3n del lobo Ib\u00e9rico en el LESPRE y al procedimiento seguido. Entendemos que no se puede hacer ninguna inclusi\u00f3n al margen de las conclusiones que se aprueben en Conferencia Sectorial en el marco de la actualizaci\u00f3n o modificaci\u00f3n de la vigente Estrategia Nacional de Gesti\u00f3n y Conservaci\u00f3n del lobo Ib\u00e9rico -aprobada por unanimidad en Conferencia Sectorial en 2004-, que consideramos que es \u00e1mbito de decisi\u00f3n al respecto de la cuesti\u00f3n planteada\u201d, a\u00f1ade Su\u00e1rez-Qui\u00f1ones, quien reitera que \u201cla inclusi\u00f3n del lobo en el LESPRE tal y como el Gobierno pretende es contraria a la Estrategia Nacional vigente, antes rese\u00f1ada\u201d.<\/p>\n<p>Como consecuencia del planteamiento ministerial, las once comunidades aut\u00f3nomas se\u00f1aladas solicitan el archivo del expediente de inclusi\u00f3n del Lobo Ib\u00e9rico en el LESPRE hasta que se produzca la modificaci\u00f3n de la Estrategia Nacional indicada, \u201cque ser\u00e1 en el marco de una Conferencia Sectorial y buscando la unanimidad o al menos el consenso mayoritario de las comunidades aut\u00f3nomas, especialmente a las que les corresponde su gesti\u00f3n\u201d, se\u00f1ala el consejero.<\/p>\n<p>Asimismo, expresan su disconformidad por que se haya puesto en marcha un texto de actualizaci\u00f3n de la Estrategia Nacional de Gesti\u00f3n y Conservaci\u00f3n del Lobo Ib\u00e9rico, \u201cllegando a circular un documento a ONG&#8217;s y organizaciones profesionales agrarias, no ya sin el consenso inicial de las CCAA, sino sin ni siquiera con el conocimiento y ni la participaci\u00f3n de las mismas\u201d.<\/p>\n<p>Por tanto, \u201cse solicita no solo la retirada de la iniciativa ministerial, sino pasos firmes de recuperaci\u00f3n de la v\u00eda de participaci\u00f3n y acuerdos con las comunidades aut\u00f3nomas, que siempre ha presidido hist\u00f3ricamente cualquier decisi\u00f3n sobre biodiversidad\u201d.<\/p>\n","protected":false},"excerpt":{"rendered":"<p>Piden la exclusi\u00f3n hasta que se modifique la vigente Estrategia Nacional de Gesti\u00f3n y Conservaci\u00f3n de esta especie buscando el consenso De las 19 comunidades aut\u00f3nomas de Espa\u00f1a (incluidas las dos ciudades aut\u00f3nomas), 11 comunidades (Castilla y Le\u00f3n, Asturias, Cantabria y Galicia, con el apoyo de Andaluc\u00eda, Murcia, Madrid, Arag\u00f3n, Pa\u00eds Vasco, Navarra y la [&hellip;]<\/p>\n","protected":false},"author":10,"featured_media":11234,"comment_status":"open","ping_status":"open","sticky":false,"template":"","format":"standard","meta":{"footnotes":""},"categories":[10,510],"tags":[],"yoast_head":"<!-- This site is optimized with the Yoast SEO plugin v24.5 - https:\/\/yoast.com\/wordpress\/plugins\/seo\/ -->\n<title>Castilla y Le\u00f3n y otras diez comunidades solicitan al Gobierno que retire la inclusi\u00f3n del lobo en el listado de especies protegidas - ASAJA Salamanca<\/title>\n<meta name=\"description\" content=\"Piden la exclusi\u00f3n hasta que se modifique la vigente Estrategia Nacional de Gesti\u00f3n y Conservaci\u00f3n de esta especie buscando el consenso De las 19\" \/>\n<meta name=\"robots\" content=\"index, follow, max-snippet:-1, max-image-preview:large, max-video-preview:-1\" \/>\n<link rel=\"canonical\" href=\"https:\/\/www.asajacyl.com\/salamanca\/asaja-salamanca-informa\/castilla-y-leon-y-otras-diez-comunidades-solicitan-al-gobierno-que-retire-la-inclusion-del-lobo-en-el-listado-de-especies-protegidas\" \/>\n<meta property=\"og:locale\" content=\"es_ES\" \/>\n<meta property=\"og:type\" content=\"article\" \/>\n<meta property=\"og:title\" content=\"Castilla y Le\u00f3n y otras diez comunidades solicitan al Gobierno que retire la inclusi\u00f3n del lobo en el listado de especies protegidas - ASAJA Salamanca\" \/>\n<meta property=\"og:description\" content=\"Piden la exclusi\u00f3n hasta que se modifique la vigente Estrategia Nacional de Gesti\u00f3n y Conservaci\u00f3n de esta especie buscando el consenso De las 19\" \/>\n<meta property=\"og:url\" content=\"https:\/\/www.asajacyl.com\/salamanca\/asaja-salamanca-informa\/castilla-y-leon-y-otras-diez-comunidades-solicitan-al-gobierno-que-retire-la-inclusion-del-lobo-en-el-listado-de-especies-protegidas\" \/>\n<meta property=\"og:site_name\" content=\"ASAJA Salamanca\" \/>\n<meta property=\"article:published_time\" content=\"2021-04-19T11:13:18+00:00\" \/>\n<meta property=\"article:modified_time\" content=\"2021-04-19T11:13:19+00:00\" \/>\n<meta property=\"og:image\" content=\"https:\/\/www.asajacyl.com\/salamanca\/wp-content\/uploads\/sites\/7\/2021\/04\/20210414FOMENTO.PROBLEMATICADELLOBO07.jpg\" \/>\n\t<meta property=\"og:image:width\" content=\"2500\" \/>\n\t<meta property=\"og:image:height\" content=\"1667\" \/>\n\t<meta property=\"og:image:type\" content=\"image\/jpeg\" \/>\n<meta name=\"author\" content=\"Sonia\" \/>\n<meta name=\"twitter:card\" content=\"summary_large_image\" \/>\n<meta name=\"twitter:label1\" content=\"Escrito por\" \/>\n\t<meta name=\"twitter:data1\" content=\"Sonia\" \/>\n\t<meta name=\"twitter:label2\" content=\"Tiempo de lectura\" \/>\n\t<meta name=\"twitter:data2\" content=\"3 minutos\" \/>\n<script type=\"application\/ld+json\" class=\"yoast-schema-graph\">{\"@context\":\"https:\/\/schema.org\",\"@graph\":[{\"@type\":\"WebPage\",\"@id\":\"https:\/\/www.asajacyl.com\/salamanca\/asaja-salamanca-informa\/castilla-y-leon-y-otras-diez-comunidades-solicitan-al-gobierno-que-retire-la-inclusion-del-lobo-en-el-listado-de-especies-protegidas\",\"url\":\"https:\/\/www.asajacyl.com\/salamanca\/asaja-salamanca-informa\/castilla-y-leon-y-otras-diez-comunidades-solicitan-al-gobierno-que-retire-la-inclusion-del-lobo-en-el-listado-de-especies-protegidas\",\"name\":\"Castilla y Le\u00f3n y otras diez comunidades solicitan al Gobierno que retire la inclusi\u00f3n del lobo en el listado de especies protegidas - ASAJA Salamanca\",\"isPartOf\":{\"@id\":\"https:\/\/www.asajacyl.com\/salamanca\/#website\"},\"primaryImageOfPage\":{\"@id\":\"https:\/\/www.asajacyl.com\/salamanca\/asaja-salamanca-informa\/castilla-y-leon-y-otras-diez-comunidades-solicitan-al-gobierno-que-retire-la-inclusion-del-lobo-en-el-listado-de-especies-protegidas#primaryimage\"},\"image\":{\"@id\":\"https:\/\/www.asajacyl.com\/salamanca\/asaja-salamanca-informa\/castilla-y-leon-y-otras-diez-comunidades-solicitan-al-gobierno-que-retire-la-inclusion-del-lobo-en-el-listado-de-especies-protegidas#primaryimage\"},\"thumbnailUrl\":\"https:\/\/www.asajacyl.com\/salamanca\/wp-content\/uploads\/sites\/7\/2021\/04\/20210414FOMENTO.PROBLEMATICADELLOBO07.jpg\",\"datePublished\":\"2021-04-19T11:13:18+00:00\",\"dateModified\":\"2021-04-19T11:13:19+00:00\",\"author\":{\"@id\":\"https:\/\/www.asajacyl.com\/salamanca\/#\/schema\/person\/2bfc7da09988e1087e6291fafe99b67f\"},\"description\":\"Piden la exclusi\u00f3n hasta que se modifique la vigente Estrategia Nacional de Gesti\u00f3n y Conservaci\u00f3n de esta especie buscando el consenso De las 19\",\"breadcrumb\":{\"@id\":\"https:\/\/www.asajacyl.com\/salamanca\/asaja-salamanca-informa\/castilla-y-leon-y-otras-diez-comunidades-solicitan-al-gobierno-que-retire-la-inclusion-del-lobo-en-el-listado-de-especies-protegidas#breadcrumb\"},\"inLanguage\":\"es\",\"potentialAction\":[{\"@type\":\"ReadAction\",\"target\":[\"https:\/\/www.asajacyl.com\/salamanca\/asaja-salamanca-informa\/castilla-y-leon-y-otras-diez-comunidades-solicitan-al-gobierno-que-retire-la-inclusion-del-lobo-en-el-listado-de-especies-protegidas\"]}]},{\"@type\":\"ImageObject\",\"inLanguage\":\"es\",\"@id\":\"https:\/\/www.asajacyl.com\/salamanca\/asaja-salamanca-informa\/castilla-y-leon-y-otras-diez-comunidades-solicitan-al-gobierno-que-retire-la-inclusion-del-lobo-en-el-listado-de-especies-protegidas#primaryimage\",\"url\":\"https:\/\/www.asajacyl.com\/salamanca\/wp-content\/uploads\/sites\/7\/2021\/04\/20210414FOMENTO.PROBLEMATICADELLOBO07.jpg\",\"contentUrl\":\"https:\/\/www.asajacyl.com\/salamanca\/wp-content\/uploads\/sites\/7\/2021\/04\/20210414FOMENTO.PROBLEMATICADELLOBO07.jpg\",\"width\":2500,\"height\":1667},{\"@type\":\"BreadcrumbList\",\"@id\":\"https:\/\/www.asajacyl.com\/salamanca\/asaja-salamanca-informa\/castilla-y-leon-y-otras-diez-comunidades-solicitan-al-gobierno-que-retire-la-inclusion-del-lobo-en-el-listado-de-especies-protegidas#breadcrumb\",\"itemListElement\":[{\"@type\":\"ListItem\",\"position\":1,\"name\":\"Portada\",\"item\":\"https:\/\/www.asajacyl.com\/salamanca\/\"},{\"@type\":\"ListItem\",\"position\":2,\"name\":\"Castilla y Le\u00f3n y otras diez comunidades solicitan al Gobierno que retire la inclusi\u00f3n del lobo en el listado de especies protegidas\"}]},{\"@type\":\"WebSite\",\"@id\":\"https:\/\/www.asajacyl.com\/salamanca\/#website\",\"url\":\"https:\/\/www.asajacyl.com\/salamanca\/\",\"name\":\"ASAJA Salamanca\",\"description\":\"Otro sitio m\u00e1s de Provincias ASAJA Castilla y Le\u00f3n\",\"potentialAction\":[{\"@type\":\"SearchAction\",\"target\":{\"@type\":\"EntryPoint\",\"urlTemplate\":\"https:\/\/www.asajacyl.com\/salamanca\/?s={search_term_string}\"},\"query-input\":{\"@type\":\"PropertyValueSpecification\",\"valueRequired\":true,\"valueName\":\"search_term_string\"}}],\"inLanguage\":\"es\"},{\"@type\":\"Person\",\"@id\":\"https:\/\/www.asajacyl.com\/salamanca\/#\/schema\/person\/2bfc7da09988e1087e6291fafe99b67f\",\"name\":\"Sonia\",\"image\":{\"@type\":\"ImageObject\",\"inLanguage\":\"es\",\"@id\":\"https:\/\/www.asajacyl.com\/salamanca\/#\/schema\/person\/image\/\",\"url\":\"https:\/\/secure.gravatar.com\/avatar\/6b0d6eb461a1e3687cc023d59022ef0d?s=96&d=mm&r=g\",\"contentUrl\":\"https:\/\/secure.gravatar.com\/avatar\/6b0d6eb461a1e3687cc023d59022ef0d?s=96&d=mm&r=g\",\"caption\":\"Sonia\"},\"url\":\"https:\/\/www.asajacyl.com\/salamanca\/author\/juanluisde\"}]}<\/script>\n<!-- \/ Yoast SEO plugin. -->","yoast_head_json":{"title":"Castilla y Le\u00f3n y otras diez comunidades solicitan al Gobierno que retire la inclusi\u00f3n del lobo en el listado de especies protegidas - ASAJA Salamanca","description":"Piden la exclusi\u00f3n hasta que se modifique la vigente Estrategia Nacional de Gesti\u00f3n y Conservaci\u00f3n de esta especie buscando el consenso De las 19","robots":{"index":"index","follow":"follow","max-snippet":"max-snippet:-1","max-image-preview":"max-image-preview:large","max-video-preview":"max-video-preview:-1"},"canonical":"https:\/\/www.asajacyl.com\/salamanca\/asaja-salamanca-informa\/castilla-y-leon-y-otras-diez-comunidades-solicitan-al-gobierno-que-retire-la-inclusion-del-lobo-en-el-listado-de-especies-protegidas","og_locale":"es_ES","og_type":"article","og_title":"Castilla y Le\u00f3n y otras diez comunidades solicitan al Gobierno que retire la inclusi\u00f3n del lobo en el listado de especies protegidas - ASAJA Salamanca","og_description":"Piden la exclusi\u00f3n hasta que se modifique la vigente Estrategia Nacional de Gesti\u00f3n y Conservaci\u00f3n de esta especie buscando el consenso De las 19","og_url":"https:\/\/www.asajacyl.com\/salamanca\/asaja-salamanca-informa\/castilla-y-leon-y-otras-diez-comunidades-solicitan-al-gobierno-que-retire-la-inclusion-del-lobo-en-el-listado-de-especies-protegidas","og_site_name":"ASAJA Salamanca","article_published_time":"2021-04-19T11:13:18+00:00","article_modified_time":"2021-04-19T11:13:19+00:00","og_image":[{"width":2500,"height":1667,"url":"https:\/\/www.asajacyl.com\/salamanca\/wp-content\/uploads\/sites\/7\/2021\/04\/20210414FOMENTO.PROBLEMATICADELLOBO07.jpg","type":"image\/jpeg"}],"author":"Sonia","twitter_card":"summary_large_image","twitter_misc":{"Escrito por":"Sonia","Tiempo de lectura":"3 minutos"},"schema":{"@context":"https:\/\/schema.org","@graph":[{"@type":"WebPage","@id":"https:\/\/www.asajacyl.com\/salamanca\/asaja-salamanca-informa\/castilla-y-leon-y-otras-diez-comunidades-solicitan-al-gobierno-que-retire-la-inclusion-del-lobo-en-el-listado-de-especies-protegidas","url":"https:\/\/www.asajacyl.com\/salamanca\/asaja-salamanca-informa\/castilla-y-leon-y-otras-diez-comunidades-solicitan-al-gobierno-que-retire-la-inclusion-del-lobo-en-el-listado-de-especies-protegidas","name":"Castilla y Le\u00f3n y otras diez comunidades solicitan al Gobierno que retire la inclusi\u00f3n del lobo en el listado de especies protegidas - ASAJA Salamanca","isPartOf":{"@id":"https:\/\/www.asajacyl.com\/salamanca\/#website"},"primaryImageOfPage":{"@id":"https:\/\/www.asajacyl.com\/salamanca\/asaja-salamanca-informa\/castilla-y-leon-y-otras-diez-comunidades-solicitan-al-gobierno-que-retire-la-inclusion-del-lobo-en-el-listado-de-especies-protegidas#primaryimage"},"image":{"@id":"https:\/\/www.asajacyl.com\/salamanca\/asaja-salamanca-informa\/castilla-y-leon-y-otras-diez-comunidades-solicitan-al-gobierno-que-retire-la-inclusion-del-lobo-en-el-listado-de-especies-protegidas#primaryimage"},"thumbnailUrl":"https:\/\/www.asajacyl.com\/salamanca\/wp-content\/uploads\/sites\/7\/2021\/04\/20210414FOMENTO.PROBLEMATICADELLOBO07.jpg","datePublished":"2021-04-19T11:13:18+00:00","dateModified":"2021-04-19T11:13:19+00:00","author":{"@id":"https:\/\/www.asajacyl.com\/salamanca\/#\/schema\/person\/2bfc7da09988e1087e6291fafe99b67f"},"description":"Piden la exclusi\u00f3n hasta que se modifique la vigente Estrategia Nacional de Gesti\u00f3n y Conservaci\u00f3n de esta especie buscando el consenso De las 19","breadcrumb":{"@id":"https:\/\/www.asajacyl.com\/salamanca\/asaja-salamanca-informa\/castilla-y-leon-y-otras-diez-comunidades-solicitan-al-gobierno-que-retire-la-inclusion-del-lobo-en-el-listado-de-especies-protegidas#breadcrumb"},"inLanguage":"es","potentialAction":[{"@type":"ReadAction","target":["https:\/\/www.asajacyl.com\/salamanca\/asaja-salamanca-informa\/castilla-y-leon-y-otras-diez-comunidades-solicitan-al-gobierno-que-retire-la-inclusion-del-lobo-en-el-listado-de-especies-protegidas"]}]},{"@type":"ImageObject","inLanguage":"es","@id":"https:\/\/www.asajacyl.com\/salamanca\/asaja-salamanca-informa\/castilla-y-leon-y-otras-diez-comunidades-solicitan-al-gobierno-que-retire-la-inclusion-del-lobo-en-el-listado-de-especies-protegidas#primaryimage","url":"https:\/\/www.asajacyl.com\/salamanca\/wp-content\/uploads\/sites\/7\/2021\/04\/20210414FOMENTO.PROBLEMATICADELLOBO07.jpg","contentUrl":"https:\/\/www.asajacyl.com\/salamanca\/wp-content\/uploads\/sites\/7\/2021\/04\/20210414FOMENTO.PROBLEMATICADELLOBO07.jpg","width":2500,"height":1667},{"@type":"BreadcrumbList","@id":"https:\/\/www.asajacyl.com\/salamanca\/asaja-salamanca-informa\/castilla-y-leon-y-otras-diez-comunidades-solicitan-al-gobierno-que-retire-la-inclusion-del-lobo-en-el-listado-de-especies-protegidas#breadcrumb","itemListElement":[{"@type":"ListItem","position":1,"name":"Portada","item":"https:\/\/www.asajacyl.com\/salamanca\/"},{"@type":"ListItem","position":2,"name":"Castilla y Le\u00f3n y otras diez comunidades solicitan al Gobierno que retire la inclusi\u00f3n del lobo en el listado de especies protegidas"}]},{"@type":"WebSite","@id":"https:\/\/www.asajacyl.com\/salamanca\/#website","url":"https:\/\/www.asajacyl.com\/salamanca\/","name":"ASAJA Salamanca","description":"Otro sitio m\u00e1s de Provincias ASAJA Castilla y Le\u00f3n","potentialAction":[{"@type":"SearchAction","target":{"@type":"EntryPoint","urlTemplate":"https:\/\/www.asajacyl.com\/salamanca\/?s={search_term_string}"},"query-input":{"@type":"PropertyValueSpecification","valueRequired":true,"valueName":"search_term_string"}}],"inLanguage":"es"},{"@type":"Person","@id":"https:\/\/www.asajacyl.com\/salamanca\/#\/schema\/person\/2bfc7da09988e1087e6291fafe99b67f","name":"Sonia","image":{"@type":"ImageObject","inLanguage":"es","@id":"https:\/\/www.asajacyl.com\/salamanca\/#\/schema\/person\/image\/","url":"https:\/\/secure.gravatar.com\/avatar\/6b0d6eb461a1e3687cc023d59022ef0d?s=96&d=mm&r=g","contentUrl":"https:\/\/secure.gravatar.com\/avatar\/6b0d6eb461a1e3687cc023d59022ef0d?s=96&d=mm&r=g","caption":"Sonia"},"url":"https:\/\/www.asajacyl.com\/salamanca\/author\/juanluisde"}]}},"_links":{"self":[{"href":"https:\/\/www.asajacyl.com\/salamanca\/wp-json\/wp\/v2\/posts\/11233"}],"collection":[{"href":"https:\/\/www.asajacyl.com\/salamanca\/wp-json\/wp\/v2\/posts"}],"about":[{"href":"https:\/\/www.asajacyl.com\/salamanca\/wp-json\/wp\/v2\/types\/post"}],"author":[{"embeddable":true,"href":"https:\/\/www.asajacyl.com\/salamanca\/wp-json\/wp\/v2\/users\/10"}],"replies":[{"embeddable":true,"href":"https:\/\/www.asajacyl.com\/salamanca\/wp-json\/wp\/v2\/comments?post=11233"}],"version-history":[{"count":1,"href":"https:\/\/www.asajacyl.com\/salamanca\/wp-json\/wp\/v2\/posts\/11233\/revisions"}],"predecessor-version":[{"id":11235,"href":"https:\/\/www.asajacyl.com\/salamanca\/wp-json\/wp\/v2\/posts\/11233\/revisions\/11235"}],"wp:featuredmedia":[{"embeddable":true,"href":"https:\/\/www.asajacyl.com\/salamanca\/wp-json\/wp\/v2\/media\/11234"}],"wp:attachment":[{"href":"https:\/\/www.asajacyl.com\/salamanca\/wp-json\/wp\/v2\/media?parent=11233"}],"wp:term":[{"taxonomy":"category","embeddable":true,"href":"https:\/\/www.asajacyl.com\/salamanca\/wp-json\/wp\/v2\/categories?post=11233"},{"taxonomy":"post_tag","embeddable":true,"href":"https:\/\/www.asajacyl.com\/salamanca\/wp-json\/wp\/v2\/tags?post=11233"}],"curies":[{"name":"wp","href":"https:\/\/api.w.org\/{rel}","templated":true}]}}