{"id":11616,"date":"2021-05-14T10:51:57","date_gmt":"2021-05-14T10:51:57","guid":{"rendered":"https:\/\/www.asajacyl.com\/salamanca\/?p=11616"},"modified":"2021-05-14T10:51:59","modified_gmt":"2021-05-14T10:51:59","slug":"el-ministerio-de-agricultura-pesca-y-alimentacion-impulsa-la-creacion-de-un-centro-nacional-de-referencia-de-bienestar-animal","status":"publish","type":"post","link":"https:\/\/www.asajacyl.com\/salamanca\/asaja-salamanca-informa\/el-ministerio-de-agricultura-pesca-y-alimentacion-impulsa-la-creacion-de-un-centro-nacional-de-referencia-de-bienestar-animal","title":{"rendered":"El Ministerio de Agricultura, Pesca y Alimentaci\u00f3n impulsa la creaci\u00f3n de un centro nacional de referencia de bienestar animal"},"content":{"rendered":"\n<p>El Ministerio de Agricultura, Pesca y Alimentaci\u00f3n ha iniciado el procedimiento de participaci\u00f3n de entidades interesadas para la designaci\u00f3n de un centro nacional de referencia de bienestar animal, mediante una resoluci\u00f3n publicada hoy en el&nbsp;<a href=\"https:\/\/www.boe.es\/boe\/dias\/2021\/05\/14\/pdfs\/BOE-A-2021-8015.pdf\">Bolet\u00edn Oficial del Estado<\/a>&nbsp;(BOE).<\/p>\n\n\n\n<p>La designaci\u00f3n de este centro nacional se enmarca en el conjunto de medidas que el Ministerio de Agricultura est\u00e1 adoptando para mejorar la implementaci\u00f3n de la normativa sobre controles oficiales en lo relativo a bienestar animal. Todo ello, de acuerdo a las orientaciones que se derivan de la Estrategia europea \u201cDe la granja a la mesa\u201d, que impulsa la mejora del bienestar de los animales, as\u00ed como la transparencia y la informaci\u00f3n a los consumidores.<\/p>\n\n\n\n<p>El plazo para la presentaci\u00f3n de candidaturas de las entidades interesadas comienza ma\u00f1ana, 15 de mayo y finaliza el pr\u00f3ximo 14 de junio.<\/p>\n\n\n\n<p><strong>CENTROS DE REFERENCIA<\/strong><\/p>\n\n\n\n<p>Con el objetivo de garantizar un enfoque armonizado respecto a los controles y otras actividades oficiales, la Uni\u00f3n Europea adopt\u00f3 el Reglamento 2017\/625, en el que se se\u00f1ala que las autoridades competentes deben tener acceso a datos t\u00e9cnicos actualizados, fiables y coherentes, a los resultados de las investigaciones, a las nuevas t\u00e9cnicas y a los conocimientos especializados necesarios para la correcta aplicaci\u00f3n de la legislaci\u00f3n comunitaria, en el marco de la cadena agroalimentaria, incluido el bienestar animal.&nbsp;<\/p>\n\n\n\n<p>A este respecto, la Comisi\u00f3n Europea ha nombrado dos centros en el \u00e1mbito de la Uni\u00f3n Europea: uno para porcino, creado en 2018; y otro para aves de corral y otros peque\u00f1os animales de granja, en 2019. Est\u00e1 prevista la designaci\u00f3n de un tercer centro, dedicado a animales rumiantes y \u00e9quidos.<\/p>\n\n\n\n<p>Algunos Estados miembros, como Francia e Italia, han nombrado centros de referencia nacionales para el bienestar animal. En la actualidad, Espa\u00f1a no dispone a\u00fan de un centro de referencia nacional en este \u00e1mbito, si bien existen centros de referencia en el \u00e1mbito de la zoot\u00e9cnica, as\u00ed como laboratorios de referencia para la sanidad animal.<\/p>\n","protected":false},"excerpt":{"rendered":"<p>El Ministerio de Agricultura, Pesca y Alimentaci\u00f3n ha iniciado el procedimiento de participaci\u00f3n de entidades interesadas para la designaci\u00f3n de un centro nacional de referencia de bienestar animal, mediante una resoluci\u00f3n publicada hoy en el&nbsp;Bolet\u00edn Oficial del Estado&nbsp;(BOE). La designaci\u00f3n de este centro nacional se enmarca en el conjunto de medidas que el Ministerio de [&hellip;]<\/p>\n","protected":false},"author":10,"featured_media":11617,"comment_status":"open","ping_status":"open","sticky":false,"template":"","format":"standard","meta":{"footnotes":""},"categories":[10,510],"tags":[],"yoast_head":"<!-- This site is optimized with the Yoast SEO plugin v24.5 - https:\/\/yoast.com\/wordpress\/plugins\/seo\/ -->\n<title>El Ministerio de Agricultura, Pesca y Alimentaci\u00f3n impulsa la creaci\u00f3n de un centro nacional de referencia de bienestar animal - ASAJA Salamanca<\/title>\n<meta name=\"description\" content=\"El Ministerio de Agricultura, Pesca y Alimentaci\u00f3n ha iniciado el procedimiento de participaci\u00f3n de entidades interesadas para la designaci\u00f3n de un centro\" \/>\n<meta name=\"robots\" content=\"index, follow, max-snippet:-1, max-image-preview:large, max-video-preview:-1\" \/>\n<link rel=\"canonical\" href=\"https:\/\/www.asajacyl.com\/salamanca\/asaja-salamanca-informa\/el-ministerio-de-agricultura-pesca-y-alimentacion-impulsa-la-creacion-de-un-centro-nacional-de-referencia-de-bienestar-animal\" \/>\n<meta property=\"og:locale\" content=\"es_ES\" \/>\n<meta property=\"og:type\" content=\"article\" \/>\n<meta property=\"og:title\" content=\"El Ministerio de Agricultura, Pesca y Alimentaci\u00f3n impulsa la creaci\u00f3n de un centro nacional de referencia de bienestar animal - ASAJA Salamanca\" \/>\n<meta property=\"og:description\" content=\"El Ministerio de Agricultura, Pesca y Alimentaci\u00f3n ha iniciado el procedimiento de participaci\u00f3n de entidades interesadas para la designaci\u00f3n de un centro\" \/>\n<meta property=\"og:url\" content=\"https:\/\/www.asajacyl.com\/salamanca\/asaja-salamanca-informa\/el-ministerio-de-agricultura-pesca-y-alimentacion-impulsa-la-creacion-de-un-centro-nacional-de-referencia-de-bienestar-animal\" \/>\n<meta property=\"og:site_name\" content=\"ASAJA Salamanca\" \/>\n<meta property=\"article:published_time\" content=\"2021-05-14T10:51:57+00:00\" \/>\n<meta property=\"article:modified_time\" content=\"2021-05-14T10:51:59+00:00\" \/>\n<meta property=\"og:image\" content=\"https:\/\/www.asajacyl.com\/salamanca\/wp-content\/uploads\/sites\/7\/2021\/05\/gallina_tcm30-551204.jpg\" \/>\n\t<meta property=\"og:image:width\" content=\"1280\" \/>\n\t<meta property=\"og:image:height\" content=\"960\" \/>\n\t<meta property=\"og:image:type\" content=\"image\/jpeg\" \/>\n<meta name=\"author\" content=\"Sonia\" \/>\n<meta name=\"twitter:card\" content=\"summary_large_image\" \/>\n<meta name=\"twitter:label1\" content=\"Escrito por\" \/>\n\t<meta name=\"twitter:data1\" content=\"Sonia\" \/>\n\t<meta name=\"twitter:label2\" content=\"Tiempo de lectura\" \/>\n\t<meta name=\"twitter:data2\" content=\"2 minutos\" \/>\n<script type=\"application\/ld+json\" class=\"yoast-schema-graph\">{\"@context\":\"https:\/\/schema.org\",\"@graph\":[{\"@type\":\"WebPage\",\"@id\":\"https:\/\/www.asajacyl.com\/salamanca\/asaja-salamanca-informa\/el-ministerio-de-agricultura-pesca-y-alimentacion-impulsa-la-creacion-de-un-centro-nacional-de-referencia-de-bienestar-animal\",\"url\":\"https:\/\/www.asajacyl.com\/salamanca\/asaja-salamanca-informa\/el-ministerio-de-agricultura-pesca-y-alimentacion-impulsa-la-creacion-de-un-centro-nacional-de-referencia-de-bienestar-animal\",\"name\":\"El Ministerio de Agricultura, Pesca y Alimentaci\u00f3n impulsa la creaci\u00f3n de un centro nacional de referencia de bienestar animal - ASAJA Salamanca\",\"isPartOf\":{\"@id\":\"https:\/\/www.asajacyl.com\/salamanca\/#website\"},\"primaryImageOfPage\":{\"@id\":\"https:\/\/www.asajacyl.com\/salamanca\/asaja-salamanca-informa\/el-ministerio-de-agricultura-pesca-y-alimentacion-impulsa-la-creacion-de-un-centro-nacional-de-referencia-de-bienestar-animal#primaryimage\"},\"image\":{\"@id\":\"https:\/\/www.asajacyl.com\/salamanca\/asaja-salamanca-informa\/el-ministerio-de-agricultura-pesca-y-alimentacion-impulsa-la-creacion-de-un-centro-nacional-de-referencia-de-bienestar-animal#primaryimage\"},\"thumbnailUrl\":\"https:\/\/www.asajacyl.com\/salamanca\/wp-content\/uploads\/sites\/7\/2021\/05\/gallina_tcm30-551204.jpg\",\"datePublished\":\"2021-05-14T10:51:57+00:00\",\"dateModified\":\"2021-05-14T10:51:59+00:00\",\"author\":{\"@id\":\"https:\/\/www.asajacyl.com\/salamanca\/#\/schema\/person\/2bfc7da09988e1087e6291fafe99b67f\"},\"description\":\"El Ministerio de Agricultura, Pesca y Alimentaci\u00f3n ha iniciado el procedimiento de participaci\u00f3n de entidades interesadas para la designaci\u00f3n de un centro\",\"breadcrumb\":{\"@id\":\"https:\/\/www.asajacyl.com\/salamanca\/asaja-salamanca-informa\/el-ministerio-de-agricultura-pesca-y-alimentacion-impulsa-la-creacion-de-un-centro-nacional-de-referencia-de-bienestar-animal#breadcrumb\"},\"inLanguage\":\"es\",\"potentialAction\":[{\"@type\":\"ReadAction\",\"target\":[\"https:\/\/www.asajacyl.com\/salamanca\/asaja-salamanca-informa\/el-ministerio-de-agricultura-pesca-y-alimentacion-impulsa-la-creacion-de-un-centro-nacional-de-referencia-de-bienestar-animal\"]}]},{\"@type\":\"ImageObject\",\"inLanguage\":\"es\",\"@id\":\"https:\/\/www.asajacyl.com\/salamanca\/asaja-salamanca-informa\/el-ministerio-de-agricultura-pesca-y-alimentacion-impulsa-la-creacion-de-un-centro-nacional-de-referencia-de-bienestar-animal#primaryimage\",\"url\":\"https:\/\/www.asajacyl.com\/salamanca\/wp-content\/uploads\/sites\/7\/2021\/05\/gallina_tcm30-551204.jpg\",\"contentUrl\":\"https:\/\/www.asajacyl.com\/salamanca\/wp-content\/uploads\/sites\/7\/2021\/05\/gallina_tcm30-551204.jpg\",\"width\":1280,\"height\":960},{\"@type\":\"BreadcrumbList\",\"@id\":\"https:\/\/www.asajacyl.com\/salamanca\/asaja-salamanca-informa\/el-ministerio-de-agricultura-pesca-y-alimentacion-impulsa-la-creacion-de-un-centro-nacional-de-referencia-de-bienestar-animal#breadcrumb\",\"itemListElement\":[{\"@type\":\"ListItem\",\"position\":1,\"name\":\"Portada\",\"item\":\"https:\/\/www.asajacyl.com\/salamanca\/\"},{\"@type\":\"ListItem\",\"position\":2,\"name\":\"El Ministerio de Agricultura, Pesca y Alimentaci\u00f3n impulsa la creaci\u00f3n de un centro nacional de referencia de bienestar animal\"}]},{\"@type\":\"WebSite\",\"@id\":\"https:\/\/www.asajacyl.com\/salamanca\/#website\",\"url\":\"https:\/\/www.asajacyl.com\/salamanca\/\",\"name\":\"ASAJA Salamanca\",\"description\":\"Otro sitio m\u00e1s de Provincias ASAJA Castilla y Le\u00f3n\",\"potentialAction\":[{\"@type\":\"SearchAction\",\"target\":{\"@type\":\"EntryPoint\",\"urlTemplate\":\"https:\/\/www.asajacyl.com\/salamanca\/?s={search_term_string}\"},\"query-input\":{\"@type\":\"PropertyValueSpecification\",\"valueRequired\":true,\"valueName\":\"search_term_string\"}}],\"inLanguage\":\"es\"},{\"@type\":\"Person\",\"@id\":\"https:\/\/www.asajacyl.com\/salamanca\/#\/schema\/person\/2bfc7da09988e1087e6291fafe99b67f\",\"name\":\"Sonia\",\"image\":{\"@type\":\"ImageObject\",\"inLanguage\":\"es\",\"@id\":\"https:\/\/www.asajacyl.com\/salamanca\/#\/schema\/person\/image\/\",\"url\":\"https:\/\/secure.gravatar.com\/avatar\/6b0d6eb461a1e3687cc023d59022ef0d?s=96&d=mm&r=g\",\"contentUrl\":\"https:\/\/secure.gravatar.com\/avatar\/6b0d6eb461a1e3687cc023d59022ef0d?s=96&d=mm&r=g\",\"caption\":\"Sonia\"},\"url\":\"https:\/\/www.asajacyl.com\/salamanca\/author\/juanluisde\"}]}<\/script>\n<!-- \/ Yoast SEO plugin. -->","yoast_head_json":{"title":"El Ministerio de Agricultura, Pesca y Alimentaci\u00f3n impulsa la creaci\u00f3n de un centro nacional de referencia de bienestar animal - ASAJA Salamanca","description":"El Ministerio de Agricultura, Pesca y Alimentaci\u00f3n ha iniciado el procedimiento de participaci\u00f3n de entidades interesadas para la designaci\u00f3n de un centro","robots":{"index":"index","follow":"follow","max-snippet":"max-snippet:-1","max-image-preview":"max-image-preview:large","max-video-preview":"max-video-preview:-1"},"canonical":"https:\/\/www.asajacyl.com\/salamanca\/asaja-salamanca-informa\/el-ministerio-de-agricultura-pesca-y-alimentacion-impulsa-la-creacion-de-un-centro-nacional-de-referencia-de-bienestar-animal","og_locale":"es_ES","og_type":"article","og_title":"El Ministerio de Agricultura, Pesca y Alimentaci\u00f3n impulsa la creaci\u00f3n de un centro nacional de referencia de bienestar animal - ASAJA Salamanca","og_description":"El Ministerio de Agricultura, Pesca y Alimentaci\u00f3n ha iniciado el procedimiento de participaci\u00f3n de entidades interesadas para la designaci\u00f3n de un centro","og_url":"https:\/\/www.asajacyl.com\/salamanca\/asaja-salamanca-informa\/el-ministerio-de-agricultura-pesca-y-alimentacion-impulsa-la-creacion-de-un-centro-nacional-de-referencia-de-bienestar-animal","og_site_name":"ASAJA Salamanca","article_published_time":"2021-05-14T10:51:57+00:00","article_modified_time":"2021-05-14T10:51:59+00:00","og_image":[{"width":1280,"height":960,"url":"https:\/\/www.asajacyl.com\/salamanca\/wp-content\/uploads\/sites\/7\/2021\/05\/gallina_tcm30-551204.jpg","type":"image\/jpeg"}],"author":"Sonia","twitter_card":"summary_large_image","twitter_misc":{"Escrito por":"Sonia","Tiempo de lectura":"2 minutos"},"schema":{"@context":"https:\/\/schema.org","@graph":[{"@type":"WebPage","@id":"https:\/\/www.asajacyl.com\/salamanca\/asaja-salamanca-informa\/el-ministerio-de-agricultura-pesca-y-alimentacion-impulsa-la-creacion-de-un-centro-nacional-de-referencia-de-bienestar-animal","url":"https:\/\/www.asajacyl.com\/salamanca\/asaja-salamanca-informa\/el-ministerio-de-agricultura-pesca-y-alimentacion-impulsa-la-creacion-de-un-centro-nacional-de-referencia-de-bienestar-animal","name":"El Ministerio de Agricultura, Pesca y Alimentaci\u00f3n impulsa la creaci\u00f3n de un centro nacional de referencia de bienestar animal - ASAJA Salamanca","isPartOf":{"@id":"https:\/\/www.asajacyl.com\/salamanca\/#website"},"primaryImageOfPage":{"@id":"https:\/\/www.asajacyl.com\/salamanca\/asaja-salamanca-informa\/el-ministerio-de-agricultura-pesca-y-alimentacion-impulsa-la-creacion-de-un-centro-nacional-de-referencia-de-bienestar-animal#primaryimage"},"image":{"@id":"https:\/\/www.asajacyl.com\/salamanca\/asaja-salamanca-informa\/el-ministerio-de-agricultura-pesca-y-alimentacion-impulsa-la-creacion-de-un-centro-nacional-de-referencia-de-bienestar-animal#primaryimage"},"thumbnailUrl":"https:\/\/www.asajacyl.com\/salamanca\/wp-content\/uploads\/sites\/7\/2021\/05\/gallina_tcm30-551204.jpg","datePublished":"2021-05-14T10:51:57+00:00","dateModified":"2021-05-14T10:51:59+00:00","author":{"@id":"https:\/\/www.asajacyl.com\/salamanca\/#\/schema\/person\/2bfc7da09988e1087e6291fafe99b67f"},"description":"El Ministerio de Agricultura, Pesca y Alimentaci\u00f3n ha iniciado el procedimiento de participaci\u00f3n de entidades interesadas para la designaci\u00f3n de un centro","breadcrumb":{"@id":"https:\/\/www.asajacyl.com\/salamanca\/asaja-salamanca-informa\/el-ministerio-de-agricultura-pesca-y-alimentacion-impulsa-la-creacion-de-un-centro-nacional-de-referencia-de-bienestar-animal#breadcrumb"},"inLanguage":"es","potentialAction":[{"@type":"ReadAction","target":["https:\/\/www.asajacyl.com\/salamanca\/asaja-salamanca-informa\/el-ministerio-de-agricultura-pesca-y-alimentacion-impulsa-la-creacion-de-un-centro-nacional-de-referencia-de-bienestar-animal"]}]},{"@type":"ImageObject","inLanguage":"es","@id":"https:\/\/www.asajacyl.com\/salamanca\/asaja-salamanca-informa\/el-ministerio-de-agricultura-pesca-y-alimentacion-impulsa-la-creacion-de-un-centro-nacional-de-referencia-de-bienestar-animal#primaryimage","url":"https:\/\/www.asajacyl.com\/salamanca\/wp-content\/uploads\/sites\/7\/2021\/05\/gallina_tcm30-551204.jpg","contentUrl":"https:\/\/www.asajacyl.com\/salamanca\/wp-content\/uploads\/sites\/7\/2021\/05\/gallina_tcm30-551204.jpg","width":1280,"height":960},{"@type":"BreadcrumbList","@id":"https:\/\/www.asajacyl.com\/salamanca\/asaja-salamanca-informa\/el-ministerio-de-agricultura-pesca-y-alimentacion-impulsa-la-creacion-de-un-centro-nacional-de-referencia-de-bienestar-animal#breadcrumb","itemListElement":[{"@type":"ListItem","position":1,"name":"Portada","item":"https:\/\/www.asajacyl.com\/salamanca\/"},{"@type":"ListItem","position":2,"name":"El Ministerio de Agricultura, Pesca y Alimentaci\u00f3n impulsa la creaci\u00f3n de un centro nacional de referencia de bienestar animal"}]},{"@type":"WebSite","@id":"https:\/\/www.asajacyl.com\/salamanca\/#website","url":"https:\/\/www.asajacyl.com\/salamanca\/","name":"ASAJA Salamanca","description":"Otro sitio m\u00e1s de Provincias ASAJA Castilla y Le\u00f3n","potentialAction":[{"@type":"SearchAction","target":{"@type":"EntryPoint","urlTemplate":"https:\/\/www.asajacyl.com\/salamanca\/?s={search_term_string}"},"query-input":{"@type":"PropertyValueSpecification","valueRequired":true,"valueName":"search_term_string"}}],"inLanguage":"es"},{"@type":"Person","@id":"https:\/\/www.asajacyl.com\/salamanca\/#\/schema\/person\/2bfc7da09988e1087e6291fafe99b67f","name":"Sonia","image":{"@type":"ImageObject","inLanguage":"es","@id":"https:\/\/www.asajacyl.com\/salamanca\/#\/schema\/person\/image\/","url":"https:\/\/secure.gravatar.com\/avatar\/6b0d6eb461a1e3687cc023d59022ef0d?s=96&d=mm&r=g","contentUrl":"https:\/\/secure.gravatar.com\/avatar\/6b0d6eb461a1e3687cc023d59022ef0d?s=96&d=mm&r=g","caption":"Sonia"},"url":"https:\/\/www.asajacyl.com\/salamanca\/author\/juanluisde"}]}},"_links":{"self":[{"href":"https:\/\/www.asajacyl.com\/salamanca\/wp-json\/wp\/v2\/posts\/11616"}],"collection":[{"href":"https:\/\/www.asajacyl.com\/salamanca\/wp-json\/wp\/v2\/posts"}],"about":[{"href":"https:\/\/www.asajacyl.com\/salamanca\/wp-json\/wp\/v2\/types\/post"}],"author":[{"embeddable":true,"href":"https:\/\/www.asajacyl.com\/salamanca\/wp-json\/wp\/v2\/users\/10"}],"replies":[{"embeddable":true,"href":"https:\/\/www.asajacyl.com\/salamanca\/wp-json\/wp\/v2\/comments?post=11616"}],"version-history":[{"count":1,"href":"https:\/\/www.asajacyl.com\/salamanca\/wp-json\/wp\/v2\/posts\/11616\/revisions"}],"predecessor-version":[{"id":11618,"href":"https:\/\/www.asajacyl.com\/salamanca\/wp-json\/wp\/v2\/posts\/11616\/revisions\/11618"}],"wp:featuredmedia":[{"embeddable":true,"href":"https:\/\/www.asajacyl.com\/salamanca\/wp-json\/wp\/v2\/media\/11617"}],"wp:attachment":[{"href":"https:\/\/www.asajacyl.com\/salamanca\/wp-json\/wp\/v2\/media?parent=11616"}],"wp:term":[{"taxonomy":"category","embeddable":true,"href":"https:\/\/www.asajacyl.com\/salamanca\/wp-json\/wp\/v2\/categories?post=11616"},{"taxonomy":"post_tag","embeddable":true,"href":"https:\/\/www.asajacyl.com\/salamanca\/wp-json\/wp\/v2\/tags?post=11616"}],"curies":[{"name":"wp","href":"https:\/\/api.w.org\/{rel}","templated":true}]}}