{"id":11722,"date":"2021-05-25T10:05:05","date_gmt":"2021-05-25T10:05:05","guid":{"rendered":"https:\/\/www.asajacyl.com\/salamanca\/?p=11722"},"modified":"2021-05-25T10:05:08","modified_gmt":"2021-05-25T10:05:08","slug":"la-superficie-total-declarada-de-pac-en-castilla-y-leon-se-mantiene-en-terminos-similares-a-las-anteriores-campanas-ligeramente-superior-a-los-52-millones-de-hectareas","status":"publish","type":"post","link":"https:\/\/www.asajacyl.com\/salamanca\/asaja-salamanca-informa\/la-superficie-total-declarada-de-pac-en-castilla-y-leon-se-mantiene-en-terminos-similares-a-las-anteriores-campanas-ligeramente-superior-a-los-52-millones-de-hectareas","title":{"rendered":"La superficie total declarada de PAC en Castilla y Le\u00f3n se mantiene en t\u00e9rminos similares a las anteriores campa\u00f1as, ligeramente superior a los 5&#8217;2 millones de hect\u00e1reas"},"content":{"rendered":"\n<h2>Los cereales (excepto el ma\u00edz), los pastos, los barbechos, las oleaginosas y las leguminosas forrajeras son las que ocupan las mayores extensiones<\/h2>\n\n\n\n<p>La Consejer\u00eda de Agricultura, Ganader\u00eda y Desarrollo Rural ha recibido 69.296 solicitudes \u00fanicas de ayudas de la Pol\u00edtica Agr\u00edcola Com\u00fan (PAC) para 2021, desde que se abri\u00f3 el plazo de peticiones el pasado 1 de febrero hasta el pasado 17 de mayo. Todas ellas se han realizado de forma telem\u00e1tica utilizando el aplicativo desarrollado por la Junta de Castilla y Le\u00f3n en un entorno web que tambi\u00e9n reduce de forma significativa la presentaci\u00f3n de documentos en formato papel.<\/p>\n\n\n\n<p>El n\u00famero global de solicitudes se ha incrementado en torno a un 1 %, si bien este es un crecimiento que obedece a la incorporaci\u00f3n de la medida de apoyo a las explotaciones situadas en zonas con desventajas naturales distintas a las de monta\u00f1a y en concreto a las solicitudes de personas f\u00edsicas que pertenecen a una entidad asociativa (SAT o Cooperativa). Por ello la subida es mayor en las provincias con m\u00e1s superficie en este tipo de zonas y menor en aquellas que tienen y ya recib\u00edan las ayudas Feader a las zonas de monta\u00f1a. De esta forma si descont\u00e1ramos ese tipo espec\u00edfico de solicitud, el n\u00famero de solicitudes estar\u00eda en torno a 65.000.<\/p>\n\n\n\n<p>Por tipos de solicitudes, el mayor n\u00famero corresponde al r\u00e9gimen de pago b\u00e1sico y pagos complementarios al mismo como el pago verde, para el que se han presentado 57.100 solicitudes (en 2.020 fueron 58.379). Adem\u00e1s, se han registrado 3.860 solicitudes para el complemento de la ayuda directa por ser joven y otras 6.373 &nbsp;para el r\u00e9gimen simplificado reservado para r\u00e9gimen de peque\u00f1os agricultores, en los que el importe total de las ayudas directas no supera 1.250 euros anuales (en 2020 fueron 6.825).<\/p>\n\n\n\n<p>Hasta el 15 de junio, los agricultores podr\u00e1n revisar sus solicitudes con el fin de comprobar si se han detectado errores preliminares o en su caso modificar los planes de siembras, siendo muy importante efectuar las revisiones con el fin de reducir las incidencias en los controles administrativos y sobre el terreno que, reglamentariamente, la Administraci\u00f3n tendr\u00e1 que efectuar posteriormente. Tambi\u00e9n en este periodo puede incorporar nuevos cultivos, solicitudes o tr\u00e1mites que no hubieran efectuado en el periodo normal como pueda ser una comunicaci\u00f3n de cesi\u00f3n de derechos.<\/p>\n\n\n\n<p>A este respecto, en los pr\u00f3ximos d\u00edas, la Consejer\u00eda de Agricultura, Ganader\u00eda y Desarrollo Rural, pondr\u00e1 a disposici\u00f3n de las distintas entidades que participan en la presentaci\u00f3n de las solicitudes la relaci\u00f3n de agricultores pertenecientes a las mismas y en las que la Administraci\u00f3n ha detectado errores como solapes de superficies, referencias SIGPAC incorrectas y otras validaciones que servir\u00e1n de base para la correcci\u00f3n de esas incidencias preliminares sin que tengan consecuencias, en su caso, en la reducci\u00f3n de las ayudas<\/p>\n\n\n\n<p>El objetivo, una vez m\u00e1s, es efectuar los anticipos de las ayudas en el primer d\u00eda h\u00e1bil que se autorice por la Comisi\u00f3n Europea, en todo caso a partir del 16 de octubre pr\u00f3ximo y tambi\u00e9n alcanzar una ejecuci\u00f3n de pagos en el mismo a\u00f1o de la solicitud del 95 %.<\/p>\n","protected":false},"excerpt":{"rendered":"<p>Los cereales (excepto el ma\u00edz), los pastos, los barbechos, las oleaginosas y las leguminosas forrajeras son las que ocupan las mayores extensiones La Consejer\u00eda de Agricultura, Ganader\u00eda y Desarrollo Rural ha recibido 69.296 solicitudes \u00fanicas de ayudas de la Pol\u00edtica Agr\u00edcola Com\u00fan (PAC) para 2021, desde que se abri\u00f3 el plazo de peticiones el pasado [&hellip;]<\/p>\n","protected":false},"author":10,"featured_media":11723,"comment_status":"open","ping_status":"open","sticky":false,"template":"","format":"standard","meta":{"footnotes":""},"categories":[10,510],"tags":[],"yoast_head":"<!-- This site is optimized with the Yoast SEO plugin v24.5 - https:\/\/yoast.com\/wordpress\/plugins\/seo\/ -->\n<title>La superficie total declarada de PAC en Castilla y Le\u00f3n se mantiene en t\u00e9rminos similares a las anteriores campa\u00f1as, ligeramente superior a los 5&#039;2 millones de hect\u00e1reas - ASAJA Salamanca<\/title>\n<meta name=\"description\" content=\"Los cereales (excepto el ma\u00edz), los pastos, los barbechos, las oleaginosas y las leguminosas forrajeras son las que ocupan las mayores extensiones La\" \/>\n<meta name=\"robots\" content=\"index, follow, max-snippet:-1, max-image-preview:large, max-video-preview:-1\" \/>\n<link rel=\"canonical\" href=\"https:\/\/www.asajacyl.com\/salamanca\/asaja-salamanca-informa\/la-superficie-total-declarada-de-pac-en-castilla-y-leon-se-mantiene-en-terminos-similares-a-las-anteriores-campanas-ligeramente-superior-a-los-52-millones-de-hectareas\" \/>\n<meta property=\"og:locale\" content=\"es_ES\" \/>\n<meta property=\"og:type\" content=\"article\" \/>\n<meta property=\"og:title\" content=\"La superficie total declarada de PAC en Castilla y Le\u00f3n se mantiene en t\u00e9rminos similares a las anteriores campa\u00f1as, ligeramente superior a los 5&#039;2 millones de hect\u00e1reas - ASAJA Salamanca\" \/>\n<meta property=\"og:description\" content=\"Los cereales (excepto el ma\u00edz), los pastos, los barbechos, las oleaginosas y las leguminosas forrajeras son las que ocupan las mayores extensiones La\" \/>\n<meta property=\"og:url\" content=\"https:\/\/www.asajacyl.com\/salamanca\/asaja-salamanca-informa\/la-superficie-total-declarada-de-pac-en-castilla-y-leon-se-mantiene-en-terminos-similares-a-las-anteriores-campanas-ligeramente-superior-a-los-52-millones-de-hectareas\" \/>\n<meta property=\"og:site_name\" content=\"ASAJA Salamanca\" \/>\n<meta property=\"article:published_time\" content=\"2021-05-25T10:05:05+00:00\" \/>\n<meta property=\"article:modified_time\" content=\"2021-05-25T10:05:08+00:00\" \/>\n<meta property=\"og:image\" content=\"https:\/\/www.asajacyl.com\/salamanca\/wp-content\/uploads\/sites\/7\/2021\/05\/field-533541_1920.jpg\" \/>\n\t<meta property=\"og:image:width\" content=\"1920\" \/>\n\t<meta property=\"og:image:height\" content=\"1285\" \/>\n\t<meta property=\"og:image:type\" content=\"image\/jpeg\" \/>\n<meta name=\"author\" content=\"Sonia\" \/>\n<meta name=\"twitter:card\" content=\"summary_large_image\" \/>\n<meta name=\"twitter:label1\" content=\"Escrito por\" \/>\n\t<meta name=\"twitter:data1\" content=\"Sonia\" \/>\n\t<meta name=\"twitter:label2\" content=\"Tiempo de lectura\" \/>\n\t<meta name=\"twitter:data2\" content=\"3 minutos\" \/>\n<script type=\"application\/ld+json\" class=\"yoast-schema-graph\">{\"@context\":\"https:\/\/schema.org\",\"@graph\":[{\"@type\":\"WebPage\",\"@id\":\"https:\/\/www.asajacyl.com\/salamanca\/asaja-salamanca-informa\/la-superficie-total-declarada-de-pac-en-castilla-y-leon-se-mantiene-en-terminos-similares-a-las-anteriores-campanas-ligeramente-superior-a-los-52-millones-de-hectareas\",\"url\":\"https:\/\/www.asajacyl.com\/salamanca\/asaja-salamanca-informa\/la-superficie-total-declarada-de-pac-en-castilla-y-leon-se-mantiene-en-terminos-similares-a-las-anteriores-campanas-ligeramente-superior-a-los-52-millones-de-hectareas\",\"name\":\"La superficie total declarada de PAC en Castilla y Le\u00f3n se mantiene en t\u00e9rminos similares a las anteriores campa\u00f1as, ligeramente superior a los 5'2 millones de hect\u00e1reas - ASAJA Salamanca\",\"isPartOf\":{\"@id\":\"https:\/\/www.asajacyl.com\/salamanca\/#website\"},\"primaryImageOfPage\":{\"@id\":\"https:\/\/www.asajacyl.com\/salamanca\/asaja-salamanca-informa\/la-superficie-total-declarada-de-pac-en-castilla-y-leon-se-mantiene-en-terminos-similares-a-las-anteriores-campanas-ligeramente-superior-a-los-52-millones-de-hectareas#primaryimage\"},\"image\":{\"@id\":\"https:\/\/www.asajacyl.com\/salamanca\/asaja-salamanca-informa\/la-superficie-total-declarada-de-pac-en-castilla-y-leon-se-mantiene-en-terminos-similares-a-las-anteriores-campanas-ligeramente-superior-a-los-52-millones-de-hectareas#primaryimage\"},\"thumbnailUrl\":\"https:\/\/www.asajacyl.com\/salamanca\/wp-content\/uploads\/sites\/7\/2021\/05\/field-533541_1920.jpg\",\"datePublished\":\"2021-05-25T10:05:05+00:00\",\"dateModified\":\"2021-05-25T10:05:08+00:00\",\"author\":{\"@id\":\"https:\/\/www.asajacyl.com\/salamanca\/#\/schema\/person\/2bfc7da09988e1087e6291fafe99b67f\"},\"description\":\"Los cereales (excepto el ma\u00edz), los pastos, los barbechos, las oleaginosas y las leguminosas forrajeras son las que ocupan las mayores extensiones La\",\"breadcrumb\":{\"@id\":\"https:\/\/www.asajacyl.com\/salamanca\/asaja-salamanca-informa\/la-superficie-total-declarada-de-pac-en-castilla-y-leon-se-mantiene-en-terminos-similares-a-las-anteriores-campanas-ligeramente-superior-a-los-52-millones-de-hectareas#breadcrumb\"},\"inLanguage\":\"es\",\"potentialAction\":[{\"@type\":\"ReadAction\",\"target\":[\"https:\/\/www.asajacyl.com\/salamanca\/asaja-salamanca-informa\/la-superficie-total-declarada-de-pac-en-castilla-y-leon-se-mantiene-en-terminos-similares-a-las-anteriores-campanas-ligeramente-superior-a-los-52-millones-de-hectareas\"]}]},{\"@type\":\"ImageObject\",\"inLanguage\":\"es\",\"@id\":\"https:\/\/www.asajacyl.com\/salamanca\/asaja-salamanca-informa\/la-superficie-total-declarada-de-pac-en-castilla-y-leon-se-mantiene-en-terminos-similares-a-las-anteriores-campanas-ligeramente-superior-a-los-52-millones-de-hectareas#primaryimage\",\"url\":\"https:\/\/www.asajacyl.com\/salamanca\/wp-content\/uploads\/sites\/7\/2021\/05\/field-533541_1920.jpg\",\"contentUrl\":\"https:\/\/www.asajacyl.com\/salamanca\/wp-content\/uploads\/sites\/7\/2021\/05\/field-533541_1920.jpg\",\"width\":1920,\"height\":1285},{\"@type\":\"BreadcrumbList\",\"@id\":\"https:\/\/www.asajacyl.com\/salamanca\/asaja-salamanca-informa\/la-superficie-total-declarada-de-pac-en-castilla-y-leon-se-mantiene-en-terminos-similares-a-las-anteriores-campanas-ligeramente-superior-a-los-52-millones-de-hectareas#breadcrumb\",\"itemListElement\":[{\"@type\":\"ListItem\",\"position\":1,\"name\":\"Portada\",\"item\":\"https:\/\/www.asajacyl.com\/salamanca\/\"},{\"@type\":\"ListItem\",\"position\":2,\"name\":\"La superficie total declarada de PAC en Castilla y Le\u00f3n se mantiene en t\u00e9rminos similares a las anteriores campa\u00f1as, ligeramente superior a los 5&#8217;2 millones de hect\u00e1reas\"}]},{\"@type\":\"WebSite\",\"@id\":\"https:\/\/www.asajacyl.com\/salamanca\/#website\",\"url\":\"https:\/\/www.asajacyl.com\/salamanca\/\",\"name\":\"ASAJA Salamanca\",\"description\":\"Otro sitio m\u00e1s de Provincias ASAJA Castilla y Le\u00f3n\",\"potentialAction\":[{\"@type\":\"SearchAction\",\"target\":{\"@type\":\"EntryPoint\",\"urlTemplate\":\"https:\/\/www.asajacyl.com\/salamanca\/?s={search_term_string}\"},\"query-input\":{\"@type\":\"PropertyValueSpecification\",\"valueRequired\":true,\"valueName\":\"search_term_string\"}}],\"inLanguage\":\"es\"},{\"@type\":\"Person\",\"@id\":\"https:\/\/www.asajacyl.com\/salamanca\/#\/schema\/person\/2bfc7da09988e1087e6291fafe99b67f\",\"name\":\"Sonia\",\"image\":{\"@type\":\"ImageObject\",\"inLanguage\":\"es\",\"@id\":\"https:\/\/www.asajacyl.com\/salamanca\/#\/schema\/person\/image\/\",\"url\":\"https:\/\/secure.gravatar.com\/avatar\/6b0d6eb461a1e3687cc023d59022ef0d?s=96&d=mm&r=g\",\"contentUrl\":\"https:\/\/secure.gravatar.com\/avatar\/6b0d6eb461a1e3687cc023d59022ef0d?s=96&d=mm&r=g\",\"caption\":\"Sonia\"},\"url\":\"https:\/\/www.asajacyl.com\/salamanca\/author\/juanluisde\"}]}<\/script>\n<!-- \/ Yoast SEO plugin. -->","yoast_head_json":{"title":"La superficie total declarada de PAC en Castilla y Le\u00f3n se mantiene en t\u00e9rminos similares a las anteriores campa\u00f1as, ligeramente superior a los 5'2 millones de hect\u00e1reas - ASAJA Salamanca","description":"Los cereales (excepto el ma\u00edz), los pastos, los barbechos, las oleaginosas y las leguminosas forrajeras son las que ocupan las mayores extensiones La","robots":{"index":"index","follow":"follow","max-snippet":"max-snippet:-1","max-image-preview":"max-image-preview:large","max-video-preview":"max-video-preview:-1"},"canonical":"https:\/\/www.asajacyl.com\/salamanca\/asaja-salamanca-informa\/la-superficie-total-declarada-de-pac-en-castilla-y-leon-se-mantiene-en-terminos-similares-a-las-anteriores-campanas-ligeramente-superior-a-los-52-millones-de-hectareas","og_locale":"es_ES","og_type":"article","og_title":"La superficie total declarada de PAC en Castilla y Le\u00f3n se mantiene en t\u00e9rminos similares a las anteriores campa\u00f1as, ligeramente superior a los 5'2 millones de hect\u00e1reas - ASAJA Salamanca","og_description":"Los cereales (excepto el ma\u00edz), los pastos, los barbechos, las oleaginosas y las leguminosas forrajeras son las que ocupan las mayores extensiones La","og_url":"https:\/\/www.asajacyl.com\/salamanca\/asaja-salamanca-informa\/la-superficie-total-declarada-de-pac-en-castilla-y-leon-se-mantiene-en-terminos-similares-a-las-anteriores-campanas-ligeramente-superior-a-los-52-millones-de-hectareas","og_site_name":"ASAJA Salamanca","article_published_time":"2021-05-25T10:05:05+00:00","article_modified_time":"2021-05-25T10:05:08+00:00","og_image":[{"width":1920,"height":1285,"url":"https:\/\/www.asajacyl.com\/salamanca\/wp-content\/uploads\/sites\/7\/2021\/05\/field-533541_1920.jpg","type":"image\/jpeg"}],"author":"Sonia","twitter_card":"summary_large_image","twitter_misc":{"Escrito por":"Sonia","Tiempo de lectura":"3 minutos"},"schema":{"@context":"https:\/\/schema.org","@graph":[{"@type":"WebPage","@id":"https:\/\/www.asajacyl.com\/salamanca\/asaja-salamanca-informa\/la-superficie-total-declarada-de-pac-en-castilla-y-leon-se-mantiene-en-terminos-similares-a-las-anteriores-campanas-ligeramente-superior-a-los-52-millones-de-hectareas","url":"https:\/\/www.asajacyl.com\/salamanca\/asaja-salamanca-informa\/la-superficie-total-declarada-de-pac-en-castilla-y-leon-se-mantiene-en-terminos-similares-a-las-anteriores-campanas-ligeramente-superior-a-los-52-millones-de-hectareas","name":"La superficie total declarada de PAC en Castilla y Le\u00f3n se mantiene en t\u00e9rminos similares a las anteriores campa\u00f1as, ligeramente superior a los 5'2 millones de hect\u00e1reas - ASAJA Salamanca","isPartOf":{"@id":"https:\/\/www.asajacyl.com\/salamanca\/#website"},"primaryImageOfPage":{"@id":"https:\/\/www.asajacyl.com\/salamanca\/asaja-salamanca-informa\/la-superficie-total-declarada-de-pac-en-castilla-y-leon-se-mantiene-en-terminos-similares-a-las-anteriores-campanas-ligeramente-superior-a-los-52-millones-de-hectareas#primaryimage"},"image":{"@id":"https:\/\/www.asajacyl.com\/salamanca\/asaja-salamanca-informa\/la-superficie-total-declarada-de-pac-en-castilla-y-leon-se-mantiene-en-terminos-similares-a-las-anteriores-campanas-ligeramente-superior-a-los-52-millones-de-hectareas#primaryimage"},"thumbnailUrl":"https:\/\/www.asajacyl.com\/salamanca\/wp-content\/uploads\/sites\/7\/2021\/05\/field-533541_1920.jpg","datePublished":"2021-05-25T10:05:05+00:00","dateModified":"2021-05-25T10:05:08+00:00","author":{"@id":"https:\/\/www.asajacyl.com\/salamanca\/#\/schema\/person\/2bfc7da09988e1087e6291fafe99b67f"},"description":"Los cereales (excepto el ma\u00edz), los pastos, los barbechos, las oleaginosas y las leguminosas forrajeras son las que ocupan las mayores extensiones La","breadcrumb":{"@id":"https:\/\/www.asajacyl.com\/salamanca\/asaja-salamanca-informa\/la-superficie-total-declarada-de-pac-en-castilla-y-leon-se-mantiene-en-terminos-similares-a-las-anteriores-campanas-ligeramente-superior-a-los-52-millones-de-hectareas#breadcrumb"},"inLanguage":"es","potentialAction":[{"@type":"ReadAction","target":["https:\/\/www.asajacyl.com\/salamanca\/asaja-salamanca-informa\/la-superficie-total-declarada-de-pac-en-castilla-y-leon-se-mantiene-en-terminos-similares-a-las-anteriores-campanas-ligeramente-superior-a-los-52-millones-de-hectareas"]}]},{"@type":"ImageObject","inLanguage":"es","@id":"https:\/\/www.asajacyl.com\/salamanca\/asaja-salamanca-informa\/la-superficie-total-declarada-de-pac-en-castilla-y-leon-se-mantiene-en-terminos-similares-a-las-anteriores-campanas-ligeramente-superior-a-los-52-millones-de-hectareas#primaryimage","url":"https:\/\/www.asajacyl.com\/salamanca\/wp-content\/uploads\/sites\/7\/2021\/05\/field-533541_1920.jpg","contentUrl":"https:\/\/www.asajacyl.com\/salamanca\/wp-content\/uploads\/sites\/7\/2021\/05\/field-533541_1920.jpg","width":1920,"height":1285},{"@type":"BreadcrumbList","@id":"https:\/\/www.asajacyl.com\/salamanca\/asaja-salamanca-informa\/la-superficie-total-declarada-de-pac-en-castilla-y-leon-se-mantiene-en-terminos-similares-a-las-anteriores-campanas-ligeramente-superior-a-los-52-millones-de-hectareas#breadcrumb","itemListElement":[{"@type":"ListItem","position":1,"name":"Portada","item":"https:\/\/www.asajacyl.com\/salamanca\/"},{"@type":"ListItem","position":2,"name":"La superficie total declarada de PAC en Castilla y Le\u00f3n se mantiene en t\u00e9rminos similares a las anteriores campa\u00f1as, ligeramente superior a los 5&#8217;2 millones de hect\u00e1reas"}]},{"@type":"WebSite","@id":"https:\/\/www.asajacyl.com\/salamanca\/#website","url":"https:\/\/www.asajacyl.com\/salamanca\/","name":"ASAJA Salamanca","description":"Otro sitio m\u00e1s de Provincias ASAJA Castilla y Le\u00f3n","potentialAction":[{"@type":"SearchAction","target":{"@type":"EntryPoint","urlTemplate":"https:\/\/www.asajacyl.com\/salamanca\/?s={search_term_string}"},"query-input":{"@type":"PropertyValueSpecification","valueRequired":true,"valueName":"search_term_string"}}],"inLanguage":"es"},{"@type":"Person","@id":"https:\/\/www.asajacyl.com\/salamanca\/#\/schema\/person\/2bfc7da09988e1087e6291fafe99b67f","name":"Sonia","image":{"@type":"ImageObject","inLanguage":"es","@id":"https:\/\/www.asajacyl.com\/salamanca\/#\/schema\/person\/image\/","url":"https:\/\/secure.gravatar.com\/avatar\/6b0d6eb461a1e3687cc023d59022ef0d?s=96&d=mm&r=g","contentUrl":"https:\/\/secure.gravatar.com\/avatar\/6b0d6eb461a1e3687cc023d59022ef0d?s=96&d=mm&r=g","caption":"Sonia"},"url":"https:\/\/www.asajacyl.com\/salamanca\/author\/juanluisde"}]}},"_links":{"self":[{"href":"https:\/\/www.asajacyl.com\/salamanca\/wp-json\/wp\/v2\/posts\/11722"}],"collection":[{"href":"https:\/\/www.asajacyl.com\/salamanca\/wp-json\/wp\/v2\/posts"}],"about":[{"href":"https:\/\/www.asajacyl.com\/salamanca\/wp-json\/wp\/v2\/types\/post"}],"author":[{"embeddable":true,"href":"https:\/\/www.asajacyl.com\/salamanca\/wp-json\/wp\/v2\/users\/10"}],"replies":[{"embeddable":true,"href":"https:\/\/www.asajacyl.com\/salamanca\/wp-json\/wp\/v2\/comments?post=11722"}],"version-history":[{"count":1,"href":"https:\/\/www.asajacyl.com\/salamanca\/wp-json\/wp\/v2\/posts\/11722\/revisions"}],"predecessor-version":[{"id":11724,"href":"https:\/\/www.asajacyl.com\/salamanca\/wp-json\/wp\/v2\/posts\/11722\/revisions\/11724"}],"wp:featuredmedia":[{"embeddable":true,"href":"https:\/\/www.asajacyl.com\/salamanca\/wp-json\/wp\/v2\/media\/11723"}],"wp:attachment":[{"href":"https:\/\/www.asajacyl.com\/salamanca\/wp-json\/wp\/v2\/media?parent=11722"}],"wp:term":[{"taxonomy":"category","embeddable":true,"href":"https:\/\/www.asajacyl.com\/salamanca\/wp-json\/wp\/v2\/categories?post=11722"},{"taxonomy":"post_tag","embeddable":true,"href":"https:\/\/www.asajacyl.com\/salamanca\/wp-json\/wp\/v2\/tags?post=11722"}],"curies":[{"name":"wp","href":"https:\/\/api.w.org\/{rel}","templated":true}]}}