{"id":11838,"date":"2021-06-08T11:05:32","date_gmt":"2021-06-08T11:05:32","guid":{"rendered":"https:\/\/www.asajacyl.com\/salamanca\/?p=11838"},"modified":"2021-06-08T11:05:33","modified_gmt":"2021-06-08T11:05:33","slug":"luis-planas-senala-que-no-estamos-demasiado-lejos-para-llegar-a-un-acuerdo-sobre-la-pac-bajo-la-presidencia-portuguesa-de-la-ue","status":"publish","type":"post","link":"https:\/\/www.asajacyl.com\/salamanca\/asaja-salamanca-informa\/luis-planas-senala-que-no-estamos-demasiado-lejos-para-llegar-a-un-acuerdo-sobre-la-pac-bajo-la-presidencia-portuguesa-de-la-ue","title":{"rendered":"Luis Planas se\u00f1ala que \u201cno estamos demasiado lejos\u201d para llegar a un acuerdo sobre la PAC bajo la presidencia portuguesa de la UE"},"content":{"rendered":"\n<p>El ministro de Agricultura, Pesca y Alimentaci\u00f3n, Luis Planas, se\u00f1al\u00f3, el pasado 7 de junio, en Jerez de la Frontera que \u201cno estamos demasiado lejos para alcanzar un acuerdo sobre la PAC\u201d, pero a\u00f1adi\u00f3 que Espa\u00f1a no apoyar\u00e1 en ning\u00fan caso un acuerdo que \u201cno est\u00e9 a favor de los intereses de nuestros agricultores y ganaderos\u201d.<\/p>\n\n\n\n<p>Luis Planas explic\u00f3 que \u201cno pudo ser en el primer intento\u201d, en referencia al Consejo de ministros de Agricultura de la Uni\u00f3n Europea (UE) celebrado a finales de mayo, pero se ha mostrado confiado en que \u201clo lograremos en el segundo\u201d, en el Consejo previsto para los d\u00edas 28 y 29 de junio en Luxemburgo.<\/p>\n\n\n\n<p>El ministro ha explicado que, desde Espa\u00f1a, se est\u00e1 ayudando a la presidencia portuguesa del Consejo a que se pueda cerrar el acuerdo antes de que \u00e9sta expire el 30 de junio. Para ello, ha asegurado que, en estos d\u00edas, se est\u00e1n intensificando los contactos con otros estados miembros para acercar posiciones.<\/p>\n\n\n\n<p>Planas ha reiterado tambi\u00e9n el esfuerzo realizado dentro de Espa\u00f1a en las reuniones mantenidas entre el Ministerio de Agricultura, Pesca y Alimentaci\u00f3n (MAPA) con las diversas comunidades aut\u00f3nomas para dise\u00f1ar un acuerdo que permita confeccionar \u201cun traje a medida para que las 17 comunidades aut\u00f3nomas apoyen un acuerdo nacional sobre la PAC\u201d.<\/p>\n","protected":false},"excerpt":{"rendered":"<p>El ministro de Agricultura, Pesca y Alimentaci\u00f3n, Luis Planas, se\u00f1al\u00f3, el pasado 7 de junio, en Jerez de la Frontera que \u201cno estamos demasiado lejos para alcanzar un acuerdo sobre la PAC\u201d, pero a\u00f1adi\u00f3 que Espa\u00f1a no apoyar\u00e1 en ning\u00fan caso un acuerdo que \u201cno est\u00e9 a favor de los intereses de nuestros agricultores y [&hellip;]<\/p>\n","protected":false},"author":10,"featured_media":11839,"comment_status":"open","ping_status":"open","sticky":false,"template":"","format":"standard","meta":{"footnotes":""},"categories":[10,510],"tags":[],"yoast_head":"<!-- This site is optimized with the Yoast SEO plugin v24.5 - https:\/\/yoast.com\/wordpress\/plugins\/seo\/ -->\n<title>Luis Planas se\u00f1ala que \u201cno estamos demasiado lejos\u201d para llegar a un acuerdo sobre la PAC bajo la presidencia portuguesa de la UE - ASAJA Salamanca<\/title>\n<meta name=\"description\" content=\"El ministro de Agricultura, Pesca y Alimentaci\u00f3n, Luis Planas, se\u00f1al\u00f3, el pasado 7 de junio, en Jerez de la Frontera que \u201cno estamos demasiado lejos para\" \/>\n<meta name=\"robots\" content=\"index, follow, max-snippet:-1, max-image-preview:large, max-video-preview:-1\" \/>\n<link rel=\"canonical\" href=\"https:\/\/www.asajacyl.com\/salamanca\/asaja-salamanca-informa\/luis-planas-senala-que-no-estamos-demasiado-lejos-para-llegar-a-un-acuerdo-sobre-la-pac-bajo-la-presidencia-portuguesa-de-la-ue\" \/>\n<meta property=\"og:locale\" content=\"es_ES\" \/>\n<meta property=\"og:type\" content=\"article\" \/>\n<meta property=\"og:title\" content=\"Luis Planas se\u00f1ala que \u201cno estamos demasiado lejos\u201d para llegar a un acuerdo sobre la PAC bajo la presidencia portuguesa de la UE - ASAJA Salamanca\" \/>\n<meta property=\"og:description\" content=\"El ministro de Agricultura, Pesca y Alimentaci\u00f3n, Luis Planas, se\u00f1al\u00f3, el pasado 7 de junio, en Jerez de la Frontera que \u201cno estamos demasiado lejos para\" \/>\n<meta property=\"og:url\" content=\"https:\/\/www.asajacyl.com\/salamanca\/asaja-salamanca-informa\/luis-planas-senala-que-no-estamos-demasiado-lejos-para-llegar-a-un-acuerdo-sobre-la-pac-bajo-la-presidencia-portuguesa-de-la-ue\" \/>\n<meta property=\"og:site_name\" content=\"ASAJA Salamanca\" \/>\n<meta property=\"article:published_time\" content=\"2021-06-08T11:05:32+00:00\" \/>\n<meta property=\"article:modified_time\" content=\"2021-06-08T11:05:33+00:00\" \/>\n<meta property=\"og:image\" content=\"https:\/\/www.asajacyl.com\/salamanca\/wp-content\/uploads\/sites\/7\/2021\/06\/07062021ministrojerez3_tcm30-563185.jpg\" \/>\n\t<meta property=\"og:image:width\" content=\"2048\" \/>\n\t<meta property=\"og:image:height\" content=\"1536\" \/>\n\t<meta property=\"og:image:type\" content=\"image\/jpeg\" \/>\n<meta name=\"author\" content=\"Sonia\" \/>\n<meta name=\"twitter:card\" content=\"summary_large_image\" \/>\n<meta name=\"twitter:label1\" content=\"Escrito por\" \/>\n\t<meta name=\"twitter:data1\" content=\"Sonia\" \/>\n\t<meta name=\"twitter:label2\" content=\"Tiempo de lectura\" \/>\n\t<meta name=\"twitter:data2\" content=\"1 minuto\" \/>\n<script type=\"application\/ld+json\" class=\"yoast-schema-graph\">{\"@context\":\"https:\/\/schema.org\",\"@graph\":[{\"@type\":\"WebPage\",\"@id\":\"https:\/\/www.asajacyl.com\/salamanca\/asaja-salamanca-informa\/luis-planas-senala-que-no-estamos-demasiado-lejos-para-llegar-a-un-acuerdo-sobre-la-pac-bajo-la-presidencia-portuguesa-de-la-ue\",\"url\":\"https:\/\/www.asajacyl.com\/salamanca\/asaja-salamanca-informa\/luis-planas-senala-que-no-estamos-demasiado-lejos-para-llegar-a-un-acuerdo-sobre-la-pac-bajo-la-presidencia-portuguesa-de-la-ue\",\"name\":\"Luis Planas se\u00f1ala que \u201cno estamos demasiado lejos\u201d para llegar a un acuerdo sobre la PAC bajo la presidencia portuguesa de la UE - ASAJA Salamanca\",\"isPartOf\":{\"@id\":\"https:\/\/www.asajacyl.com\/salamanca\/#website\"},\"primaryImageOfPage\":{\"@id\":\"https:\/\/www.asajacyl.com\/salamanca\/asaja-salamanca-informa\/luis-planas-senala-que-no-estamos-demasiado-lejos-para-llegar-a-un-acuerdo-sobre-la-pac-bajo-la-presidencia-portuguesa-de-la-ue#primaryimage\"},\"image\":{\"@id\":\"https:\/\/www.asajacyl.com\/salamanca\/asaja-salamanca-informa\/luis-planas-senala-que-no-estamos-demasiado-lejos-para-llegar-a-un-acuerdo-sobre-la-pac-bajo-la-presidencia-portuguesa-de-la-ue#primaryimage\"},\"thumbnailUrl\":\"https:\/\/www.asajacyl.com\/salamanca\/wp-content\/uploads\/sites\/7\/2021\/06\/07062021ministrojerez3_tcm30-563185.jpg\",\"datePublished\":\"2021-06-08T11:05:32+00:00\",\"dateModified\":\"2021-06-08T11:05:33+00:00\",\"author\":{\"@id\":\"https:\/\/www.asajacyl.com\/salamanca\/#\/schema\/person\/2bfc7da09988e1087e6291fafe99b67f\"},\"description\":\"El ministro de Agricultura, Pesca y Alimentaci\u00f3n, Luis Planas, se\u00f1al\u00f3, el pasado 7 de junio, en Jerez de la Frontera que \u201cno estamos demasiado lejos para\",\"breadcrumb\":{\"@id\":\"https:\/\/www.asajacyl.com\/salamanca\/asaja-salamanca-informa\/luis-planas-senala-que-no-estamos-demasiado-lejos-para-llegar-a-un-acuerdo-sobre-la-pac-bajo-la-presidencia-portuguesa-de-la-ue#breadcrumb\"},\"inLanguage\":\"es\",\"potentialAction\":[{\"@type\":\"ReadAction\",\"target\":[\"https:\/\/www.asajacyl.com\/salamanca\/asaja-salamanca-informa\/luis-planas-senala-que-no-estamos-demasiado-lejos-para-llegar-a-un-acuerdo-sobre-la-pac-bajo-la-presidencia-portuguesa-de-la-ue\"]}]},{\"@type\":\"ImageObject\",\"inLanguage\":\"es\",\"@id\":\"https:\/\/www.asajacyl.com\/salamanca\/asaja-salamanca-informa\/luis-planas-senala-que-no-estamos-demasiado-lejos-para-llegar-a-un-acuerdo-sobre-la-pac-bajo-la-presidencia-portuguesa-de-la-ue#primaryimage\",\"url\":\"https:\/\/www.asajacyl.com\/salamanca\/wp-content\/uploads\/sites\/7\/2021\/06\/07062021ministrojerez3_tcm30-563185.jpg\",\"contentUrl\":\"https:\/\/www.asajacyl.com\/salamanca\/wp-content\/uploads\/sites\/7\/2021\/06\/07062021ministrojerez3_tcm30-563185.jpg\",\"width\":2048,\"height\":1536},{\"@type\":\"BreadcrumbList\",\"@id\":\"https:\/\/www.asajacyl.com\/salamanca\/asaja-salamanca-informa\/luis-planas-senala-que-no-estamos-demasiado-lejos-para-llegar-a-un-acuerdo-sobre-la-pac-bajo-la-presidencia-portuguesa-de-la-ue#breadcrumb\",\"itemListElement\":[{\"@type\":\"ListItem\",\"position\":1,\"name\":\"Portada\",\"item\":\"https:\/\/www.asajacyl.com\/salamanca\/\"},{\"@type\":\"ListItem\",\"position\":2,\"name\":\"Luis Planas se\u00f1ala que \u201cno estamos demasiado lejos\u201d para llegar a un acuerdo sobre la PAC bajo la presidencia portuguesa de la UE\"}]},{\"@type\":\"WebSite\",\"@id\":\"https:\/\/www.asajacyl.com\/salamanca\/#website\",\"url\":\"https:\/\/www.asajacyl.com\/salamanca\/\",\"name\":\"ASAJA Salamanca\",\"description\":\"Otro sitio m\u00e1s de Provincias ASAJA Castilla y Le\u00f3n\",\"potentialAction\":[{\"@type\":\"SearchAction\",\"target\":{\"@type\":\"EntryPoint\",\"urlTemplate\":\"https:\/\/www.asajacyl.com\/salamanca\/?s={search_term_string}\"},\"query-input\":{\"@type\":\"PropertyValueSpecification\",\"valueRequired\":true,\"valueName\":\"search_term_string\"}}],\"inLanguage\":\"es\"},{\"@type\":\"Person\",\"@id\":\"https:\/\/www.asajacyl.com\/salamanca\/#\/schema\/person\/2bfc7da09988e1087e6291fafe99b67f\",\"name\":\"Sonia\",\"image\":{\"@type\":\"ImageObject\",\"inLanguage\":\"es\",\"@id\":\"https:\/\/www.asajacyl.com\/salamanca\/#\/schema\/person\/image\/\",\"url\":\"https:\/\/secure.gravatar.com\/avatar\/6b0d6eb461a1e3687cc023d59022ef0d?s=96&d=mm&r=g\",\"contentUrl\":\"https:\/\/secure.gravatar.com\/avatar\/6b0d6eb461a1e3687cc023d59022ef0d?s=96&d=mm&r=g\",\"caption\":\"Sonia\"},\"url\":\"https:\/\/www.asajacyl.com\/salamanca\/author\/juanluisde\"}]}<\/script>\n<!-- \/ Yoast SEO plugin. -->","yoast_head_json":{"title":"Luis Planas se\u00f1ala que \u201cno estamos demasiado lejos\u201d para llegar a un acuerdo sobre la PAC bajo la presidencia portuguesa de la UE - ASAJA Salamanca","description":"El ministro de Agricultura, Pesca y Alimentaci\u00f3n, Luis Planas, se\u00f1al\u00f3, el pasado 7 de junio, en Jerez de la Frontera que \u201cno estamos demasiado lejos para","robots":{"index":"index","follow":"follow","max-snippet":"max-snippet:-1","max-image-preview":"max-image-preview:large","max-video-preview":"max-video-preview:-1"},"canonical":"https:\/\/www.asajacyl.com\/salamanca\/asaja-salamanca-informa\/luis-planas-senala-que-no-estamos-demasiado-lejos-para-llegar-a-un-acuerdo-sobre-la-pac-bajo-la-presidencia-portuguesa-de-la-ue","og_locale":"es_ES","og_type":"article","og_title":"Luis Planas se\u00f1ala que \u201cno estamos demasiado lejos\u201d para llegar a un acuerdo sobre la PAC bajo la presidencia portuguesa de la UE - ASAJA Salamanca","og_description":"El ministro de Agricultura, Pesca y Alimentaci\u00f3n, Luis Planas, se\u00f1al\u00f3, el pasado 7 de junio, en Jerez de la Frontera que \u201cno estamos demasiado lejos para","og_url":"https:\/\/www.asajacyl.com\/salamanca\/asaja-salamanca-informa\/luis-planas-senala-que-no-estamos-demasiado-lejos-para-llegar-a-un-acuerdo-sobre-la-pac-bajo-la-presidencia-portuguesa-de-la-ue","og_site_name":"ASAJA Salamanca","article_published_time":"2021-06-08T11:05:32+00:00","article_modified_time":"2021-06-08T11:05:33+00:00","og_image":[{"width":2048,"height":1536,"url":"https:\/\/www.asajacyl.com\/salamanca\/wp-content\/uploads\/sites\/7\/2021\/06\/07062021ministrojerez3_tcm30-563185.jpg","type":"image\/jpeg"}],"author":"Sonia","twitter_card":"summary_large_image","twitter_misc":{"Escrito por":"Sonia","Tiempo de lectura":"1 minuto"},"schema":{"@context":"https:\/\/schema.org","@graph":[{"@type":"WebPage","@id":"https:\/\/www.asajacyl.com\/salamanca\/asaja-salamanca-informa\/luis-planas-senala-que-no-estamos-demasiado-lejos-para-llegar-a-un-acuerdo-sobre-la-pac-bajo-la-presidencia-portuguesa-de-la-ue","url":"https:\/\/www.asajacyl.com\/salamanca\/asaja-salamanca-informa\/luis-planas-senala-que-no-estamos-demasiado-lejos-para-llegar-a-un-acuerdo-sobre-la-pac-bajo-la-presidencia-portuguesa-de-la-ue","name":"Luis Planas se\u00f1ala que \u201cno estamos demasiado lejos\u201d para llegar a un acuerdo sobre la PAC bajo la presidencia portuguesa de la UE - ASAJA Salamanca","isPartOf":{"@id":"https:\/\/www.asajacyl.com\/salamanca\/#website"},"primaryImageOfPage":{"@id":"https:\/\/www.asajacyl.com\/salamanca\/asaja-salamanca-informa\/luis-planas-senala-que-no-estamos-demasiado-lejos-para-llegar-a-un-acuerdo-sobre-la-pac-bajo-la-presidencia-portuguesa-de-la-ue#primaryimage"},"image":{"@id":"https:\/\/www.asajacyl.com\/salamanca\/asaja-salamanca-informa\/luis-planas-senala-que-no-estamos-demasiado-lejos-para-llegar-a-un-acuerdo-sobre-la-pac-bajo-la-presidencia-portuguesa-de-la-ue#primaryimage"},"thumbnailUrl":"https:\/\/www.asajacyl.com\/salamanca\/wp-content\/uploads\/sites\/7\/2021\/06\/07062021ministrojerez3_tcm30-563185.jpg","datePublished":"2021-06-08T11:05:32+00:00","dateModified":"2021-06-08T11:05:33+00:00","author":{"@id":"https:\/\/www.asajacyl.com\/salamanca\/#\/schema\/person\/2bfc7da09988e1087e6291fafe99b67f"},"description":"El ministro de Agricultura, Pesca y Alimentaci\u00f3n, Luis Planas, se\u00f1al\u00f3, el pasado 7 de junio, en Jerez de la Frontera que \u201cno estamos demasiado lejos para","breadcrumb":{"@id":"https:\/\/www.asajacyl.com\/salamanca\/asaja-salamanca-informa\/luis-planas-senala-que-no-estamos-demasiado-lejos-para-llegar-a-un-acuerdo-sobre-la-pac-bajo-la-presidencia-portuguesa-de-la-ue#breadcrumb"},"inLanguage":"es","potentialAction":[{"@type":"ReadAction","target":["https:\/\/www.asajacyl.com\/salamanca\/asaja-salamanca-informa\/luis-planas-senala-que-no-estamos-demasiado-lejos-para-llegar-a-un-acuerdo-sobre-la-pac-bajo-la-presidencia-portuguesa-de-la-ue"]}]},{"@type":"ImageObject","inLanguage":"es","@id":"https:\/\/www.asajacyl.com\/salamanca\/asaja-salamanca-informa\/luis-planas-senala-que-no-estamos-demasiado-lejos-para-llegar-a-un-acuerdo-sobre-la-pac-bajo-la-presidencia-portuguesa-de-la-ue#primaryimage","url":"https:\/\/www.asajacyl.com\/salamanca\/wp-content\/uploads\/sites\/7\/2021\/06\/07062021ministrojerez3_tcm30-563185.jpg","contentUrl":"https:\/\/www.asajacyl.com\/salamanca\/wp-content\/uploads\/sites\/7\/2021\/06\/07062021ministrojerez3_tcm30-563185.jpg","width":2048,"height":1536},{"@type":"BreadcrumbList","@id":"https:\/\/www.asajacyl.com\/salamanca\/asaja-salamanca-informa\/luis-planas-senala-que-no-estamos-demasiado-lejos-para-llegar-a-un-acuerdo-sobre-la-pac-bajo-la-presidencia-portuguesa-de-la-ue#breadcrumb","itemListElement":[{"@type":"ListItem","position":1,"name":"Portada","item":"https:\/\/www.asajacyl.com\/salamanca\/"},{"@type":"ListItem","position":2,"name":"Luis Planas se\u00f1ala que \u201cno estamos demasiado lejos\u201d para llegar a un acuerdo sobre la PAC bajo la presidencia portuguesa de la UE"}]},{"@type":"WebSite","@id":"https:\/\/www.asajacyl.com\/salamanca\/#website","url":"https:\/\/www.asajacyl.com\/salamanca\/","name":"ASAJA Salamanca","description":"Otro sitio m\u00e1s de Provincias ASAJA Castilla y Le\u00f3n","potentialAction":[{"@type":"SearchAction","target":{"@type":"EntryPoint","urlTemplate":"https:\/\/www.asajacyl.com\/salamanca\/?s={search_term_string}"},"query-input":{"@type":"PropertyValueSpecification","valueRequired":true,"valueName":"search_term_string"}}],"inLanguage":"es"},{"@type":"Person","@id":"https:\/\/www.asajacyl.com\/salamanca\/#\/schema\/person\/2bfc7da09988e1087e6291fafe99b67f","name":"Sonia","image":{"@type":"ImageObject","inLanguage":"es","@id":"https:\/\/www.asajacyl.com\/salamanca\/#\/schema\/person\/image\/","url":"https:\/\/secure.gravatar.com\/avatar\/6b0d6eb461a1e3687cc023d59022ef0d?s=96&d=mm&r=g","contentUrl":"https:\/\/secure.gravatar.com\/avatar\/6b0d6eb461a1e3687cc023d59022ef0d?s=96&d=mm&r=g","caption":"Sonia"},"url":"https:\/\/www.asajacyl.com\/salamanca\/author\/juanluisde"}]}},"_links":{"self":[{"href":"https:\/\/www.asajacyl.com\/salamanca\/wp-json\/wp\/v2\/posts\/11838"}],"collection":[{"href":"https:\/\/www.asajacyl.com\/salamanca\/wp-json\/wp\/v2\/posts"}],"about":[{"href":"https:\/\/www.asajacyl.com\/salamanca\/wp-json\/wp\/v2\/types\/post"}],"author":[{"embeddable":true,"href":"https:\/\/www.asajacyl.com\/salamanca\/wp-json\/wp\/v2\/users\/10"}],"replies":[{"embeddable":true,"href":"https:\/\/www.asajacyl.com\/salamanca\/wp-json\/wp\/v2\/comments?post=11838"}],"version-history":[{"count":1,"href":"https:\/\/www.asajacyl.com\/salamanca\/wp-json\/wp\/v2\/posts\/11838\/revisions"}],"predecessor-version":[{"id":11840,"href":"https:\/\/www.asajacyl.com\/salamanca\/wp-json\/wp\/v2\/posts\/11838\/revisions\/11840"}],"wp:featuredmedia":[{"embeddable":true,"href":"https:\/\/www.asajacyl.com\/salamanca\/wp-json\/wp\/v2\/media\/11839"}],"wp:attachment":[{"href":"https:\/\/www.asajacyl.com\/salamanca\/wp-json\/wp\/v2\/media?parent=11838"}],"wp:term":[{"taxonomy":"category","embeddable":true,"href":"https:\/\/www.asajacyl.com\/salamanca\/wp-json\/wp\/v2\/categories?post=11838"},{"taxonomy":"post_tag","embeddable":true,"href":"https:\/\/www.asajacyl.com\/salamanca\/wp-json\/wp\/v2\/tags?post=11838"}],"curies":[{"name":"wp","href":"https:\/\/api.w.org\/{rel}","templated":true}]}}