{"id":11903,"date":"2021-06-11T09:36:00","date_gmt":"2021-06-11T09:36:00","guid":{"rendered":"https:\/\/www.asajacyl.com\/salamanca\/?p=11903"},"modified":"2021-06-15T09:44:10","modified_gmt":"2021-06-15T09:44:10","slug":"la-junta-declara-el-peligro-medio-de-incendios-forestales-en-castilla-y-leon","status":"publish","type":"post","link":"https:\/\/www.asajacyl.com\/salamanca\/asaja-salamanca-informa\/la-junta-declara-el-peligro-medio-de-incendios-forestales-en-castilla-y-leon","title":{"rendered":"La Junta declara el peligro medio de incendios forestales en Castilla y Le\u00f3n"},"content":{"rendered":"\n<p><strong>Ante el incremento significativo de riesgo meteorol\u00f3gico y la inestabilidad atmosf\u00e9rica prevista para los pr\u00f3ximos d\u00edas, la Junta de Castilla y Le\u00f3n ha decidido declarar desde hoy peligro medio de incendios forestales e incrementar los medios disponibles del Operativo y movilizar al personal de guardia. El incendio forestal de Serradilla del Arroyo, en Salamanca, se dio por controlado ayer a las 22.00 horas.<\/strong><\/p>\n\n\n\n<p>La Consejer\u00eda de&nbsp; Fomento y Medio Ambiente ha realizado el an\u00e1lisis semanal de riesgo de incendios forestales para valorar la necesidad de medios activos para la extinci\u00f3n. El an\u00e1lisis arroja un incremento significativo del riesgo meteorol\u00f3gico; se detecta una importante anomal\u00eda de las temperaturas m\u00e1ximas con un incremento de casi 10\u00ba C en algunas zonas del Comunidad.<\/p>\n\n\n\n<p>La probabilidad de precipitaci\u00f3n es elevada a partir del domingo, pero actualmente existe una masa de aire caliente posicionada en Castilla y Le\u00f3n que producir\u00e1 altas temperaturas y vientos cambiantes en los pr\u00f3ximos d\u00edas. Esta situaci\u00f3n genera cierta inestabilidad atmosf\u00e9rica que podr\u00eda incrementar la propagaci\u00f3n e intensidad de los incendios. Tambi\u00e9n es importante destacar la alta probabilidad de tormenta que podr\u00eda no venir acompa\u00f1ada de agua en algunas zonas de la Comunidad.<\/p>\n\n\n\n<p>Ante esta situaci\u00f3n y aunque la din\u00e1mica del n\u00famero incendios de los \u00faltimos d\u00edas es baja, inferior a la habitual e en esta \u00e9poca del a\u00f1o, se declara el peligro medio de incendios forestales en toda la Comunidad hasta nuevo aviso.&nbsp;<\/p>\n\n\n\n<p>Esta medida supone un incremento de los medios disponibles y la movilizaci\u00f3n de personal de guardias. La semana que viene se incorporar\u00e1n 5 helic\u00f3pteros de la Junta de Castilla y Le\u00f3n y 7 aeronaves del Ministerio para la Transici\u00f3n Ecol\u00f3gica y el Reto Demogr\u00e1fico. Adem\u00e1s, habr\u00e1 otras 5 aeronaves del Ministerio que, aunque no est\u00e1n dentro de la Comunidad, tienen parte de Castilla y Le\u00f3n en su zona de actuaci\u00f3n preferente.<\/p>\n\n\n\n<p><strong>El Operativo<\/strong><\/p>\n\n\n\n<p>El Operativo de incendios forestales de la Junta de Castilla y Le\u00f3n se basa en el v\u00ednculo entre la prevenci\u00f3n y extinci\u00f3n. Los medios combinan ambas tareas, siendo un Operativo flexible que se adapta a las condiciones de riesgo de cada momento.<\/p>\n\n\n\n<p>Fuera de la \u00c9poca de Peligro Alto de incendios forestales (EPA), se realiza todos los jueves un an\u00e1lisis de riesgo antr\u00f3pico y meteorol\u00f3gico para valorar la necesidad concreta de medios que se activan para la extinci\u00f3n. Los medios que no es necesario activar, tras la valoraci\u00f3n del riesgo, se dedican a tareas preventivas; labor fundamental para la lucha contra incendios forestales. Asimismo, durante la EPA, el Operativo alcanza su m\u00e1ximo despliegue.<\/p>\n\n\n\n<p>Actualmente, los medios&nbsp; activos del operativo de la Junta de Castilla y Le\u00f3n son 805 agentes medioambientales, 16 t\u00e9cnicos, 4 conductores, 29 puestos de vigilancia, 125 autobombas (85 propias y 40 conveniadas), 81 cuadrillas terrestres, 17 cuadrillas helitransportadas, 7 buld\u00f3cer, 14 helic\u00f3pteros. Alrededor de 2.190 personas forman parte de manera activa del operativo de lucha contra incendios forestales.<\/p>\n\n\n\n<p>Por su parte, los medios activos del Ministerio para la Transici\u00f3n Ecol\u00f3gica y el Reto Demogr\u00e1fico son: 1 avi\u00f3n de coordinaci\u00f3n (ACO), 3 aviones anfibio, 3 cuadrillas helitransportadas y otras 4 cuadrillas helitransportadas que, aunque no se encuentren en Castilla y Le\u00f3n, est\u00e1n en territorios cercanos.<\/p>\n\n\n\n<p>En lo que va de a\u00f1o, el riesgo de incendios forestales ha sido bajo-moderado, solo ha sido necesaria la declaraci\u00f3n de peligro medio en cuatro ocasiones y solo una de ellas ha supuesto la declaraci\u00f3n en toda la Comunidad. Muestra de la eficacia y la adecuada adaptaci\u00f3n del operativo al nivel de riesgo existente, es la estad\u00edstica de incendios de lo que va de a\u00f1o que arroja un importante incremento en la proporci\u00f3n de conatos (el 73% del total de incendios ocurridos) y el descenso de las superficies afectadas: la superficie arbolada quemada es un 78% inferior a la media del \u00faltimo decenio y la superficie forestal total un 70%.<\/p>\n\n\n\n<p><strong>Controlado el incendio de Serradilla del Arroyo<\/strong><\/p>\n\n\n\n<p>El incendio forestal de Serradilla del Arroyo, en la provincia de Salamanca, se dio por controlado ayer a las 22.00 horas, tras el trabajo combinado de medios a\u00e9reos y terrestres durante estos d\u00edas. El aviso del fuego producido en el municipio salmantino se recibi\u00f3 a las 16.40 horas del martes 8 de junio, cuando se despacharon los medios del operativo de la Junta de Castilla y Le\u00f3n a la zona del incendio con el apoyo de medios del Ministerio para la Transici\u00f3n Ecol\u00f3gica y el Reto Demogr\u00e1fico.<\/p>\n\n\n\n<p>El fuego se produjo en una zona de dif\u00edcil acceso, con mucha pendiente y pedregosidad, lo que dificult\u00f3 el acceso a los medios terrestres del operativo y a las 18.20 horas del martes se produjo la declaraci\u00f3n de nivel 1 por afecci\u00f3n a m\u00e1s de 30 hect\u00e1reas. El trabajo de la maquinaria pesada fue fundamental durante la noche del martes, a pesar de las zonas de dif\u00edcil acceso a las que no pudieron llegar.<\/p>\n\n\n\n<p>A las 21.30 horas del mi\u00e9rcoles se declaraba el nivel 0 en el incendio forestal, que ya se encontraba sin llama. Hoy el operativo sigue con las labores de extinci\u00f3n, en las que trabajan un agente medioambiental, dos cuadrillas de tierra y una autobomba de la Junta de Castilla y Le\u00f3n. En total, m\u00e1s de 170 personas han trabajado durante estos cuatro d\u00edas en la extinci\u00f3n del incendio.<\/p>\n","protected":false},"excerpt":{"rendered":"<p>Ante el incremento significativo de riesgo meteorol\u00f3gico y la inestabilidad atmosf\u00e9rica prevista para los pr\u00f3ximos d\u00edas, la Junta de Castilla y Le\u00f3n ha decidido declarar desde hoy peligro medio de incendios forestales e incrementar los medios disponibles del Operativo y movilizar al personal de guardia. El incendio forestal de Serradilla del Arroyo, en Salamanca, se [&hellip;]<\/p>\n","protected":false},"author":10,"featured_media":11904,"comment_status":"open","ping_status":"open","sticky":false,"template":"","format":"standard","meta":{"footnotes":""},"categories":[10,510],"tags":[],"yoast_head":"<!-- This site is optimized with the Yoast SEO plugin v24.5 - https:\/\/yoast.com\/wordpress\/plugins\/seo\/ -->\n<title>La Junta declara el peligro medio de incendios forestales en Castilla y Le\u00f3n - ASAJA Salamanca<\/title>\n<meta name=\"description\" content=\"Ante el incremento significativo de riesgo meteorol\u00f3gico y la inestabilidad atmosf\u00e9rica prevista para los pr\u00f3ximos d\u00edas, la Junta de Castilla y Le\u00f3n ha\" \/>\n<meta name=\"robots\" content=\"index, follow, max-snippet:-1, max-image-preview:large, max-video-preview:-1\" \/>\n<link rel=\"canonical\" href=\"https:\/\/www.asajacyl.com\/salamanca\/asaja-salamanca-informa\/la-junta-declara-el-peligro-medio-de-incendios-forestales-en-castilla-y-leon\" \/>\n<meta property=\"og:locale\" content=\"es_ES\" \/>\n<meta property=\"og:type\" content=\"article\" \/>\n<meta property=\"og:title\" content=\"La Junta declara el peligro medio de incendios forestales en Castilla y Le\u00f3n - ASAJA Salamanca\" \/>\n<meta property=\"og:description\" content=\"Ante el incremento significativo de riesgo meteorol\u00f3gico y la inestabilidad atmosf\u00e9rica prevista para los pr\u00f3ximos d\u00edas, la Junta de Castilla y Le\u00f3n ha\" \/>\n<meta property=\"og:url\" content=\"https:\/\/www.asajacyl.com\/salamanca\/asaja-salamanca-informa\/la-junta-declara-el-peligro-medio-de-incendios-forestales-en-castilla-y-leon\" \/>\n<meta property=\"og:site_name\" content=\"ASAJA Salamanca\" \/>\n<meta property=\"article:published_time\" content=\"2021-06-11T09:36:00+00:00\" \/>\n<meta property=\"article:modified_time\" content=\"2021-06-15T09:44:10+00:00\" \/>\n<meta property=\"og:image\" content=\"https:\/\/www.asajacyl.com\/salamanca\/wp-content\/uploads\/sites\/7\/2021\/06\/colorado-78233_1920-e1623750226247.jpg\" \/>\n\t<meta property=\"og:image:width\" content=\"1257\" \/>\n\t<meta property=\"og:image:height\" content=\"676\" \/>\n\t<meta property=\"og:image:type\" content=\"image\/jpeg\" \/>\n<meta name=\"author\" content=\"Sonia\" \/>\n<meta name=\"twitter:card\" content=\"summary_large_image\" \/>\n<meta name=\"twitter:label1\" content=\"Escrito por\" \/>\n\t<meta name=\"twitter:data1\" content=\"Sonia\" \/>\n\t<meta name=\"twitter:label2\" content=\"Tiempo de lectura\" \/>\n\t<meta name=\"twitter:data2\" content=\"4 minutos\" \/>\n<script type=\"application\/ld+json\" class=\"yoast-schema-graph\">{\"@context\":\"https:\/\/schema.org\",\"@graph\":[{\"@type\":\"WebPage\",\"@id\":\"https:\/\/www.asajacyl.com\/salamanca\/asaja-salamanca-informa\/la-junta-declara-el-peligro-medio-de-incendios-forestales-en-castilla-y-leon\",\"url\":\"https:\/\/www.asajacyl.com\/salamanca\/asaja-salamanca-informa\/la-junta-declara-el-peligro-medio-de-incendios-forestales-en-castilla-y-leon\",\"name\":\"La Junta declara el peligro medio de incendios forestales en Castilla y Le\u00f3n - ASAJA Salamanca\",\"isPartOf\":{\"@id\":\"https:\/\/www.asajacyl.com\/salamanca\/#website\"},\"primaryImageOfPage\":{\"@id\":\"https:\/\/www.asajacyl.com\/salamanca\/asaja-salamanca-informa\/la-junta-declara-el-peligro-medio-de-incendios-forestales-en-castilla-y-leon#primaryimage\"},\"image\":{\"@id\":\"https:\/\/www.asajacyl.com\/salamanca\/asaja-salamanca-informa\/la-junta-declara-el-peligro-medio-de-incendios-forestales-en-castilla-y-leon#primaryimage\"},\"thumbnailUrl\":\"https:\/\/www.asajacyl.com\/salamanca\/wp-content\/uploads\/sites\/7\/2021\/06\/colorado-78233_1920-e1623750226247.jpg\",\"datePublished\":\"2021-06-11T09:36:00+00:00\",\"dateModified\":\"2021-06-15T09:44:10+00:00\",\"author\":{\"@id\":\"https:\/\/www.asajacyl.com\/salamanca\/#\/schema\/person\/2bfc7da09988e1087e6291fafe99b67f\"},\"description\":\"Ante el incremento significativo de riesgo meteorol\u00f3gico y la inestabilidad atmosf\u00e9rica prevista para los pr\u00f3ximos d\u00edas, la Junta de Castilla y Le\u00f3n ha\",\"breadcrumb\":{\"@id\":\"https:\/\/www.asajacyl.com\/salamanca\/asaja-salamanca-informa\/la-junta-declara-el-peligro-medio-de-incendios-forestales-en-castilla-y-leon#breadcrumb\"},\"inLanguage\":\"es\",\"potentialAction\":[{\"@type\":\"ReadAction\",\"target\":[\"https:\/\/www.asajacyl.com\/salamanca\/asaja-salamanca-informa\/la-junta-declara-el-peligro-medio-de-incendios-forestales-en-castilla-y-leon\"]}]},{\"@type\":\"ImageObject\",\"inLanguage\":\"es\",\"@id\":\"https:\/\/www.asajacyl.com\/salamanca\/asaja-salamanca-informa\/la-junta-declara-el-peligro-medio-de-incendios-forestales-en-castilla-y-leon#primaryimage\",\"url\":\"https:\/\/www.asajacyl.com\/salamanca\/wp-content\/uploads\/sites\/7\/2021\/06\/colorado-78233_1920-e1623750226247.jpg\",\"contentUrl\":\"https:\/\/www.asajacyl.com\/salamanca\/wp-content\/uploads\/sites\/7\/2021\/06\/colorado-78233_1920-e1623750226247.jpg\",\"width\":1257,\"height\":676},{\"@type\":\"BreadcrumbList\",\"@id\":\"https:\/\/www.asajacyl.com\/salamanca\/asaja-salamanca-informa\/la-junta-declara-el-peligro-medio-de-incendios-forestales-en-castilla-y-leon#breadcrumb\",\"itemListElement\":[{\"@type\":\"ListItem\",\"position\":1,\"name\":\"Portada\",\"item\":\"https:\/\/www.asajacyl.com\/salamanca\/\"},{\"@type\":\"ListItem\",\"position\":2,\"name\":\"La Junta declara el peligro medio de incendios forestales en Castilla y Le\u00f3n\"}]},{\"@type\":\"WebSite\",\"@id\":\"https:\/\/www.asajacyl.com\/salamanca\/#website\",\"url\":\"https:\/\/www.asajacyl.com\/salamanca\/\",\"name\":\"ASAJA Salamanca\",\"description\":\"Otro sitio m\u00e1s de Provincias ASAJA Castilla y Le\u00f3n\",\"potentialAction\":[{\"@type\":\"SearchAction\",\"target\":{\"@type\":\"EntryPoint\",\"urlTemplate\":\"https:\/\/www.asajacyl.com\/salamanca\/?s={search_term_string}\"},\"query-input\":{\"@type\":\"PropertyValueSpecification\",\"valueRequired\":true,\"valueName\":\"search_term_string\"}}],\"inLanguage\":\"es\"},{\"@type\":\"Person\",\"@id\":\"https:\/\/www.asajacyl.com\/salamanca\/#\/schema\/person\/2bfc7da09988e1087e6291fafe99b67f\",\"name\":\"Sonia\",\"image\":{\"@type\":\"ImageObject\",\"inLanguage\":\"es\",\"@id\":\"https:\/\/www.asajacyl.com\/salamanca\/#\/schema\/person\/image\/\",\"url\":\"https:\/\/secure.gravatar.com\/avatar\/6b0d6eb461a1e3687cc023d59022ef0d?s=96&d=mm&r=g\",\"contentUrl\":\"https:\/\/secure.gravatar.com\/avatar\/6b0d6eb461a1e3687cc023d59022ef0d?s=96&d=mm&r=g\",\"caption\":\"Sonia\"},\"url\":\"https:\/\/www.asajacyl.com\/salamanca\/author\/juanluisde\"}]}<\/script>\n<!-- \/ Yoast SEO plugin. -->","yoast_head_json":{"title":"La Junta declara el peligro medio de incendios forestales en Castilla y Le\u00f3n - ASAJA Salamanca","description":"Ante el incremento significativo de riesgo meteorol\u00f3gico y la inestabilidad atmosf\u00e9rica prevista para los pr\u00f3ximos d\u00edas, la Junta de Castilla y Le\u00f3n ha","robots":{"index":"index","follow":"follow","max-snippet":"max-snippet:-1","max-image-preview":"max-image-preview:large","max-video-preview":"max-video-preview:-1"},"canonical":"https:\/\/www.asajacyl.com\/salamanca\/asaja-salamanca-informa\/la-junta-declara-el-peligro-medio-de-incendios-forestales-en-castilla-y-leon","og_locale":"es_ES","og_type":"article","og_title":"La Junta declara el peligro medio de incendios forestales en Castilla y Le\u00f3n - ASAJA Salamanca","og_description":"Ante el incremento significativo de riesgo meteorol\u00f3gico y la inestabilidad atmosf\u00e9rica prevista para los pr\u00f3ximos d\u00edas, la Junta de Castilla y Le\u00f3n ha","og_url":"https:\/\/www.asajacyl.com\/salamanca\/asaja-salamanca-informa\/la-junta-declara-el-peligro-medio-de-incendios-forestales-en-castilla-y-leon","og_site_name":"ASAJA Salamanca","article_published_time":"2021-06-11T09:36:00+00:00","article_modified_time":"2021-06-15T09:44:10+00:00","og_image":[{"width":1257,"height":676,"url":"https:\/\/www.asajacyl.com\/salamanca\/wp-content\/uploads\/sites\/7\/2021\/06\/colorado-78233_1920-e1623750226247.jpg","type":"image\/jpeg"}],"author":"Sonia","twitter_card":"summary_large_image","twitter_misc":{"Escrito por":"Sonia","Tiempo de lectura":"4 minutos"},"schema":{"@context":"https:\/\/schema.org","@graph":[{"@type":"WebPage","@id":"https:\/\/www.asajacyl.com\/salamanca\/asaja-salamanca-informa\/la-junta-declara-el-peligro-medio-de-incendios-forestales-en-castilla-y-leon","url":"https:\/\/www.asajacyl.com\/salamanca\/asaja-salamanca-informa\/la-junta-declara-el-peligro-medio-de-incendios-forestales-en-castilla-y-leon","name":"La Junta declara el peligro medio de incendios forestales en Castilla y Le\u00f3n - ASAJA Salamanca","isPartOf":{"@id":"https:\/\/www.asajacyl.com\/salamanca\/#website"},"primaryImageOfPage":{"@id":"https:\/\/www.asajacyl.com\/salamanca\/asaja-salamanca-informa\/la-junta-declara-el-peligro-medio-de-incendios-forestales-en-castilla-y-leon#primaryimage"},"image":{"@id":"https:\/\/www.asajacyl.com\/salamanca\/asaja-salamanca-informa\/la-junta-declara-el-peligro-medio-de-incendios-forestales-en-castilla-y-leon#primaryimage"},"thumbnailUrl":"https:\/\/www.asajacyl.com\/salamanca\/wp-content\/uploads\/sites\/7\/2021\/06\/colorado-78233_1920-e1623750226247.jpg","datePublished":"2021-06-11T09:36:00+00:00","dateModified":"2021-06-15T09:44:10+00:00","author":{"@id":"https:\/\/www.asajacyl.com\/salamanca\/#\/schema\/person\/2bfc7da09988e1087e6291fafe99b67f"},"description":"Ante el incremento significativo de riesgo meteorol\u00f3gico y la inestabilidad atmosf\u00e9rica prevista para los pr\u00f3ximos d\u00edas, la Junta de Castilla y Le\u00f3n ha","breadcrumb":{"@id":"https:\/\/www.asajacyl.com\/salamanca\/asaja-salamanca-informa\/la-junta-declara-el-peligro-medio-de-incendios-forestales-en-castilla-y-leon#breadcrumb"},"inLanguage":"es","potentialAction":[{"@type":"ReadAction","target":["https:\/\/www.asajacyl.com\/salamanca\/asaja-salamanca-informa\/la-junta-declara-el-peligro-medio-de-incendios-forestales-en-castilla-y-leon"]}]},{"@type":"ImageObject","inLanguage":"es","@id":"https:\/\/www.asajacyl.com\/salamanca\/asaja-salamanca-informa\/la-junta-declara-el-peligro-medio-de-incendios-forestales-en-castilla-y-leon#primaryimage","url":"https:\/\/www.asajacyl.com\/salamanca\/wp-content\/uploads\/sites\/7\/2021\/06\/colorado-78233_1920-e1623750226247.jpg","contentUrl":"https:\/\/www.asajacyl.com\/salamanca\/wp-content\/uploads\/sites\/7\/2021\/06\/colorado-78233_1920-e1623750226247.jpg","width":1257,"height":676},{"@type":"BreadcrumbList","@id":"https:\/\/www.asajacyl.com\/salamanca\/asaja-salamanca-informa\/la-junta-declara-el-peligro-medio-de-incendios-forestales-en-castilla-y-leon#breadcrumb","itemListElement":[{"@type":"ListItem","position":1,"name":"Portada","item":"https:\/\/www.asajacyl.com\/salamanca\/"},{"@type":"ListItem","position":2,"name":"La Junta declara el peligro medio de incendios forestales en Castilla y Le\u00f3n"}]},{"@type":"WebSite","@id":"https:\/\/www.asajacyl.com\/salamanca\/#website","url":"https:\/\/www.asajacyl.com\/salamanca\/","name":"ASAJA Salamanca","description":"Otro sitio m\u00e1s de Provincias ASAJA Castilla y Le\u00f3n","potentialAction":[{"@type":"SearchAction","target":{"@type":"EntryPoint","urlTemplate":"https:\/\/www.asajacyl.com\/salamanca\/?s={search_term_string}"},"query-input":{"@type":"PropertyValueSpecification","valueRequired":true,"valueName":"search_term_string"}}],"inLanguage":"es"},{"@type":"Person","@id":"https:\/\/www.asajacyl.com\/salamanca\/#\/schema\/person\/2bfc7da09988e1087e6291fafe99b67f","name":"Sonia","image":{"@type":"ImageObject","inLanguage":"es","@id":"https:\/\/www.asajacyl.com\/salamanca\/#\/schema\/person\/image\/","url":"https:\/\/secure.gravatar.com\/avatar\/6b0d6eb461a1e3687cc023d59022ef0d?s=96&d=mm&r=g","contentUrl":"https:\/\/secure.gravatar.com\/avatar\/6b0d6eb461a1e3687cc023d59022ef0d?s=96&d=mm&r=g","caption":"Sonia"},"url":"https:\/\/www.asajacyl.com\/salamanca\/author\/juanluisde"}]}},"_links":{"self":[{"href":"https:\/\/www.asajacyl.com\/salamanca\/wp-json\/wp\/v2\/posts\/11903"}],"collection":[{"href":"https:\/\/www.asajacyl.com\/salamanca\/wp-json\/wp\/v2\/posts"}],"about":[{"href":"https:\/\/www.asajacyl.com\/salamanca\/wp-json\/wp\/v2\/types\/post"}],"author":[{"embeddable":true,"href":"https:\/\/www.asajacyl.com\/salamanca\/wp-json\/wp\/v2\/users\/10"}],"replies":[{"embeddable":true,"href":"https:\/\/www.asajacyl.com\/salamanca\/wp-json\/wp\/v2\/comments?post=11903"}],"version-history":[{"count":1,"href":"https:\/\/www.asajacyl.com\/salamanca\/wp-json\/wp\/v2\/posts\/11903\/revisions"}],"predecessor-version":[{"id":11905,"href":"https:\/\/www.asajacyl.com\/salamanca\/wp-json\/wp\/v2\/posts\/11903\/revisions\/11905"}],"wp:featuredmedia":[{"embeddable":true,"href":"https:\/\/www.asajacyl.com\/salamanca\/wp-json\/wp\/v2\/media\/11904"}],"wp:attachment":[{"href":"https:\/\/www.asajacyl.com\/salamanca\/wp-json\/wp\/v2\/media?parent=11903"}],"wp:term":[{"taxonomy":"category","embeddable":true,"href":"https:\/\/www.asajacyl.com\/salamanca\/wp-json\/wp\/v2\/categories?post=11903"},{"taxonomy":"post_tag","embeddable":true,"href":"https:\/\/www.asajacyl.com\/salamanca\/wp-json\/wp\/v2\/tags?post=11903"}],"curies":[{"name":"wp","href":"https:\/\/api.w.org\/{rel}","templated":true}]}}