{"id":12027,"date":"2021-06-25T09:26:40","date_gmt":"2021-06-25T07:26:40","guid":{"rendered":"https:\/\/www.asajacyl.com\/salamanca\/?p=12027"},"modified":"2021-06-25T09:26:42","modified_gmt":"2021-06-25T07:26:42","slug":"luis-planas-traslada-a-las-organizaciones-agrarias-los-ultimos-avances-para-cerrar-un-acuerdo-sobre-la-pac","status":"publish","type":"post","link":"https:\/\/www.asajacyl.com\/salamanca\/asaja-salamanca-informa\/luis-planas-traslada-a-las-organizaciones-agrarias-los-ultimos-avances-para-cerrar-un-acuerdo-sobre-la-pac","title":{"rendered":"Luis Planas traslada a las organizaciones agrarias los \u00faltimos avances para cerrar un acuerdo sobre la PAC"},"content":{"rendered":"\n<p>El ministro de Agricultura, Pesca y Alimentaci\u00f3n, Luis Planas, mantuvo el 24 de junio una reuni\u00f3n con las organizaciones agrarias ASAJA, COAG y UPA para informarles sobre los \u00faltimos avances en la negociaci\u00f3n europea para la reforma de la Pol\u00edtica Agraria Com\u00fan (PAC), a falta de cuatro d\u00edas para que se celebre en Luxemburgo el Consejo de Ministros de Agricultura y Pesca de la UE en el que se tratar\u00e1 de alcanzar un acuerdo tras el tr\u00edlogo que tendr\u00e1 lugar entre la Presidencia del Consejo el Parlamento y la Comisi\u00f3n que da comienzo el 24 de junio y se prolongar\u00e1 durante ma\u00f1ana viernes.<\/p>\n\n\n\n<p>El encuentro se inscribe en la estrategia de mano tendida y b\u00fasqueda de consenso con las organizaciones profesionales que ha seguido el Gobierno durante el proceso de negociaci\u00f3n de la PAC. Planas ha afirmado que el objetivo del Consejo de Ministros de Agricultura es que pueda sellarse un acuerdo que resulte \u201csatisfactorio y equilibrado\u201d.<\/p>\n\n\n\n<p>Si finalmente se cierra el proceso europeo en Luxemburgo, el Ministerio de Agricultura, Pesca y Alimentaci\u00f3n (MAPA) convocar\u00e1 en la primera quincena de julio una Conferencia Sectorial monogr\u00e1fica para definir con las comunidades aut\u00f3nomas las grandes l\u00edneas del modelo de aplicaci\u00f3n de la PAC en Espa\u00f1a. El ministerio tiene avanzado un proceso de di\u00e1logo con las distintas autonom\u00edas con el prop\u00f3sito de facilitar el alcance de un acuerdo pol\u00edtico.<\/p>\n\n\n\n<p>El objetivo es elaborar el Plan Estrat\u00e9gico Nacional que Espa\u00f1a remitir\u00e1 antes de que finalice el a\u00f1o a la Comisi\u00f3n Europea, instituci\u00f3n a la que corresponde su aprobaci\u00f3n.<\/p>\n\n\n\n<p><img loading=\"lazy\" decoding=\"async\" class=\"alignright wp-image-12029 size-medium\" src=\"https:\/\/www.asajacyl.com\/salamanca\/wp-content\/uploads\/sites\/7\/2021\/06\/lplanasyopas-3_tcm30-564164-300x199.jpg\" alt=\"\" width=\"300\" height=\"199\" srcset=\"https:\/\/www.asajacyl.com\/salamanca\/wp-content\/uploads\/sites\/7\/2021\/06\/lplanasyopas-3_tcm30-564164-300x199.jpg 300w, https:\/\/www.asajacyl.com\/salamanca\/wp-content\/uploads\/sites\/7\/2021\/06\/lplanasyopas-3_tcm30-564164-1024x680.jpg 1024w, https:\/\/www.asajacyl.com\/salamanca\/wp-content\/uploads\/sites\/7\/2021\/06\/lplanasyopas-3_tcm30-564164-768x510.jpg 768w, https:\/\/www.asajacyl.com\/salamanca\/wp-content\/uploads\/sites\/7\/2021\/06\/lplanasyopas-3_tcm30-564164-1536x1020.jpg 1536w, https:\/\/www.asajacyl.com\/salamanca\/wp-content\/uploads\/sites\/7\/2021\/06\/lplanasyopas-3_tcm30-564164-2048x1360.jpg 2048w, https:\/\/www.asajacyl.com\/salamanca\/wp-content\/uploads\/sites\/7\/2021\/06\/lplanasyopas-3_tcm30-564164-696x462.jpg 696w, https:\/\/www.asajacyl.com\/salamanca\/wp-content\/uploads\/sites\/7\/2021\/06\/lplanasyopas-3_tcm30-564164-1068x709.jpg 1068w, https:\/\/www.asajacyl.com\/salamanca\/wp-content\/uploads\/sites\/7\/2021\/06\/lplanasyopas-3_tcm30-564164-1920x1275.jpg 1920w, https:\/\/www.asajacyl.com\/salamanca\/wp-content\/uploads\/sites\/7\/2021\/06\/lplanasyopas-3_tcm30-564164-633x420.jpg 633w\" sizes=\"(max-width: 300px) 100vw, 300px\" \/><\/p>\n\n\n\n<p>En la reuni\u00f3n, a la que han asistido directivos de la Asociaci\u00f3n Agraria J\u00f3venes Agricultores (ASAJA), Coordinadora de Organizaciones de Agricultores y Ganaderos (COAG) y Uni\u00f3n de Peque\u00f1os Agricultores y Ganaderos (UPA), Planas ha explicado que en el \u00faltimo mes los ministros y las distintas instituciones europeas han realizado un \u201cgran esfuerzo\u201d para incorporar las sugerencias del Parlamento a los reglamentos de la reforma de la PAC en aras a conseguir cerrar el acuerdo.<\/p>\n\n\n\n<p>El ministro ha detallado algunos de los avances realizados en materias que en principio no estaban incluidas en la propuesta de reforma que hizo la Comisi\u00f3n Europea como ecoesquemas, condicionalidad social o el alineamiento de la PAC con Green Deal (Pacto Verde).&nbsp;<\/p>\n","protected":false},"excerpt":{"rendered":"<p>El ministro de Agricultura, Pesca y Alimentaci\u00f3n, Luis Planas, mantuvo el 24 de junio una reuni\u00f3n con las organizaciones agrarias ASAJA, COAG y UPA para informarles sobre los \u00faltimos avances en la negociaci\u00f3n europea para la reforma de la Pol\u00edtica Agraria Com\u00fan (PAC), a falta de cuatro d\u00edas para que se celebre en Luxemburgo el [&hellip;]<\/p>\n","protected":false},"author":10,"featured_media":12028,"comment_status":"open","ping_status":"open","sticky":false,"template":"","format":"standard","meta":{"footnotes":""},"categories":[10,510],"tags":[],"yoast_head":"<!-- This site is optimized with the Yoast SEO plugin v24.5 - https:\/\/yoast.com\/wordpress\/plugins\/seo\/ -->\n<title>Luis Planas traslada a las organizaciones agrarias los \u00faltimos avances para cerrar un acuerdo sobre la PAC - ASAJA Salamanca<\/title>\n<meta name=\"description\" content=\"El ministro de Agricultura, Pesca y Alimentaci\u00f3n, Luis Planas, mantuvo el 24 de junio una reuni\u00f3n con las organizaciones agrarias ASAJA, COAG y UPA para\" \/>\n<meta name=\"robots\" content=\"index, follow, max-snippet:-1, max-image-preview:large, max-video-preview:-1\" \/>\n<link rel=\"canonical\" href=\"https:\/\/www.asajacyl.com\/salamanca\/asaja-salamanca-informa\/luis-planas-traslada-a-las-organizaciones-agrarias-los-ultimos-avances-para-cerrar-un-acuerdo-sobre-la-pac\" \/>\n<meta property=\"og:locale\" content=\"es_ES\" \/>\n<meta property=\"og:type\" content=\"article\" \/>\n<meta property=\"og:title\" content=\"Luis Planas traslada a las organizaciones agrarias los \u00faltimos avances para cerrar un acuerdo sobre la PAC - ASAJA Salamanca\" \/>\n<meta property=\"og:description\" content=\"El ministro de Agricultura, Pesca y Alimentaci\u00f3n, Luis Planas, mantuvo el 24 de junio una reuni\u00f3n con las organizaciones agrarias ASAJA, COAG y UPA para\" \/>\n<meta property=\"og:url\" content=\"https:\/\/www.asajacyl.com\/salamanca\/asaja-salamanca-informa\/luis-planas-traslada-a-las-organizaciones-agrarias-los-ultimos-avances-para-cerrar-un-acuerdo-sobre-la-pac\" \/>\n<meta property=\"og:site_name\" content=\"ASAJA Salamanca\" \/>\n<meta property=\"article:published_time\" content=\"2021-06-25T07:26:40+00:00\" \/>\n<meta property=\"article:modified_time\" content=\"2021-06-25T07:26:42+00:00\" \/>\n<meta property=\"og:image\" content=\"https:\/\/www.asajacyl.com\/salamanca\/wp-content\/uploads\/sites\/7\/2021\/06\/lplanasyopas-2_tcm30-564163.jpg\" \/>\n\t<meta property=\"og:image:width\" content=\"2500\" \/>\n\t<meta property=\"og:image:height\" content=\"1660\" \/>\n\t<meta property=\"og:image:type\" content=\"image\/jpeg\" \/>\n<meta name=\"author\" content=\"Sonia\" \/>\n<meta name=\"twitter:card\" content=\"summary_large_image\" \/>\n<meta name=\"twitter:label1\" content=\"Escrito por\" \/>\n\t<meta name=\"twitter:data1\" content=\"Sonia\" \/>\n\t<meta name=\"twitter:label2\" content=\"Tiempo de lectura\" \/>\n\t<meta name=\"twitter:data2\" content=\"2 minutos\" \/>\n<script type=\"application\/ld+json\" class=\"yoast-schema-graph\">{\"@context\":\"https:\/\/schema.org\",\"@graph\":[{\"@type\":\"WebPage\",\"@id\":\"https:\/\/www.asajacyl.com\/salamanca\/asaja-salamanca-informa\/luis-planas-traslada-a-las-organizaciones-agrarias-los-ultimos-avances-para-cerrar-un-acuerdo-sobre-la-pac\",\"url\":\"https:\/\/www.asajacyl.com\/salamanca\/asaja-salamanca-informa\/luis-planas-traslada-a-las-organizaciones-agrarias-los-ultimos-avances-para-cerrar-un-acuerdo-sobre-la-pac\",\"name\":\"Luis Planas traslada a las organizaciones agrarias los \u00faltimos avances para cerrar un acuerdo sobre la PAC - ASAJA Salamanca\",\"isPartOf\":{\"@id\":\"https:\/\/www.asajacyl.com\/salamanca\/#website\"},\"primaryImageOfPage\":{\"@id\":\"https:\/\/www.asajacyl.com\/salamanca\/asaja-salamanca-informa\/luis-planas-traslada-a-las-organizaciones-agrarias-los-ultimos-avances-para-cerrar-un-acuerdo-sobre-la-pac#primaryimage\"},\"image\":{\"@id\":\"https:\/\/www.asajacyl.com\/salamanca\/asaja-salamanca-informa\/luis-planas-traslada-a-las-organizaciones-agrarias-los-ultimos-avances-para-cerrar-un-acuerdo-sobre-la-pac#primaryimage\"},\"thumbnailUrl\":\"https:\/\/www.asajacyl.com\/salamanca\/wp-content\/uploads\/sites\/7\/2021\/06\/lplanasyopas-2_tcm30-564163.jpg\",\"datePublished\":\"2021-06-25T07:26:40+00:00\",\"dateModified\":\"2021-06-25T07:26:42+00:00\",\"author\":{\"@id\":\"https:\/\/www.asajacyl.com\/salamanca\/#\/schema\/person\/2bfc7da09988e1087e6291fafe99b67f\"},\"description\":\"El ministro de Agricultura, Pesca y Alimentaci\u00f3n, Luis Planas, mantuvo el 24 de junio una reuni\u00f3n con las organizaciones agrarias ASAJA, COAG y UPA para\",\"breadcrumb\":{\"@id\":\"https:\/\/www.asajacyl.com\/salamanca\/asaja-salamanca-informa\/luis-planas-traslada-a-las-organizaciones-agrarias-los-ultimos-avances-para-cerrar-un-acuerdo-sobre-la-pac#breadcrumb\"},\"inLanguage\":\"es\",\"potentialAction\":[{\"@type\":\"ReadAction\",\"target\":[\"https:\/\/www.asajacyl.com\/salamanca\/asaja-salamanca-informa\/luis-planas-traslada-a-las-organizaciones-agrarias-los-ultimos-avances-para-cerrar-un-acuerdo-sobre-la-pac\"]}]},{\"@type\":\"ImageObject\",\"inLanguage\":\"es\",\"@id\":\"https:\/\/www.asajacyl.com\/salamanca\/asaja-salamanca-informa\/luis-planas-traslada-a-las-organizaciones-agrarias-los-ultimos-avances-para-cerrar-un-acuerdo-sobre-la-pac#primaryimage\",\"url\":\"https:\/\/www.asajacyl.com\/salamanca\/wp-content\/uploads\/sites\/7\/2021\/06\/lplanasyopas-2_tcm30-564163.jpg\",\"contentUrl\":\"https:\/\/www.asajacyl.com\/salamanca\/wp-content\/uploads\/sites\/7\/2021\/06\/lplanasyopas-2_tcm30-564163.jpg\",\"width\":2500,\"height\":1660},{\"@type\":\"BreadcrumbList\",\"@id\":\"https:\/\/www.asajacyl.com\/salamanca\/asaja-salamanca-informa\/luis-planas-traslada-a-las-organizaciones-agrarias-los-ultimos-avances-para-cerrar-un-acuerdo-sobre-la-pac#breadcrumb\",\"itemListElement\":[{\"@type\":\"ListItem\",\"position\":1,\"name\":\"Portada\",\"item\":\"https:\/\/www.asajacyl.com\/salamanca\/\"},{\"@type\":\"ListItem\",\"position\":2,\"name\":\"Luis Planas traslada a las organizaciones agrarias los \u00faltimos avances para cerrar un acuerdo sobre la PAC\"}]},{\"@type\":\"WebSite\",\"@id\":\"https:\/\/www.asajacyl.com\/salamanca\/#website\",\"url\":\"https:\/\/www.asajacyl.com\/salamanca\/\",\"name\":\"ASAJA Salamanca\",\"description\":\"Otro sitio m\u00e1s de Provincias ASAJA Castilla y Le\u00f3n\",\"potentialAction\":[{\"@type\":\"SearchAction\",\"target\":{\"@type\":\"EntryPoint\",\"urlTemplate\":\"https:\/\/www.asajacyl.com\/salamanca\/?s={search_term_string}\"},\"query-input\":{\"@type\":\"PropertyValueSpecification\",\"valueRequired\":true,\"valueName\":\"search_term_string\"}}],\"inLanguage\":\"es\"},{\"@type\":\"Person\",\"@id\":\"https:\/\/www.asajacyl.com\/salamanca\/#\/schema\/person\/2bfc7da09988e1087e6291fafe99b67f\",\"name\":\"Sonia\",\"image\":{\"@type\":\"ImageObject\",\"inLanguage\":\"es\",\"@id\":\"https:\/\/www.asajacyl.com\/salamanca\/#\/schema\/person\/image\/\",\"url\":\"https:\/\/secure.gravatar.com\/avatar\/6b0d6eb461a1e3687cc023d59022ef0d?s=96&d=mm&r=g\",\"contentUrl\":\"https:\/\/secure.gravatar.com\/avatar\/6b0d6eb461a1e3687cc023d59022ef0d?s=96&d=mm&r=g\",\"caption\":\"Sonia\"},\"url\":\"https:\/\/www.asajacyl.com\/salamanca\/author\/juanluisde\"}]}<\/script>\n<!-- \/ Yoast SEO plugin. -->","yoast_head_json":{"title":"Luis Planas traslada a las organizaciones agrarias los \u00faltimos avances para cerrar un acuerdo sobre la PAC - ASAJA Salamanca","description":"El ministro de Agricultura, Pesca y Alimentaci\u00f3n, Luis Planas, mantuvo el 24 de junio una reuni\u00f3n con las organizaciones agrarias ASAJA, COAG y UPA para","robots":{"index":"index","follow":"follow","max-snippet":"max-snippet:-1","max-image-preview":"max-image-preview:large","max-video-preview":"max-video-preview:-1"},"canonical":"https:\/\/www.asajacyl.com\/salamanca\/asaja-salamanca-informa\/luis-planas-traslada-a-las-organizaciones-agrarias-los-ultimos-avances-para-cerrar-un-acuerdo-sobre-la-pac","og_locale":"es_ES","og_type":"article","og_title":"Luis Planas traslada a las organizaciones agrarias los \u00faltimos avances para cerrar un acuerdo sobre la PAC - ASAJA Salamanca","og_description":"El ministro de Agricultura, Pesca y Alimentaci\u00f3n, Luis Planas, mantuvo el 24 de junio una reuni\u00f3n con las organizaciones agrarias ASAJA, COAG y UPA para","og_url":"https:\/\/www.asajacyl.com\/salamanca\/asaja-salamanca-informa\/luis-planas-traslada-a-las-organizaciones-agrarias-los-ultimos-avances-para-cerrar-un-acuerdo-sobre-la-pac","og_site_name":"ASAJA Salamanca","article_published_time":"2021-06-25T07:26:40+00:00","article_modified_time":"2021-06-25T07:26:42+00:00","og_image":[{"width":2500,"height":1660,"url":"https:\/\/www.asajacyl.com\/salamanca\/wp-content\/uploads\/sites\/7\/2021\/06\/lplanasyopas-2_tcm30-564163.jpg","type":"image\/jpeg"}],"author":"Sonia","twitter_card":"summary_large_image","twitter_misc":{"Escrito por":"Sonia","Tiempo de lectura":"2 minutos"},"schema":{"@context":"https:\/\/schema.org","@graph":[{"@type":"WebPage","@id":"https:\/\/www.asajacyl.com\/salamanca\/asaja-salamanca-informa\/luis-planas-traslada-a-las-organizaciones-agrarias-los-ultimos-avances-para-cerrar-un-acuerdo-sobre-la-pac","url":"https:\/\/www.asajacyl.com\/salamanca\/asaja-salamanca-informa\/luis-planas-traslada-a-las-organizaciones-agrarias-los-ultimos-avances-para-cerrar-un-acuerdo-sobre-la-pac","name":"Luis Planas traslada a las organizaciones agrarias los \u00faltimos avances para cerrar un acuerdo sobre la PAC - ASAJA Salamanca","isPartOf":{"@id":"https:\/\/www.asajacyl.com\/salamanca\/#website"},"primaryImageOfPage":{"@id":"https:\/\/www.asajacyl.com\/salamanca\/asaja-salamanca-informa\/luis-planas-traslada-a-las-organizaciones-agrarias-los-ultimos-avances-para-cerrar-un-acuerdo-sobre-la-pac#primaryimage"},"image":{"@id":"https:\/\/www.asajacyl.com\/salamanca\/asaja-salamanca-informa\/luis-planas-traslada-a-las-organizaciones-agrarias-los-ultimos-avances-para-cerrar-un-acuerdo-sobre-la-pac#primaryimage"},"thumbnailUrl":"https:\/\/www.asajacyl.com\/salamanca\/wp-content\/uploads\/sites\/7\/2021\/06\/lplanasyopas-2_tcm30-564163.jpg","datePublished":"2021-06-25T07:26:40+00:00","dateModified":"2021-06-25T07:26:42+00:00","author":{"@id":"https:\/\/www.asajacyl.com\/salamanca\/#\/schema\/person\/2bfc7da09988e1087e6291fafe99b67f"},"description":"El ministro de Agricultura, Pesca y Alimentaci\u00f3n, Luis Planas, mantuvo el 24 de junio una reuni\u00f3n con las organizaciones agrarias ASAJA, COAG y UPA para","breadcrumb":{"@id":"https:\/\/www.asajacyl.com\/salamanca\/asaja-salamanca-informa\/luis-planas-traslada-a-las-organizaciones-agrarias-los-ultimos-avances-para-cerrar-un-acuerdo-sobre-la-pac#breadcrumb"},"inLanguage":"es","potentialAction":[{"@type":"ReadAction","target":["https:\/\/www.asajacyl.com\/salamanca\/asaja-salamanca-informa\/luis-planas-traslada-a-las-organizaciones-agrarias-los-ultimos-avances-para-cerrar-un-acuerdo-sobre-la-pac"]}]},{"@type":"ImageObject","inLanguage":"es","@id":"https:\/\/www.asajacyl.com\/salamanca\/asaja-salamanca-informa\/luis-planas-traslada-a-las-organizaciones-agrarias-los-ultimos-avances-para-cerrar-un-acuerdo-sobre-la-pac#primaryimage","url":"https:\/\/www.asajacyl.com\/salamanca\/wp-content\/uploads\/sites\/7\/2021\/06\/lplanasyopas-2_tcm30-564163.jpg","contentUrl":"https:\/\/www.asajacyl.com\/salamanca\/wp-content\/uploads\/sites\/7\/2021\/06\/lplanasyopas-2_tcm30-564163.jpg","width":2500,"height":1660},{"@type":"BreadcrumbList","@id":"https:\/\/www.asajacyl.com\/salamanca\/asaja-salamanca-informa\/luis-planas-traslada-a-las-organizaciones-agrarias-los-ultimos-avances-para-cerrar-un-acuerdo-sobre-la-pac#breadcrumb","itemListElement":[{"@type":"ListItem","position":1,"name":"Portada","item":"https:\/\/www.asajacyl.com\/salamanca\/"},{"@type":"ListItem","position":2,"name":"Luis Planas traslada a las organizaciones agrarias los \u00faltimos avances para cerrar un acuerdo sobre la PAC"}]},{"@type":"WebSite","@id":"https:\/\/www.asajacyl.com\/salamanca\/#website","url":"https:\/\/www.asajacyl.com\/salamanca\/","name":"ASAJA Salamanca","description":"Otro sitio m\u00e1s de Provincias ASAJA Castilla y Le\u00f3n","potentialAction":[{"@type":"SearchAction","target":{"@type":"EntryPoint","urlTemplate":"https:\/\/www.asajacyl.com\/salamanca\/?s={search_term_string}"},"query-input":{"@type":"PropertyValueSpecification","valueRequired":true,"valueName":"search_term_string"}}],"inLanguage":"es"},{"@type":"Person","@id":"https:\/\/www.asajacyl.com\/salamanca\/#\/schema\/person\/2bfc7da09988e1087e6291fafe99b67f","name":"Sonia","image":{"@type":"ImageObject","inLanguage":"es","@id":"https:\/\/www.asajacyl.com\/salamanca\/#\/schema\/person\/image\/","url":"https:\/\/secure.gravatar.com\/avatar\/6b0d6eb461a1e3687cc023d59022ef0d?s=96&d=mm&r=g","contentUrl":"https:\/\/secure.gravatar.com\/avatar\/6b0d6eb461a1e3687cc023d59022ef0d?s=96&d=mm&r=g","caption":"Sonia"},"url":"https:\/\/www.asajacyl.com\/salamanca\/author\/juanluisde"}]}},"_links":{"self":[{"href":"https:\/\/www.asajacyl.com\/salamanca\/wp-json\/wp\/v2\/posts\/12027"}],"collection":[{"href":"https:\/\/www.asajacyl.com\/salamanca\/wp-json\/wp\/v2\/posts"}],"about":[{"href":"https:\/\/www.asajacyl.com\/salamanca\/wp-json\/wp\/v2\/types\/post"}],"author":[{"embeddable":true,"href":"https:\/\/www.asajacyl.com\/salamanca\/wp-json\/wp\/v2\/users\/10"}],"replies":[{"embeddable":true,"href":"https:\/\/www.asajacyl.com\/salamanca\/wp-json\/wp\/v2\/comments?post=12027"}],"version-history":[{"count":1,"href":"https:\/\/www.asajacyl.com\/salamanca\/wp-json\/wp\/v2\/posts\/12027\/revisions"}],"predecessor-version":[{"id":12030,"href":"https:\/\/www.asajacyl.com\/salamanca\/wp-json\/wp\/v2\/posts\/12027\/revisions\/12030"}],"wp:featuredmedia":[{"embeddable":true,"href":"https:\/\/www.asajacyl.com\/salamanca\/wp-json\/wp\/v2\/media\/12028"}],"wp:attachment":[{"href":"https:\/\/www.asajacyl.com\/salamanca\/wp-json\/wp\/v2\/media?parent=12027"}],"wp:term":[{"taxonomy":"category","embeddable":true,"href":"https:\/\/www.asajacyl.com\/salamanca\/wp-json\/wp\/v2\/categories?post=12027"},{"taxonomy":"post_tag","embeddable":true,"href":"https:\/\/www.asajacyl.com\/salamanca\/wp-json\/wp\/v2\/tags?post=12027"}],"curies":[{"name":"wp","href":"https:\/\/api.w.org\/{rel}","templated":true}]}}